{"id":911,"date":"2021-01-08T13:24:36","date_gmt":"2021-01-08T13:24:36","guid":{"rendered":"https:\/\/escuelaespanaval.cl\/?p=911"},"modified":"2021-01-08T13:24:38","modified_gmt":"2021-01-08T13:24:38","slug":"becas-tic-2021","status":"publish","type":"post","link":"https:\/\/escuelaespanaval.cl\/?p=911","title":{"rendered":"BECAS TIC 2021"},"content":{"rendered":"\n<p>En el contexto de las Becas Acceso a Tecnolog\u00eda, Informaci\u00f3n y Comunicaciones (TIC), cuyo principal objetivo es contribuir al logro de objetivos de aprendizajes de estudiantes en la educaci\u00f3n escolar. Este programa consiste en proveer al estudiante beneficiario un set de herramientas TIC para el estudio que entrega un computador (notebook) o su equivalente con softwares, informaci\u00f3n o contenido digitalizado y conectividad a internet. En lo referido al proceso de Focalizaci\u00f3n 2021, resulta pertinente se\u00f1alar:<\/p>\n\n\n\n<p><strong><u>CRITERIOS DE FOCALIZACI\u00d3N<\/u><\/strong><\/p>\n\n\n\n<p>Los criterios utilizados para la preselecci\u00f3n y selecci\u00f3n de los alumnos beneficiarios del Programa \u201cBecas TIC\u201d, al respecto, se precisa que las Bases de Datos de los alumnos preseleccionados por parte de JUNAEB, se conforman a partir de la informaci\u00f3n provista por Ministerio de Educaci\u00f3n, a trav\u00e9s del Sistema de Informaci\u00f3n General de Estudiantes (SIGE).&nbsp;<\/p>\n\n\n\n<ol class=\"wp-block-list\" type=\"A\"><li><strong><u>Estudiantes de establecimientos p\u00fablicos (Ex Me conecto para Aprender)<\/u><\/strong><\/li><\/ol>\n\n\n\n<ol class=\"wp-block-list\" type=\"i\"><li><strong>Criterios de Preselecci\u00f3n<\/strong><\/li><\/ol>\n\n\n\n<ul class=\"wp-block-list\"><li>Se considera a los alumnos con matr\u00edcula vigente en 6\u00ba a\u00f1o b\u00e1sico en un establecimiento p\u00fablico en el a\u00f1o 2020.<\/li><li>No haber sido beneficiario del programa \u201cYo Elijo mi PC\u201d o \u201cMe Conecto para Aprender\u201d los a\u00f1os anteriores (2014 al 2020).<\/li><li><strong>Criterios de Selecci\u00f3n<\/strong><\/li><\/ul>\n\n\n\n<ul class=\"wp-block-list\"><li>Estudiantes que cursen 7\u00b0 b\u00e1sico en el a\u00f1o 2021, en un establecimiento p\u00fablico (municipal &#8211; SLE) y Administraci\u00f3n delegada, en conformidad al Decreto Exento N\u00b03166.<\/li><li>La selecci\u00f3n definitiva de los estudiantes se realizar\u00e1 verificando que estos se encuentren matriculados en 7\u00ba b\u00e1sico al 31\/03\/2021, en establecimientos educacional del sistema p\u00fablico.<\/li><\/ul>\n\n\n\n<ul class=\"wp-block-list\"><li><strong><u>Estudiantes de establecimientos particulares subvencionados (Ex Yo Elijo Mi PC)<\/u><\/strong><\/li><\/ul>\n\n\n\n<ol class=\"wp-block-list\" type=\"i\"><li><strong>Criterios de Preselecci\u00f3n<\/strong><\/li><\/ol>\n\n\n\n<ul class=\"wp-block-list\"><li>Para el a\u00f1o 2021, a trav\u00e9s del establecimiento de la ley de presupuesto y su glosa en donde se establece que la asignaci\u00f3n del beneficio a los alumnos JUNAEB debe considerar los siguientes tres criterios de asignaci\u00f3n; <strong>brecha tecnol\u00f3gica<\/strong>,&nbsp;<strong>vulnerabilidad <\/strong>y <strong>rendimiento escolar, para ello:<\/strong><ul><li>De la matr\u00edcula de sexto a\u00f1o b\u00e1sico se considera a los alumnos que se encuentran clasificados en el tramo del &lt;= al 40% de Calificaci\u00f3n Socioecon\u00f3mica (CSE) a septiembre 2020.<\/li><\/ul><ul><li>Los siguientes 2 criterios <strong><em>brecha digital<\/em><\/strong> y <strong><em>rendimiento escolar<\/em><\/strong> se ha determinado asignar una ponderaci\u00f3n del 30% para brecha digital y 70% para el factor rendimiento escolar para el proceso de focalizaci\u00f3n.<\/li><\/ul><\/li><\/ul>\n\n\n\n<ul class=\"wp-block-list\"><li>Por lo anterior para determinar aquellos estudiantes con alto rendimiento acad\u00e9mico se considera el promedio de notas de 4\u00b0 y 5\u00b0 a\u00f1o b\u00e1sico. Para efectos del promedio, los colegios donde el alumno curs\u00f3 estos niveles, pueden ser establecimientos particulares subvencionados o municipales.<\/li><li>La brecha tecnol\u00f3gica del estudiante est\u00e1 construida a partir de la medici\u00f3n realizada por la encuesta a hogares CASEN del a\u00f1o 2017, de donde se determina cu\u00e1l es el acceso a Tecnolog\u00edas de la Informaci\u00f3n y Comunicaci\u00f3n (TIC) de los hogares contenidos en la muestra a partir de dos indicadores: tener en uso y funcionamiento computador (PC, netbook, laptop), y tener acceso a alg\u00fan tipo de conexi\u00f3n pagada a internet (dato administrativo de Subtel 2020 sobre conexiones fijas).<\/li><\/ul>\n\n\n\n<p>Con esos datos, el departamento de planificaci\u00f3n, control de gesti\u00f3n y estudios de JUNAEB determina:<\/p>\n\n\n\n<ol class=\"wp-block-list\" type=\"a\"><li>Un porcentaje comunal de acceso a TIC de los hogares.<\/li><li>Asigna a cada alumno el porcentaje comunal de acceso a TIC correspondiente a la comuna de residencia indicada en el Registro Social de Hogares (dato administrativo vigente provisto por MDS).<\/li><li>Este porcentaje comunal de acceso a TIC se transforma en un puntaje estandarizado invertido, donde el mayor valor indica mayor d\u00e9ficit de acceso o m\u00e1s brecha tecnol\u00f3gica.<\/li><\/ol>\n\n\n\n<ul class=\"wp-block-list\"><li>Finalmente valida que los estudiantes no hayan sido beneficiario del programa \u201cYo Elijo mi PC\u201d o \u201cMe Conecto para Aprender\u201d los a\u00f1os anteriores (2014 al 2020).<\/li><li><strong>Criterios de Selecci\u00f3n<\/strong><\/li><\/ul>\n\n\n\n<ul class=\"wp-block-list\"><li>La selecci\u00f3n definitiva de los estudiantes se realizar\u00e1 verificando que estos se encuentren matriculados en 7\u00ba b\u00e1sico al 31\/03\/2021, en establecimientos educacional particular subvencionado.<\/li><\/ul>\n\n\n\n<p>Al respecto, es importante indicar, que los estudiantes en el proceso 2020 est\u00e1n en car\u00e1cter de Preseleccionados, por lo que para acceder a la categor\u00eda de seleccionado y recibir el pr\u00f3ximo a\u00f1o el equipo computacional elegido, deben obligatoriamente cumplir con el \u00faltimo requisito de estar <strong>matriculados en 7\u00b0 B\u00e1sico al 31 de marzo del a\u00f1o 2021.<\/strong> Para esto, a partir de la primera semana de abril del 2021, se revisar\u00e1 el estado de la matr\u00edcula de los alumnos preseleccionados, en base a la informaci\u00f3n entregada por MINEDUC, a trav\u00e9s del Sistema de Informaci\u00f3n General de Estudiantes (SIGE), procediendo a dejar en estado de <strong>Seleccionado<\/strong> a los estudiantes que cumplan el requisito ya indicado, y en estado de <strong>No Seleccionado<\/strong> a los alumnos que no cumplan con la matr\u00edcula solicitada.<\/p>\n\n\n\n<p><strong><u>COBERTURA<\/u><\/strong><\/p>\n\n\n\n<p><strong>Cobertura Asignada Preseleccionados a nivel pa\u00eds 148.257<\/strong><\/p>\n\n\n\n<p>Se adjunta cuadro por regi\u00f3n:<\/p>\n\n\n\n<figure class=\"wp-block-table\"><table><tbody><tr><td><strong>REGION<\/strong><\/td><td><strong>MUNICIPAL<\/strong><\/td><td><strong>SUBVENCIONADOS<\/strong><\/td><td><strong>TOTAL PRESELECCIONADOS<\/strong><\/td><\/tr><tr><td>Regi\u00f3n Ais\u00e9n del Gral. Carlos Iba\u00f1ez del Campo<\/td><td>896<\/td><td>283<\/td><td>1.179<\/td><\/tr><tr><td>Regi\u00f3n de Antofagasta<\/td><td>5.695<\/td><td>515<\/td><td>6.210<\/td><\/tr><tr><td>Regi\u00f3n de Arica y Parinacota<\/td><td>1.328<\/td><td>1.081<\/td><td>2.409<\/td><\/tr><tr><td>Regi\u00f3n de Atacama<\/td><td>3.362<\/td><td>418<\/td><td>3.780<\/td><\/tr><tr><td>Regi\u00f3n de Coquimbo<\/td><td>5.017<\/td><td>2.641<\/td><td>7.658<\/td><\/tr><tr><td>Regi\u00f3n de la Araucan\u00eda<\/td><td>5.974<\/td><td>4.532<\/td><td>10.506<\/td><\/tr><tr><td>Regi\u00f3n de los Lagos<\/td><td>6.630<\/td><td>2.493<\/td><td>9.123<\/td><\/tr><tr><td>Regi\u00f3n de Los R\u00edos<\/td><td>2.765<\/td><td>1.283<\/td><td>4.048<\/td><\/tr><tr><td>Regi\u00f3n de Magallanes y de la Ant\u00e1rtica Chilena<\/td><td>1.278<\/td><td>200<\/td><td>1.478<\/td><\/tr><tr><td>Regi\u00f3n de \u00d1uble<\/td><td>3.581<\/td><td>1.536<\/td><td>5.117<\/td><\/tr><tr><td>Regi\u00f3n de Tarapac\u00e1<\/td><td>1.510<\/td><td>1.466<\/td><td>2.976<\/td><\/tr><tr><td>Regi\u00f3n de Valpara\u00edso<\/td><td>8.971<\/td><td>4.946<\/td><td>13.917<\/td><\/tr><tr><td>Regi\u00f3n del Biob\u00edo<\/td><td>9.947<\/td><td>4.498<\/td><td>14.445<\/td><\/tr><tr><td>Regi\u00f3n del Libertador Gral. Bernardo O\u2019Higgins<\/td><td>7.043<\/td><td>2.421<\/td><td>9.464<\/td><\/tr><tr><td>Regi\u00f3n del Maule<\/td><td>9.004<\/td><td>2.857<\/td><td>11.861<\/td><\/tr><tr><td>Regi\u00f3n Metropolitana de Santiago<\/td><td>27.054<\/td><td>17.032<\/td><td>44.086<\/td><\/tr><tr><td><strong>Total general<\/strong><\/td><td><strong>100.055<\/strong><\/td><td><strong>48.202<\/strong><\/td><td><strong>148.257<\/strong><\/td><\/tr><\/tbody><\/table><\/figure>\n","protected":false},"excerpt":{"rendered":"<p>En el contexto de las Becas Acceso a Tecnolog\u00eda, Informaci\u00f3n y Comunicaciones (TIC), cuyo principal objetivo es contribuir al logro de objetivos de aprendizajes de estudiantes en la educaci\u00f3n escolar. Este programa consiste en proveer al estudiante beneficiario un set de herramientas TIC para el estudio que entrega un computador (notebook) o su equivalente con [&hellip;]<\/p>\n","protected":false},"author":1,"featured_media":912,"comment_status":"closed","ping_status":"open","sticky":false,"template":"","format":"standard","meta":{"_monsterinsights_skip_tracking":false,"_monsterinsights_sitenote_active":false,"_monsterinsights_sitenote_note":"","_monsterinsights_sitenote_category":0,"site-container-style":"default","site-container-layout":"default","site-sidebar-layout":"default","disable-article-header":"default","disable-site-header":"default","disable-site-footer":"default","disable-content-area-spacing":"default","footnotes":""},"categories":[1],"tags":[],"class_list":["post-911","post","type-post","status-publish","format-standard","has-post-thumbnail","hentry","category-uncategorized"],"yoast_head":"<!-- This site is optimized with the Yoast SEO plugin v27.1.1 - https:\/\/yoast.com\/product\/yoast-seo-wordpress\/ -->\n<title>BECAS TIC 2021 - Escuela Espa\u00f1a<\/title>\n<meta name=\"robots\" content=\"index, follow, max-snippet:-1, max-image-preview:large, max-video-preview:-1\" \/>\n<link rel=\"canonical\" href=\"https:\/\/escuelaespanaval.cl\/?p=911\" \/>\n<meta property=\"og:locale\" content=\"es_ES\" \/>\n<meta property=\"og:type\" content=\"article\" \/>\n<meta property=\"og:title\" content=\"BECAS TIC 2021 - Escuela Espa\u00f1a\" \/>\n<meta property=\"og:description\" content=\"En el contexto de las Becas Acceso a Tecnolog\u00eda, Informaci\u00f3n y Comunicaciones (TIC), cuyo principal objetivo es contribuir al logro de objetivos de aprendizajes de estudiantes en la educaci\u00f3n escolar. Este programa consiste en proveer al estudiante beneficiario un set de herramientas TIC para el estudio que entrega un computador (notebook) o su equivalente con [&hellip;]\" \/>\n<meta property=\"og:url\" content=\"https:\/\/escuelaespanaval.cl\/?p=911\" \/>\n<meta property=\"og:site_name\" content=\"Escuela Espa\u00f1a\" \/>\n<meta property=\"article:publisher\" content=\"https:\/\/www.facebook.com\/escuelaespanavald\" \/>\n<meta property=\"article:published_time\" content=\"2021-01-08T13:24:36+00:00\" \/>\n<meta property=\"article:modified_time\" content=\"2021-01-08T13:24:38+00:00\" \/>\n<meta property=\"og:image\" content=\"https:\/\/escuelaespanaval.cl\/wp-content\/uploads\/2021\/01\/1587133493_521633_1587133829_noticia_normal.jpg\" \/>\n\t<meta property=\"og:image:width\" content=\"1200\" \/>\n\t<meta property=\"og:image:height\" content=\"675\" \/>\n\t<meta property=\"og:image:type\" content=\"image\/jpeg\" \/>\n<meta name=\"author\" content=\"Administrador\" \/>\n<meta name=\"twitter:card\" content=\"summary_large_image\" \/>\n<meta name=\"twitter:label1\" content=\"Escrito por\" \/>\n\t<meta name=\"twitter:data1\" content=\"Administrador\" \/>\n\t<meta name=\"twitter:label2\" content=\"Tiempo de lectura\" \/>\n\t<meta name=\"twitter:data2\" content=\"5 minutos\" \/>\n<script type=\"application\/ld+json\" class=\"yoast-schema-graph\">{\"@context\":\"https:\/\/schema.org\",\"@graph\":[{\"@type\":\"Article\",\"@id\":\"https:\/\/escuelaespanaval.cl\/?p=911#article\",\"isPartOf\":{\"@id\":\"https:\/\/escuelaespanaval.cl\/?p=911\"},\"author\":{\"name\":\"Administrador\",\"@id\":\"https:\/\/escuelaespanaval.cl\/#\/schema\/person\/b8dc96fec133a948c2114bb5cba3ca1a\"},\"headline\":\"BECAS TIC 2021\",\"datePublished\":\"2021-01-08T13:24:36+00:00\",\"dateModified\":\"2021-01-08T13:24:38+00:00\",\"mainEntityOfPage\":{\"@id\":\"https:\/\/escuelaespanaval.cl\/?p=911\"},\"wordCount\":906,\"publisher\":{\"@id\":\"https:\/\/escuelaespanaval.cl\/#organization\"},\"image\":{\"@id\":\"https:\/\/escuelaespanaval.cl\/?p=911#primaryimage\"},\"thumbnailUrl\":\"https:\/\/escuelaespanaval.cl\/wp-content\/uploads\/2021\/01\/1587133493_521633_1587133829_noticia_normal.jpg\",\"articleSection\":[\"Uncategorized\"],\"inLanguage\":\"es\"},{\"@type\":\"WebPage\",\"@id\":\"https:\/\/escuelaespanaval.cl\/?p=911\",\"url\":\"https:\/\/escuelaespanaval.cl\/?p=911\",\"name\":\"BECAS TIC 2021 - Escuela Espa\u00f1a\",\"isPartOf\":{\"@id\":\"https:\/\/escuelaespanaval.cl\/#website\"},\"primaryImageOfPage\":{\"@id\":\"https:\/\/escuelaespanaval.cl\/?p=911#primaryimage\"},\"image\":{\"@id\":\"https:\/\/escuelaespanaval.cl\/?p=911#primaryimage\"},\"thumbnailUrl\":\"https:\/\/escuelaespanaval.cl\/wp-content\/uploads\/2021\/01\/1587133493_521633_1587133829_noticia_normal.jpg\",\"datePublished\":\"2021-01-08T13:24:36+00:00\",\"dateModified\":\"2021-01-08T13:24:38+00:00\",\"breadcrumb\":{\"@id\":\"https:\/\/escuelaespanaval.cl\/?p=911#breadcrumb\"},\"inLanguage\":\"es\",\"potentialAction\":[{\"@type\":\"ReadAction\",\"target\":[\"https:\/\/escuelaespanaval.cl\/?p=911\"]}]},{\"@type\":\"ImageObject\",\"inLanguage\":\"es\",\"@id\":\"https:\/\/escuelaespanaval.cl\/?p=911#primaryimage\",\"url\":\"https:\/\/escuelaespanaval.cl\/wp-content\/uploads\/2021\/01\/1587133493_521633_1587133829_noticia_normal.jpg\",\"contentUrl\":\"https:\/\/escuelaespanaval.cl\/wp-content\/uploads\/2021\/01\/1587133493_521633_1587133829_noticia_normal.jpg\",\"width\":1200,\"height\":675},{\"@type\":\"BreadcrumbList\",\"@id\":\"https:\/\/escuelaespanaval.cl\/?p=911#breadcrumb\",\"itemListElement\":[{\"@type\":\"ListItem\",\"position\":1,\"name\":\"Portada\",\"item\":\"https:\/\/escuelaespanaval.cl\/\"},{\"@type\":\"ListItem\",\"position\":2,\"name\":\"BECAS TIC 2021\"}]},{\"@type\":\"WebSite\",\"@id\":\"https:\/\/escuelaespanaval.cl\/#website\",\"url\":\"https:\/\/escuelaespanaval.cl\/\",\"name\":\"Escuela Espa\u00f1a\",\"description\":\"Valdivia\",\"publisher\":{\"@id\":\"https:\/\/escuelaespanaval.cl\/#organization\"},\"potentialAction\":[{\"@type\":\"SearchAction\",\"target\":{\"@type\":\"EntryPoint\",\"urlTemplate\":\"https:\/\/escuelaespanaval.cl\/?s={search_term_string}\"},\"query-input\":{\"@type\":\"PropertyValueSpecification\",\"valueRequired\":true,\"valueName\":\"search_term_string\"}}],\"inLanguage\":\"es\"},{\"@type\":\"Organization\",\"@id\":\"https:\/\/escuelaespanaval.cl\/#organization\",\"name\":\"Escuela Espa\u00f1a\",\"url\":\"https:\/\/escuelaespanaval.cl\/\",\"logo\":{\"@type\":\"ImageObject\",\"inLanguage\":\"es\",\"@id\":\"https:\/\/escuelaespanaval.cl\/#\/schema\/logo\/image\/\",\"url\":\"https:\/\/escuelaespanaval.cl\/wp-content\/uploads\/2020\/12\/LOGO_ESCUELA.png\",\"contentUrl\":\"https:\/\/escuelaespanaval.cl\/wp-content\/uploads\/2020\/12\/LOGO_ESCUELA.png\",\"width\":1550,\"height\":2402,\"caption\":\"Escuela Espa\u00f1a\"},\"image\":{\"@id\":\"https:\/\/escuelaespanaval.cl\/#\/schema\/logo\/image\/\"},\"sameAs\":[\"https:\/\/www.facebook.com\/escuelaespanavald\",\"https:\/\/www.youtube.com\/@escuelaespanavaldivia97\"]},{\"@type\":\"Person\",\"@id\":\"https:\/\/escuelaespanaval.cl\/#\/schema\/person\/b8dc96fec133a948c2114bb5cba3ca1a\",\"name\":\"Administrador\",\"image\":{\"@type\":\"ImageObject\",\"inLanguage\":\"es\",\"@id\":\"https:\/\/escuelaespanaval.cl\/#\/schema\/person\/image\/\",\"url\":\"https:\/\/secure.gravatar.com\/avatar\/1a4537f0b323ae38f6776eb293038a2af5616bfe3d24bf6be540f254d895dd45?s=96&d=mm&r=g\",\"contentUrl\":\"https:\/\/secure.gravatar.com\/avatar\/1a4537f0b323ae38f6776eb293038a2af5616bfe3d24bf6be540f254d895dd45?s=96&d=mm&r=g\",\"caption\":\"Administrador\"},\"sameAs\":[\"https:\/\/escuelaespanaval.cl\/wp\"],\"url\":\"https:\/\/escuelaespanaval.cl\/?author=1\"}]}<\/script>\n<!-- \/ Yoast SEO plugin. -->","yoast_head_json":{"title":"BECAS TIC 2021 - Escuela Espa\u00f1a","robots":{"index":"index","follow":"follow","max-snippet":"max-snippet:-1","max-image-preview":"max-image-preview:large","max-video-preview":"max-video-preview:-1"},"canonical":"https:\/\/escuelaespanaval.cl\/?p=911","og_locale":"es_ES","og_type":"article","og_title":"BECAS TIC 2021 - Escuela Espa\u00f1a","og_description":"En el contexto de las Becas Acceso a Tecnolog\u00eda, Informaci\u00f3n y Comunicaciones (TIC), cuyo principal objetivo es contribuir al logro de objetivos de aprendizajes de estudiantes en la educaci\u00f3n escolar. Este programa consiste en proveer al estudiante beneficiario un set de herramientas TIC para el estudio que entrega un computador (notebook) o su equivalente con [&hellip;]","og_url":"https:\/\/escuelaespanaval.cl\/?p=911","og_site_name":"Escuela Espa\u00f1a","article_publisher":"https:\/\/www.facebook.com\/escuelaespanavald","article_published_time":"2021-01-08T13:24:36+00:00","article_modified_time":"2021-01-08T13:24:38+00:00","og_image":[{"width":1200,"height":675,"url":"https:\/\/escuelaespanaval.cl\/wp-content\/uploads\/2021\/01\/1587133493_521633_1587133829_noticia_normal.jpg","type":"image\/jpeg"}],"author":"Administrador","twitter_card":"summary_large_image","twitter_misc":{"Escrito por":"Administrador","Tiempo de lectura":"5 minutos"},"schema":{"@context":"https:\/\/schema.org","@graph":[{"@type":"Article","@id":"https:\/\/escuelaespanaval.cl\/?p=911#article","isPartOf":{"@id":"https:\/\/escuelaespanaval.cl\/?p=911"},"author":{"name":"Administrador","@id":"https:\/\/escuelaespanaval.cl\/#\/schema\/person\/b8dc96fec133a948c2114bb5cba3ca1a"},"headline":"BECAS TIC 2021","datePublished":"2021-01-08T13:24:36+00:00","dateModified":"2021-01-08T13:24:38+00:00","mainEntityOfPage":{"@id":"https:\/\/escuelaespanaval.cl\/?p=911"},"wordCount":906,"publisher":{"@id":"https:\/\/escuelaespanaval.cl\/#organization"},"image":{"@id":"https:\/\/escuelaespanaval.cl\/?p=911#primaryimage"},"thumbnailUrl":"https:\/\/escuelaespanaval.cl\/wp-content\/uploads\/2021\/01\/1587133493_521633_1587133829_noticia_normal.jpg","articleSection":["Uncategorized"],"inLanguage":"es"},{"@type":"WebPage","@id":"https:\/\/escuelaespanaval.cl\/?p=911","url":"https:\/\/escuelaespanaval.cl\/?p=911","name":"BECAS TIC 2021 - Escuela Espa\u00f1a","isPartOf":{"@id":"https:\/\/escuelaespanaval.cl\/#website"},"primaryImageOfPage":{"@id":"https:\/\/escuelaespanaval.cl\/?p=911#primaryimage"},"image":{"@id":"https:\/\/escuelaespanaval.cl\/?p=911#primaryimage"},"thumbnailUrl":"https:\/\/escuelaespanaval.cl\/wp-content\/uploads\/2021\/01\/1587133493_521633_1587133829_noticia_normal.jpg","datePublished":"2021-01-08T13:24:36+00:00","dateModified":"2021-01-08T13:24:38+00:00","breadcrumb":{"@id":"https:\/\/escuelaespanaval.cl\/?p=911#breadcrumb"},"inLanguage":"es","potentialAction":[{"@type":"ReadAction","target":["https:\/\/escuelaespanaval.cl\/?p=911"]}]},{"@type":"ImageObject","inLanguage":"es","@id":"https:\/\/escuelaespanaval.cl\/?p=911#primaryimage","url":"https:\/\/escuelaespanaval.cl\/wp-content\/uploads\/2021\/01\/1587133493_521633_1587133829_noticia_normal.jpg","contentUrl":"https:\/\/escuelaespanaval.cl\/wp-content\/uploads\/2021\/01\/1587133493_521633_1587133829_noticia_normal.jpg","width":1200,"height":675},{"@type":"BreadcrumbList","@id":"https:\/\/escuelaespanaval.cl\/?p=911#breadcrumb","itemListElement":[{"@type":"ListItem","position":1,"name":"Portada","item":"https:\/\/escuelaespanaval.cl\/"},{"@type":"ListItem","position":2,"name":"BECAS TIC 2021"}]},{"@type":"WebSite","@id":"https:\/\/escuelaespanaval.cl\/#website","url":"https:\/\/escuelaespanaval.cl\/","name":"Escuela Espa\u00f1a","description":"Valdivia","publisher":{"@id":"https:\/\/escuelaespanaval.cl\/#organization"},"potentialAction":[{"@type":"SearchAction","target":{"@type":"EntryPoint","urlTemplate":"https:\/\/escuelaespanaval.cl\/?s={search_term_string}"},"query-input":{"@type":"PropertyValueSpecification","valueRequired":true,"valueName":"search_term_string"}}],"inLanguage":"es"},{"@type":"Organization","@id":"https:\/\/escuelaespanaval.cl\/#organization","name":"Escuela Espa\u00f1a","url":"https:\/\/escuelaespanaval.cl\/","logo":{"@type":"ImageObject","inLanguage":"es","@id":"https:\/\/escuelaespanaval.cl\/#\/schema\/logo\/image\/","url":"https:\/\/escuelaespanaval.cl\/wp-content\/uploads\/2020\/12\/LOGO_ESCUELA.png","contentUrl":"https:\/\/escuelaespanaval.cl\/wp-content\/uploads\/2020\/12\/LOGO_ESCUELA.png","width":1550,"height":2402,"caption":"Escuela Espa\u00f1a"},"image":{"@id":"https:\/\/escuelaespanaval.cl\/#\/schema\/logo\/image\/"},"sameAs":["https:\/\/www.facebook.com\/escuelaespanavald","https:\/\/www.youtube.com\/@escuelaespanavaldivia97"]},{"@type":"Person","@id":"https:\/\/escuelaespanaval.cl\/#\/schema\/person\/b8dc96fec133a948c2114bb5cba3ca1a","name":"Administrador","image":{"@type":"ImageObject","inLanguage":"es","@id":"https:\/\/escuelaespanaval.cl\/#\/schema\/person\/image\/","url":"https:\/\/secure.gravatar.com\/avatar\/1a4537f0b323ae38f6776eb293038a2af5616bfe3d24bf6be540f254d895dd45?s=96&d=mm&r=g","contentUrl":"https:\/\/secure.gravatar.com\/avatar\/1a4537f0b323ae38f6776eb293038a2af5616bfe3d24bf6be540f254d895dd45?s=96&d=mm&r=g","caption":"Administrador"},"sameAs":["https:\/\/escuelaespanaval.cl\/wp"],"url":"https:\/\/escuelaespanaval.cl\/?author=1"}]}},"_links":{"self":[{"href":"https:\/\/escuelaespanaval.cl\/index.php?rest_route=\/wp\/v2\/posts\/911","targetHints":{"allow":["GET"]}}],"collection":[{"href":"https:\/\/escuelaespanaval.cl\/index.php?rest_route=\/wp\/v2\/posts"}],"about":[{"href":"https:\/\/escuelaespanaval.cl\/index.php?rest_route=\/wp\/v2\/types\/post"}],"author":[{"embeddable":true,"href":"https:\/\/escuelaespanaval.cl\/index.php?rest_route=\/wp\/v2\/users\/1"}],"replies":[{"embeddable":true,"href":"https:\/\/escuelaespanaval.cl\/index.php?rest_route=%2Fwp%2Fv2%2Fcomments&post=911"}],"version-history":[{"count":1,"href":"https:\/\/escuelaespanaval.cl\/index.php?rest_route=\/wp\/v2\/posts\/911\/revisions"}],"predecessor-version":[{"id":913,"href":"https:\/\/escuelaespanaval.cl\/index.php?rest_route=\/wp\/v2\/posts\/911\/revisions\/913"}],"wp:featuredmedia":[{"embeddable":true,"href":"https:\/\/escuelaespanaval.cl\/index.php?rest_route=\/wp\/v2\/media\/912"}],"wp:attachment":[{"href":"https:\/\/escuelaespanaval.cl\/index.php?rest_route=%2Fwp%2Fv2%2Fmedia&parent=911"}],"wp:term":[{"taxonomy":"category","embeddable":true,"href":"https:\/\/escuelaespanaval.cl\/index.php?rest_route=%2Fwp%2Fv2%2Fcategories&post=911"},{"taxonomy":"post_tag","embeddable":true,"href":"https:\/\/escuelaespanaval.cl\/index.php?rest_route=%2Fwp%2Fv2%2Ftags&post=911"}],"curies":[{"name":"wp","href":"https:\/\/api.w.org\/{rel}","templated":true}]}}