{"id":817,"date":"2019-07-01T22:14:00","date_gmt":"2019-07-01T22:14:00","guid":{"rendered":"https:\/\/escuelaespanaval.cl\/wp\/?p=817"},"modified":"2020-12-12T22:17:06","modified_gmt":"2020-12-12T22:17:06","slug":"dia-de-la-bandera","status":"publish","type":"post","link":"https:\/\/escuelaespanaval.cl\/?p=817","title":{"rendered":"D\u00eda de la Bandera"},"content":{"rendered":"\n<p>El d\u00eda Lunes 01 de Julio se llevo acabo el Acto del D\u00eda de la Bandera &#8211; Kinder \u00abB\u00bb<\/p>\n\n\n\n<figure class=\"wp-block-gallery columns-3 is-cropped wp-block-gallery-1 is-layout-flex wp-block-gallery-is-layout-flex\"><ul class=\"blocks-gallery-grid\"><li class=\"blocks-gallery-item\"><figure><a href=\"https:\/\/escuelaespanaval.cl\/wp\/wp-content\/uploads\/2020\/12\/DSC_4008.jpg\"><img loading=\"lazy\" decoding=\"async\" width=\"1024\" height=\"682\" src=\"https:\/\/escuelaespanaval.cl\/wp\/wp-content\/uploads\/2020\/12\/DSC_4008-1024x682.jpg\" alt=\"\" data-id=\"819\" data-full-url=\"https:\/\/escuelaespanaval.cl\/wp\/wp-content\/uploads\/2020\/12\/DSC_4008.jpg\" data-link=\"https:\/\/escuelaespanaval.cl\/wp\/?attachment_id=819\" class=\"wp-image-819\" srcset=\"https:\/\/escuelaespanaval.cl\/wp-content\/uploads\/2020\/12\/DSC_4008-1024x682.jpg 1024w, https:\/\/escuelaespanaval.cl\/wp-content\/uploads\/2020\/12\/DSC_4008-300x200.jpg 300w, https:\/\/escuelaespanaval.cl\/wp-content\/uploads\/2020\/12\/DSC_4008-768x512.jpg 768w, https:\/\/escuelaespanaval.cl\/wp-content\/uploads\/2020\/12\/DSC_4008-1536x1024.jpg 1536w, https:\/\/escuelaespanaval.cl\/wp-content\/uploads\/2020\/12\/DSC_4008-2048x1365.jpg 2048w, https:\/\/escuelaespanaval.cl\/wp-content\/uploads\/2020\/12\/DSC_4008-1080x720.jpg 1080w, https:\/\/escuelaespanaval.cl\/wp-content\/uploads\/2020\/12\/DSC_4008-1280x853.jpg 1280w, https:\/\/escuelaespanaval.cl\/wp-content\/uploads\/2020\/12\/DSC_4008-980x653.jpg 980w, https:\/\/escuelaespanaval.cl\/wp-content\/uploads\/2020\/12\/DSC_4008-480x320.jpg 480w\" sizes=\"auto, (max-width: 1024px) 100vw, 1024px\" \/><\/a><\/figure><\/li><li class=\"blocks-gallery-item\"><figure><a href=\"https:\/\/escuelaespanaval.cl\/wp\/wp-content\/uploads\/2020\/12\/DSC_4010.jpg\"><img loading=\"lazy\" decoding=\"async\" width=\"1024\" height=\"682\" src=\"https:\/\/escuelaespanaval.cl\/wp\/wp-content\/uploads\/2020\/12\/DSC_4010-1024x682.jpg\" alt=\"\" data-id=\"820\" data-full-url=\"https:\/\/escuelaespanaval.cl\/wp\/wp-content\/uploads\/2020\/12\/DSC_4010.jpg\" data-link=\"https:\/\/escuelaespanaval.cl\/wp\/?attachment_id=820\" class=\"wp-image-820\" srcset=\"https:\/\/escuelaespanaval.cl\/wp-content\/uploads\/2020\/12\/DSC_4010-1024x682.jpg 1024w, https:\/\/escuelaespanaval.cl\/wp-content\/uploads\/2020\/12\/DSC_4010-300x200.jpg 300w, https:\/\/escuelaespanaval.cl\/wp-content\/uploads\/2020\/12\/DSC_4010-768x512.jpg 768w, https:\/\/escuelaespanaval.cl\/wp-content\/uploads\/2020\/12\/DSC_4010-1536x1024.jpg 1536w, https:\/\/escuelaespanaval.cl\/wp-content\/uploads\/2020\/12\/DSC_4010-2048x1365.jpg 2048w, https:\/\/escuelaespanaval.cl\/wp-content\/uploads\/2020\/12\/DSC_4010-1080x720.jpg 1080w, https:\/\/escuelaespanaval.cl\/wp-content\/uploads\/2020\/12\/DSC_4010-1280x853.jpg 1280w, https:\/\/escuelaespanaval.cl\/wp-content\/uploads\/2020\/12\/DSC_4010-980x653.jpg 980w, https:\/\/escuelaespanaval.cl\/wp-content\/uploads\/2020\/12\/DSC_4010-480x320.jpg 480w\" sizes=\"auto, (max-width: 1024px) 100vw, 1024px\" \/><\/a><\/figure><\/li><li class=\"blocks-gallery-item\"><figure><a href=\"https:\/\/escuelaespanaval.cl\/wp\/wp-content\/uploads\/2020\/12\/DSC_4015.jpg\"><img loading=\"lazy\" decoding=\"async\" width=\"1024\" height=\"682\" src=\"https:\/\/escuelaespanaval.cl\/wp\/wp-content\/uploads\/2020\/12\/DSC_4015-1024x682.jpg\" alt=\"\" data-id=\"821\" data-full-url=\"https:\/\/escuelaespanaval.cl\/wp\/wp-content\/uploads\/2020\/12\/DSC_4015.jpg\" data-link=\"https:\/\/escuelaespanaval.cl\/wp\/?attachment_id=821\" class=\"wp-image-821\" srcset=\"https:\/\/escuelaespanaval.cl\/wp-content\/uploads\/2020\/12\/DSC_4015-1024x682.jpg 1024w, https:\/\/escuelaespanaval.cl\/wp-content\/uploads\/2020\/12\/DSC_4015-300x200.jpg 300w, https:\/\/escuelaespanaval.cl\/wp-content\/uploads\/2020\/12\/DSC_4015-768x512.jpg 768w, https:\/\/escuelaespanaval.cl\/wp-content\/uploads\/2020\/12\/DSC_4015-1536x1024.jpg 1536w, https:\/\/escuelaespanaval.cl\/wp-content\/uploads\/2020\/12\/DSC_4015-2048x1365.jpg 2048w, https:\/\/escuelaespanaval.cl\/wp-content\/uploads\/2020\/12\/DSC_4015-1080x720.jpg 1080w, https:\/\/escuelaespanaval.cl\/wp-content\/uploads\/2020\/12\/DSC_4015-1280x853.jpg 1280w, https:\/\/escuelaespanaval.cl\/wp-content\/uploads\/2020\/12\/DSC_4015-980x653.jpg 980w, https:\/\/escuelaespanaval.cl\/wp-content\/uploads\/2020\/12\/DSC_4015-480x320.jpg 480w\" sizes=\"auto, (max-width: 1024px) 100vw, 1024px\" \/><\/a><\/figure><\/li><li class=\"blocks-gallery-item\"><figure><a href=\"https:\/\/escuelaespanaval.cl\/wp\/wp-content\/uploads\/2020\/12\/DSC_4018.jpg\"><img loading=\"lazy\" decoding=\"async\" width=\"1024\" height=\"682\" src=\"https:\/\/escuelaespanaval.cl\/wp\/wp-content\/uploads\/2020\/12\/DSC_4018-1024x682.jpg\" alt=\"\" data-id=\"822\" data-full-url=\"https:\/\/escuelaespanaval.cl\/wp\/wp-content\/uploads\/2020\/12\/DSC_4018.jpg\" data-link=\"https:\/\/escuelaespanaval.cl\/wp\/?attachment_id=822\" class=\"wp-image-822\" srcset=\"https:\/\/escuelaespanaval.cl\/wp-content\/uploads\/2020\/12\/DSC_4018-1024x682.jpg 1024w, https:\/\/escuelaespanaval.cl\/wp-content\/uploads\/2020\/12\/DSC_4018-300x200.jpg 300w, https:\/\/escuelaespanaval.cl\/wp-content\/uploads\/2020\/12\/DSC_4018-768x512.jpg 768w, https:\/\/escuelaespanaval.cl\/wp-content\/uploads\/2020\/12\/DSC_4018-1536x1024.jpg 1536w, https:\/\/escuelaespanaval.cl\/wp-content\/uploads\/2020\/12\/DSC_4018-2048x1365.jpg 2048w, https:\/\/escuelaespanaval.cl\/wp-content\/uploads\/2020\/12\/DSC_4018-1080x720.jpg 1080w, https:\/\/escuelaespanaval.cl\/wp-content\/uploads\/2020\/12\/DSC_4018-1280x853.jpg 1280w, https:\/\/escuelaespanaval.cl\/wp-content\/uploads\/2020\/12\/DSC_4018-980x653.jpg 980w, https:\/\/escuelaespanaval.cl\/wp-content\/uploads\/2020\/12\/DSC_4018-480x320.jpg 480w\" sizes=\"auto, (max-width: 1024px) 100vw, 1024px\" \/><\/a><\/figure><\/li><li class=\"blocks-gallery-item\"><figure><a href=\"https:\/\/escuelaespanaval.cl\/wp\/wp-content\/uploads\/2020\/12\/DSC_4020.jpg\"><img loading=\"lazy\" decoding=\"async\" width=\"1024\" height=\"682\" src=\"https:\/\/escuelaespanaval.cl\/wp\/wp-content\/uploads\/2020\/12\/DSC_4020-1024x682.jpg\" alt=\"\" data-id=\"823\" data-full-url=\"https:\/\/escuelaespanaval.cl\/wp\/wp-content\/uploads\/2020\/12\/DSC_4020.jpg\" data-link=\"https:\/\/escuelaespanaval.cl\/wp\/?attachment_id=823\" class=\"wp-image-823\" srcset=\"https:\/\/escuelaespanaval.cl\/wp-content\/uploads\/2020\/12\/DSC_4020-1024x682.jpg 1024w, https:\/\/escuelaespanaval.cl\/wp-content\/uploads\/2020\/12\/DSC_4020-300x200.jpg 300w, https:\/\/escuelaespanaval.cl\/wp-content\/uploads\/2020\/12\/DSC_4020-768x512.jpg 768w, https:\/\/escuelaespanaval.cl\/wp-content\/uploads\/2020\/12\/DSC_4020-1536x1024.jpg 1536w, https:\/\/escuelaespanaval.cl\/wp-content\/uploads\/2020\/12\/DSC_4020-2048x1365.jpg 2048w, https:\/\/escuelaespanaval.cl\/wp-content\/uploads\/2020\/12\/DSC_4020-1080x720.jpg 1080w, https:\/\/escuelaespanaval.cl\/wp-content\/uploads\/2020\/12\/DSC_4020-1280x853.jpg 1280w, https:\/\/escuelaespanaval.cl\/wp-content\/uploads\/2020\/12\/DSC_4020-980x653.jpg 980w, https:\/\/escuelaespanaval.cl\/wp-content\/uploads\/2020\/12\/DSC_4020-480x320.jpg 480w\" sizes=\"auto, (max-width: 1024px) 100vw, 1024px\" \/><\/a><\/figure><\/li><li class=\"blocks-gallery-item\"><figure><a href=\"https:\/\/escuelaespanaval.cl\/wp\/wp-content\/uploads\/2020\/12\/DSC_4023.jpg\"><img loading=\"lazy\" decoding=\"async\" width=\"1024\" height=\"682\" src=\"https:\/\/escuelaespanaval.cl\/wp\/wp-content\/uploads\/2020\/12\/DSC_4023-1024x682.jpg\" alt=\"\" data-id=\"824\" data-full-url=\"https:\/\/escuelaespanaval.cl\/wp\/wp-content\/uploads\/2020\/12\/DSC_4023.jpg\" data-link=\"https:\/\/escuelaespanaval.cl\/wp\/?attachment_id=824\" class=\"wp-image-824\" srcset=\"https:\/\/escuelaespanaval.cl\/wp-content\/uploads\/2020\/12\/DSC_4023-1024x682.jpg 1024w, https:\/\/escuelaespanaval.cl\/wp-content\/uploads\/2020\/12\/DSC_4023-300x200.jpg 300w, https:\/\/escuelaespanaval.cl\/wp-content\/uploads\/2020\/12\/DSC_4023-768x512.jpg 768w, https:\/\/escuelaespanaval.cl\/wp-content\/uploads\/2020\/12\/DSC_4023-1536x1024.jpg 1536w, https:\/\/escuelaespanaval.cl\/wp-content\/uploads\/2020\/12\/DSC_4023-2048x1365.jpg 2048w, https:\/\/escuelaespanaval.cl\/wp-content\/uploads\/2020\/12\/DSC_4023-1080x720.jpg 1080w, https:\/\/escuelaespanaval.cl\/wp-content\/uploads\/2020\/12\/DSC_4023-1280x853.jpg 1280w, https:\/\/escuelaespanaval.cl\/wp-content\/uploads\/2020\/12\/DSC_4023-980x653.jpg 980w, https:\/\/escuelaespanaval.cl\/wp-content\/uploads\/2020\/12\/DSC_4023-480x320.jpg 480w\" sizes=\"auto, (max-width: 1024px) 100vw, 1024px\" \/><\/a><\/figure><\/li><li class=\"blocks-gallery-item\"><figure><a href=\"https:\/\/escuelaespanaval.cl\/wp\/wp-content\/uploads\/2020\/12\/DSC_4024.jpg\"><img loading=\"lazy\" decoding=\"async\" width=\"1024\" height=\"682\" src=\"https:\/\/escuelaespanaval.cl\/wp\/wp-content\/uploads\/2020\/12\/DSC_4024-1024x682.jpg\" alt=\"\" data-id=\"825\" data-full-url=\"https:\/\/escuelaespanaval.cl\/wp\/wp-content\/uploads\/2020\/12\/DSC_4024.jpg\" data-link=\"https:\/\/escuelaespanaval.cl\/wp\/?attachment_id=825\" class=\"wp-image-825\" srcset=\"https:\/\/escuelaespanaval.cl\/wp-content\/uploads\/2020\/12\/DSC_4024-1024x682.jpg 1024w, https:\/\/escuelaespanaval.cl\/wp-content\/uploads\/2020\/12\/DSC_4024-300x200.jpg 300w, https:\/\/escuelaespanaval.cl\/wp-content\/uploads\/2020\/12\/DSC_4024-768x512.jpg 768w, https:\/\/escuelaespanaval.cl\/wp-content\/uploads\/2020\/12\/DSC_4024-1536x1024.jpg 1536w, https:\/\/escuelaespanaval.cl\/wp-content\/uploads\/2020\/12\/DSC_4024-2048x1365.jpg 2048w, https:\/\/escuelaespanaval.cl\/wp-content\/uploads\/2020\/12\/DSC_4024-1080x720.jpg 1080w, https:\/\/escuelaespanaval.cl\/wp-content\/uploads\/2020\/12\/DSC_4024-1280x853.jpg 1280w, https:\/\/escuelaespanaval.cl\/wp-content\/uploads\/2020\/12\/DSC_4024-980x653.jpg 980w, https:\/\/escuelaespanaval.cl\/wp-content\/uploads\/2020\/12\/DSC_4024-480x320.jpg 480w\" sizes=\"auto, (max-width: 1024px) 100vw, 1024px\" \/><\/a><\/figure><\/li><li class=\"blocks-gallery-item\"><figure><a href=\"https:\/\/escuelaespanaval.cl\/wp\/wp-content\/uploads\/2020\/12\/DSC_4025.jpg\"><img loading=\"lazy\" decoding=\"async\" width=\"1024\" height=\"682\" src=\"https:\/\/escuelaespanaval.cl\/wp\/wp-content\/uploads\/2020\/12\/DSC_4025-1024x682.jpg\" alt=\"\" data-id=\"826\" data-full-url=\"https:\/\/escuelaespanaval.cl\/wp\/wp-content\/uploads\/2020\/12\/DSC_4025.jpg\" data-link=\"https:\/\/escuelaespanaval.cl\/wp\/?attachment_id=826\" class=\"wp-image-826\" srcset=\"https:\/\/escuelaespanaval.cl\/wp-content\/uploads\/2020\/12\/DSC_4025-1024x682.jpg 1024w, https:\/\/escuelaespanaval.cl\/wp-content\/uploads\/2020\/12\/DSC_4025-300x200.jpg 300w, https:\/\/escuelaespanaval.cl\/wp-content\/uploads\/2020\/12\/DSC_4025-768x512.jpg 768w, https:\/\/escuelaespanaval.cl\/wp-content\/uploads\/2020\/12\/DSC_4025-1536x1024.jpg 1536w, https:\/\/escuelaespanaval.cl\/wp-content\/uploads\/2020\/12\/DSC_4025-2048x1365.jpg 2048w, https:\/\/escuelaespanaval.cl\/wp-content\/uploads\/2020\/12\/DSC_4025-1080x720.jpg 1080w, https:\/\/escuelaespanaval.cl\/wp-content\/uploads\/2020\/12\/DSC_4025-1280x853.jpg 1280w, https:\/\/escuelaespanaval.cl\/wp-content\/uploads\/2020\/12\/DSC_4025-980x653.jpg 980w, https:\/\/escuelaespanaval.cl\/wp-content\/uploads\/2020\/12\/DSC_4025-480x320.jpg 480w\" sizes=\"auto, (max-width: 1024px) 100vw, 1024px\" \/><\/a><\/figure><\/li><li class=\"blocks-gallery-item\"><figure><a href=\"https:\/\/escuelaespanaval.cl\/wp\/wp-content\/uploads\/2020\/12\/DSC_4027.jpg\"><img loading=\"lazy\" decoding=\"async\" width=\"1024\" height=\"682\" src=\"https:\/\/escuelaespanaval.cl\/wp\/wp-content\/uploads\/2020\/12\/DSC_4027-1024x682.jpg\" alt=\"\" data-id=\"827\" data-full-url=\"https:\/\/escuelaespanaval.cl\/wp\/wp-content\/uploads\/2020\/12\/DSC_4027.jpg\" data-link=\"https:\/\/escuelaespanaval.cl\/wp\/?attachment_id=827\" class=\"wp-image-827\" srcset=\"https:\/\/escuelaespanaval.cl\/wp-content\/uploads\/2020\/12\/DSC_4027-1024x682.jpg 1024w, https:\/\/escuelaespanaval.cl\/wp-content\/uploads\/2020\/12\/DSC_4027-300x200.jpg 300w, https:\/\/escuelaespanaval.cl\/wp-content\/uploads\/2020\/12\/DSC_4027-768x512.jpg 768w, https:\/\/escuelaespanaval.cl\/wp-content\/uploads\/2020\/12\/DSC_4027-1536x1024.jpg 1536w, https:\/\/escuelaespanaval.cl\/wp-content\/uploads\/2020\/12\/DSC_4027-2048x1365.jpg 2048w, https:\/\/escuelaespanaval.cl\/wp-content\/uploads\/2020\/12\/DSC_4027-1080x720.jpg 1080w, https:\/\/escuelaespanaval.cl\/wp-content\/uploads\/2020\/12\/DSC_4027-1280x853.jpg 1280w, https:\/\/escuelaespanaval.cl\/wp-content\/uploads\/2020\/12\/DSC_4027-980x653.jpg 980w, https:\/\/escuelaespanaval.cl\/wp-content\/uploads\/2020\/12\/DSC_4027-480x320.jpg 480w\" sizes=\"auto, (max-width: 1024px) 100vw, 1024px\" \/><\/a><\/figure><\/li><li class=\"blocks-gallery-item\"><figure><a href=\"https:\/\/escuelaespanaval.cl\/wp\/wp-content\/uploads\/2020\/12\/DSC_4030.jpg\"><img loading=\"lazy\" decoding=\"async\" width=\"1024\" height=\"682\" src=\"https:\/\/escuelaespanaval.cl\/wp\/wp-content\/uploads\/2020\/12\/DSC_4030-1024x682.jpg\" alt=\"\" data-id=\"828\" data-full-url=\"https:\/\/escuelaespanaval.cl\/wp\/wp-content\/uploads\/2020\/12\/DSC_4030.jpg\" data-link=\"https:\/\/escuelaespanaval.cl\/wp\/?attachment_id=828\" class=\"wp-image-828\" srcset=\"https:\/\/escuelaespanaval.cl\/wp-content\/uploads\/2020\/12\/DSC_4030-1024x682.jpg 1024w, https:\/\/escuelaespanaval.cl\/wp-content\/uploads\/2020\/12\/DSC_4030-300x200.jpg 300w, https:\/\/escuelaespanaval.cl\/wp-content\/uploads\/2020\/12\/DSC_4030-768x512.jpg 768w, https:\/\/escuelaespanaval.cl\/wp-content\/uploads\/2020\/12\/DSC_4030-1536x1024.jpg 1536w, https:\/\/escuelaespanaval.cl\/wp-content\/uploads\/2020\/12\/DSC_4030-2048x1365.jpg 2048w, https:\/\/escuelaespanaval.cl\/wp-content\/uploads\/2020\/12\/DSC_4030-1080x720.jpg 1080w, https:\/\/escuelaespanaval.cl\/wp-content\/uploads\/2020\/12\/DSC_4030-1280x853.jpg 1280w, https:\/\/escuelaespanaval.cl\/wp-content\/uploads\/2020\/12\/DSC_4030-980x653.jpg 980w, https:\/\/escuelaespanaval.cl\/wp-content\/uploads\/2020\/12\/DSC_4030-480x320.jpg 480w\" sizes=\"auto, (max-width: 1024px) 100vw, 1024px\" \/><\/a><\/figure><\/li><li class=\"blocks-gallery-item\"><figure><a href=\"https:\/\/escuelaespanaval.cl\/wp\/wp-content\/uploads\/2020\/12\/DSC_4033.jpg\"><img loading=\"lazy\" decoding=\"async\" width=\"1024\" height=\"682\" src=\"https:\/\/escuelaespanaval.cl\/wp\/wp-content\/uploads\/2020\/12\/DSC_4033-1024x682.jpg\" alt=\"\" data-id=\"829\" data-full-url=\"https:\/\/escuelaespanaval.cl\/wp\/wp-content\/uploads\/2020\/12\/DSC_4033.jpg\" data-link=\"https:\/\/escuelaespanaval.cl\/wp\/?attachment_id=829\" class=\"wp-image-829\" srcset=\"https:\/\/escuelaespanaval.cl\/wp-content\/uploads\/2020\/12\/DSC_4033-1024x682.jpg 1024w, https:\/\/escuelaespanaval.cl\/wp-content\/uploads\/2020\/12\/DSC_4033-300x200.jpg 300w, https:\/\/escuelaespanaval.cl\/wp-content\/uploads\/2020\/12\/DSC_4033-768x512.jpg 768w, https:\/\/escuelaespanaval.cl\/wp-content\/uploads\/2020\/12\/DSC_4033-1536x1024.jpg 1536w, https:\/\/escuelaespanaval.cl\/wp-content\/uploads\/2020\/12\/DSC_4033-2048x1365.jpg 2048w, https:\/\/escuelaespanaval.cl\/wp-content\/uploads\/2020\/12\/DSC_4033-1080x720.jpg 1080w, https:\/\/escuelaespanaval.cl\/wp-content\/uploads\/2020\/12\/DSC_4033-1280x853.jpg 1280w, https:\/\/escuelaespanaval.cl\/wp-content\/uploads\/2020\/12\/DSC_4033-980x653.jpg 980w, https:\/\/escuelaespanaval.cl\/wp-content\/uploads\/2020\/12\/DSC_4033-480x320.jpg 480w\" sizes=\"auto, (max-width: 1024px) 100vw, 1024px\" \/><\/a><\/figure><\/li><li class=\"blocks-gallery-item\"><figure><a href=\"https:\/\/escuelaespanaval.cl\/wp\/wp-content\/uploads\/2020\/12\/DSC_4036.jpg\"><img loading=\"lazy\" decoding=\"async\" width=\"1024\" height=\"682\" src=\"https:\/\/escuelaespanaval.cl\/wp\/wp-content\/uploads\/2020\/12\/DSC_4036-1024x682.jpg\" alt=\"\" data-id=\"830\" data-full-url=\"https:\/\/escuelaespanaval.cl\/wp\/wp-content\/uploads\/2020\/12\/DSC_4036.jpg\" data-link=\"https:\/\/escuelaespanaval.cl\/wp\/?attachment_id=830\" class=\"wp-image-830\" srcset=\"https:\/\/escuelaespanaval.cl\/wp-content\/uploads\/2020\/12\/DSC_4036-1024x682.jpg 1024w, https:\/\/escuelaespanaval.cl\/wp-content\/uploads\/2020\/12\/DSC_4036-300x200.jpg 300w, https:\/\/escuelaespanaval.cl\/wp-content\/uploads\/2020\/12\/DSC_4036-768x512.jpg 768w, https:\/\/escuelaespanaval.cl\/wp-content\/uploads\/2020\/12\/DSC_4036-1536x1024.jpg 1536w, https:\/\/escuelaespanaval.cl\/wp-content\/uploads\/2020\/12\/DSC_4036-2048x1365.jpg 2048w, https:\/\/escuelaespanaval.cl\/wp-content\/uploads\/2020\/12\/DSC_4036-1080x720.jpg 1080w, https:\/\/escuelaespanaval.cl\/wp-content\/uploads\/2020\/12\/DSC_4036-1280x853.jpg 1280w, https:\/\/escuelaespanaval.cl\/wp-content\/uploads\/2020\/12\/DSC_4036-980x653.jpg 980w, https:\/\/escuelaespanaval.cl\/wp-content\/uploads\/2020\/12\/DSC_4036-480x320.jpg 480w\" sizes=\"auto, (max-width: 1024px) 100vw, 1024px\" \/><\/a><\/figure><\/li><li class=\"blocks-gallery-item\"><figure><a href=\"https:\/\/escuelaespanaval.cl\/wp\/wp-content\/uploads\/2020\/12\/DSC_4041.jpg\"><img loading=\"lazy\" decoding=\"async\" width=\"1024\" height=\"682\" src=\"https:\/\/escuelaespanaval.cl\/wp\/wp-content\/uploads\/2020\/12\/DSC_4041-1024x682.jpg\" alt=\"\" data-id=\"831\" data-full-url=\"https:\/\/escuelaespanaval.cl\/wp\/wp-content\/uploads\/2020\/12\/DSC_4041.jpg\" data-link=\"https:\/\/escuelaespanaval.cl\/wp\/?attachment_id=831\" class=\"wp-image-831\" srcset=\"https:\/\/escuelaespanaval.cl\/wp-content\/uploads\/2020\/12\/DSC_4041-1024x682.jpg 1024w, https:\/\/escuelaespanaval.cl\/wp-content\/uploads\/2020\/12\/DSC_4041-300x200.jpg 300w, https:\/\/escuelaespanaval.cl\/wp-content\/uploads\/2020\/12\/DSC_4041-768x512.jpg 768w, https:\/\/escuelaespanaval.cl\/wp-content\/uploads\/2020\/12\/DSC_4041-1536x1024.jpg 1536w, https:\/\/escuelaespanaval.cl\/wp-content\/uploads\/2020\/12\/DSC_4041-2048x1365.jpg 2048w, https:\/\/escuelaespanaval.cl\/wp-content\/uploads\/2020\/12\/DSC_4041-1080x720.jpg 1080w, https:\/\/escuelaespanaval.cl\/wp-content\/uploads\/2020\/12\/DSC_4041-1280x853.jpg 1280w, https:\/\/escuelaespanaval.cl\/wp-content\/uploads\/2020\/12\/DSC_4041-980x653.jpg 980w, https:\/\/escuelaespanaval.cl\/wp-content\/uploads\/2020\/12\/DSC_4041-480x320.jpg 480w\" sizes=\"auto, (max-width: 1024px) 100vw, 1024px\" \/><\/a><\/figure><\/li><li class=\"blocks-gallery-item\"><figure><a href=\"https:\/\/escuelaespanaval.cl\/wp\/wp-content\/uploads\/2020\/12\/DSC_4047.jpg\"><img loading=\"lazy\" decoding=\"async\" width=\"1024\" height=\"682\" src=\"https:\/\/escuelaespanaval.cl\/wp\/wp-content\/uploads\/2020\/12\/DSC_4047-1024x682.jpg\" alt=\"\" data-id=\"832\" data-full-url=\"https:\/\/escuelaespanaval.cl\/wp\/wp-content\/uploads\/2020\/12\/DSC_4047.jpg\" data-link=\"https:\/\/escuelaespanaval.cl\/wp\/?attachment_id=832\" class=\"wp-image-832\" srcset=\"https:\/\/escuelaespanaval.cl\/wp-content\/uploads\/2020\/12\/DSC_4047-1024x682.jpg 1024w, https:\/\/escuelaespanaval.cl\/wp-content\/uploads\/2020\/12\/DSC_4047-300x200.jpg 300w, https:\/\/escuelaespanaval.cl\/wp-content\/uploads\/2020\/12\/DSC_4047-768x512.jpg 768w, https:\/\/escuelaespanaval.cl\/wp-content\/uploads\/2020\/12\/DSC_4047-1536x1024.jpg 1536w, https:\/\/escuelaespanaval.cl\/wp-content\/uploads\/2020\/12\/DSC_4047-2048x1365.jpg 2048w, https:\/\/escuelaespanaval.cl\/wp-content\/uploads\/2020\/12\/DSC_4047-1080x720.jpg 1080w, https:\/\/escuelaespanaval.cl\/wp-content\/uploads\/2020\/12\/DSC_4047-1280x853.jpg 1280w, https:\/\/escuelaespanaval.cl\/wp-content\/uploads\/2020\/12\/DSC_4047-980x653.jpg 980w, https:\/\/escuelaespanaval.cl\/wp-content\/uploads\/2020\/12\/DSC_4047-480x320.jpg 480w\" sizes=\"auto, (max-width: 1024px) 100vw, 1024px\" \/><\/a><\/figure><\/li><li class=\"blocks-gallery-item\"><figure><a href=\"https:\/\/escuelaespanaval.cl\/wp\/wp-content\/uploads\/2020\/12\/DSC_4049.jpg\"><img loading=\"lazy\" decoding=\"async\" width=\"1024\" height=\"682\" src=\"https:\/\/escuelaespanaval.cl\/wp\/wp-content\/uploads\/2020\/12\/DSC_4049-1024x682.jpg\" alt=\"\" data-id=\"833\" data-full-url=\"https:\/\/escuelaespanaval.cl\/wp\/wp-content\/uploads\/2020\/12\/DSC_4049.jpg\" data-link=\"https:\/\/escuelaespanaval.cl\/wp\/?attachment_id=833\" class=\"wp-image-833\" srcset=\"https:\/\/escuelaespanaval.cl\/wp-content\/uploads\/2020\/12\/DSC_4049-1024x682.jpg 1024w, https:\/\/escuelaespanaval.cl\/wp-content\/uploads\/2020\/12\/DSC_4049-300x200.jpg 300w, https:\/\/escuelaespanaval.cl\/wp-content\/uploads\/2020\/12\/DSC_4049-768x512.jpg 768w, https:\/\/escuelaespanaval.cl\/wp-content\/uploads\/2020\/12\/DSC_4049-1536x1023.jpg 1536w, https:\/\/escuelaespanaval.cl\/wp-content\/uploads\/2020\/12\/DSC_4049-1080x720.jpg 1080w, https:\/\/escuelaespanaval.cl\/wp-content\/uploads\/2020\/12\/DSC_4049-1280x853.jpg 1280w, https:\/\/escuelaespanaval.cl\/wp-content\/uploads\/2020\/12\/DSC_4049-980x653.jpg 980w, https:\/\/escuelaespanaval.cl\/wp-content\/uploads\/2020\/12\/DSC_4049-480x320.jpg 480w, https:\/\/escuelaespanaval.cl\/wp-content\/uploads\/2020\/12\/DSC_4049.jpg 1732w\" sizes=\"auto, (max-width: 1024px) 100vw, 1024px\" \/><\/a><\/figure><\/li><li class=\"blocks-gallery-item\"><figure><a href=\"https:\/\/escuelaespanaval.cl\/wp\/wp-content\/uploads\/2020\/12\/DSC_4057.jpg\"><img loading=\"lazy\" decoding=\"async\" width=\"1024\" height=\"682\" src=\"https:\/\/escuelaespanaval.cl\/wp\/wp-content\/uploads\/2020\/12\/DSC_4057-1024x682.jpg\" alt=\"\" data-id=\"834\" data-full-url=\"https:\/\/escuelaespanaval.cl\/wp\/wp-content\/uploads\/2020\/12\/DSC_4057.jpg\" data-link=\"https:\/\/escuelaespanaval.cl\/wp\/?attachment_id=834\" class=\"wp-image-834\" srcset=\"https:\/\/escuelaespanaval.cl\/wp-content\/uploads\/2020\/12\/DSC_4057-1024x682.jpg 1024w, https:\/\/escuelaespanaval.cl\/wp-content\/uploads\/2020\/12\/DSC_4057-300x200.jpg 300w, https:\/\/escuelaespanaval.cl\/wp-content\/uploads\/2020\/12\/DSC_4057-768x512.jpg 768w, https:\/\/escuelaespanaval.cl\/wp-content\/uploads\/2020\/12\/DSC_4057-1536x1024.jpg 1536w, https:\/\/escuelaespanaval.cl\/wp-content\/uploads\/2020\/12\/DSC_4057-2048x1365.jpg 2048w, https:\/\/escuelaespanaval.cl\/wp-content\/uploads\/2020\/12\/DSC_4057-1080x720.jpg 1080w, https:\/\/escuelaespanaval.cl\/wp-content\/uploads\/2020\/12\/DSC_4057-1280x853.jpg 1280w, https:\/\/escuelaespanaval.cl\/wp-content\/uploads\/2020\/12\/DSC_4057-980x653.jpg 980w, https:\/\/escuelaespanaval.cl\/wp-content\/uploads\/2020\/12\/DSC_4057-480x320.jpg 480w\" sizes=\"auto, (max-width: 1024px) 100vw, 1024px\" \/><\/a><\/figure><\/li><li class=\"blocks-gallery-item\"><figure><a href=\"https:\/\/escuelaespanaval.cl\/wp\/wp-content\/uploads\/2020\/12\/DSC_4060.jpg\"><img loading=\"lazy\" decoding=\"async\" width=\"1024\" height=\"682\" src=\"https:\/\/escuelaespanaval.cl\/wp\/wp-content\/uploads\/2020\/12\/DSC_4060-1024x682.jpg\" alt=\"\" data-id=\"835\" data-full-url=\"https:\/\/escuelaespanaval.cl\/wp\/wp-content\/uploads\/2020\/12\/DSC_4060.jpg\" data-link=\"https:\/\/escuelaespanaval.cl\/wp\/?attachment_id=835\" class=\"wp-image-835\" srcset=\"https:\/\/escuelaespanaval.cl\/wp-content\/uploads\/2020\/12\/DSC_4060-1024x682.jpg 1024w, https:\/\/escuelaespanaval.cl\/wp-content\/uploads\/2020\/12\/DSC_4060-300x200.jpg 300w, https:\/\/escuelaespanaval.cl\/wp-content\/uploads\/2020\/12\/DSC_4060-768x512.jpg 768w, https:\/\/escuelaespanaval.cl\/wp-content\/uploads\/2020\/12\/DSC_4060-1536x1024.jpg 1536w, https:\/\/escuelaespanaval.cl\/wp-content\/uploads\/2020\/12\/DSC_4060-2048x1365.jpg 2048w, https:\/\/escuelaespanaval.cl\/wp-content\/uploads\/2020\/12\/DSC_4060-1080x720.jpg 1080w, https:\/\/escuelaespanaval.cl\/wp-content\/uploads\/2020\/12\/DSC_4060-1280x853.jpg 1280w, https:\/\/escuelaespanaval.cl\/wp-content\/uploads\/2020\/12\/DSC_4060-980x653.jpg 980w, https:\/\/escuelaespanaval.cl\/wp-content\/uploads\/2020\/12\/DSC_4060-480x320.jpg 480w\" sizes=\"auto, (max-width: 1024px) 100vw, 1024px\" \/><\/a><\/figure><\/li><li class=\"blocks-gallery-item\"><figure><a href=\"https:\/\/escuelaespanaval.cl\/wp\/wp-content\/uploads\/2020\/12\/DSC_4069.jpg\"><img loading=\"lazy\" decoding=\"async\" width=\"1024\" height=\"682\" src=\"https:\/\/escuelaespanaval.cl\/wp\/wp-content\/uploads\/2020\/12\/DSC_4069-1024x682.jpg\" alt=\"\" data-id=\"836\" data-full-url=\"https:\/\/escuelaespanaval.cl\/wp\/wp-content\/uploads\/2020\/12\/DSC_4069.jpg\" data-link=\"https:\/\/escuelaespanaval.cl\/wp\/?attachment_id=836\" class=\"wp-image-836\" srcset=\"https:\/\/escuelaespanaval.cl\/wp-content\/uploads\/2020\/12\/DSC_4069-1024x682.jpg 1024w, https:\/\/escuelaespanaval.cl\/wp-content\/uploads\/2020\/12\/DSC_4069-300x200.jpg 300w, https:\/\/escuelaespanaval.cl\/wp-content\/uploads\/2020\/12\/DSC_4069-768x512.jpg 768w, https:\/\/escuelaespanaval.cl\/wp-content\/uploads\/2020\/12\/DSC_4069-1536x1024.jpg 1536w, https:\/\/escuelaespanaval.cl\/wp-content\/uploads\/2020\/12\/DSC_4069-2048x1365.jpg 2048w, https:\/\/escuelaespanaval.cl\/wp-content\/uploads\/2020\/12\/DSC_4069-1080x720.jpg 1080w, https:\/\/escuelaespanaval.cl\/wp-content\/uploads\/2020\/12\/DSC_4069-1280x853.jpg 1280w, https:\/\/escuelaespanaval.cl\/wp-content\/uploads\/2020\/12\/DSC_4069-980x653.jpg 980w, https:\/\/escuelaespanaval.cl\/wp-content\/uploads\/2020\/12\/DSC_4069-480x320.jpg 480w\" sizes=\"auto, (max-width: 1024px) 100vw, 1024px\" \/><\/a><\/figure><\/li><li class=\"blocks-gallery-item\"><figure><a href=\"https:\/\/escuelaespanaval.cl\/wp\/wp-content\/uploads\/2020\/12\/DSC_4087.jpg\"><img loading=\"lazy\" decoding=\"async\" width=\"1024\" height=\"682\" src=\"https:\/\/escuelaespanaval.cl\/wp\/wp-content\/uploads\/2020\/12\/DSC_4087-1024x682.jpg\" alt=\"\" data-id=\"837\" data-full-url=\"https:\/\/escuelaespanaval.cl\/wp\/wp-content\/uploads\/2020\/12\/DSC_4087.jpg\" data-link=\"https:\/\/escuelaespanaval.cl\/wp\/?attachment_id=837\" class=\"wp-image-837\" srcset=\"https:\/\/escuelaespanaval.cl\/wp-content\/uploads\/2020\/12\/DSC_4087-1024x682.jpg 1024w, https:\/\/escuelaespanaval.cl\/wp-content\/uploads\/2020\/12\/DSC_4087-300x200.jpg 300w, https:\/\/escuelaespanaval.cl\/wp-content\/uploads\/2020\/12\/DSC_4087-768x512.jpg 768w, https:\/\/escuelaespanaval.cl\/wp-content\/uploads\/2020\/12\/DSC_4087-1536x1024.jpg 1536w, https:\/\/escuelaespanaval.cl\/wp-content\/uploads\/2020\/12\/DSC_4087-2048x1365.jpg 2048w, https:\/\/escuelaespanaval.cl\/wp-content\/uploads\/2020\/12\/DSC_4087-1080x720.jpg 1080w, https:\/\/escuelaespanaval.cl\/wp-content\/uploads\/2020\/12\/DSC_4087-1280x853.jpg 1280w, https:\/\/escuelaespanaval.cl\/wp-content\/uploads\/2020\/12\/DSC_4087-980x653.jpg 980w, https:\/\/escuelaespanaval.cl\/wp-content\/uploads\/2020\/12\/DSC_4087-480x320.jpg 480w\" sizes=\"auto, (max-width: 1024px) 100vw, 1024px\" \/><\/a><\/figure><\/li><li class=\"blocks-gallery-item\"><figure><a href=\"https:\/\/escuelaespanaval.cl\/wp\/wp-content\/uploads\/2020\/12\/DSC_4089.jpg\"><img loading=\"lazy\" decoding=\"async\" width=\"1024\" height=\"682\" src=\"https:\/\/escuelaespanaval.cl\/wp\/wp-content\/uploads\/2020\/12\/DSC_4089-1024x682.jpg\" alt=\"\" data-id=\"838\" data-full-url=\"https:\/\/escuelaespanaval.cl\/wp\/wp-content\/uploads\/2020\/12\/DSC_4089.jpg\" data-link=\"https:\/\/escuelaespanaval.cl\/wp\/?attachment_id=838\" class=\"wp-image-838\" srcset=\"https:\/\/escuelaespanaval.cl\/wp-content\/uploads\/2020\/12\/DSC_4089-1024x682.jpg 1024w, https:\/\/escuelaespanaval.cl\/wp-content\/uploads\/2020\/12\/DSC_4089-300x200.jpg 300w, https:\/\/escuelaespanaval.cl\/wp-content\/uploads\/2020\/12\/DSC_4089-768x512.jpg 768w, https:\/\/escuelaespanaval.cl\/wp-content\/uploads\/2020\/12\/DSC_4089-1536x1024.jpg 1536w, https:\/\/escuelaespanaval.cl\/wp-content\/uploads\/2020\/12\/DSC_4089-2048x1365.jpg 2048w, https:\/\/escuelaespanaval.cl\/wp-content\/uploads\/2020\/12\/DSC_4089-1080x720.jpg 1080w, https:\/\/escuelaespanaval.cl\/wp-content\/uploads\/2020\/12\/DSC_4089-1280x853.jpg 1280w, https:\/\/escuelaespanaval.cl\/wp-content\/uploads\/2020\/12\/DSC_4089-980x653.jpg 980w, https:\/\/escuelaespanaval.cl\/wp-content\/uploads\/2020\/12\/DSC_4089-480x320.jpg 480w\" sizes=\"auto, (max-width: 1024px) 100vw, 1024px\" \/><\/a><\/figure><\/li><li class=\"blocks-gallery-item\"><figure><a href=\"https:\/\/escuelaespanaval.cl\/wp\/wp-content\/uploads\/2020\/12\/DSC_4091.jpg\"><img loading=\"lazy\" decoding=\"async\" width=\"1024\" height=\"682\" src=\"https:\/\/escuelaespanaval.cl\/wp\/wp-content\/uploads\/2020\/12\/DSC_4091-1024x682.jpg\" alt=\"\" data-id=\"839\" data-full-url=\"https:\/\/escuelaespanaval.cl\/wp\/wp-content\/uploads\/2020\/12\/DSC_4091.jpg\" data-link=\"https:\/\/escuelaespanaval.cl\/wp\/?attachment_id=839\" class=\"wp-image-839\" srcset=\"https:\/\/escuelaespanaval.cl\/wp-content\/uploads\/2020\/12\/DSC_4091-1024x682.jpg 1024w, https:\/\/escuelaespanaval.cl\/wp-content\/uploads\/2020\/12\/DSC_4091-300x200.jpg 300w, https:\/\/escuelaespanaval.cl\/wp-content\/uploads\/2020\/12\/DSC_4091-768x512.jpg 768w, https:\/\/escuelaespanaval.cl\/wp-content\/uploads\/2020\/12\/DSC_4091-1536x1024.jpg 1536w, https:\/\/escuelaespanaval.cl\/wp-content\/uploads\/2020\/12\/DSC_4091-2048x1365.jpg 2048w, https:\/\/escuelaespanaval.cl\/wp-content\/uploads\/2020\/12\/DSC_4091-1080x720.jpg 1080w, https:\/\/escuelaespanaval.cl\/wp-content\/uploads\/2020\/12\/DSC_4091-1280x853.jpg 1280w, https:\/\/escuelaespanaval.cl\/wp-content\/uploads\/2020\/12\/DSC_4091-980x653.jpg 980w, https:\/\/escuelaespanaval.cl\/wp-content\/uploads\/2020\/12\/DSC_4091-480x320.jpg 480w\" sizes=\"auto, (max-width: 1024px) 100vw, 1024px\" \/><\/a><\/figure><\/li><li class=\"blocks-gallery-item\"><figure><a href=\"https:\/\/escuelaespanaval.cl\/wp\/wp-content\/uploads\/2020\/12\/DSC_4115.jpg\"><img loading=\"lazy\" decoding=\"async\" width=\"1024\" height=\"682\" src=\"https:\/\/escuelaespanaval.cl\/wp\/wp-content\/uploads\/2020\/12\/DSC_4115-1024x682.jpg\" alt=\"\" data-id=\"840\" data-full-url=\"https:\/\/escuelaespanaval.cl\/wp\/wp-content\/uploads\/2020\/12\/DSC_4115.jpg\" data-link=\"https:\/\/escuelaespanaval.cl\/wp\/?attachment_id=840\" class=\"wp-image-840\" srcset=\"https:\/\/escuelaespanaval.cl\/wp-content\/uploads\/2020\/12\/DSC_4115-1024x682.jpg 1024w, https:\/\/escuelaespanaval.cl\/wp-content\/uploads\/2020\/12\/DSC_4115-300x200.jpg 300w, https:\/\/escuelaespanaval.cl\/wp-content\/uploads\/2020\/12\/DSC_4115-768x512.jpg 768w, https:\/\/escuelaespanaval.cl\/wp-content\/uploads\/2020\/12\/DSC_4115-1536x1024.jpg 1536w, https:\/\/escuelaespanaval.cl\/wp-content\/uploads\/2020\/12\/DSC_4115-2048x1365.jpg 2048w, https:\/\/escuelaespanaval.cl\/wp-content\/uploads\/2020\/12\/DSC_4115-1080x720.jpg 1080w, https:\/\/escuelaespanaval.cl\/wp-content\/uploads\/2020\/12\/DSC_4115-1280x853.jpg 1280w, https:\/\/escuelaespanaval.cl\/wp-content\/uploads\/2020\/12\/DSC_4115-980x653.jpg 980w, https:\/\/escuelaespanaval.cl\/wp-content\/uploads\/2020\/12\/DSC_4115-480x320.jpg 480w\" sizes=\"auto, (max-width: 1024px) 100vw, 1024px\" \/><\/a><\/figure><\/li><\/ul><\/figure>\n","protected":false},"excerpt":{"rendered":"<p>El d\u00eda Lunes 01 de Julio se llevo acabo el Acto del D\u00eda de la Bandera &#8211; Kinder \u00abB\u00bb<\/p>\n","protected":false},"author":1,"featured_media":822,"comment_status":"open","ping_status":"open","sticky":false,"template":"","format":"standard","meta":{"_monsterinsights_skip_tracking":false,"_monsterinsights_sitenote_active":false,"_monsterinsights_sitenote_note":"","_monsterinsights_sitenote_category":0,"site-container-style":"default","site-container-layout":"default","site-sidebar-layout":"default","disable-article-header":"default","disable-site-header":"default","disable-site-footer":"default","disable-content-area-spacing":"default","footnotes":""},"categories":[1],"tags":[],"class_list":["post-817","post","type-post","status-publish","format-standard","has-post-thumbnail","hentry","category-uncategorized"],"yoast_head":"<!-- This site is optimized with the Yoast SEO plugin v27.1.1 - https:\/\/yoast.com\/product\/yoast-seo-wordpress\/ -->\n<title>D\u00eda de la Bandera - Escuela Espa\u00f1a<\/title>\n<meta name=\"robots\" content=\"index, follow, max-snippet:-1, max-image-preview:large, max-video-preview:-1\" \/>\n<link rel=\"canonical\" href=\"https:\/\/escuelaespanaval.cl\/?p=817\" \/>\n<meta property=\"og:locale\" content=\"es_ES\" \/>\n<meta property=\"og:type\" content=\"article\" \/>\n<meta property=\"og:title\" content=\"D\u00eda de la Bandera - Escuela Espa\u00f1a\" \/>\n<meta property=\"og:description\" content=\"El d\u00eda Lunes 01 de Julio se llevo acabo el Acto del D\u00eda de la Bandera &#8211; Kinder \u00abB\u00bb\" \/>\n<meta property=\"og:url\" content=\"https:\/\/escuelaespanaval.cl\/?p=817\" \/>\n<meta property=\"og:site_name\" content=\"Escuela Espa\u00f1a\" \/>\n<meta property=\"article:publisher\" content=\"https:\/\/www.facebook.com\/escuelaespanavald\" \/>\n<meta property=\"article:published_time\" content=\"2019-07-01T22:14:00+00:00\" \/>\n<meta property=\"article:modified_time\" content=\"2020-12-12T22:17:06+00:00\" \/>\n<meta property=\"og:image\" content=\"https:\/\/escuelaespanaval.cl\/wp-content\/uploads\/2020\/12\/DSC_4018.jpg\" \/>\n\t<meta property=\"og:image:width\" content=\"2449\" \/>\n\t<meta property=\"og:image:height\" content=\"1632\" \/>\n\t<meta property=\"og:image:type\" content=\"image\/jpeg\" \/>\n<meta name=\"author\" content=\"Administrador\" \/>\n<meta name=\"twitter:card\" content=\"summary_large_image\" \/>\n<meta name=\"twitter:label1\" content=\"Escrito por\" \/>\n\t<meta name=\"twitter:data1\" content=\"Administrador\" \/>\n<script type=\"application\/ld+json\" class=\"yoast-schema-graph\">{\"@context\":\"https:\/\/schema.org\",\"@graph\":[{\"@type\":\"Article\",\"@id\":\"https:\/\/escuelaespanaval.cl\/?p=817#article\",\"isPartOf\":{\"@id\":\"https:\/\/escuelaespanaval.cl\/?p=817\"},\"author\":{\"name\":\"Administrador\",\"@id\":\"https:\/\/escuelaespanaval.cl\/#\/schema\/person\/b8dc96fec133a948c2114bb5cba3ca1a\"},\"headline\":\"D\u00eda de la Bandera\",\"datePublished\":\"2019-07-01T22:14:00+00:00\",\"dateModified\":\"2020-12-12T22:17:06+00:00\",\"mainEntityOfPage\":{\"@id\":\"https:\/\/escuelaespanaval.cl\/?p=817\"},\"wordCount\":25,\"commentCount\":0,\"publisher\":{\"@id\":\"https:\/\/escuelaespanaval.cl\/#organization\"},\"image\":{\"@id\":\"https:\/\/escuelaespanaval.cl\/?p=817#primaryimage\"},\"thumbnailUrl\":\"https:\/\/escuelaespanaval.cl\/wp-content\/uploads\/2020\/12\/DSC_4018.jpg\",\"articleSection\":[\"Uncategorized\"],\"inLanguage\":\"es\",\"potentialAction\":[{\"@type\":\"CommentAction\",\"name\":\"Comment\",\"target\":[\"https:\/\/escuelaespanaval.cl\/?p=817#respond\"]}]},{\"@type\":\"WebPage\",\"@id\":\"https:\/\/escuelaespanaval.cl\/?p=817\",\"url\":\"https:\/\/escuelaespanaval.cl\/?p=817\",\"name\":\"D\u00eda de la Bandera - Escuela Espa\u00f1a\",\"isPartOf\":{\"@id\":\"https:\/\/escuelaespanaval.cl\/#website\"},\"primaryImageOfPage\":{\"@id\":\"https:\/\/escuelaespanaval.cl\/?p=817#primaryimage\"},\"image\":{\"@id\":\"https:\/\/escuelaespanaval.cl\/?p=817#primaryimage\"},\"thumbnailUrl\":\"https:\/\/escuelaespanaval.cl\/wp-content\/uploads\/2020\/12\/DSC_4018.jpg\",\"datePublished\":\"2019-07-01T22:14:00+00:00\",\"dateModified\":\"2020-12-12T22:17:06+00:00\",\"breadcrumb\":{\"@id\":\"https:\/\/escuelaespanaval.cl\/?p=817#breadcrumb\"},\"inLanguage\":\"es\",\"potentialAction\":[{\"@type\":\"ReadAction\",\"target\":[\"https:\/\/escuelaespanaval.cl\/?p=817\"]}]},{\"@type\":\"ImageObject\",\"inLanguage\":\"es\",\"@id\":\"https:\/\/escuelaespanaval.cl\/?p=817#primaryimage\",\"url\":\"https:\/\/escuelaespanaval.cl\/wp-content\/uploads\/2020\/12\/DSC_4018.jpg\",\"contentUrl\":\"https:\/\/escuelaespanaval.cl\/wp-content\/uploads\/2020\/12\/DSC_4018.jpg\",\"width\":2449,\"height\":1632},{\"@type\":\"BreadcrumbList\",\"@id\":\"https:\/\/escuelaespanaval.cl\/?p=817#breadcrumb\",\"itemListElement\":[{\"@type\":\"ListItem\",\"position\":1,\"name\":\"Portada\",\"item\":\"https:\/\/escuelaespanaval.cl\/\"},{\"@type\":\"ListItem\",\"position\":2,\"name\":\"D\u00eda de la Bandera\"}]},{\"@type\":\"WebSite\",\"@id\":\"https:\/\/escuelaespanaval.cl\/#website\",\"url\":\"https:\/\/escuelaespanaval.cl\/\",\"name\":\"Escuela Espa\u00f1a\",\"description\":\"Valdivia\",\"publisher\":{\"@id\":\"https:\/\/escuelaespanaval.cl\/#organization\"},\"potentialAction\":[{\"@type\":\"SearchAction\",\"target\":{\"@type\":\"EntryPoint\",\"urlTemplate\":\"https:\/\/escuelaespanaval.cl\/?s={search_term_string}\"},\"query-input\":{\"@type\":\"PropertyValueSpecification\",\"valueRequired\":true,\"valueName\":\"search_term_string\"}}],\"inLanguage\":\"es\"},{\"@type\":\"Organization\",\"@id\":\"https:\/\/escuelaespanaval.cl\/#organization\",\"name\":\"Escuela Espa\u00f1a\",\"url\":\"https:\/\/escuelaespanaval.cl\/\",\"logo\":{\"@type\":\"ImageObject\",\"inLanguage\":\"es\",\"@id\":\"https:\/\/escuelaespanaval.cl\/#\/schema\/logo\/image\/\",\"url\":\"https:\/\/escuelaespanaval.cl\/wp-content\/uploads\/2020\/12\/LOGO_ESCUELA.png\",\"contentUrl\":\"https:\/\/escuelaespanaval.cl\/wp-content\/uploads\/2020\/12\/LOGO_ESCUELA.png\",\"width\":1550,\"height\":2402,\"caption\":\"Escuela Espa\u00f1a\"},\"image\":{\"@id\":\"https:\/\/escuelaespanaval.cl\/#\/schema\/logo\/image\/\"},\"sameAs\":[\"https:\/\/www.facebook.com\/escuelaespanavald\",\"https:\/\/www.youtube.com\/@escuelaespanavaldivia97\"]},{\"@type\":\"Person\",\"@id\":\"https:\/\/escuelaespanaval.cl\/#\/schema\/person\/b8dc96fec133a948c2114bb5cba3ca1a\",\"name\":\"Administrador\",\"image\":{\"@type\":\"ImageObject\",\"inLanguage\":\"es\",\"@id\":\"https:\/\/escuelaespanaval.cl\/#\/schema\/person\/image\/\",\"url\":\"https:\/\/secure.gravatar.com\/avatar\/1a4537f0b323ae38f6776eb293038a2af5616bfe3d24bf6be540f254d895dd45?s=96&d=mm&r=g\",\"contentUrl\":\"https:\/\/secure.gravatar.com\/avatar\/1a4537f0b323ae38f6776eb293038a2af5616bfe3d24bf6be540f254d895dd45?s=96&d=mm&r=g\",\"caption\":\"Administrador\"},\"sameAs\":[\"https:\/\/escuelaespanaval.cl\/wp\"],\"url\":\"https:\/\/escuelaespanaval.cl\/?author=1\"}]}<\/script>\n<!-- \/ Yoast SEO plugin. -->","yoast_head_json":{"title":"D\u00eda de la Bandera - Escuela Espa\u00f1a","robots":{"index":"index","follow":"follow","max-snippet":"max-snippet:-1","max-image-preview":"max-image-preview:large","max-video-preview":"max-video-preview:-1"},"canonical":"https:\/\/escuelaespanaval.cl\/?p=817","og_locale":"es_ES","og_type":"article","og_title":"D\u00eda de la Bandera - Escuela Espa\u00f1a","og_description":"El d\u00eda Lunes 01 de Julio se llevo acabo el Acto del D\u00eda de la Bandera &#8211; Kinder \u00abB\u00bb","og_url":"https:\/\/escuelaespanaval.cl\/?p=817","og_site_name":"Escuela Espa\u00f1a","article_publisher":"https:\/\/www.facebook.com\/escuelaespanavald","article_published_time":"2019-07-01T22:14:00+00:00","article_modified_time":"2020-12-12T22:17:06+00:00","og_image":[{"width":2449,"height":1632,"url":"https:\/\/escuelaespanaval.cl\/wp-content\/uploads\/2020\/12\/DSC_4018.jpg","type":"image\/jpeg"}],"author":"Administrador","twitter_card":"summary_large_image","twitter_misc":{"Escrito por":"Administrador"},"schema":{"@context":"https:\/\/schema.org","@graph":[{"@type":"Article","@id":"https:\/\/escuelaespanaval.cl\/?p=817#article","isPartOf":{"@id":"https:\/\/escuelaespanaval.cl\/?p=817"},"author":{"name":"Administrador","@id":"https:\/\/escuelaespanaval.cl\/#\/schema\/person\/b8dc96fec133a948c2114bb5cba3ca1a"},"headline":"D\u00eda de la Bandera","datePublished":"2019-07-01T22:14:00+00:00","dateModified":"2020-12-12T22:17:06+00:00","mainEntityOfPage":{"@id":"https:\/\/escuelaespanaval.cl\/?p=817"},"wordCount":25,"commentCount":0,"publisher":{"@id":"https:\/\/escuelaespanaval.cl\/#organization"},"image":{"@id":"https:\/\/escuelaespanaval.cl\/?p=817#primaryimage"},"thumbnailUrl":"https:\/\/escuelaespanaval.cl\/wp-content\/uploads\/2020\/12\/DSC_4018.jpg","articleSection":["Uncategorized"],"inLanguage":"es","potentialAction":[{"@type":"CommentAction","name":"Comment","target":["https:\/\/escuelaespanaval.cl\/?p=817#respond"]}]},{"@type":"WebPage","@id":"https:\/\/escuelaespanaval.cl\/?p=817","url":"https:\/\/escuelaespanaval.cl\/?p=817","name":"D\u00eda de la Bandera - Escuela Espa\u00f1a","isPartOf":{"@id":"https:\/\/escuelaespanaval.cl\/#website"},"primaryImageOfPage":{"@id":"https:\/\/escuelaespanaval.cl\/?p=817#primaryimage"},"image":{"@id":"https:\/\/escuelaespanaval.cl\/?p=817#primaryimage"},"thumbnailUrl":"https:\/\/escuelaespanaval.cl\/wp-content\/uploads\/2020\/12\/DSC_4018.jpg","datePublished":"2019-07-01T22:14:00+00:00","dateModified":"2020-12-12T22:17:06+00:00","breadcrumb":{"@id":"https:\/\/escuelaespanaval.cl\/?p=817#breadcrumb"},"inLanguage":"es","potentialAction":[{"@type":"ReadAction","target":["https:\/\/escuelaespanaval.cl\/?p=817"]}]},{"@type":"ImageObject","inLanguage":"es","@id":"https:\/\/escuelaespanaval.cl\/?p=817#primaryimage","url":"https:\/\/escuelaespanaval.cl\/wp-content\/uploads\/2020\/12\/DSC_4018.jpg","contentUrl":"https:\/\/escuelaespanaval.cl\/wp-content\/uploads\/2020\/12\/DSC_4018.jpg","width":2449,"height":1632},{"@type":"BreadcrumbList","@id":"https:\/\/escuelaespanaval.cl\/?p=817#breadcrumb","itemListElement":[{"@type":"ListItem","position":1,"name":"Portada","item":"https:\/\/escuelaespanaval.cl\/"},{"@type":"ListItem","position":2,"name":"D\u00eda de la Bandera"}]},{"@type":"WebSite","@id":"https:\/\/escuelaespanaval.cl\/#website","url":"https:\/\/escuelaespanaval.cl\/","name":"Escuela Espa\u00f1a","description":"Valdivia","publisher":{"@id":"https:\/\/escuelaespanaval.cl\/#organization"},"potentialAction":[{"@type":"SearchAction","target":{"@type":"EntryPoint","urlTemplate":"https:\/\/escuelaespanaval.cl\/?s={search_term_string}"},"query-input":{"@type":"PropertyValueSpecification","valueRequired":true,"valueName":"search_term_string"}}],"inLanguage":"es"},{"@type":"Organization","@id":"https:\/\/escuelaespanaval.cl\/#organization","name":"Escuela Espa\u00f1a","url":"https:\/\/escuelaespanaval.cl\/","logo":{"@type":"ImageObject","inLanguage":"es","@id":"https:\/\/escuelaespanaval.cl\/#\/schema\/logo\/image\/","url":"https:\/\/escuelaespanaval.cl\/wp-content\/uploads\/2020\/12\/LOGO_ESCUELA.png","contentUrl":"https:\/\/escuelaespanaval.cl\/wp-content\/uploads\/2020\/12\/LOGO_ESCUELA.png","width":1550,"height":2402,"caption":"Escuela Espa\u00f1a"},"image":{"@id":"https:\/\/escuelaespanaval.cl\/#\/schema\/logo\/image\/"},"sameAs":["https:\/\/www.facebook.com\/escuelaespanavald","https:\/\/www.youtube.com\/@escuelaespanavaldivia97"]},{"@type":"Person","@id":"https:\/\/escuelaespanaval.cl\/#\/schema\/person\/b8dc96fec133a948c2114bb5cba3ca1a","name":"Administrador","image":{"@type":"ImageObject","inLanguage":"es","@id":"https:\/\/escuelaespanaval.cl\/#\/schema\/person\/image\/","url":"https:\/\/secure.gravatar.com\/avatar\/1a4537f0b323ae38f6776eb293038a2af5616bfe3d24bf6be540f254d895dd45?s=96&d=mm&r=g","contentUrl":"https:\/\/secure.gravatar.com\/avatar\/1a4537f0b323ae38f6776eb293038a2af5616bfe3d24bf6be540f254d895dd45?s=96&d=mm&r=g","caption":"Administrador"},"sameAs":["https:\/\/escuelaespanaval.cl\/wp"],"url":"https:\/\/escuelaespanaval.cl\/?author=1"}]}},"_links":{"self":[{"href":"https:\/\/escuelaespanaval.cl\/index.php?rest_route=\/wp\/v2\/posts\/817","targetHints":{"allow":["GET"]}}],"collection":[{"href":"https:\/\/escuelaespanaval.cl\/index.php?rest_route=\/wp\/v2\/posts"}],"about":[{"href":"https:\/\/escuelaespanaval.cl\/index.php?rest_route=\/wp\/v2\/types\/post"}],"author":[{"embeddable":true,"href":"https:\/\/escuelaespanaval.cl\/index.php?rest_route=\/wp\/v2\/users\/1"}],"replies":[{"embeddable":true,"href":"https:\/\/escuelaespanaval.cl\/index.php?rest_route=%2Fwp%2Fv2%2Fcomments&post=817"}],"version-history":[{"count":2,"href":"https:\/\/escuelaespanaval.cl\/index.php?rest_route=\/wp\/v2\/posts\/817\/revisions"}],"predecessor-version":[{"id":841,"href":"https:\/\/escuelaespanaval.cl\/index.php?rest_route=\/wp\/v2\/posts\/817\/revisions\/841"}],"wp:featuredmedia":[{"embeddable":true,"href":"https:\/\/escuelaespanaval.cl\/index.php?rest_route=\/wp\/v2\/media\/822"}],"wp:attachment":[{"href":"https:\/\/escuelaespanaval.cl\/index.php?rest_route=%2Fwp%2Fv2%2Fmedia&parent=817"}],"wp:term":[{"taxonomy":"category","embeddable":true,"href":"https:\/\/escuelaespanaval.cl\/index.php?rest_route=%2Fwp%2Fv2%2Fcategories&post=817"},{"taxonomy":"post_tag","embeddable":true,"href":"https:\/\/escuelaespanaval.cl\/index.php?rest_route=%2Fwp%2Fv2%2Ftags&post=817"}],"curies":[{"name":"wp","href":"https:\/\/api.w.org\/{rel}","templated":true}]}}