{"id":59,"date":"2020-12-08T22:08:50","date_gmt":"2020-12-08T22:08:50","guid":{"rendered":"https:\/\/escuelaespanaval.cl\/wp\/?p=59"},"modified":"2020-12-08T22:15:24","modified_gmt":"2020-12-08T22:15:24","slug":"historia-y-geografia-1b","status":"publish","type":"post","link":"https:\/\/escuelaespanaval.cl\/?p=59","title":{"rendered":"Historia y Geograf\u00eda  1\u00b0B"},"content":{"rendered":"\n<p>Actividad de la asignatura de historia y geograf\u00eda. Personajes chilenos que han aportado a la cultura e independencia den nuestro pa\u00eds.\u00a0<\/p>\n\n\n\n<figure class=\"wp-block-embed-youtube wp-block-embed is-type-video is-provider-youtube wp-embed-aspect-16-9 wp-has-aspect-ratio\"><div class=\"wp-block-embed__wrapper\">\n<iframe loading=\"lazy\" title=\"Actividad de la asignatura de historia y geograf\u00eda.\" width=\"500\" height=\"281\" src=\"https:\/\/www.youtube.com\/embed\/EAxVV4TEtVA?feature=oembed\" frameborder=\"0\" allow=\"accelerometer; autoplay; clipboard-write; encrypted-media; gyroscope; picture-in-picture; web-share\" referrerpolicy=\"strict-origin-when-cross-origin\" allowfullscreen><\/iframe>\n<\/div><\/figure>\n\n\n\n<figure class=\"wp-block-gallery columns-3 is-cropped wp-block-gallery-1 is-layout-flex wp-block-gallery-is-layout-flex\"><ul class=\"blocks-gallery-grid\"><li class=\"blocks-gallery-item\"><figure><img loading=\"lazy\" decoding=\"async\" width=\"606\" height=\"808\" src=\"https:\/\/escuelaespanaval.cl\/wp\/wp-content\/uploads\/2020\/12\/img-20201110-wa0045-606x808-1.jpg\" alt=\"\" data-id=\"60\" data-full-url=\"https:\/\/escuelaespanaval.cl\/wp\/wp-content\/uploads\/2020\/12\/img-20201110-wa0045-606x808-1.jpg\" data-link=\"https:\/\/escuelaespanaval.cl\/wp\/?attachment_id=60\" class=\"wp-image-60\" srcset=\"https:\/\/escuelaespanaval.cl\/wp-content\/uploads\/2020\/12\/img-20201110-wa0045-606x808-1.jpg 606w, https:\/\/escuelaespanaval.cl\/wp-content\/uploads\/2020\/12\/img-20201110-wa0045-606x808-1-225x300.jpg 225w, https:\/\/escuelaespanaval.cl\/wp-content\/uploads\/2020\/12\/img-20201110-wa0045-606x808-1-480x640.jpg 480w\" sizes=\"auto, (max-width: 606px) 100vw, 606px\" \/><\/figure><\/li><li class=\"blocks-gallery-item\"><figure><img loading=\"lazy\" decoding=\"async\" width=\"1024\" height=\"768\" src=\"https:\/\/escuelaespanaval.cl\/wp\/wp-content\/uploads\/2020\/12\/img-20201110-wa0052-1212x909-1-1024x768.jpg\" alt=\"\" data-id=\"61\" data-full-url=\"https:\/\/escuelaespanaval.cl\/wp\/wp-content\/uploads\/2020\/12\/img-20201110-wa0052-1212x909-1.jpg\" data-link=\"https:\/\/escuelaespanaval.cl\/wp\/?attachment_id=61\" class=\"wp-image-61\" srcset=\"https:\/\/escuelaespanaval.cl\/wp-content\/uploads\/2020\/12\/img-20201110-wa0052-1212x909-1-1024x768.jpg 1024w, https:\/\/escuelaespanaval.cl\/wp-content\/uploads\/2020\/12\/img-20201110-wa0052-1212x909-1-300x225.jpg 300w, https:\/\/escuelaespanaval.cl\/wp-content\/uploads\/2020\/12\/img-20201110-wa0052-1212x909-1-768x576.jpg 768w, https:\/\/escuelaespanaval.cl\/wp-content\/uploads\/2020\/12\/img-20201110-wa0052-1212x909-1-510x382.jpg 510w, https:\/\/escuelaespanaval.cl\/wp-content\/uploads\/2020\/12\/img-20201110-wa0052-1212x909-1-1080x810.jpg 1080w, https:\/\/escuelaespanaval.cl\/wp-content\/uploads\/2020\/12\/img-20201110-wa0052-1212x909-1-980x735.jpg 980w, https:\/\/escuelaespanaval.cl\/wp-content\/uploads\/2020\/12\/img-20201110-wa0052-1212x909-1-480x360.jpg 480w, https:\/\/escuelaespanaval.cl\/wp-content\/uploads\/2020\/12\/img-20201110-wa0052-1212x909-1.jpg 1212w\" sizes=\"auto, (max-width: 1024px) 100vw, 1024px\" \/><\/figure><\/li><li class=\"blocks-gallery-item\"><figure><img loading=\"lazy\" decoding=\"async\" width=\"606\" height=\"606\" src=\"https:\/\/escuelaespanaval.cl\/wp\/wp-content\/uploads\/2020\/12\/img-20201110-wa0055-606x606-1.jpg\" alt=\"\" data-id=\"62\" data-full-url=\"https:\/\/escuelaespanaval.cl\/wp\/wp-content\/uploads\/2020\/12\/img-20201110-wa0055-606x606-1.jpg\" data-link=\"https:\/\/escuelaespanaval.cl\/wp\/?attachment_id=62\" class=\"wp-image-62\" srcset=\"https:\/\/escuelaespanaval.cl\/wp-content\/uploads\/2020\/12\/img-20201110-wa0055-606x606-1.jpg 606w, https:\/\/escuelaespanaval.cl\/wp-content\/uploads\/2020\/12\/img-20201110-wa0055-606x606-1-300x300.jpg 300w, https:\/\/escuelaespanaval.cl\/wp-content\/uploads\/2020\/12\/img-20201110-wa0055-606x606-1-150x150.jpg 150w, https:\/\/escuelaespanaval.cl\/wp-content\/uploads\/2020\/12\/img-20201110-wa0055-606x606-1-480x480.jpg 480w\" sizes=\"auto, (max-width: 606px) 100vw, 606px\" \/><\/figure><\/li><li class=\"blocks-gallery-item\"><figure><img loading=\"lazy\" decoding=\"async\" width=\"368\" height=\"299\" src=\"https:\/\/escuelaespanaval.cl\/wp\/wp-content\/uploads\/2020\/12\/img-20201110-wa0058-1-531x943-1.jpeg\" alt=\"\" data-id=\"63\" data-full-url=\"https:\/\/escuelaespanaval.cl\/wp\/wp-content\/uploads\/2020\/12\/img-20201110-wa0058-1-531x943-1.jpeg\" data-link=\"https:\/\/escuelaespanaval.cl\/wp\/?attachment_id=63\" class=\"wp-image-63\" srcset=\"https:\/\/escuelaespanaval.cl\/wp-content\/uploads\/2020\/12\/img-20201110-wa0058-1-531x943-1.jpeg 368w, https:\/\/escuelaespanaval.cl\/wp-content\/uploads\/2020\/12\/img-20201110-wa0058-1-531x943-1-300x244.jpeg 300w\" sizes=\"auto, (max-width: 368px) 100vw, 368px\" \/><\/figure><\/li><li class=\"blocks-gallery-item\"><figure><img loading=\"lazy\" decoding=\"async\" width=\"606\" height=\"808\" src=\"https:\/\/escuelaespanaval.cl\/wp\/wp-content\/uploads\/2020\/12\/img-20201110-wa0027-606x808-1.jpg\" alt=\"\" data-id=\"64\" data-full-url=\"https:\/\/escuelaespanaval.cl\/wp\/wp-content\/uploads\/2020\/12\/img-20201110-wa0027-606x808-1.jpg\" data-link=\"https:\/\/escuelaespanaval.cl\/wp\/?attachment_id=64\" class=\"wp-image-64\" srcset=\"https:\/\/escuelaespanaval.cl\/wp-content\/uploads\/2020\/12\/img-20201110-wa0027-606x808-1.jpg 606w, https:\/\/escuelaespanaval.cl\/wp-content\/uploads\/2020\/12\/img-20201110-wa0027-606x808-1-225x300.jpg 225w, https:\/\/escuelaespanaval.cl\/wp-content\/uploads\/2020\/12\/img-20201110-wa0027-606x808-1-480x640.jpg 480w\" sizes=\"auto, (max-width: 606px) 100vw, 606px\" \/><\/figure><\/li><li class=\"blocks-gallery-item\"><figure><img loading=\"lazy\" decoding=\"async\" width=\"606\" height=\"808\" src=\"https:\/\/escuelaespanaval.cl\/wp\/wp-content\/uploads\/2020\/12\/img-20201110-wa0030-606x808-1.jpg\" alt=\"\" data-id=\"65\" data-full-url=\"https:\/\/escuelaespanaval.cl\/wp\/wp-content\/uploads\/2020\/12\/img-20201110-wa0030-606x808-1.jpg\" data-link=\"https:\/\/escuelaespanaval.cl\/wp\/?attachment_id=65\" class=\"wp-image-65\" srcset=\"https:\/\/escuelaespanaval.cl\/wp-content\/uploads\/2020\/12\/img-20201110-wa0030-606x808-1.jpg 606w, https:\/\/escuelaespanaval.cl\/wp-content\/uploads\/2020\/12\/img-20201110-wa0030-606x808-1-225x300.jpg 225w, https:\/\/escuelaespanaval.cl\/wp-content\/uploads\/2020\/12\/img-20201110-wa0030-606x808-1-480x640.jpg 480w\" sizes=\"auto, (max-width: 606px) 100vw, 606px\" \/><\/figure><\/li><li class=\"blocks-gallery-item\"><figure><img loading=\"lazy\" decoding=\"async\" width=\"576\" height=\"1024\" src=\"https:\/\/escuelaespanaval.cl\/wp\/wp-content\/uploads\/2020\/12\/img-20201110-wa0037-606x1077-1-576x1024.jpg\" alt=\"\" data-id=\"66\" data-full-url=\"https:\/\/escuelaespanaval.cl\/wp\/wp-content\/uploads\/2020\/12\/img-20201110-wa0037-606x1077-1.jpg\" data-link=\"https:\/\/escuelaespanaval.cl\/wp\/?attachment_id=66\" class=\"wp-image-66\" srcset=\"https:\/\/escuelaespanaval.cl\/wp-content\/uploads\/2020\/12\/img-20201110-wa0037-606x1077-1-576x1024.jpg 576w, https:\/\/escuelaespanaval.cl\/wp-content\/uploads\/2020\/12\/img-20201110-wa0037-606x1077-1-169x300.jpg 169w, https:\/\/escuelaespanaval.cl\/wp-content\/uploads\/2020\/12\/img-20201110-wa0037-606x1077-1-480x853.jpg 480w, https:\/\/escuelaespanaval.cl\/wp-content\/uploads\/2020\/12\/img-20201110-wa0037-606x1077-1.jpg 606w\" sizes=\"auto, (max-width: 576px) 100vw, 576px\" \/><\/figure><\/li><\/ul><\/figure>\n","protected":false},"excerpt":{"rendered":"<p>Actividad de la asignatura de historia y geograf\u00eda. Personajes chilenos que han aportado a la cultura e independencia den nuestro pa\u00eds.\u00a0<\/p>\n","protected":false},"author":1,"featured_media":63,"comment_status":"closed","ping_status":"closed","sticky":false,"template":"","format":"standard","meta":{"_monsterinsights_skip_tracking":false,"_monsterinsights_sitenote_active":false,"_monsterinsights_sitenote_note":"","_monsterinsights_sitenote_category":0,"site-container-style":"default","site-container-layout":"default","site-sidebar-layout":"default","disable-article-header":"default","disable-site-header":"default","disable-site-footer":"default","disable-content-area-spacing":"default","footnotes":""},"categories":[4,1],"tags":[],"class_list":["post-59","post","type-post","status-publish","format-standard","has-post-thumbnail","hentry","category-noticias","category-uncategorized"],"yoast_head":"<!-- This site is optimized with the Yoast SEO plugin v27.1.1 - https:\/\/yoast.com\/product\/yoast-seo-wordpress\/ -->\n<title>Historia y Geograf\u00eda 1\u00b0B - Escuela Espa\u00f1a<\/title>\n<meta name=\"robots\" content=\"index, follow, max-snippet:-1, max-image-preview:large, max-video-preview:-1\" \/>\n<link rel=\"canonical\" href=\"https:\/\/escuelaespanaval.cl\/?p=59\" \/>\n<meta property=\"og:locale\" content=\"es_ES\" \/>\n<meta property=\"og:type\" content=\"article\" \/>\n<meta property=\"og:title\" content=\"Historia y Geograf\u00eda 1\u00b0B - Escuela Espa\u00f1a\" \/>\n<meta property=\"og:description\" content=\"Actividad de la asignatura de historia y geograf\u00eda. Personajes chilenos que han aportado a la cultura e independencia den nuestro pa\u00eds.\u00a0\" \/>\n<meta property=\"og:url\" content=\"https:\/\/escuelaespanaval.cl\/?p=59\" \/>\n<meta property=\"og:site_name\" content=\"Escuela Espa\u00f1a\" \/>\n<meta property=\"article:publisher\" content=\"https:\/\/www.facebook.com\/escuelaespanavald\" \/>\n<meta property=\"article:published_time\" content=\"2020-12-08T22:08:50+00:00\" \/>\n<meta property=\"article:modified_time\" content=\"2020-12-08T22:15:24+00:00\" \/>\n<meta property=\"og:image\" content=\"https:\/\/escuelaespanaval.cl\/wp-content\/uploads\/2020\/12\/img-20201110-wa0058-1-531x943-1.jpeg\" \/>\n\t<meta property=\"og:image:width\" content=\"368\" \/>\n\t<meta property=\"og:image:height\" content=\"299\" \/>\n\t<meta property=\"og:image:type\" content=\"image\/jpeg\" \/>\n<meta name=\"author\" content=\"Administrador\" \/>\n<meta name=\"twitter:card\" content=\"summary_large_image\" \/>\n<meta name=\"twitter:label1\" content=\"Escrito por\" \/>\n\t<meta name=\"twitter:data1\" content=\"Administrador\" \/>\n<script type=\"application\/ld+json\" class=\"yoast-schema-graph\">{\"@context\":\"https:\/\/schema.org\",\"@graph\":[{\"@type\":\"Article\",\"@id\":\"https:\/\/escuelaespanaval.cl\/?p=59#article\",\"isPartOf\":{\"@id\":\"https:\/\/escuelaespanaval.cl\/?p=59\"},\"author\":{\"name\":\"Administrador\",\"@id\":\"https:\/\/escuelaespanaval.cl\/#\/schema\/person\/b8dc96fec133a948c2114bb5cba3ca1a\"},\"headline\":\"Historia y Geograf\u00eda 1\u00b0B\",\"datePublished\":\"2020-12-08T22:08:50+00:00\",\"dateModified\":\"2020-12-08T22:15:24+00:00\",\"mainEntityOfPage\":{\"@id\":\"https:\/\/escuelaespanaval.cl\/?p=59\"},\"wordCount\":33,\"publisher\":{\"@id\":\"https:\/\/escuelaespanaval.cl\/#organization\"},\"image\":{\"@id\":\"https:\/\/escuelaespanaval.cl\/?p=59#primaryimage\"},\"thumbnailUrl\":\"https:\/\/escuelaespanaval.cl\/wp-content\/uploads\/2020\/12\/img-20201110-wa0058-1-531x943-1.jpeg\",\"articleSection\":[\"Noticias\",\"Uncategorized\"],\"inLanguage\":\"es\"},{\"@type\":\"WebPage\",\"@id\":\"https:\/\/escuelaespanaval.cl\/?p=59\",\"url\":\"https:\/\/escuelaespanaval.cl\/?p=59\",\"name\":\"Historia y Geograf\u00eda 1\u00b0B - Escuela Espa\u00f1a\",\"isPartOf\":{\"@id\":\"https:\/\/escuelaespanaval.cl\/#website\"},\"primaryImageOfPage\":{\"@id\":\"https:\/\/escuelaespanaval.cl\/?p=59#primaryimage\"},\"image\":{\"@id\":\"https:\/\/escuelaespanaval.cl\/?p=59#primaryimage\"},\"thumbnailUrl\":\"https:\/\/escuelaespanaval.cl\/wp-content\/uploads\/2020\/12\/img-20201110-wa0058-1-531x943-1.jpeg\",\"datePublished\":\"2020-12-08T22:08:50+00:00\",\"dateModified\":\"2020-12-08T22:15:24+00:00\",\"breadcrumb\":{\"@id\":\"https:\/\/escuelaespanaval.cl\/?p=59#breadcrumb\"},\"inLanguage\":\"es\",\"potentialAction\":[{\"@type\":\"ReadAction\",\"target\":[\"https:\/\/escuelaespanaval.cl\/?p=59\"]}]},{\"@type\":\"ImageObject\",\"inLanguage\":\"es\",\"@id\":\"https:\/\/escuelaespanaval.cl\/?p=59#primaryimage\",\"url\":\"https:\/\/escuelaespanaval.cl\/wp-content\/uploads\/2020\/12\/img-20201110-wa0058-1-531x943-1.jpeg\",\"contentUrl\":\"https:\/\/escuelaespanaval.cl\/wp-content\/uploads\/2020\/12\/img-20201110-wa0058-1-531x943-1.jpeg\",\"width\":368,\"height\":299},{\"@type\":\"BreadcrumbList\",\"@id\":\"https:\/\/escuelaespanaval.cl\/?p=59#breadcrumb\",\"itemListElement\":[{\"@type\":\"ListItem\",\"position\":1,\"name\":\"Portada\",\"item\":\"https:\/\/escuelaespanaval.cl\/\"},{\"@type\":\"ListItem\",\"position\":2,\"name\":\"Historia y Geograf\u00eda 1\u00b0B\"}]},{\"@type\":\"WebSite\",\"@id\":\"https:\/\/escuelaespanaval.cl\/#website\",\"url\":\"https:\/\/escuelaespanaval.cl\/\",\"name\":\"Escuela Espa\u00f1a\",\"description\":\"Valdivia\",\"publisher\":{\"@id\":\"https:\/\/escuelaespanaval.cl\/#organization\"},\"potentialAction\":[{\"@type\":\"SearchAction\",\"target\":{\"@type\":\"EntryPoint\",\"urlTemplate\":\"https:\/\/escuelaespanaval.cl\/?s={search_term_string}\"},\"query-input\":{\"@type\":\"PropertyValueSpecification\",\"valueRequired\":true,\"valueName\":\"search_term_string\"}}],\"inLanguage\":\"es\"},{\"@type\":\"Organization\",\"@id\":\"https:\/\/escuelaespanaval.cl\/#organization\",\"name\":\"Escuela Espa\u00f1a\",\"url\":\"https:\/\/escuelaespanaval.cl\/\",\"logo\":{\"@type\":\"ImageObject\",\"inLanguage\":\"es\",\"@id\":\"https:\/\/escuelaespanaval.cl\/#\/schema\/logo\/image\/\",\"url\":\"https:\/\/escuelaespanaval.cl\/wp-content\/uploads\/2020\/12\/LOGO_ESCUELA.png\",\"contentUrl\":\"https:\/\/escuelaespanaval.cl\/wp-content\/uploads\/2020\/12\/LOGO_ESCUELA.png\",\"width\":1550,\"height\":2402,\"caption\":\"Escuela Espa\u00f1a\"},\"image\":{\"@id\":\"https:\/\/escuelaespanaval.cl\/#\/schema\/logo\/image\/\"},\"sameAs\":[\"https:\/\/www.facebook.com\/escuelaespanavald\",\"https:\/\/www.youtube.com\/@escuelaespanavaldivia97\"]},{\"@type\":\"Person\",\"@id\":\"https:\/\/escuelaespanaval.cl\/#\/schema\/person\/b8dc96fec133a948c2114bb5cba3ca1a\",\"name\":\"Administrador\",\"image\":{\"@type\":\"ImageObject\",\"inLanguage\":\"es\",\"@id\":\"https:\/\/escuelaespanaval.cl\/#\/schema\/person\/image\/\",\"url\":\"https:\/\/secure.gravatar.com\/avatar\/1a4537f0b323ae38f6776eb293038a2af5616bfe3d24bf6be540f254d895dd45?s=96&d=mm&r=g\",\"contentUrl\":\"https:\/\/secure.gravatar.com\/avatar\/1a4537f0b323ae38f6776eb293038a2af5616bfe3d24bf6be540f254d895dd45?s=96&d=mm&r=g\",\"caption\":\"Administrador\"},\"sameAs\":[\"https:\/\/escuelaespanaval.cl\/wp\"],\"url\":\"https:\/\/escuelaespanaval.cl\/?author=1\"}]}<\/script>\n<!-- \/ Yoast SEO plugin. -->","yoast_head_json":{"title":"Historia y Geograf\u00eda 1\u00b0B - Escuela Espa\u00f1a","robots":{"index":"index","follow":"follow","max-snippet":"max-snippet:-1","max-image-preview":"max-image-preview:large","max-video-preview":"max-video-preview:-1"},"canonical":"https:\/\/escuelaespanaval.cl\/?p=59","og_locale":"es_ES","og_type":"article","og_title":"Historia y Geograf\u00eda 1\u00b0B - Escuela Espa\u00f1a","og_description":"Actividad de la asignatura de historia y geograf\u00eda. Personajes chilenos que han aportado a la cultura e independencia den nuestro pa\u00eds.\u00a0","og_url":"https:\/\/escuelaespanaval.cl\/?p=59","og_site_name":"Escuela Espa\u00f1a","article_publisher":"https:\/\/www.facebook.com\/escuelaespanavald","article_published_time":"2020-12-08T22:08:50+00:00","article_modified_time":"2020-12-08T22:15:24+00:00","og_image":[{"width":368,"height":299,"url":"https:\/\/escuelaespanaval.cl\/wp-content\/uploads\/2020\/12\/img-20201110-wa0058-1-531x943-1.jpeg","type":"image\/jpeg"}],"author":"Administrador","twitter_card":"summary_large_image","twitter_misc":{"Escrito por":"Administrador"},"schema":{"@context":"https:\/\/schema.org","@graph":[{"@type":"Article","@id":"https:\/\/escuelaespanaval.cl\/?p=59#article","isPartOf":{"@id":"https:\/\/escuelaespanaval.cl\/?p=59"},"author":{"name":"Administrador","@id":"https:\/\/escuelaespanaval.cl\/#\/schema\/person\/b8dc96fec133a948c2114bb5cba3ca1a"},"headline":"Historia y Geograf\u00eda 1\u00b0B","datePublished":"2020-12-08T22:08:50+00:00","dateModified":"2020-12-08T22:15:24+00:00","mainEntityOfPage":{"@id":"https:\/\/escuelaespanaval.cl\/?p=59"},"wordCount":33,"publisher":{"@id":"https:\/\/escuelaespanaval.cl\/#organization"},"image":{"@id":"https:\/\/escuelaespanaval.cl\/?p=59#primaryimage"},"thumbnailUrl":"https:\/\/escuelaespanaval.cl\/wp-content\/uploads\/2020\/12\/img-20201110-wa0058-1-531x943-1.jpeg","articleSection":["Noticias","Uncategorized"],"inLanguage":"es"},{"@type":"WebPage","@id":"https:\/\/escuelaespanaval.cl\/?p=59","url":"https:\/\/escuelaespanaval.cl\/?p=59","name":"Historia y Geograf\u00eda 1\u00b0B - Escuela Espa\u00f1a","isPartOf":{"@id":"https:\/\/escuelaespanaval.cl\/#website"},"primaryImageOfPage":{"@id":"https:\/\/escuelaespanaval.cl\/?p=59#primaryimage"},"image":{"@id":"https:\/\/escuelaespanaval.cl\/?p=59#primaryimage"},"thumbnailUrl":"https:\/\/escuelaespanaval.cl\/wp-content\/uploads\/2020\/12\/img-20201110-wa0058-1-531x943-1.jpeg","datePublished":"2020-12-08T22:08:50+00:00","dateModified":"2020-12-08T22:15:24+00:00","breadcrumb":{"@id":"https:\/\/escuelaespanaval.cl\/?p=59#breadcrumb"},"inLanguage":"es","potentialAction":[{"@type":"ReadAction","target":["https:\/\/escuelaespanaval.cl\/?p=59"]}]},{"@type":"ImageObject","inLanguage":"es","@id":"https:\/\/escuelaespanaval.cl\/?p=59#primaryimage","url":"https:\/\/escuelaespanaval.cl\/wp-content\/uploads\/2020\/12\/img-20201110-wa0058-1-531x943-1.jpeg","contentUrl":"https:\/\/escuelaespanaval.cl\/wp-content\/uploads\/2020\/12\/img-20201110-wa0058-1-531x943-1.jpeg","width":368,"height":299},{"@type":"BreadcrumbList","@id":"https:\/\/escuelaespanaval.cl\/?p=59#breadcrumb","itemListElement":[{"@type":"ListItem","position":1,"name":"Portada","item":"https:\/\/escuelaespanaval.cl\/"},{"@type":"ListItem","position":2,"name":"Historia y Geograf\u00eda 1\u00b0B"}]},{"@type":"WebSite","@id":"https:\/\/escuelaespanaval.cl\/#website","url":"https:\/\/escuelaespanaval.cl\/","name":"Escuela Espa\u00f1a","description":"Valdivia","publisher":{"@id":"https:\/\/escuelaespanaval.cl\/#organization"},"potentialAction":[{"@type":"SearchAction","target":{"@type":"EntryPoint","urlTemplate":"https:\/\/escuelaespanaval.cl\/?s={search_term_string}"},"query-input":{"@type":"PropertyValueSpecification","valueRequired":true,"valueName":"search_term_string"}}],"inLanguage":"es"},{"@type":"Organization","@id":"https:\/\/escuelaespanaval.cl\/#organization","name":"Escuela Espa\u00f1a","url":"https:\/\/escuelaespanaval.cl\/","logo":{"@type":"ImageObject","inLanguage":"es","@id":"https:\/\/escuelaespanaval.cl\/#\/schema\/logo\/image\/","url":"https:\/\/escuelaespanaval.cl\/wp-content\/uploads\/2020\/12\/LOGO_ESCUELA.png","contentUrl":"https:\/\/escuelaespanaval.cl\/wp-content\/uploads\/2020\/12\/LOGO_ESCUELA.png","width":1550,"height":2402,"caption":"Escuela Espa\u00f1a"},"image":{"@id":"https:\/\/escuelaespanaval.cl\/#\/schema\/logo\/image\/"},"sameAs":["https:\/\/www.facebook.com\/escuelaespanavald","https:\/\/www.youtube.com\/@escuelaespanavaldivia97"]},{"@type":"Person","@id":"https:\/\/escuelaespanaval.cl\/#\/schema\/person\/b8dc96fec133a948c2114bb5cba3ca1a","name":"Administrador","image":{"@type":"ImageObject","inLanguage":"es","@id":"https:\/\/escuelaespanaval.cl\/#\/schema\/person\/image\/","url":"https:\/\/secure.gravatar.com\/avatar\/1a4537f0b323ae38f6776eb293038a2af5616bfe3d24bf6be540f254d895dd45?s=96&d=mm&r=g","contentUrl":"https:\/\/secure.gravatar.com\/avatar\/1a4537f0b323ae38f6776eb293038a2af5616bfe3d24bf6be540f254d895dd45?s=96&d=mm&r=g","caption":"Administrador"},"sameAs":["https:\/\/escuelaespanaval.cl\/wp"],"url":"https:\/\/escuelaespanaval.cl\/?author=1"}]}},"_links":{"self":[{"href":"https:\/\/escuelaespanaval.cl\/index.php?rest_route=\/wp\/v2\/posts\/59","targetHints":{"allow":["GET"]}}],"collection":[{"href":"https:\/\/escuelaespanaval.cl\/index.php?rest_route=\/wp\/v2\/posts"}],"about":[{"href":"https:\/\/escuelaespanaval.cl\/index.php?rest_route=\/wp\/v2\/types\/post"}],"author":[{"embeddable":true,"href":"https:\/\/escuelaespanaval.cl\/index.php?rest_route=\/wp\/v2\/users\/1"}],"replies":[{"embeddable":true,"href":"https:\/\/escuelaespanaval.cl\/index.php?rest_route=%2Fwp%2Fv2%2Fcomments&post=59"}],"version-history":[{"count":1,"href":"https:\/\/escuelaespanaval.cl\/index.php?rest_route=\/wp\/v2\/posts\/59\/revisions"}],"predecessor-version":[{"id":67,"href":"https:\/\/escuelaespanaval.cl\/index.php?rest_route=\/wp\/v2\/posts\/59\/revisions\/67"}],"wp:featuredmedia":[{"embeddable":true,"href":"https:\/\/escuelaespanaval.cl\/index.php?rest_route=\/wp\/v2\/media\/63"}],"wp:attachment":[{"href":"https:\/\/escuelaespanaval.cl\/index.php?rest_route=%2Fwp%2Fv2%2Fmedia&parent=59"}],"wp:term":[{"taxonomy":"category","embeddable":true,"href":"https:\/\/escuelaespanaval.cl\/index.php?rest_route=%2Fwp%2Fv2%2Fcategories&post=59"},{"taxonomy":"post_tag","embeddable":true,"href":"https:\/\/escuelaespanaval.cl\/index.php?rest_route=%2Fwp%2Fv2%2Ftags&post=59"}],"curies":[{"name":"wp","href":"https:\/\/api.w.org\/{rel}","templated":true}]}}