{"id":483,"date":"2019-05-16T21:35:00","date_gmt":"2019-05-16T21:35:00","guid":{"rendered":"https:\/\/escuelaespanaval.cl\/wp\/?p=483"},"modified":"2020-12-12T21:39:03","modified_gmt":"2020-12-12T21:39:03","slug":"conociendo-a-nuestras-autoridades","status":"publish","type":"post","link":"https:\/\/escuelaespanaval.cl\/?p=483","title":{"rendered":"\u00abConociendo a Nuestras Autoridades\u00bb"},"content":{"rendered":"\n<p>Visita realizada el d\u00eda Jueves 16 de Mayo a la intendencia de la Regi\u00f3n de Los R\u00edos y al Intendente Sr. Cesar Asenjo Jerez, en el marco de la Formaci\u00f3n Ciudadana para p\u00e1rvulos \u00abConociendo a nuestras Autoridades\u00bb, por el Pre Kinder A de nuestra Escuela Espa\u00f1a, acompa\u00f1ados por Educadora Martina Caama\u00f1o y Rommy Faure, Asistente de p\u00e1rvulos Darling Carcamo.<\/p>\n\n\n\n<figure class=\"wp-block-gallery columns-3 is-cropped wp-block-gallery-1 is-layout-flex wp-block-gallery-is-layout-flex\"><ul class=\"blocks-gallery-grid\"><li class=\"blocks-gallery-item\"><figure><a href=\"https:\/\/escuelaespanaval.cl\/wp\/wp-content\/uploads\/2020\/12\/PHOTO-2019-05-22-09-01-03.jpg\"><img loading=\"lazy\" decoding=\"async\" width=\"1024\" height=\"682\" src=\"https:\/\/escuelaespanaval.cl\/wp\/wp-content\/uploads\/2020\/12\/PHOTO-2019-05-22-09-01-03-1024x682.jpg\" alt=\"\" data-id=\"510\" data-full-url=\"https:\/\/escuelaespanaval.cl\/wp\/wp-content\/uploads\/2020\/12\/PHOTO-2019-05-22-09-01-03.jpg\" data-link=\"https:\/\/escuelaespanaval.cl\/wp\/?attachment_id=510\" class=\"wp-image-510\" srcset=\"https:\/\/escuelaespanaval.cl\/wp-content\/uploads\/2020\/12\/PHOTO-2019-05-22-09-01-03-1024x682.jpg 1024w, https:\/\/escuelaespanaval.cl\/wp-content\/uploads\/2020\/12\/PHOTO-2019-05-22-09-01-03-300x200.jpg 300w, https:\/\/escuelaespanaval.cl\/wp-content\/uploads\/2020\/12\/PHOTO-2019-05-22-09-01-03-768x512.jpg 768w, https:\/\/escuelaespanaval.cl\/wp-content\/uploads\/2020\/12\/PHOTO-2019-05-22-09-01-03-1080x720.jpg 1080w, https:\/\/escuelaespanaval.cl\/wp-content\/uploads\/2020\/12\/PHOTO-2019-05-22-09-01-03-980x653.jpg 980w, https:\/\/escuelaespanaval.cl\/wp-content\/uploads\/2020\/12\/PHOTO-2019-05-22-09-01-03-480x320.jpg 480w, https:\/\/escuelaespanaval.cl\/wp-content\/uploads\/2020\/12\/PHOTO-2019-05-22-09-01-03.jpg 1280w\" sizes=\"auto, (max-width: 1024px) 100vw, 1024px\" \/><\/a><\/figure><\/li><li class=\"blocks-gallery-item\"><figure><a href=\"https:\/\/escuelaespanaval.cl\/wp\/wp-content\/uploads\/2020\/12\/PHOTO-2019-05-22-09-01-19.jpg\"><img loading=\"lazy\" decoding=\"async\" width=\"1024\" height=\"682\" src=\"https:\/\/escuelaespanaval.cl\/wp\/wp-content\/uploads\/2020\/12\/PHOTO-2019-05-22-09-01-19-1024x682.jpg\" alt=\"\" data-id=\"512\" data-full-url=\"https:\/\/escuelaespanaval.cl\/wp\/wp-content\/uploads\/2020\/12\/PHOTO-2019-05-22-09-01-19.jpg\" data-link=\"https:\/\/escuelaespanaval.cl\/wp\/?attachment_id=512\" class=\"wp-image-512\" srcset=\"https:\/\/escuelaespanaval.cl\/wp-content\/uploads\/2020\/12\/PHOTO-2019-05-22-09-01-19-1024x682.jpg 1024w, https:\/\/escuelaespanaval.cl\/wp-content\/uploads\/2020\/12\/PHOTO-2019-05-22-09-01-19-300x200.jpg 300w, https:\/\/escuelaespanaval.cl\/wp-content\/uploads\/2020\/12\/PHOTO-2019-05-22-09-01-19-768x512.jpg 768w, https:\/\/escuelaespanaval.cl\/wp-content\/uploads\/2020\/12\/PHOTO-2019-05-22-09-01-19-1080x720.jpg 1080w, https:\/\/escuelaespanaval.cl\/wp-content\/uploads\/2020\/12\/PHOTO-2019-05-22-09-01-19-980x653.jpg 980w, https:\/\/escuelaespanaval.cl\/wp-content\/uploads\/2020\/12\/PHOTO-2019-05-22-09-01-19-480x320.jpg 480w, https:\/\/escuelaespanaval.cl\/wp-content\/uploads\/2020\/12\/PHOTO-2019-05-22-09-01-19.jpg 1280w\" sizes=\"auto, (max-width: 1024px) 100vw, 1024px\" \/><\/a><\/figure><\/li><li class=\"blocks-gallery-item\"><figure><a href=\"https:\/\/escuelaespanaval.cl\/wp\/wp-content\/uploads\/2020\/12\/PHOTO-2019-05-22-09-01-20.jpg\"><img loading=\"lazy\" decoding=\"async\" width=\"1024\" height=\"682\" src=\"https:\/\/escuelaespanaval.cl\/wp\/wp-content\/uploads\/2020\/12\/PHOTO-2019-05-22-09-01-20-1024x682.jpg\" alt=\"\" data-id=\"513\" data-full-url=\"https:\/\/escuelaespanaval.cl\/wp\/wp-content\/uploads\/2020\/12\/PHOTO-2019-05-22-09-01-20.jpg\" data-link=\"https:\/\/escuelaespanaval.cl\/wp\/?attachment_id=513\" class=\"wp-image-513\" srcset=\"https:\/\/escuelaespanaval.cl\/wp-content\/uploads\/2020\/12\/PHOTO-2019-05-22-09-01-20-1024x682.jpg 1024w, https:\/\/escuelaespanaval.cl\/wp-content\/uploads\/2020\/12\/PHOTO-2019-05-22-09-01-20-300x200.jpg 300w, https:\/\/escuelaespanaval.cl\/wp-content\/uploads\/2020\/12\/PHOTO-2019-05-22-09-01-20-768x512.jpg 768w, https:\/\/escuelaespanaval.cl\/wp-content\/uploads\/2020\/12\/PHOTO-2019-05-22-09-01-20-1080x720.jpg 1080w, https:\/\/escuelaespanaval.cl\/wp-content\/uploads\/2020\/12\/PHOTO-2019-05-22-09-01-20-980x653.jpg 980w, https:\/\/escuelaespanaval.cl\/wp-content\/uploads\/2020\/12\/PHOTO-2019-05-22-09-01-20-480x320.jpg 480w, https:\/\/escuelaespanaval.cl\/wp-content\/uploads\/2020\/12\/PHOTO-2019-05-22-09-01-20.jpg 1280w\" sizes=\"auto, (max-width: 1024px) 100vw, 1024px\" \/><\/a><\/figure><\/li><li class=\"blocks-gallery-item\"><figure><a href=\"https:\/\/escuelaespanaval.cl\/wp\/wp-content\/uploads\/2020\/12\/PHOTO-2019-05-22-09-01-20_1.jpg\"><img loading=\"lazy\" decoding=\"async\" width=\"1024\" height=\"682\" src=\"https:\/\/escuelaespanaval.cl\/wp\/wp-content\/uploads\/2020\/12\/PHOTO-2019-05-22-09-01-20_1-1024x682.jpg\" alt=\"\" data-id=\"515\" data-full-url=\"https:\/\/escuelaespanaval.cl\/wp\/wp-content\/uploads\/2020\/12\/PHOTO-2019-05-22-09-01-20_1.jpg\" data-link=\"https:\/\/escuelaespanaval.cl\/wp\/?attachment_id=515\" class=\"wp-image-515\" srcset=\"https:\/\/escuelaespanaval.cl\/wp-content\/uploads\/2020\/12\/PHOTO-2019-05-22-09-01-20_1-1024x682.jpg 1024w, https:\/\/escuelaespanaval.cl\/wp-content\/uploads\/2020\/12\/PHOTO-2019-05-22-09-01-20_1-300x200.jpg 300w, https:\/\/escuelaespanaval.cl\/wp-content\/uploads\/2020\/12\/PHOTO-2019-05-22-09-01-20_1-768x512.jpg 768w, https:\/\/escuelaespanaval.cl\/wp-content\/uploads\/2020\/12\/PHOTO-2019-05-22-09-01-20_1-1080x720.jpg 1080w, https:\/\/escuelaespanaval.cl\/wp-content\/uploads\/2020\/12\/PHOTO-2019-05-22-09-01-20_1-980x653.jpg 980w, https:\/\/escuelaespanaval.cl\/wp-content\/uploads\/2020\/12\/PHOTO-2019-05-22-09-01-20_1-480x320.jpg 480w, https:\/\/escuelaespanaval.cl\/wp-content\/uploads\/2020\/12\/PHOTO-2019-05-22-09-01-20_1.jpg 1280w\" sizes=\"auto, (max-width: 1024px) 100vw, 1024px\" \/><\/a><\/figure><\/li><li class=\"blocks-gallery-item\"><figure><a href=\"https:\/\/escuelaespanaval.cl\/wp\/wp-content\/uploads\/2020\/12\/PHOTO-2019-05-22-09-01-20_2.jpg\"><img loading=\"lazy\" decoding=\"async\" width=\"1024\" height=\"682\" src=\"https:\/\/escuelaespanaval.cl\/wp\/wp-content\/uploads\/2020\/12\/PHOTO-2019-05-22-09-01-20_2-1024x682.jpg\" alt=\"\" data-id=\"517\" data-full-url=\"https:\/\/escuelaespanaval.cl\/wp\/wp-content\/uploads\/2020\/12\/PHOTO-2019-05-22-09-01-20_2.jpg\" data-link=\"https:\/\/escuelaespanaval.cl\/wp\/?attachment_id=517\" class=\"wp-image-517\" srcset=\"https:\/\/escuelaespanaval.cl\/wp-content\/uploads\/2020\/12\/PHOTO-2019-05-22-09-01-20_2-1024x682.jpg 1024w, https:\/\/escuelaespanaval.cl\/wp-content\/uploads\/2020\/12\/PHOTO-2019-05-22-09-01-20_2-300x200.jpg 300w, https:\/\/escuelaespanaval.cl\/wp-content\/uploads\/2020\/12\/PHOTO-2019-05-22-09-01-20_2-768x512.jpg 768w, https:\/\/escuelaespanaval.cl\/wp-content\/uploads\/2020\/12\/PHOTO-2019-05-22-09-01-20_2-1080x720.jpg 1080w, https:\/\/escuelaespanaval.cl\/wp-content\/uploads\/2020\/12\/PHOTO-2019-05-22-09-01-20_2-980x653.jpg 980w, https:\/\/escuelaespanaval.cl\/wp-content\/uploads\/2020\/12\/PHOTO-2019-05-22-09-01-20_2-480x320.jpg 480w, https:\/\/escuelaespanaval.cl\/wp-content\/uploads\/2020\/12\/PHOTO-2019-05-22-09-01-20_2.jpg 1280w\" sizes=\"auto, (max-width: 1024px) 100vw, 1024px\" \/><\/a><\/figure><\/li><li class=\"blocks-gallery-item\"><figure><a href=\"https:\/\/escuelaespanaval.cl\/wp\/wp-content\/uploads\/2020\/12\/PHOTO-2019-05-22-09-01-20_3.jpg\"><img loading=\"lazy\" decoding=\"async\" width=\"1024\" height=\"682\" src=\"https:\/\/escuelaespanaval.cl\/wp\/wp-content\/uploads\/2020\/12\/PHOTO-2019-05-22-09-01-20_3-1024x682.jpg\" alt=\"\" data-id=\"518\" data-full-url=\"https:\/\/escuelaespanaval.cl\/wp\/wp-content\/uploads\/2020\/12\/PHOTO-2019-05-22-09-01-20_3.jpg\" data-link=\"https:\/\/escuelaespanaval.cl\/wp\/?attachment_id=518\" class=\"wp-image-518\" srcset=\"https:\/\/escuelaespanaval.cl\/wp-content\/uploads\/2020\/12\/PHOTO-2019-05-22-09-01-20_3-1024x682.jpg 1024w, https:\/\/escuelaespanaval.cl\/wp-content\/uploads\/2020\/12\/PHOTO-2019-05-22-09-01-20_3-300x200.jpg 300w, https:\/\/escuelaespanaval.cl\/wp-content\/uploads\/2020\/12\/PHOTO-2019-05-22-09-01-20_3-768x512.jpg 768w, https:\/\/escuelaespanaval.cl\/wp-content\/uploads\/2020\/12\/PHOTO-2019-05-22-09-01-20_3-1080x720.jpg 1080w, https:\/\/escuelaespanaval.cl\/wp-content\/uploads\/2020\/12\/PHOTO-2019-05-22-09-01-20_3-980x653.jpg 980w, https:\/\/escuelaespanaval.cl\/wp-content\/uploads\/2020\/12\/PHOTO-2019-05-22-09-01-20_3-480x320.jpg 480w, https:\/\/escuelaespanaval.cl\/wp-content\/uploads\/2020\/12\/PHOTO-2019-05-22-09-01-20_3.jpg 1280w\" sizes=\"auto, (max-width: 1024px) 100vw, 1024px\" \/><\/a><\/figure><\/li><li class=\"blocks-gallery-item\"><figure><a href=\"https:\/\/escuelaespanaval.cl\/wp\/wp-content\/uploads\/2020\/12\/PHOTO-2019-05-22-09-01-21.jpg\"><img loading=\"lazy\" decoding=\"async\" width=\"1024\" height=\"682\" src=\"https:\/\/escuelaespanaval.cl\/wp\/wp-content\/uploads\/2020\/12\/PHOTO-2019-05-22-09-01-21-1024x682.jpg\" alt=\"\" data-id=\"520\" data-full-url=\"https:\/\/escuelaespanaval.cl\/wp\/wp-content\/uploads\/2020\/12\/PHOTO-2019-05-22-09-01-21.jpg\" data-link=\"https:\/\/escuelaespanaval.cl\/wp\/?attachment_id=520\" class=\"wp-image-520\" srcset=\"https:\/\/escuelaespanaval.cl\/wp-content\/uploads\/2020\/12\/PHOTO-2019-05-22-09-01-21-1024x682.jpg 1024w, https:\/\/escuelaespanaval.cl\/wp-content\/uploads\/2020\/12\/PHOTO-2019-05-22-09-01-21-300x200.jpg 300w, https:\/\/escuelaespanaval.cl\/wp-content\/uploads\/2020\/12\/PHOTO-2019-05-22-09-01-21-768x512.jpg 768w, https:\/\/escuelaespanaval.cl\/wp-content\/uploads\/2020\/12\/PHOTO-2019-05-22-09-01-21-1080x720.jpg 1080w, https:\/\/escuelaespanaval.cl\/wp-content\/uploads\/2020\/12\/PHOTO-2019-05-22-09-01-21-980x653.jpg 980w, https:\/\/escuelaespanaval.cl\/wp-content\/uploads\/2020\/12\/PHOTO-2019-05-22-09-01-21-480x320.jpg 480w, https:\/\/escuelaespanaval.cl\/wp-content\/uploads\/2020\/12\/PHOTO-2019-05-22-09-01-21.jpg 1280w\" sizes=\"auto, (max-width: 1024px) 100vw, 1024px\" \/><\/a><\/figure><\/li><li class=\"blocks-gallery-item\"><figure><a href=\"https:\/\/escuelaespanaval.cl\/wp\/wp-content\/uploads\/2020\/12\/PHOTO-2019-05-22-09-01-21_1.jpg\"><img loading=\"lazy\" decoding=\"async\" width=\"1024\" height=\"682\" src=\"https:\/\/escuelaespanaval.cl\/wp\/wp-content\/uploads\/2020\/12\/PHOTO-2019-05-22-09-01-21_1-1024x682.jpg\" alt=\"\" data-id=\"522\" data-full-url=\"https:\/\/escuelaespanaval.cl\/wp\/wp-content\/uploads\/2020\/12\/PHOTO-2019-05-22-09-01-21_1.jpg\" data-link=\"https:\/\/escuelaespanaval.cl\/wp\/?attachment_id=522\" class=\"wp-image-522\" srcset=\"https:\/\/escuelaespanaval.cl\/wp-content\/uploads\/2020\/12\/PHOTO-2019-05-22-09-01-21_1-1024x682.jpg 1024w, https:\/\/escuelaespanaval.cl\/wp-content\/uploads\/2020\/12\/PHOTO-2019-05-22-09-01-21_1-300x200.jpg 300w, https:\/\/escuelaespanaval.cl\/wp-content\/uploads\/2020\/12\/PHOTO-2019-05-22-09-01-21_1-768x512.jpg 768w, https:\/\/escuelaespanaval.cl\/wp-content\/uploads\/2020\/12\/PHOTO-2019-05-22-09-01-21_1-1080x720.jpg 1080w, https:\/\/escuelaespanaval.cl\/wp-content\/uploads\/2020\/12\/PHOTO-2019-05-22-09-01-21_1-980x653.jpg 980w, https:\/\/escuelaespanaval.cl\/wp-content\/uploads\/2020\/12\/PHOTO-2019-05-22-09-01-21_1-480x320.jpg 480w, https:\/\/escuelaespanaval.cl\/wp-content\/uploads\/2020\/12\/PHOTO-2019-05-22-09-01-21_1.jpg 1280w\" sizes=\"auto, (max-width: 1024px) 100vw, 1024px\" \/><\/a><\/figure><\/li><li class=\"blocks-gallery-item\"><figure><a href=\"https:\/\/escuelaespanaval.cl\/wp\/wp-content\/uploads\/2020\/12\/PHOTO-2019-05-22-09-01-21_2.jpg\"><img loading=\"lazy\" decoding=\"async\" width=\"1024\" height=\"682\" src=\"https:\/\/escuelaespanaval.cl\/wp\/wp-content\/uploads\/2020\/12\/PHOTO-2019-05-22-09-01-21_2-1024x682.jpg\" alt=\"\" data-id=\"523\" data-full-url=\"https:\/\/escuelaespanaval.cl\/wp\/wp-content\/uploads\/2020\/12\/PHOTO-2019-05-22-09-01-21_2.jpg\" data-link=\"https:\/\/escuelaespanaval.cl\/wp\/?attachment_id=523\" class=\"wp-image-523\" srcset=\"https:\/\/escuelaespanaval.cl\/wp-content\/uploads\/2020\/12\/PHOTO-2019-05-22-09-01-21_2-1024x682.jpg 1024w, https:\/\/escuelaespanaval.cl\/wp-content\/uploads\/2020\/12\/PHOTO-2019-05-22-09-01-21_2-300x200.jpg 300w, https:\/\/escuelaespanaval.cl\/wp-content\/uploads\/2020\/12\/PHOTO-2019-05-22-09-01-21_2-768x512.jpg 768w, https:\/\/escuelaespanaval.cl\/wp-content\/uploads\/2020\/12\/PHOTO-2019-05-22-09-01-21_2-1080x720.jpg 1080w, https:\/\/escuelaespanaval.cl\/wp-content\/uploads\/2020\/12\/PHOTO-2019-05-22-09-01-21_2-980x653.jpg 980w, https:\/\/escuelaespanaval.cl\/wp-content\/uploads\/2020\/12\/PHOTO-2019-05-22-09-01-21_2-480x320.jpg 480w, https:\/\/escuelaespanaval.cl\/wp-content\/uploads\/2020\/12\/PHOTO-2019-05-22-09-01-21_2.jpg 1280w\" sizes=\"auto, (max-width: 1024px) 100vw, 1024px\" \/><\/a><\/figure><\/li><li class=\"blocks-gallery-item\"><figure><a href=\"https:\/\/escuelaespanaval.cl\/wp\/wp-content\/uploads\/2020\/12\/PHOTO-2019-05-22-09-01-21_3.jpg\"><img loading=\"lazy\" decoding=\"async\" width=\"1024\" height=\"682\" src=\"https:\/\/escuelaespanaval.cl\/wp\/wp-content\/uploads\/2020\/12\/PHOTO-2019-05-22-09-01-21_3-1024x682.jpg\" alt=\"\" data-id=\"525\" data-full-url=\"https:\/\/escuelaespanaval.cl\/wp\/wp-content\/uploads\/2020\/12\/PHOTO-2019-05-22-09-01-21_3.jpg\" data-link=\"https:\/\/escuelaespanaval.cl\/wp\/?attachment_id=525\" class=\"wp-image-525\" srcset=\"https:\/\/escuelaespanaval.cl\/wp-content\/uploads\/2020\/12\/PHOTO-2019-05-22-09-01-21_3-1024x682.jpg 1024w, https:\/\/escuelaespanaval.cl\/wp-content\/uploads\/2020\/12\/PHOTO-2019-05-22-09-01-21_3-300x200.jpg 300w, https:\/\/escuelaespanaval.cl\/wp-content\/uploads\/2020\/12\/PHOTO-2019-05-22-09-01-21_3-768x512.jpg 768w, https:\/\/escuelaespanaval.cl\/wp-content\/uploads\/2020\/12\/PHOTO-2019-05-22-09-01-21_3-1080x720.jpg 1080w, https:\/\/escuelaespanaval.cl\/wp-content\/uploads\/2020\/12\/PHOTO-2019-05-22-09-01-21_3-980x653.jpg 980w, https:\/\/escuelaespanaval.cl\/wp-content\/uploads\/2020\/12\/PHOTO-2019-05-22-09-01-21_3-480x320.jpg 480w, https:\/\/escuelaespanaval.cl\/wp-content\/uploads\/2020\/12\/PHOTO-2019-05-22-09-01-21_3.jpg 1280w\" sizes=\"auto, (max-width: 1024px) 100vw, 1024px\" \/><\/a><\/figure><\/li><li class=\"blocks-gallery-item\"><figure><a href=\"https:\/\/escuelaespanaval.cl\/wp\/wp-content\/uploads\/2020\/12\/PHOTO-2019-05-22-09-01-22.jpg\"><img loading=\"lazy\" decoding=\"async\" width=\"1024\" height=\"682\" src=\"https:\/\/escuelaespanaval.cl\/wp\/wp-content\/uploads\/2020\/12\/PHOTO-2019-05-22-09-01-22-1024x682.jpg\" alt=\"\" data-id=\"527\" data-full-url=\"https:\/\/escuelaespanaval.cl\/wp\/wp-content\/uploads\/2020\/12\/PHOTO-2019-05-22-09-01-22.jpg\" data-link=\"https:\/\/escuelaespanaval.cl\/wp\/?attachment_id=527\" class=\"wp-image-527\" srcset=\"https:\/\/escuelaespanaval.cl\/wp-content\/uploads\/2020\/12\/PHOTO-2019-05-22-09-01-22-1024x682.jpg 1024w, https:\/\/escuelaespanaval.cl\/wp-content\/uploads\/2020\/12\/PHOTO-2019-05-22-09-01-22-300x200.jpg 300w, https:\/\/escuelaespanaval.cl\/wp-content\/uploads\/2020\/12\/PHOTO-2019-05-22-09-01-22-768x512.jpg 768w, https:\/\/escuelaespanaval.cl\/wp-content\/uploads\/2020\/12\/PHOTO-2019-05-22-09-01-22-1080x720.jpg 1080w, https:\/\/escuelaespanaval.cl\/wp-content\/uploads\/2020\/12\/PHOTO-2019-05-22-09-01-22-980x653.jpg 980w, https:\/\/escuelaespanaval.cl\/wp-content\/uploads\/2020\/12\/PHOTO-2019-05-22-09-01-22-480x320.jpg 480w, https:\/\/escuelaespanaval.cl\/wp-content\/uploads\/2020\/12\/PHOTO-2019-05-22-09-01-22.jpg 1280w\" sizes=\"auto, (max-width: 1024px) 100vw, 1024px\" \/><\/a><\/figure><\/li><li class=\"blocks-gallery-item\"><figure><a href=\"https:\/\/escuelaespanaval.cl\/wp\/wp-content\/uploads\/2020\/12\/PHOTO-2019-05-22-09-01-22_1.jpg\"><img loading=\"lazy\" decoding=\"async\" width=\"1024\" height=\"746\" src=\"https:\/\/escuelaespanaval.cl\/wp\/wp-content\/uploads\/2020\/12\/PHOTO-2019-05-22-09-01-22_1-1024x746.jpg\" alt=\"\" data-id=\"528\" data-full-url=\"https:\/\/escuelaespanaval.cl\/wp\/wp-content\/uploads\/2020\/12\/PHOTO-2019-05-22-09-01-22_1.jpg\" data-link=\"https:\/\/escuelaespanaval.cl\/wp\/?attachment_id=528\" class=\"wp-image-528\" srcset=\"https:\/\/escuelaespanaval.cl\/wp-content\/uploads\/2020\/12\/PHOTO-2019-05-22-09-01-22_1-1024x746.jpg 1024w, https:\/\/escuelaespanaval.cl\/wp-content\/uploads\/2020\/12\/PHOTO-2019-05-22-09-01-22_1-300x219.jpg 300w, https:\/\/escuelaespanaval.cl\/wp-content\/uploads\/2020\/12\/PHOTO-2019-05-22-09-01-22_1-768x560.jpg 768w, https:\/\/escuelaespanaval.cl\/wp-content\/uploads\/2020\/12\/PHOTO-2019-05-22-09-01-22_1-1080x787.jpg 1080w, https:\/\/escuelaespanaval.cl\/wp-content\/uploads\/2020\/12\/PHOTO-2019-05-22-09-01-22_1-980x714.jpg 980w, https:\/\/escuelaespanaval.cl\/wp-content\/uploads\/2020\/12\/PHOTO-2019-05-22-09-01-22_1-480x350.jpg 480w, https:\/\/escuelaespanaval.cl\/wp-content\/uploads\/2020\/12\/PHOTO-2019-05-22-09-01-22_1.jpg 1280w\" sizes=\"auto, (max-width: 1024px) 100vw, 1024px\" \/><\/a><\/figure><\/li><li class=\"blocks-gallery-item\"><figure><a href=\"https:\/\/escuelaespanaval.cl\/wp\/wp-content\/uploads\/2020\/12\/PHOTO-2019-05-22-09-01-22_2.jpg\"><img loading=\"lazy\" decoding=\"async\" width=\"1024\" height=\"682\" src=\"https:\/\/escuelaespanaval.cl\/wp\/wp-content\/uploads\/2020\/12\/PHOTO-2019-05-22-09-01-22_2-1024x682.jpg\" alt=\"\" data-id=\"530\" data-full-url=\"https:\/\/escuelaespanaval.cl\/wp\/wp-content\/uploads\/2020\/12\/PHOTO-2019-05-22-09-01-22_2.jpg\" data-link=\"https:\/\/escuelaespanaval.cl\/wp\/?attachment_id=530\" class=\"wp-image-530\" srcset=\"https:\/\/escuelaespanaval.cl\/wp-content\/uploads\/2020\/12\/PHOTO-2019-05-22-09-01-22_2-1024x682.jpg 1024w, https:\/\/escuelaespanaval.cl\/wp-content\/uploads\/2020\/12\/PHOTO-2019-05-22-09-01-22_2-300x200.jpg 300w, https:\/\/escuelaespanaval.cl\/wp-content\/uploads\/2020\/12\/PHOTO-2019-05-22-09-01-22_2-768x512.jpg 768w, https:\/\/escuelaespanaval.cl\/wp-content\/uploads\/2020\/12\/PHOTO-2019-05-22-09-01-22_2-1080x720.jpg 1080w, https:\/\/escuelaespanaval.cl\/wp-content\/uploads\/2020\/12\/PHOTO-2019-05-22-09-01-22_2-980x653.jpg 980w, https:\/\/escuelaespanaval.cl\/wp-content\/uploads\/2020\/12\/PHOTO-2019-05-22-09-01-22_2-480x320.jpg 480w, https:\/\/escuelaespanaval.cl\/wp-content\/uploads\/2020\/12\/PHOTO-2019-05-22-09-01-22_2.jpg 1280w\" sizes=\"auto, (max-width: 1024px) 100vw, 1024px\" \/><\/a><\/figure><\/li><li class=\"blocks-gallery-item\"><figure><a href=\"https:\/\/escuelaespanaval.cl\/wp\/wp-content\/uploads\/2020\/12\/PHOTO-2019-05-22-09-01-23.jpg\"><img loading=\"lazy\" decoding=\"async\" width=\"1024\" height=\"682\" src=\"https:\/\/escuelaespanaval.cl\/wp\/wp-content\/uploads\/2020\/12\/PHOTO-2019-05-22-09-01-23-1024x682.jpg\" alt=\"\" data-id=\"532\" data-full-url=\"https:\/\/escuelaespanaval.cl\/wp\/wp-content\/uploads\/2020\/12\/PHOTO-2019-05-22-09-01-23.jpg\" data-link=\"https:\/\/escuelaespanaval.cl\/wp\/?attachment_id=532\" class=\"wp-image-532\" srcset=\"https:\/\/escuelaespanaval.cl\/wp-content\/uploads\/2020\/12\/PHOTO-2019-05-22-09-01-23-1024x682.jpg 1024w, https:\/\/escuelaespanaval.cl\/wp-content\/uploads\/2020\/12\/PHOTO-2019-05-22-09-01-23-300x200.jpg 300w, https:\/\/escuelaespanaval.cl\/wp-content\/uploads\/2020\/12\/PHOTO-2019-05-22-09-01-23-768x512.jpg 768w, https:\/\/escuelaespanaval.cl\/wp-content\/uploads\/2020\/12\/PHOTO-2019-05-22-09-01-23-1080x720.jpg 1080w, https:\/\/escuelaespanaval.cl\/wp-content\/uploads\/2020\/12\/PHOTO-2019-05-22-09-01-23-980x653.jpg 980w, https:\/\/escuelaespanaval.cl\/wp-content\/uploads\/2020\/12\/PHOTO-2019-05-22-09-01-23-480x320.jpg 480w, https:\/\/escuelaespanaval.cl\/wp-content\/uploads\/2020\/12\/PHOTO-2019-05-22-09-01-23.jpg 1280w\" sizes=\"auto, (max-width: 1024px) 100vw, 1024px\" \/><\/a><\/figure><\/li><li class=\"blocks-gallery-item\"><figure><a href=\"https:\/\/escuelaespanaval.cl\/wp\/wp-content\/uploads\/2020\/12\/PHOTO-2019-05-22-09-01-23_1.jpg\"><img loading=\"lazy\" decoding=\"async\" width=\"1024\" height=\"682\" src=\"https:\/\/escuelaespanaval.cl\/wp\/wp-content\/uploads\/2020\/12\/PHOTO-2019-05-22-09-01-23_1-1024x682.jpg\" alt=\"\" data-id=\"534\" data-full-url=\"https:\/\/escuelaespanaval.cl\/wp\/wp-content\/uploads\/2020\/12\/PHOTO-2019-05-22-09-01-23_1.jpg\" data-link=\"https:\/\/escuelaespanaval.cl\/wp\/?attachment_id=534\" class=\"wp-image-534\" srcset=\"https:\/\/escuelaespanaval.cl\/wp-content\/uploads\/2020\/12\/PHOTO-2019-05-22-09-01-23_1-1024x682.jpg 1024w, https:\/\/escuelaespanaval.cl\/wp-content\/uploads\/2020\/12\/PHOTO-2019-05-22-09-01-23_1-300x200.jpg 300w, https:\/\/escuelaespanaval.cl\/wp-content\/uploads\/2020\/12\/PHOTO-2019-05-22-09-01-23_1-768x512.jpg 768w, https:\/\/escuelaespanaval.cl\/wp-content\/uploads\/2020\/12\/PHOTO-2019-05-22-09-01-23_1-1080x720.jpg 1080w, https:\/\/escuelaespanaval.cl\/wp-content\/uploads\/2020\/12\/PHOTO-2019-05-22-09-01-23_1-980x653.jpg 980w, https:\/\/escuelaespanaval.cl\/wp-content\/uploads\/2020\/12\/PHOTO-2019-05-22-09-01-23_1-480x320.jpg 480w, https:\/\/escuelaespanaval.cl\/wp-content\/uploads\/2020\/12\/PHOTO-2019-05-22-09-01-23_1.jpg 1280w\" sizes=\"auto, (max-width: 1024px) 100vw, 1024px\" \/><\/a><\/figure><\/li><\/ul><\/figure>\n","protected":false},"excerpt":{"rendered":"<p>Visita realizada el d\u00eda Jueves 16 de Mayo a la intendencia de la Regi\u00f3n de Los R\u00edos y al Intendente Sr. Cesar Asenjo Jerez, en el marco de la Formaci\u00f3n Ciudadana para p\u00e1rvulos \u00abConociendo a nuestras Autoridades\u00bb, por el Pre Kinder A de nuestra Escuela Espa\u00f1a, acompa\u00f1ados por Educadora Martina Caama\u00f1o y Rommy Faure, Asistente [&hellip;]<\/p>\n","protected":false},"author":1,"featured_media":515,"comment_status":"open","ping_status":"open","sticky":false,"template":"","format":"standard","meta":{"_monsterinsights_skip_tracking":false,"_monsterinsights_sitenote_active":false,"_monsterinsights_sitenote_note":"","_monsterinsights_sitenote_category":0,"site-container-style":"default","site-container-layout":"default","site-sidebar-layout":"default","disable-article-header":"default","disable-site-header":"default","disable-site-footer":"default","disable-content-area-spacing":"default","footnotes":""},"categories":[1],"tags":[],"class_list":["post-483","post","type-post","status-publish","format-standard","has-post-thumbnail","hentry","category-uncategorized"],"yoast_head":"<!-- This site is optimized with the Yoast SEO plugin v27.1.1 - https:\/\/yoast.com\/product\/yoast-seo-wordpress\/ -->\n<title>&quot;Conociendo a Nuestras Autoridades&quot; - Escuela Espa\u00f1a<\/title>\n<meta name=\"robots\" content=\"index, follow, max-snippet:-1, max-image-preview:large, max-video-preview:-1\" \/>\n<link rel=\"canonical\" href=\"https:\/\/escuelaespanaval.cl\/?p=483\" \/>\n<meta property=\"og:locale\" content=\"es_ES\" \/>\n<meta property=\"og:type\" content=\"article\" \/>\n<meta property=\"og:title\" content=\"&quot;Conociendo a Nuestras Autoridades&quot; - Escuela Espa\u00f1a\" \/>\n<meta property=\"og:description\" content=\"Visita realizada el d\u00eda Jueves 16 de Mayo a la intendencia de la Regi\u00f3n de Los R\u00edos y al Intendente Sr. Cesar Asenjo Jerez, en el marco de la Formaci\u00f3n Ciudadana para p\u00e1rvulos \u00abConociendo a nuestras Autoridades\u00bb, por el Pre Kinder A de nuestra Escuela Espa\u00f1a, acompa\u00f1ados por Educadora Martina Caama\u00f1o y Rommy Faure, Asistente [&hellip;]\" \/>\n<meta property=\"og:url\" content=\"https:\/\/escuelaespanaval.cl\/?p=483\" \/>\n<meta property=\"og:site_name\" content=\"Escuela Espa\u00f1a\" \/>\n<meta property=\"article:publisher\" content=\"https:\/\/www.facebook.com\/escuelaespanavald\" \/>\n<meta property=\"article:published_time\" content=\"2019-05-16T21:35:00+00:00\" \/>\n<meta property=\"article:modified_time\" content=\"2020-12-12T21:39:03+00:00\" \/>\n<meta property=\"og:image\" content=\"https:\/\/escuelaespanaval.cl\/wp-content\/uploads\/2020\/12\/PHOTO-2019-05-22-09-01-20_1.jpg\" \/>\n\t<meta property=\"og:image:width\" content=\"1280\" \/>\n\t<meta property=\"og:image:height\" content=\"853\" \/>\n\t<meta property=\"og:image:type\" content=\"image\/jpeg\" \/>\n<meta name=\"author\" content=\"Administrador\" \/>\n<meta name=\"twitter:card\" content=\"summary_large_image\" \/>\n<meta name=\"twitter:label1\" content=\"Escrito por\" \/>\n\t<meta name=\"twitter:data1\" content=\"Administrador\" \/>\n<script type=\"application\/ld+json\" class=\"yoast-schema-graph\">{\"@context\":\"https:\/\/schema.org\",\"@graph\":[{\"@type\":\"Article\",\"@id\":\"https:\/\/escuelaespanaval.cl\/?p=483#article\",\"isPartOf\":{\"@id\":\"https:\/\/escuelaespanaval.cl\/?p=483\"},\"author\":{\"name\":\"Administrador\",\"@id\":\"https:\/\/escuelaespanaval.cl\/#\/schema\/person\/b8dc96fec133a948c2114bb5cba3ca1a\"},\"headline\":\"\u00abConociendo a Nuestras Autoridades\u00bb\",\"datePublished\":\"2019-05-16T21:35:00+00:00\",\"dateModified\":\"2020-12-12T21:39:03+00:00\",\"mainEntityOfPage\":{\"@id\":\"https:\/\/escuelaespanaval.cl\/?p=483\"},\"wordCount\":71,\"commentCount\":0,\"publisher\":{\"@id\":\"https:\/\/escuelaespanaval.cl\/#organization\"},\"image\":{\"@id\":\"https:\/\/escuelaespanaval.cl\/?p=483#primaryimage\"},\"thumbnailUrl\":\"https:\/\/escuelaespanaval.cl\/wp-content\/uploads\/2020\/12\/PHOTO-2019-05-22-09-01-20_1.jpg\",\"articleSection\":[\"Uncategorized\"],\"inLanguage\":\"es\",\"potentialAction\":[{\"@type\":\"CommentAction\",\"name\":\"Comment\",\"target\":[\"https:\/\/escuelaespanaval.cl\/?p=483#respond\"]}]},{\"@type\":\"WebPage\",\"@id\":\"https:\/\/escuelaespanaval.cl\/?p=483\",\"url\":\"https:\/\/escuelaespanaval.cl\/?p=483\",\"name\":\"\\\"Conociendo a Nuestras Autoridades\\\" - Escuela Espa\u00f1a\",\"isPartOf\":{\"@id\":\"https:\/\/escuelaespanaval.cl\/#website\"},\"primaryImageOfPage\":{\"@id\":\"https:\/\/escuelaespanaval.cl\/?p=483#primaryimage\"},\"image\":{\"@id\":\"https:\/\/escuelaespanaval.cl\/?p=483#primaryimage\"},\"thumbnailUrl\":\"https:\/\/escuelaespanaval.cl\/wp-content\/uploads\/2020\/12\/PHOTO-2019-05-22-09-01-20_1.jpg\",\"datePublished\":\"2019-05-16T21:35:00+00:00\",\"dateModified\":\"2020-12-12T21:39:03+00:00\",\"breadcrumb\":{\"@id\":\"https:\/\/escuelaespanaval.cl\/?p=483#breadcrumb\"},\"inLanguage\":\"es\",\"potentialAction\":[{\"@type\":\"ReadAction\",\"target\":[\"https:\/\/escuelaespanaval.cl\/?p=483\"]}]},{\"@type\":\"ImageObject\",\"inLanguage\":\"es\",\"@id\":\"https:\/\/escuelaespanaval.cl\/?p=483#primaryimage\",\"url\":\"https:\/\/escuelaespanaval.cl\/wp-content\/uploads\/2020\/12\/PHOTO-2019-05-22-09-01-20_1.jpg\",\"contentUrl\":\"https:\/\/escuelaespanaval.cl\/wp-content\/uploads\/2020\/12\/PHOTO-2019-05-22-09-01-20_1.jpg\",\"width\":1280,\"height\":853},{\"@type\":\"BreadcrumbList\",\"@id\":\"https:\/\/escuelaespanaval.cl\/?p=483#breadcrumb\",\"itemListElement\":[{\"@type\":\"ListItem\",\"position\":1,\"name\":\"Portada\",\"item\":\"https:\/\/escuelaespanaval.cl\/\"},{\"@type\":\"ListItem\",\"position\":2,\"name\":\"\u00abConociendo a Nuestras Autoridades\u00bb\"}]},{\"@type\":\"WebSite\",\"@id\":\"https:\/\/escuelaespanaval.cl\/#website\",\"url\":\"https:\/\/escuelaespanaval.cl\/\",\"name\":\"Escuela Espa\u00f1a\",\"description\":\"Valdivia\",\"publisher\":{\"@id\":\"https:\/\/escuelaespanaval.cl\/#organization\"},\"potentialAction\":[{\"@type\":\"SearchAction\",\"target\":{\"@type\":\"EntryPoint\",\"urlTemplate\":\"https:\/\/escuelaespanaval.cl\/?s={search_term_string}\"},\"query-input\":{\"@type\":\"PropertyValueSpecification\",\"valueRequired\":true,\"valueName\":\"search_term_string\"}}],\"inLanguage\":\"es\"},{\"@type\":\"Organization\",\"@id\":\"https:\/\/escuelaespanaval.cl\/#organization\",\"name\":\"Escuela Espa\u00f1a\",\"url\":\"https:\/\/escuelaespanaval.cl\/\",\"logo\":{\"@type\":\"ImageObject\",\"inLanguage\":\"es\",\"@id\":\"https:\/\/escuelaespanaval.cl\/#\/schema\/logo\/image\/\",\"url\":\"https:\/\/escuelaespanaval.cl\/wp-content\/uploads\/2020\/12\/LOGO_ESCUELA.png\",\"contentUrl\":\"https:\/\/escuelaespanaval.cl\/wp-content\/uploads\/2020\/12\/LOGO_ESCUELA.png\",\"width\":1550,\"height\":2402,\"caption\":\"Escuela Espa\u00f1a\"},\"image\":{\"@id\":\"https:\/\/escuelaespanaval.cl\/#\/schema\/logo\/image\/\"},\"sameAs\":[\"https:\/\/www.facebook.com\/escuelaespanavald\",\"https:\/\/www.youtube.com\/@escuelaespanavaldivia97\"]},{\"@type\":\"Person\",\"@id\":\"https:\/\/escuelaespanaval.cl\/#\/schema\/person\/b8dc96fec133a948c2114bb5cba3ca1a\",\"name\":\"Administrador\",\"image\":{\"@type\":\"ImageObject\",\"inLanguage\":\"es\",\"@id\":\"https:\/\/escuelaespanaval.cl\/#\/schema\/person\/image\/\",\"url\":\"https:\/\/secure.gravatar.com\/avatar\/1a4537f0b323ae38f6776eb293038a2af5616bfe3d24bf6be540f254d895dd45?s=96&d=mm&r=g\",\"contentUrl\":\"https:\/\/secure.gravatar.com\/avatar\/1a4537f0b323ae38f6776eb293038a2af5616bfe3d24bf6be540f254d895dd45?s=96&d=mm&r=g\",\"caption\":\"Administrador\"},\"sameAs\":[\"https:\/\/escuelaespanaval.cl\/wp\"],\"url\":\"https:\/\/escuelaespanaval.cl\/?author=1\"}]}<\/script>\n<!-- \/ Yoast SEO plugin. -->","yoast_head_json":{"title":"\"Conociendo a Nuestras Autoridades\" - Escuela Espa\u00f1a","robots":{"index":"index","follow":"follow","max-snippet":"max-snippet:-1","max-image-preview":"max-image-preview:large","max-video-preview":"max-video-preview:-1"},"canonical":"https:\/\/escuelaespanaval.cl\/?p=483","og_locale":"es_ES","og_type":"article","og_title":"\"Conociendo a Nuestras Autoridades\" - Escuela Espa\u00f1a","og_description":"Visita realizada el d\u00eda Jueves 16 de Mayo a la intendencia de la Regi\u00f3n de Los R\u00edos y al Intendente Sr. Cesar Asenjo Jerez, en el marco de la Formaci\u00f3n Ciudadana para p\u00e1rvulos \u00abConociendo a nuestras Autoridades\u00bb, por el Pre Kinder A de nuestra Escuela Espa\u00f1a, acompa\u00f1ados por Educadora Martina Caama\u00f1o y Rommy Faure, Asistente [&hellip;]","og_url":"https:\/\/escuelaespanaval.cl\/?p=483","og_site_name":"Escuela Espa\u00f1a","article_publisher":"https:\/\/www.facebook.com\/escuelaespanavald","article_published_time":"2019-05-16T21:35:00+00:00","article_modified_time":"2020-12-12T21:39:03+00:00","og_image":[{"width":1280,"height":853,"url":"https:\/\/escuelaespanaval.cl\/wp-content\/uploads\/2020\/12\/PHOTO-2019-05-22-09-01-20_1.jpg","type":"image\/jpeg"}],"author":"Administrador","twitter_card":"summary_large_image","twitter_misc":{"Escrito por":"Administrador"},"schema":{"@context":"https:\/\/schema.org","@graph":[{"@type":"Article","@id":"https:\/\/escuelaespanaval.cl\/?p=483#article","isPartOf":{"@id":"https:\/\/escuelaespanaval.cl\/?p=483"},"author":{"name":"Administrador","@id":"https:\/\/escuelaespanaval.cl\/#\/schema\/person\/b8dc96fec133a948c2114bb5cba3ca1a"},"headline":"\u00abConociendo a Nuestras Autoridades\u00bb","datePublished":"2019-05-16T21:35:00+00:00","dateModified":"2020-12-12T21:39:03+00:00","mainEntityOfPage":{"@id":"https:\/\/escuelaespanaval.cl\/?p=483"},"wordCount":71,"commentCount":0,"publisher":{"@id":"https:\/\/escuelaespanaval.cl\/#organization"},"image":{"@id":"https:\/\/escuelaespanaval.cl\/?p=483#primaryimage"},"thumbnailUrl":"https:\/\/escuelaespanaval.cl\/wp-content\/uploads\/2020\/12\/PHOTO-2019-05-22-09-01-20_1.jpg","articleSection":["Uncategorized"],"inLanguage":"es","potentialAction":[{"@type":"CommentAction","name":"Comment","target":["https:\/\/escuelaespanaval.cl\/?p=483#respond"]}]},{"@type":"WebPage","@id":"https:\/\/escuelaespanaval.cl\/?p=483","url":"https:\/\/escuelaespanaval.cl\/?p=483","name":"\"Conociendo a Nuestras Autoridades\" - Escuela Espa\u00f1a","isPartOf":{"@id":"https:\/\/escuelaespanaval.cl\/#website"},"primaryImageOfPage":{"@id":"https:\/\/escuelaespanaval.cl\/?p=483#primaryimage"},"image":{"@id":"https:\/\/escuelaespanaval.cl\/?p=483#primaryimage"},"thumbnailUrl":"https:\/\/escuelaespanaval.cl\/wp-content\/uploads\/2020\/12\/PHOTO-2019-05-22-09-01-20_1.jpg","datePublished":"2019-05-16T21:35:00+00:00","dateModified":"2020-12-12T21:39:03+00:00","breadcrumb":{"@id":"https:\/\/escuelaespanaval.cl\/?p=483#breadcrumb"},"inLanguage":"es","potentialAction":[{"@type":"ReadAction","target":["https:\/\/escuelaespanaval.cl\/?p=483"]}]},{"@type":"ImageObject","inLanguage":"es","@id":"https:\/\/escuelaespanaval.cl\/?p=483#primaryimage","url":"https:\/\/escuelaespanaval.cl\/wp-content\/uploads\/2020\/12\/PHOTO-2019-05-22-09-01-20_1.jpg","contentUrl":"https:\/\/escuelaespanaval.cl\/wp-content\/uploads\/2020\/12\/PHOTO-2019-05-22-09-01-20_1.jpg","width":1280,"height":853},{"@type":"BreadcrumbList","@id":"https:\/\/escuelaespanaval.cl\/?p=483#breadcrumb","itemListElement":[{"@type":"ListItem","position":1,"name":"Portada","item":"https:\/\/escuelaespanaval.cl\/"},{"@type":"ListItem","position":2,"name":"\u00abConociendo a Nuestras Autoridades\u00bb"}]},{"@type":"WebSite","@id":"https:\/\/escuelaespanaval.cl\/#website","url":"https:\/\/escuelaespanaval.cl\/","name":"Escuela Espa\u00f1a","description":"Valdivia","publisher":{"@id":"https:\/\/escuelaespanaval.cl\/#organization"},"potentialAction":[{"@type":"SearchAction","target":{"@type":"EntryPoint","urlTemplate":"https:\/\/escuelaespanaval.cl\/?s={search_term_string}"},"query-input":{"@type":"PropertyValueSpecification","valueRequired":true,"valueName":"search_term_string"}}],"inLanguage":"es"},{"@type":"Organization","@id":"https:\/\/escuelaespanaval.cl\/#organization","name":"Escuela Espa\u00f1a","url":"https:\/\/escuelaespanaval.cl\/","logo":{"@type":"ImageObject","inLanguage":"es","@id":"https:\/\/escuelaespanaval.cl\/#\/schema\/logo\/image\/","url":"https:\/\/escuelaespanaval.cl\/wp-content\/uploads\/2020\/12\/LOGO_ESCUELA.png","contentUrl":"https:\/\/escuelaespanaval.cl\/wp-content\/uploads\/2020\/12\/LOGO_ESCUELA.png","width":1550,"height":2402,"caption":"Escuela Espa\u00f1a"},"image":{"@id":"https:\/\/escuelaespanaval.cl\/#\/schema\/logo\/image\/"},"sameAs":["https:\/\/www.facebook.com\/escuelaespanavald","https:\/\/www.youtube.com\/@escuelaespanavaldivia97"]},{"@type":"Person","@id":"https:\/\/escuelaespanaval.cl\/#\/schema\/person\/b8dc96fec133a948c2114bb5cba3ca1a","name":"Administrador","image":{"@type":"ImageObject","inLanguage":"es","@id":"https:\/\/escuelaespanaval.cl\/#\/schema\/person\/image\/","url":"https:\/\/secure.gravatar.com\/avatar\/1a4537f0b323ae38f6776eb293038a2af5616bfe3d24bf6be540f254d895dd45?s=96&d=mm&r=g","contentUrl":"https:\/\/secure.gravatar.com\/avatar\/1a4537f0b323ae38f6776eb293038a2af5616bfe3d24bf6be540f254d895dd45?s=96&d=mm&r=g","caption":"Administrador"},"sameAs":["https:\/\/escuelaespanaval.cl\/wp"],"url":"https:\/\/escuelaespanaval.cl\/?author=1"}]}},"_links":{"self":[{"href":"https:\/\/escuelaespanaval.cl\/index.php?rest_route=\/wp\/v2\/posts\/483","targetHints":{"allow":["GET"]}}],"collection":[{"href":"https:\/\/escuelaespanaval.cl\/index.php?rest_route=\/wp\/v2\/posts"}],"about":[{"href":"https:\/\/escuelaespanaval.cl\/index.php?rest_route=\/wp\/v2\/types\/post"}],"author":[{"embeddable":true,"href":"https:\/\/escuelaespanaval.cl\/index.php?rest_route=\/wp\/v2\/users\/1"}],"replies":[{"embeddable":true,"href":"https:\/\/escuelaespanaval.cl\/index.php?rest_route=%2Fwp%2Fv2%2Fcomments&post=483"}],"version-history":[{"count":1,"href":"https:\/\/escuelaespanaval.cl\/index.php?rest_route=\/wp\/v2\/posts\/483\/revisions"}],"predecessor-version":[{"id":538,"href":"https:\/\/escuelaespanaval.cl\/index.php?rest_route=\/wp\/v2\/posts\/483\/revisions\/538"}],"wp:featuredmedia":[{"embeddable":true,"href":"https:\/\/escuelaespanaval.cl\/index.php?rest_route=\/wp\/v2\/media\/515"}],"wp:attachment":[{"href":"https:\/\/escuelaespanaval.cl\/index.php?rest_route=%2Fwp%2Fv2%2Fmedia&parent=483"}],"wp:term":[{"taxonomy":"category","embeddable":true,"href":"https:\/\/escuelaespanaval.cl\/index.php?rest_route=%2Fwp%2Fv2%2Fcategories&post=483"},{"taxonomy":"post_tag","embeddable":true,"href":"https:\/\/escuelaespanaval.cl\/index.php?rest_route=%2Fwp%2Fv2%2Ftags&post=483"}],"curies":[{"name":"wp","href":"https:\/\/api.w.org\/{rel}","templated":true}]}}