{"id":481,"date":"2019-05-10T21:32:00","date_gmt":"2019-05-10T21:32:00","guid":{"rendered":"https:\/\/escuelaespanaval.cl\/wp\/?p=481"},"modified":"2020-12-12T21:34:24","modified_gmt":"2020-12-12T21:34:24","slug":"dia-del-alumno-2019","status":"publish","type":"post","link":"https:\/\/escuelaespanaval.cl\/?p=481","title":{"rendered":"Dia del Alumno 2019"},"content":{"rendered":"\n<p>El Viernes 10 de mayo se celebr\u00f3 el d\u00eda del Alumnos<\/p>\n\n\n\n<figure class=\"wp-block-gallery columns-3 is-cropped wp-block-gallery-1 is-layout-flex wp-block-gallery-is-layout-flex\"><ul class=\"blocks-gallery-grid\"><li class=\"blocks-gallery-item\"><figure><a href=\"https:\/\/escuelaespanaval.cl\/wp\/wp-content\/uploads\/2020\/12\/IMG_6392-1-scaled.jpg\"><img loading=\"lazy\" decoding=\"async\" width=\"1024\" height=\"768\" src=\"https:\/\/escuelaespanaval.cl\/wp\/wp-content\/uploads\/2020\/12\/IMG_6392-1-1024x768.jpg\" alt=\"\" data-id=\"479\" data-full-url=\"https:\/\/escuelaespanaval.cl\/wp\/wp-content\/uploads\/2020\/12\/IMG_6392-1-scaled.jpg\" data-link=\"https:\/\/escuelaespanaval.cl\/wp\/2019\/05\/13\/visita-seremi-de-educacion\/img_6392-1\/\" class=\"wp-image-479\" srcset=\"https:\/\/escuelaespanaval.cl\/wp-content\/uploads\/2020\/12\/IMG_6392-1-1024x768.jpg 1024w, https:\/\/escuelaespanaval.cl\/wp-content\/uploads\/2020\/12\/IMG_6392-1-300x225.jpg 300w, https:\/\/escuelaespanaval.cl\/wp-content\/uploads\/2020\/12\/IMG_6392-1-768x576.jpg 768w, https:\/\/escuelaespanaval.cl\/wp-content\/uploads\/2020\/12\/IMG_6392-1-1536x1152.jpg 1536w, https:\/\/escuelaespanaval.cl\/wp-content\/uploads\/2020\/12\/IMG_6392-1-2048x1536.jpg 2048w, https:\/\/escuelaespanaval.cl\/wp-content\/uploads\/2020\/12\/IMG_6392-1-510x382.jpg 510w, https:\/\/escuelaespanaval.cl\/wp-content\/uploads\/2020\/12\/IMG_6392-1-1080x810.jpg 1080w, https:\/\/escuelaespanaval.cl\/wp-content\/uploads\/2020\/12\/IMG_6392-1-1280x960.jpg 1280w, https:\/\/escuelaespanaval.cl\/wp-content\/uploads\/2020\/12\/IMG_6392-1-980x735.jpg 980w, https:\/\/escuelaespanaval.cl\/wp-content\/uploads\/2020\/12\/IMG_6392-1-480x360.jpg 480w\" sizes=\"auto, (max-width: 1024px) 100vw, 1024px\" \/><\/a><\/figure><\/li><li class=\"blocks-gallery-item\"><figure><a href=\"https:\/\/escuelaespanaval.cl\/wp\/wp-content\/uploads\/2020\/12\/IMG_6391-1-scaled.jpg\"><img loading=\"lazy\" decoding=\"async\" width=\"1024\" height=\"768\" src=\"https:\/\/escuelaespanaval.cl\/wp\/wp-content\/uploads\/2020\/12\/IMG_6391-1-1024x768.jpg\" alt=\"\" data-id=\"478\" data-full-url=\"https:\/\/escuelaespanaval.cl\/wp\/wp-content\/uploads\/2020\/12\/IMG_6391-1-scaled.jpg\" data-link=\"https:\/\/escuelaespanaval.cl\/wp\/2019\/05\/13\/visita-seremi-de-educacion\/img_6391-1\/\" class=\"wp-image-478\" srcset=\"https:\/\/escuelaespanaval.cl\/wp-content\/uploads\/2020\/12\/IMG_6391-1-1024x768.jpg 1024w, https:\/\/escuelaespanaval.cl\/wp-content\/uploads\/2020\/12\/IMG_6391-1-300x225.jpg 300w, https:\/\/escuelaespanaval.cl\/wp-content\/uploads\/2020\/12\/IMG_6391-1-768x576.jpg 768w, https:\/\/escuelaespanaval.cl\/wp-content\/uploads\/2020\/12\/IMG_6391-1-1536x1152.jpg 1536w, https:\/\/escuelaespanaval.cl\/wp-content\/uploads\/2020\/12\/IMG_6391-1-2048x1536.jpg 2048w, https:\/\/escuelaespanaval.cl\/wp-content\/uploads\/2020\/12\/IMG_6391-1-510x382.jpg 510w, https:\/\/escuelaespanaval.cl\/wp-content\/uploads\/2020\/12\/IMG_6391-1-1080x810.jpg 1080w, https:\/\/escuelaespanaval.cl\/wp-content\/uploads\/2020\/12\/IMG_6391-1-1280x960.jpg 1280w, https:\/\/escuelaespanaval.cl\/wp-content\/uploads\/2020\/12\/IMG_6391-1-980x735.jpg 980w, https:\/\/escuelaespanaval.cl\/wp-content\/uploads\/2020\/12\/IMG_6391-1-480x360.jpg 480w\" sizes=\"auto, (max-width: 1024px) 100vw, 1024px\" \/><\/a><\/figure><\/li><li class=\"blocks-gallery-item\"><figure><a href=\"https:\/\/escuelaespanaval.cl\/wp\/wp-content\/uploads\/2020\/12\/IMG_6388-1-scaled.jpg\"><img loading=\"lazy\" decoding=\"async\" width=\"1024\" height=\"768\" src=\"https:\/\/escuelaespanaval.cl\/wp\/wp-content\/uploads\/2020\/12\/IMG_6388-1-1024x768.jpg\" alt=\"\" data-id=\"477\" data-full-url=\"https:\/\/escuelaespanaval.cl\/wp\/wp-content\/uploads\/2020\/12\/IMG_6388-1-scaled.jpg\" data-link=\"https:\/\/escuelaespanaval.cl\/wp\/2019\/05\/13\/visita-seremi-de-educacion\/img_6388-1\/\" class=\"wp-image-477\" srcset=\"https:\/\/escuelaespanaval.cl\/wp-content\/uploads\/2020\/12\/IMG_6388-1-1024x768.jpg 1024w, https:\/\/escuelaespanaval.cl\/wp-content\/uploads\/2020\/12\/IMG_6388-1-300x225.jpg 300w, https:\/\/escuelaespanaval.cl\/wp-content\/uploads\/2020\/12\/IMG_6388-1-768x576.jpg 768w, https:\/\/escuelaespanaval.cl\/wp-content\/uploads\/2020\/12\/IMG_6388-1-1536x1152.jpg 1536w, https:\/\/escuelaespanaval.cl\/wp-content\/uploads\/2020\/12\/IMG_6388-1-2048x1536.jpg 2048w, https:\/\/escuelaespanaval.cl\/wp-content\/uploads\/2020\/12\/IMG_6388-1-510x382.jpg 510w, https:\/\/escuelaespanaval.cl\/wp-content\/uploads\/2020\/12\/IMG_6388-1-1080x810.jpg 1080w, https:\/\/escuelaespanaval.cl\/wp-content\/uploads\/2020\/12\/IMG_6388-1-1280x960.jpg 1280w, https:\/\/escuelaespanaval.cl\/wp-content\/uploads\/2020\/12\/IMG_6388-1-980x735.jpg 980w, https:\/\/escuelaespanaval.cl\/wp-content\/uploads\/2020\/12\/IMG_6388-1-480x360.jpg 480w\" sizes=\"auto, (max-width: 1024px) 100vw, 1024px\" \/><\/a><\/figure><\/li><li class=\"blocks-gallery-item\"><figure><a href=\"https:\/\/escuelaespanaval.cl\/wp\/wp-content\/uploads\/2020\/12\/IMG_6392-scaled.jpg\"><img loading=\"lazy\" decoding=\"async\" width=\"1024\" height=\"768\" src=\"https:\/\/escuelaespanaval.cl\/wp\/wp-content\/uploads\/2020\/12\/IMG_6392-1024x768.jpg\" alt=\"\" data-id=\"476\" data-full-url=\"https:\/\/escuelaespanaval.cl\/wp\/wp-content\/uploads\/2020\/12\/IMG_6392-scaled.jpg\" data-link=\"https:\/\/escuelaespanaval.cl\/wp\/2019\/05\/13\/visita-seremi-de-educacion\/img_6392\/\" class=\"wp-image-476\" srcset=\"https:\/\/escuelaespanaval.cl\/wp-content\/uploads\/2020\/12\/IMG_6392-1024x768.jpg 1024w, https:\/\/escuelaespanaval.cl\/wp-content\/uploads\/2020\/12\/IMG_6392-300x225.jpg 300w, https:\/\/escuelaespanaval.cl\/wp-content\/uploads\/2020\/12\/IMG_6392-768x576.jpg 768w, https:\/\/escuelaespanaval.cl\/wp-content\/uploads\/2020\/12\/IMG_6392-1536x1152.jpg 1536w, https:\/\/escuelaespanaval.cl\/wp-content\/uploads\/2020\/12\/IMG_6392-2048x1536.jpg 2048w, https:\/\/escuelaespanaval.cl\/wp-content\/uploads\/2020\/12\/IMG_6392-510x382.jpg 510w, https:\/\/escuelaespanaval.cl\/wp-content\/uploads\/2020\/12\/IMG_6392-1080x810.jpg 1080w, https:\/\/escuelaespanaval.cl\/wp-content\/uploads\/2020\/12\/IMG_6392-1280x960.jpg 1280w, https:\/\/escuelaespanaval.cl\/wp-content\/uploads\/2020\/12\/IMG_6392-980x735.jpg 980w, https:\/\/escuelaespanaval.cl\/wp-content\/uploads\/2020\/12\/IMG_6392-480x360.jpg 480w\" sizes=\"auto, (max-width: 1024px) 100vw, 1024px\" \/><\/a><\/figure><\/li><li class=\"blocks-gallery-item\"><figure><a href=\"https:\/\/escuelaespanaval.cl\/wp\/wp-content\/uploads\/2020\/12\/IMG_6387-1-scaled.jpg\"><img loading=\"lazy\" decoding=\"async\" width=\"1024\" height=\"768\" src=\"https:\/\/escuelaespanaval.cl\/wp\/wp-content\/uploads\/2020\/12\/IMG_6387-1-1024x768.jpg\" alt=\"\" data-id=\"475\" data-full-url=\"https:\/\/escuelaespanaval.cl\/wp\/wp-content\/uploads\/2020\/12\/IMG_6387-1-scaled.jpg\" data-link=\"https:\/\/escuelaespanaval.cl\/wp\/2019\/05\/13\/visita-seremi-de-educacion\/img_6387-1\/\" class=\"wp-image-475\" srcset=\"https:\/\/escuelaespanaval.cl\/wp-content\/uploads\/2020\/12\/IMG_6387-1-1024x768.jpg 1024w, https:\/\/escuelaespanaval.cl\/wp-content\/uploads\/2020\/12\/IMG_6387-1-300x225.jpg 300w, https:\/\/escuelaespanaval.cl\/wp-content\/uploads\/2020\/12\/IMG_6387-1-768x576.jpg 768w, https:\/\/escuelaespanaval.cl\/wp-content\/uploads\/2020\/12\/IMG_6387-1-1536x1152.jpg 1536w, https:\/\/escuelaespanaval.cl\/wp-content\/uploads\/2020\/12\/IMG_6387-1-2048x1536.jpg 2048w, https:\/\/escuelaespanaval.cl\/wp-content\/uploads\/2020\/12\/IMG_6387-1-510x382.jpg 510w, https:\/\/escuelaespanaval.cl\/wp-content\/uploads\/2020\/12\/IMG_6387-1-1080x810.jpg 1080w, https:\/\/escuelaespanaval.cl\/wp-content\/uploads\/2020\/12\/IMG_6387-1-1280x960.jpg 1280w, https:\/\/escuelaespanaval.cl\/wp-content\/uploads\/2020\/12\/IMG_6387-1-980x735.jpg 980w, https:\/\/escuelaespanaval.cl\/wp-content\/uploads\/2020\/12\/IMG_6387-1-480x360.jpg 480w\" sizes=\"auto, (max-width: 1024px) 100vw, 1024px\" \/><\/a><\/figure><\/li><li class=\"blocks-gallery-item\"><figure><a href=\"https:\/\/escuelaespanaval.cl\/wp\/wp-content\/uploads\/2020\/12\/IMG_6391-scaled.jpg\"><img loading=\"lazy\" decoding=\"async\" width=\"1024\" height=\"768\" src=\"https:\/\/escuelaespanaval.cl\/wp\/wp-content\/uploads\/2020\/12\/IMG_6391-1024x768.jpg\" alt=\"\" data-id=\"474\" data-full-url=\"https:\/\/escuelaespanaval.cl\/wp\/wp-content\/uploads\/2020\/12\/IMG_6391-scaled.jpg\" data-link=\"https:\/\/escuelaespanaval.cl\/wp\/2019\/05\/13\/visita-seremi-de-educacion\/img_6391\/\" class=\"wp-image-474\" srcset=\"https:\/\/escuelaespanaval.cl\/wp-content\/uploads\/2020\/12\/IMG_6391-1024x768.jpg 1024w, https:\/\/escuelaespanaval.cl\/wp-content\/uploads\/2020\/12\/IMG_6391-300x225.jpg 300w, https:\/\/escuelaespanaval.cl\/wp-content\/uploads\/2020\/12\/IMG_6391-768x576.jpg 768w, https:\/\/escuelaespanaval.cl\/wp-content\/uploads\/2020\/12\/IMG_6391-1536x1152.jpg 1536w, https:\/\/escuelaespanaval.cl\/wp-content\/uploads\/2020\/12\/IMG_6391-2048x1536.jpg 2048w, https:\/\/escuelaespanaval.cl\/wp-content\/uploads\/2020\/12\/IMG_6391-510x382.jpg 510w, https:\/\/escuelaespanaval.cl\/wp-content\/uploads\/2020\/12\/IMG_6391-1080x810.jpg 1080w, https:\/\/escuelaespanaval.cl\/wp-content\/uploads\/2020\/12\/IMG_6391-1280x960.jpg 1280w, https:\/\/escuelaespanaval.cl\/wp-content\/uploads\/2020\/12\/IMG_6391-980x735.jpg 980w, https:\/\/escuelaespanaval.cl\/wp-content\/uploads\/2020\/12\/IMG_6391-480x360.jpg 480w\" sizes=\"auto, (max-width: 1024px) 100vw, 1024px\" \/><\/a><\/figure><\/li><li class=\"blocks-gallery-item\"><figure><a href=\"https:\/\/escuelaespanaval.cl\/wp\/wp-content\/uploads\/2020\/12\/IMG_6386-1-scaled.jpg\"><img loading=\"lazy\" decoding=\"async\" width=\"1024\" height=\"768\" src=\"https:\/\/escuelaespanaval.cl\/wp\/wp-content\/uploads\/2020\/12\/IMG_6386-1-1024x768.jpg\" alt=\"\" data-id=\"473\" data-full-url=\"https:\/\/escuelaespanaval.cl\/wp\/wp-content\/uploads\/2020\/12\/IMG_6386-1-scaled.jpg\" data-link=\"https:\/\/escuelaespanaval.cl\/wp\/2019\/05\/13\/visita-seremi-de-educacion\/img_6386-1\/\" class=\"wp-image-473\" srcset=\"https:\/\/escuelaespanaval.cl\/wp-content\/uploads\/2020\/12\/IMG_6386-1-1024x768.jpg 1024w, https:\/\/escuelaespanaval.cl\/wp-content\/uploads\/2020\/12\/IMG_6386-1-300x225.jpg 300w, https:\/\/escuelaespanaval.cl\/wp-content\/uploads\/2020\/12\/IMG_6386-1-768x576.jpg 768w, https:\/\/escuelaespanaval.cl\/wp-content\/uploads\/2020\/12\/IMG_6386-1-1536x1152.jpg 1536w, https:\/\/escuelaespanaval.cl\/wp-content\/uploads\/2020\/12\/IMG_6386-1-2048x1536.jpg 2048w, https:\/\/escuelaespanaval.cl\/wp-content\/uploads\/2020\/12\/IMG_6386-1-510x382.jpg 510w, https:\/\/escuelaespanaval.cl\/wp-content\/uploads\/2020\/12\/IMG_6386-1-1080x810.jpg 1080w, https:\/\/escuelaespanaval.cl\/wp-content\/uploads\/2020\/12\/IMG_6386-1-1280x960.jpg 1280w, https:\/\/escuelaespanaval.cl\/wp-content\/uploads\/2020\/12\/IMG_6386-1-980x735.jpg 980w, https:\/\/escuelaespanaval.cl\/wp-content\/uploads\/2020\/12\/IMG_6386-1-480x360.jpg 480w\" sizes=\"auto, (max-width: 1024px) 100vw, 1024px\" \/><\/a><\/figure><\/li><li class=\"blocks-gallery-item\"><figure><a href=\"https:\/\/escuelaespanaval.cl\/wp\/wp-content\/uploads\/2020\/12\/IMG_6388-scaled.jpg\"><img loading=\"lazy\" decoding=\"async\" width=\"1024\" height=\"768\" src=\"https:\/\/escuelaespanaval.cl\/wp\/wp-content\/uploads\/2020\/12\/IMG_6388-1024x768.jpg\" alt=\"\" data-id=\"472\" data-full-url=\"https:\/\/escuelaespanaval.cl\/wp\/wp-content\/uploads\/2020\/12\/IMG_6388-scaled.jpg\" data-link=\"https:\/\/escuelaespanaval.cl\/wp\/2019\/05\/13\/visita-seremi-de-educacion\/img_6388\/\" class=\"wp-image-472\" srcset=\"https:\/\/escuelaespanaval.cl\/wp-content\/uploads\/2020\/12\/IMG_6388-1024x768.jpg 1024w, https:\/\/escuelaespanaval.cl\/wp-content\/uploads\/2020\/12\/IMG_6388-300x225.jpg 300w, https:\/\/escuelaespanaval.cl\/wp-content\/uploads\/2020\/12\/IMG_6388-768x576.jpg 768w, https:\/\/escuelaespanaval.cl\/wp-content\/uploads\/2020\/12\/IMG_6388-1536x1152.jpg 1536w, https:\/\/escuelaespanaval.cl\/wp-content\/uploads\/2020\/12\/IMG_6388-2048x1536.jpg 2048w, https:\/\/escuelaespanaval.cl\/wp-content\/uploads\/2020\/12\/IMG_6388-510x382.jpg 510w, https:\/\/escuelaespanaval.cl\/wp-content\/uploads\/2020\/12\/IMG_6388-1080x810.jpg 1080w, https:\/\/escuelaespanaval.cl\/wp-content\/uploads\/2020\/12\/IMG_6388-1280x960.jpg 1280w, https:\/\/escuelaespanaval.cl\/wp-content\/uploads\/2020\/12\/IMG_6388-980x735.jpg 980w, https:\/\/escuelaespanaval.cl\/wp-content\/uploads\/2020\/12\/IMG_6388-480x360.jpg 480w\" sizes=\"auto, (max-width: 1024px) 100vw, 1024px\" \/><\/a><\/figure><\/li><li class=\"blocks-gallery-item\"><figure><a href=\"https:\/\/escuelaespanaval.cl\/wp\/wp-content\/uploads\/2020\/12\/IMG_6385-1-scaled.jpg\"><img loading=\"lazy\" decoding=\"async\" width=\"1024\" height=\"768\" src=\"https:\/\/escuelaespanaval.cl\/wp\/wp-content\/uploads\/2020\/12\/IMG_6385-1-1024x768.jpg\" alt=\"\" data-id=\"471\" data-full-url=\"https:\/\/escuelaespanaval.cl\/wp\/wp-content\/uploads\/2020\/12\/IMG_6385-1-scaled.jpg\" data-link=\"https:\/\/escuelaespanaval.cl\/wp\/2019\/05\/13\/visita-seremi-de-educacion\/img_6385-1\/\" class=\"wp-image-471\" srcset=\"https:\/\/escuelaespanaval.cl\/wp-content\/uploads\/2020\/12\/IMG_6385-1-1024x768.jpg 1024w, https:\/\/escuelaespanaval.cl\/wp-content\/uploads\/2020\/12\/IMG_6385-1-300x225.jpg 300w, https:\/\/escuelaespanaval.cl\/wp-content\/uploads\/2020\/12\/IMG_6385-1-768x576.jpg 768w, https:\/\/escuelaespanaval.cl\/wp-content\/uploads\/2020\/12\/IMG_6385-1-1536x1152.jpg 1536w, https:\/\/escuelaespanaval.cl\/wp-content\/uploads\/2020\/12\/IMG_6385-1-2048x1536.jpg 2048w, https:\/\/escuelaespanaval.cl\/wp-content\/uploads\/2020\/12\/IMG_6385-1-510x382.jpg 510w, https:\/\/escuelaespanaval.cl\/wp-content\/uploads\/2020\/12\/IMG_6385-1-1080x810.jpg 1080w, https:\/\/escuelaespanaval.cl\/wp-content\/uploads\/2020\/12\/IMG_6385-1-1280x960.jpg 1280w, https:\/\/escuelaespanaval.cl\/wp-content\/uploads\/2020\/12\/IMG_6385-1-980x735.jpg 980w, https:\/\/escuelaespanaval.cl\/wp-content\/uploads\/2020\/12\/IMG_6385-1-480x360.jpg 480w\" sizes=\"auto, (max-width: 1024px) 100vw, 1024px\" \/><\/a><\/figure><\/li><li class=\"blocks-gallery-item\"><figure><a href=\"https:\/\/escuelaespanaval.cl\/wp\/wp-content\/uploads\/2020\/12\/IMG_6383-scaled.jpg\"><img loading=\"lazy\" decoding=\"async\" width=\"1024\" height=\"768\" src=\"https:\/\/escuelaespanaval.cl\/wp\/wp-content\/uploads\/2020\/12\/IMG_6383-1024x768.jpg\" alt=\"\" data-id=\"462\" data-full-url=\"https:\/\/escuelaespanaval.cl\/wp\/wp-content\/uploads\/2020\/12\/IMG_6383-scaled.jpg\" data-link=\"https:\/\/escuelaespanaval.cl\/wp\/2019\/05\/13\/visita-seremi-de-educacion\/img_6383\/\" class=\"wp-image-462\" srcset=\"https:\/\/escuelaespanaval.cl\/wp-content\/uploads\/2020\/12\/IMG_6383-1024x768.jpg 1024w, https:\/\/escuelaespanaval.cl\/wp-content\/uploads\/2020\/12\/IMG_6383-300x225.jpg 300w, https:\/\/escuelaespanaval.cl\/wp-content\/uploads\/2020\/12\/IMG_6383-768x576.jpg 768w, https:\/\/escuelaespanaval.cl\/wp-content\/uploads\/2020\/12\/IMG_6383-1536x1152.jpg 1536w, https:\/\/escuelaespanaval.cl\/wp-content\/uploads\/2020\/12\/IMG_6383-2048x1536.jpg 2048w, https:\/\/escuelaespanaval.cl\/wp-content\/uploads\/2020\/12\/IMG_6383-510x382.jpg 510w, https:\/\/escuelaespanaval.cl\/wp-content\/uploads\/2020\/12\/IMG_6383-1080x810.jpg 1080w, https:\/\/escuelaespanaval.cl\/wp-content\/uploads\/2020\/12\/IMG_6383-1280x960.jpg 1280w, https:\/\/escuelaespanaval.cl\/wp-content\/uploads\/2020\/12\/IMG_6383-980x735.jpg 980w, https:\/\/escuelaespanaval.cl\/wp-content\/uploads\/2020\/12\/IMG_6383-480x360.jpg 480w\" sizes=\"auto, (max-width: 1024px) 100vw, 1024px\" \/><\/a><\/figure><\/li><li class=\"blocks-gallery-item\"><figure><a href=\"https:\/\/escuelaespanaval.cl\/wp\/wp-content\/uploads\/2020\/12\/IMG_6381-1-scaled.jpg\"><img loading=\"lazy\" decoding=\"async\" width=\"1024\" height=\"768\" src=\"https:\/\/escuelaespanaval.cl\/wp\/wp-content\/uploads\/2020\/12\/IMG_6381-1-1024x768.jpg\" alt=\"\" data-id=\"463\" data-full-url=\"https:\/\/escuelaespanaval.cl\/wp\/wp-content\/uploads\/2020\/12\/IMG_6381-1-scaled.jpg\" data-link=\"https:\/\/escuelaespanaval.cl\/wp\/2019\/05\/13\/visita-seremi-de-educacion\/img_6381-1\/\" class=\"wp-image-463\" srcset=\"https:\/\/escuelaespanaval.cl\/wp-content\/uploads\/2020\/12\/IMG_6381-1-1024x768.jpg 1024w, https:\/\/escuelaespanaval.cl\/wp-content\/uploads\/2020\/12\/IMG_6381-1-300x225.jpg 300w, https:\/\/escuelaespanaval.cl\/wp-content\/uploads\/2020\/12\/IMG_6381-1-768x576.jpg 768w, https:\/\/escuelaespanaval.cl\/wp-content\/uploads\/2020\/12\/IMG_6381-1-1536x1152.jpg 1536w, https:\/\/escuelaespanaval.cl\/wp-content\/uploads\/2020\/12\/IMG_6381-1-2048x1536.jpg 2048w, https:\/\/escuelaespanaval.cl\/wp-content\/uploads\/2020\/12\/IMG_6381-1-510x382.jpg 510w, https:\/\/escuelaespanaval.cl\/wp-content\/uploads\/2020\/12\/IMG_6381-1-1080x810.jpg 1080w, https:\/\/escuelaespanaval.cl\/wp-content\/uploads\/2020\/12\/IMG_6381-1-1280x960.jpg 1280w, https:\/\/escuelaespanaval.cl\/wp-content\/uploads\/2020\/12\/IMG_6381-1-980x735.jpg 980w, https:\/\/escuelaespanaval.cl\/wp-content\/uploads\/2020\/12\/IMG_6381-1-480x360.jpg 480w\" sizes=\"auto, (max-width: 1024px) 100vw, 1024px\" \/><\/a><\/figure><\/li><li class=\"blocks-gallery-item\"><figure><a href=\"https:\/\/escuelaespanaval.cl\/wp\/wp-content\/uploads\/2020\/12\/IMG_6377-1-scaled.jpg\"><img loading=\"lazy\" decoding=\"async\" width=\"1024\" height=\"768\" src=\"https:\/\/escuelaespanaval.cl\/wp\/wp-content\/uploads\/2020\/12\/IMG_6377-1-1024x768.jpg\" alt=\"\" data-id=\"455\" data-full-url=\"https:\/\/escuelaespanaval.cl\/wp\/wp-content\/uploads\/2020\/12\/IMG_6377-1-scaled.jpg\" data-link=\"https:\/\/escuelaespanaval.cl\/wp\/2019\/05\/13\/visita-seremi-de-educacion\/img_6377-1\/\" class=\"wp-image-455\" srcset=\"https:\/\/escuelaespanaval.cl\/wp-content\/uploads\/2020\/12\/IMG_6377-1-1024x768.jpg 1024w, https:\/\/escuelaespanaval.cl\/wp-content\/uploads\/2020\/12\/IMG_6377-1-300x225.jpg 300w, https:\/\/escuelaespanaval.cl\/wp-content\/uploads\/2020\/12\/IMG_6377-1-768x576.jpg 768w, https:\/\/escuelaespanaval.cl\/wp-content\/uploads\/2020\/12\/IMG_6377-1-1536x1152.jpg 1536w, https:\/\/escuelaespanaval.cl\/wp-content\/uploads\/2020\/12\/IMG_6377-1-2048x1536.jpg 2048w, https:\/\/escuelaespanaval.cl\/wp-content\/uploads\/2020\/12\/IMG_6377-1-510x382.jpg 510w, https:\/\/escuelaespanaval.cl\/wp-content\/uploads\/2020\/12\/IMG_6377-1-1080x810.jpg 1080w, https:\/\/escuelaespanaval.cl\/wp-content\/uploads\/2020\/12\/IMG_6377-1-1280x960.jpg 1280w, https:\/\/escuelaespanaval.cl\/wp-content\/uploads\/2020\/12\/IMG_6377-1-980x735.jpg 980w, https:\/\/escuelaespanaval.cl\/wp-content\/uploads\/2020\/12\/IMG_6377-1-480x360.jpg 480w\" sizes=\"auto, (max-width: 1024px) 100vw, 1024px\" \/><\/a><\/figure><\/li><li class=\"blocks-gallery-item\"><figure><a href=\"https:\/\/escuelaespanaval.cl\/wp\/wp-content\/uploads\/2020\/12\/IMG_6380-scaled.jpg\"><img loading=\"lazy\" decoding=\"async\" width=\"1024\" height=\"768\" src=\"https:\/\/escuelaespanaval.cl\/wp\/wp-content\/uploads\/2020\/12\/IMG_6380-1024x768.jpg\" alt=\"\" data-id=\"456\" data-full-url=\"https:\/\/escuelaespanaval.cl\/wp\/wp-content\/uploads\/2020\/12\/IMG_6380-scaled.jpg\" data-link=\"https:\/\/escuelaespanaval.cl\/wp\/2019\/05\/13\/visita-seremi-de-educacion\/img_6380\/\" class=\"wp-image-456\" srcset=\"https:\/\/escuelaespanaval.cl\/wp-content\/uploads\/2020\/12\/IMG_6380-1024x768.jpg 1024w, https:\/\/escuelaespanaval.cl\/wp-content\/uploads\/2020\/12\/IMG_6380-300x225.jpg 300w, https:\/\/escuelaespanaval.cl\/wp-content\/uploads\/2020\/12\/IMG_6380-768x576.jpg 768w, https:\/\/escuelaespanaval.cl\/wp-content\/uploads\/2020\/12\/IMG_6380-1536x1152.jpg 1536w, https:\/\/escuelaespanaval.cl\/wp-content\/uploads\/2020\/12\/IMG_6380-2048x1536.jpg 2048w, https:\/\/escuelaespanaval.cl\/wp-content\/uploads\/2020\/12\/IMG_6380-510x382.jpg 510w, https:\/\/escuelaespanaval.cl\/wp-content\/uploads\/2020\/12\/IMG_6380-1080x810.jpg 1080w, https:\/\/escuelaespanaval.cl\/wp-content\/uploads\/2020\/12\/IMG_6380-1280x960.jpg 1280w, https:\/\/escuelaespanaval.cl\/wp-content\/uploads\/2020\/12\/IMG_6380-980x735.jpg 980w, https:\/\/escuelaespanaval.cl\/wp-content\/uploads\/2020\/12\/IMG_6380-480x360.jpg 480w\" sizes=\"auto, (max-width: 1024px) 100vw, 1024px\" \/><\/a><\/figure><\/li><li class=\"blocks-gallery-item\"><figure><a href=\"https:\/\/escuelaespanaval.cl\/wp\/wp-content\/uploads\/2020\/12\/IMG_6378-1-scaled.jpg\"><img loading=\"lazy\" decoding=\"async\" width=\"768\" height=\"1024\" src=\"https:\/\/escuelaespanaval.cl\/wp\/wp-content\/uploads\/2020\/12\/IMG_6378-1-768x1024.jpg\" alt=\"\" data-id=\"457\" data-full-url=\"https:\/\/escuelaespanaval.cl\/wp\/wp-content\/uploads\/2020\/12\/IMG_6378-1-scaled.jpg\" data-link=\"https:\/\/escuelaespanaval.cl\/wp\/2019\/05\/13\/visita-seremi-de-educacion\/img_6378-1\/\" class=\"wp-image-457\" srcset=\"https:\/\/escuelaespanaval.cl\/wp-content\/uploads\/2020\/12\/IMG_6378-1-768x1024.jpg 768w, https:\/\/escuelaespanaval.cl\/wp-content\/uploads\/2020\/12\/IMG_6378-1-225x300.jpg 225w, https:\/\/escuelaespanaval.cl\/wp-content\/uploads\/2020\/12\/IMG_6378-1-1152x1536.jpg 1152w, https:\/\/escuelaespanaval.cl\/wp-content\/uploads\/2020\/12\/IMG_6378-1-1536x2048.jpg 1536w, https:\/\/escuelaespanaval.cl\/wp-content\/uploads\/2020\/12\/IMG_6378-1-1080x1440.jpg 1080w, https:\/\/escuelaespanaval.cl\/wp-content\/uploads\/2020\/12\/IMG_6378-1-1280x1707.jpg 1280w, https:\/\/escuelaespanaval.cl\/wp-content\/uploads\/2020\/12\/IMG_6378-1-980x1307.jpg 980w, https:\/\/escuelaespanaval.cl\/wp-content\/uploads\/2020\/12\/IMG_6378-1-480x640.jpg 480w, https:\/\/escuelaespanaval.cl\/wp-content\/uploads\/2020\/12\/IMG_6378-1-scaled.jpg 1920w\" sizes=\"auto, (max-width: 768px) 100vw, 768px\" \/><\/a><\/figure><\/li><li class=\"blocks-gallery-item\"><figure><a href=\"https:\/\/escuelaespanaval.cl\/wp\/wp-content\/uploads\/2020\/12\/IMG_6379-1-scaled.jpg\"><img loading=\"lazy\" decoding=\"async\" width=\"1024\" height=\"768\" src=\"https:\/\/escuelaespanaval.cl\/wp\/wp-content\/uploads\/2020\/12\/IMG_6379-1-1024x768.jpg\" alt=\"\" data-id=\"459\" data-full-url=\"https:\/\/escuelaespanaval.cl\/wp\/wp-content\/uploads\/2020\/12\/IMG_6379-1-scaled.jpg\" data-link=\"https:\/\/escuelaespanaval.cl\/wp\/2019\/05\/13\/visita-seremi-de-educacion\/img_6379-1\/\" class=\"wp-image-459\" srcset=\"https:\/\/escuelaespanaval.cl\/wp-content\/uploads\/2020\/12\/IMG_6379-1-1024x768.jpg 1024w, https:\/\/escuelaespanaval.cl\/wp-content\/uploads\/2020\/12\/IMG_6379-1-300x225.jpg 300w, https:\/\/escuelaespanaval.cl\/wp-content\/uploads\/2020\/12\/IMG_6379-1-768x576.jpg 768w, https:\/\/escuelaespanaval.cl\/wp-content\/uploads\/2020\/12\/IMG_6379-1-1536x1152.jpg 1536w, https:\/\/escuelaespanaval.cl\/wp-content\/uploads\/2020\/12\/IMG_6379-1-2048x1536.jpg 2048w, https:\/\/escuelaespanaval.cl\/wp-content\/uploads\/2020\/12\/IMG_6379-1-510x382.jpg 510w, https:\/\/escuelaespanaval.cl\/wp-content\/uploads\/2020\/12\/IMG_6379-1-1080x810.jpg 1080w, https:\/\/escuelaespanaval.cl\/wp-content\/uploads\/2020\/12\/IMG_6379-1-1280x960.jpg 1280w, https:\/\/escuelaespanaval.cl\/wp-content\/uploads\/2020\/12\/IMG_6379-1-980x735.jpg 980w, https:\/\/escuelaespanaval.cl\/wp-content\/uploads\/2020\/12\/IMG_6379-1-480x360.jpg 480w\" sizes=\"auto, (max-width: 1024px) 100vw, 1024px\" \/><\/a><\/figure><\/li><\/ul><\/figure>\n","protected":false},"excerpt":{"rendered":"<p>El Viernes 10 de mayo se celebr\u00f3 el d\u00eda del Alumnos<\/p>\n","protected":false},"author":1,"featured_media":459,"comment_status":"open","ping_status":"open","sticky":false,"template":"","format":"standard","meta":{"_monsterinsights_skip_tracking":false,"_monsterinsights_sitenote_active":false,"_monsterinsights_sitenote_note":"","_monsterinsights_sitenote_category":0,"site-container-style":"default","site-container-layout":"default","site-sidebar-layout":"default","disable-article-header":"default","disable-site-header":"default","disable-site-footer":"default","disable-content-area-spacing":"default","footnotes":""},"categories":[1],"tags":[],"class_list":["post-481","post","type-post","status-publish","format-standard","has-post-thumbnail","hentry","category-uncategorized"],"yoast_head":"<!-- This site is optimized with the Yoast SEO plugin v27.1.1 - https:\/\/yoast.com\/product\/yoast-seo-wordpress\/ -->\n<title>Dia del Alumno 2019 - Escuela Espa\u00f1a<\/title>\n<meta name=\"robots\" content=\"index, follow, max-snippet:-1, max-image-preview:large, max-video-preview:-1\" \/>\n<link rel=\"canonical\" href=\"https:\/\/escuelaespanaval.cl\/?p=481\" \/>\n<meta property=\"og:locale\" content=\"es_ES\" \/>\n<meta property=\"og:type\" content=\"article\" \/>\n<meta property=\"og:title\" content=\"Dia del Alumno 2019 - Escuela Espa\u00f1a\" \/>\n<meta property=\"og:description\" content=\"El Viernes 10 de mayo se celebr\u00f3 el d\u00eda del Alumnos\" \/>\n<meta property=\"og:url\" content=\"https:\/\/escuelaespanaval.cl\/?p=481\" \/>\n<meta property=\"og:site_name\" content=\"Escuela Espa\u00f1a\" \/>\n<meta property=\"article:publisher\" content=\"https:\/\/www.facebook.com\/escuelaespanavald\" \/>\n<meta property=\"article:published_time\" content=\"2019-05-10T21:32:00+00:00\" \/>\n<meta property=\"article:modified_time\" content=\"2020-12-12T21:34:24+00:00\" \/>\n<meta property=\"og:image\" content=\"https:\/\/escuelaespanaval.cl\/wp-content\/uploads\/2020\/12\/IMG_6379-1-scaled.jpg\" \/>\n\t<meta property=\"og:image:width\" content=\"2560\" \/>\n\t<meta property=\"og:image:height\" content=\"1920\" \/>\n\t<meta property=\"og:image:type\" content=\"image\/jpeg\" \/>\n<meta name=\"author\" content=\"Administrador\" \/>\n<meta name=\"twitter:card\" content=\"summary_large_image\" \/>\n<meta name=\"twitter:label1\" content=\"Escrito por\" \/>\n\t<meta name=\"twitter:data1\" content=\"Administrador\" \/>\n<script type=\"application\/ld+json\" class=\"yoast-schema-graph\">{\"@context\":\"https:\/\/schema.org\",\"@graph\":[{\"@type\":\"Article\",\"@id\":\"https:\/\/escuelaespanaval.cl\/?p=481#article\",\"isPartOf\":{\"@id\":\"https:\/\/escuelaespanaval.cl\/?p=481\"},\"author\":{\"name\":\"Administrador\",\"@id\":\"https:\/\/escuelaespanaval.cl\/#\/schema\/person\/b8dc96fec133a948c2114bb5cba3ca1a\"},\"headline\":\"Dia del Alumno 2019\",\"datePublished\":\"2019-05-10T21:32:00+00:00\",\"dateModified\":\"2020-12-12T21:34:24+00:00\",\"mainEntityOfPage\":{\"@id\":\"https:\/\/escuelaespanaval.cl\/?p=481\"},\"wordCount\":14,\"commentCount\":0,\"publisher\":{\"@id\":\"https:\/\/escuelaespanaval.cl\/#organization\"},\"image\":{\"@id\":\"https:\/\/escuelaespanaval.cl\/?p=481#primaryimage\"},\"thumbnailUrl\":\"https:\/\/escuelaespanaval.cl\/wp-content\/uploads\/2020\/12\/IMG_6379-1-scaled.jpg\",\"articleSection\":[\"Uncategorized\"],\"inLanguage\":\"es\",\"potentialAction\":[{\"@type\":\"CommentAction\",\"name\":\"Comment\",\"target\":[\"https:\/\/escuelaespanaval.cl\/?p=481#respond\"]}]},{\"@type\":\"WebPage\",\"@id\":\"https:\/\/escuelaespanaval.cl\/?p=481\",\"url\":\"https:\/\/escuelaespanaval.cl\/?p=481\",\"name\":\"Dia del Alumno 2019 - Escuela Espa\u00f1a\",\"isPartOf\":{\"@id\":\"https:\/\/escuelaespanaval.cl\/#website\"},\"primaryImageOfPage\":{\"@id\":\"https:\/\/escuelaespanaval.cl\/?p=481#primaryimage\"},\"image\":{\"@id\":\"https:\/\/escuelaespanaval.cl\/?p=481#primaryimage\"},\"thumbnailUrl\":\"https:\/\/escuelaespanaval.cl\/wp-content\/uploads\/2020\/12\/IMG_6379-1-scaled.jpg\",\"datePublished\":\"2019-05-10T21:32:00+00:00\",\"dateModified\":\"2020-12-12T21:34:24+00:00\",\"breadcrumb\":{\"@id\":\"https:\/\/escuelaespanaval.cl\/?p=481#breadcrumb\"},\"inLanguage\":\"es\",\"potentialAction\":[{\"@type\":\"ReadAction\",\"target\":[\"https:\/\/escuelaespanaval.cl\/?p=481\"]}]},{\"@type\":\"ImageObject\",\"inLanguage\":\"es\",\"@id\":\"https:\/\/escuelaespanaval.cl\/?p=481#primaryimage\",\"url\":\"https:\/\/escuelaespanaval.cl\/wp-content\/uploads\/2020\/12\/IMG_6379-1-scaled.jpg\",\"contentUrl\":\"https:\/\/escuelaespanaval.cl\/wp-content\/uploads\/2020\/12\/IMG_6379-1-scaled.jpg\",\"width\":2560,\"height\":1920},{\"@type\":\"BreadcrumbList\",\"@id\":\"https:\/\/escuelaespanaval.cl\/?p=481#breadcrumb\",\"itemListElement\":[{\"@type\":\"ListItem\",\"position\":1,\"name\":\"Portada\",\"item\":\"https:\/\/escuelaespanaval.cl\/\"},{\"@type\":\"ListItem\",\"position\":2,\"name\":\"Dia del Alumno 2019\"}]},{\"@type\":\"WebSite\",\"@id\":\"https:\/\/escuelaespanaval.cl\/#website\",\"url\":\"https:\/\/escuelaespanaval.cl\/\",\"name\":\"Escuela Espa\u00f1a\",\"description\":\"Valdivia\",\"publisher\":{\"@id\":\"https:\/\/escuelaespanaval.cl\/#organization\"},\"potentialAction\":[{\"@type\":\"SearchAction\",\"target\":{\"@type\":\"EntryPoint\",\"urlTemplate\":\"https:\/\/escuelaespanaval.cl\/?s={search_term_string}\"},\"query-input\":{\"@type\":\"PropertyValueSpecification\",\"valueRequired\":true,\"valueName\":\"search_term_string\"}}],\"inLanguage\":\"es\"},{\"@type\":\"Organization\",\"@id\":\"https:\/\/escuelaespanaval.cl\/#organization\",\"name\":\"Escuela Espa\u00f1a\",\"url\":\"https:\/\/escuelaespanaval.cl\/\",\"logo\":{\"@type\":\"ImageObject\",\"inLanguage\":\"es\",\"@id\":\"https:\/\/escuelaespanaval.cl\/#\/schema\/logo\/image\/\",\"url\":\"https:\/\/escuelaespanaval.cl\/wp-content\/uploads\/2020\/12\/LOGO_ESCUELA.png\",\"contentUrl\":\"https:\/\/escuelaespanaval.cl\/wp-content\/uploads\/2020\/12\/LOGO_ESCUELA.png\",\"width\":1550,\"height\":2402,\"caption\":\"Escuela Espa\u00f1a\"},\"image\":{\"@id\":\"https:\/\/escuelaespanaval.cl\/#\/schema\/logo\/image\/\"},\"sameAs\":[\"https:\/\/www.facebook.com\/escuelaespanavald\",\"https:\/\/www.youtube.com\/@escuelaespanavaldivia97\"]},{\"@type\":\"Person\",\"@id\":\"https:\/\/escuelaespanaval.cl\/#\/schema\/person\/b8dc96fec133a948c2114bb5cba3ca1a\",\"name\":\"Administrador\",\"image\":{\"@type\":\"ImageObject\",\"inLanguage\":\"es\",\"@id\":\"https:\/\/escuelaespanaval.cl\/#\/schema\/person\/image\/\",\"url\":\"https:\/\/secure.gravatar.com\/avatar\/1a4537f0b323ae38f6776eb293038a2af5616bfe3d24bf6be540f254d895dd45?s=96&d=mm&r=g\",\"contentUrl\":\"https:\/\/secure.gravatar.com\/avatar\/1a4537f0b323ae38f6776eb293038a2af5616bfe3d24bf6be540f254d895dd45?s=96&d=mm&r=g\",\"caption\":\"Administrador\"},\"sameAs\":[\"https:\/\/escuelaespanaval.cl\/wp\"],\"url\":\"https:\/\/escuelaespanaval.cl\/?author=1\"}]}<\/script>\n<!-- \/ Yoast SEO plugin. -->","yoast_head_json":{"title":"Dia del Alumno 2019 - Escuela Espa\u00f1a","robots":{"index":"index","follow":"follow","max-snippet":"max-snippet:-1","max-image-preview":"max-image-preview:large","max-video-preview":"max-video-preview:-1"},"canonical":"https:\/\/escuelaespanaval.cl\/?p=481","og_locale":"es_ES","og_type":"article","og_title":"Dia del Alumno 2019 - Escuela Espa\u00f1a","og_description":"El Viernes 10 de mayo se celebr\u00f3 el d\u00eda del Alumnos","og_url":"https:\/\/escuelaespanaval.cl\/?p=481","og_site_name":"Escuela Espa\u00f1a","article_publisher":"https:\/\/www.facebook.com\/escuelaespanavald","article_published_time":"2019-05-10T21:32:00+00:00","article_modified_time":"2020-12-12T21:34:24+00:00","og_image":[{"width":2560,"height":1920,"url":"https:\/\/escuelaespanaval.cl\/wp-content\/uploads\/2020\/12\/IMG_6379-1-scaled.jpg","type":"image\/jpeg"}],"author":"Administrador","twitter_card":"summary_large_image","twitter_misc":{"Escrito por":"Administrador"},"schema":{"@context":"https:\/\/schema.org","@graph":[{"@type":"Article","@id":"https:\/\/escuelaespanaval.cl\/?p=481#article","isPartOf":{"@id":"https:\/\/escuelaespanaval.cl\/?p=481"},"author":{"name":"Administrador","@id":"https:\/\/escuelaespanaval.cl\/#\/schema\/person\/b8dc96fec133a948c2114bb5cba3ca1a"},"headline":"Dia del Alumno 2019","datePublished":"2019-05-10T21:32:00+00:00","dateModified":"2020-12-12T21:34:24+00:00","mainEntityOfPage":{"@id":"https:\/\/escuelaespanaval.cl\/?p=481"},"wordCount":14,"commentCount":0,"publisher":{"@id":"https:\/\/escuelaespanaval.cl\/#organization"},"image":{"@id":"https:\/\/escuelaespanaval.cl\/?p=481#primaryimage"},"thumbnailUrl":"https:\/\/escuelaespanaval.cl\/wp-content\/uploads\/2020\/12\/IMG_6379-1-scaled.jpg","articleSection":["Uncategorized"],"inLanguage":"es","potentialAction":[{"@type":"CommentAction","name":"Comment","target":["https:\/\/escuelaespanaval.cl\/?p=481#respond"]}]},{"@type":"WebPage","@id":"https:\/\/escuelaespanaval.cl\/?p=481","url":"https:\/\/escuelaespanaval.cl\/?p=481","name":"Dia del Alumno 2019 - Escuela Espa\u00f1a","isPartOf":{"@id":"https:\/\/escuelaespanaval.cl\/#website"},"primaryImageOfPage":{"@id":"https:\/\/escuelaespanaval.cl\/?p=481#primaryimage"},"image":{"@id":"https:\/\/escuelaespanaval.cl\/?p=481#primaryimage"},"thumbnailUrl":"https:\/\/escuelaespanaval.cl\/wp-content\/uploads\/2020\/12\/IMG_6379-1-scaled.jpg","datePublished":"2019-05-10T21:32:00+00:00","dateModified":"2020-12-12T21:34:24+00:00","breadcrumb":{"@id":"https:\/\/escuelaespanaval.cl\/?p=481#breadcrumb"},"inLanguage":"es","potentialAction":[{"@type":"ReadAction","target":["https:\/\/escuelaespanaval.cl\/?p=481"]}]},{"@type":"ImageObject","inLanguage":"es","@id":"https:\/\/escuelaespanaval.cl\/?p=481#primaryimage","url":"https:\/\/escuelaespanaval.cl\/wp-content\/uploads\/2020\/12\/IMG_6379-1-scaled.jpg","contentUrl":"https:\/\/escuelaespanaval.cl\/wp-content\/uploads\/2020\/12\/IMG_6379-1-scaled.jpg","width":2560,"height":1920},{"@type":"BreadcrumbList","@id":"https:\/\/escuelaespanaval.cl\/?p=481#breadcrumb","itemListElement":[{"@type":"ListItem","position":1,"name":"Portada","item":"https:\/\/escuelaespanaval.cl\/"},{"@type":"ListItem","position":2,"name":"Dia del Alumno 2019"}]},{"@type":"WebSite","@id":"https:\/\/escuelaespanaval.cl\/#website","url":"https:\/\/escuelaespanaval.cl\/","name":"Escuela Espa\u00f1a","description":"Valdivia","publisher":{"@id":"https:\/\/escuelaespanaval.cl\/#organization"},"potentialAction":[{"@type":"SearchAction","target":{"@type":"EntryPoint","urlTemplate":"https:\/\/escuelaespanaval.cl\/?s={search_term_string}"},"query-input":{"@type":"PropertyValueSpecification","valueRequired":true,"valueName":"search_term_string"}}],"inLanguage":"es"},{"@type":"Organization","@id":"https:\/\/escuelaespanaval.cl\/#organization","name":"Escuela Espa\u00f1a","url":"https:\/\/escuelaespanaval.cl\/","logo":{"@type":"ImageObject","inLanguage":"es","@id":"https:\/\/escuelaespanaval.cl\/#\/schema\/logo\/image\/","url":"https:\/\/escuelaespanaval.cl\/wp-content\/uploads\/2020\/12\/LOGO_ESCUELA.png","contentUrl":"https:\/\/escuelaespanaval.cl\/wp-content\/uploads\/2020\/12\/LOGO_ESCUELA.png","width":1550,"height":2402,"caption":"Escuela Espa\u00f1a"},"image":{"@id":"https:\/\/escuelaespanaval.cl\/#\/schema\/logo\/image\/"},"sameAs":["https:\/\/www.facebook.com\/escuelaespanavald","https:\/\/www.youtube.com\/@escuelaespanavaldivia97"]},{"@type":"Person","@id":"https:\/\/escuelaespanaval.cl\/#\/schema\/person\/b8dc96fec133a948c2114bb5cba3ca1a","name":"Administrador","image":{"@type":"ImageObject","inLanguage":"es","@id":"https:\/\/escuelaespanaval.cl\/#\/schema\/person\/image\/","url":"https:\/\/secure.gravatar.com\/avatar\/1a4537f0b323ae38f6776eb293038a2af5616bfe3d24bf6be540f254d895dd45?s=96&d=mm&r=g","contentUrl":"https:\/\/secure.gravatar.com\/avatar\/1a4537f0b323ae38f6776eb293038a2af5616bfe3d24bf6be540f254d895dd45?s=96&d=mm&r=g","caption":"Administrador"},"sameAs":["https:\/\/escuelaespanaval.cl\/wp"],"url":"https:\/\/escuelaespanaval.cl\/?author=1"}]}},"_links":{"self":[{"href":"https:\/\/escuelaespanaval.cl\/index.php?rest_route=\/wp\/v2\/posts\/481","targetHints":{"allow":["GET"]}}],"collection":[{"href":"https:\/\/escuelaespanaval.cl\/index.php?rest_route=\/wp\/v2\/posts"}],"about":[{"href":"https:\/\/escuelaespanaval.cl\/index.php?rest_route=\/wp\/v2\/types\/post"}],"author":[{"embeddable":true,"href":"https:\/\/escuelaespanaval.cl\/index.php?rest_route=\/wp\/v2\/users\/1"}],"replies":[{"embeddable":true,"href":"https:\/\/escuelaespanaval.cl\/index.php?rest_route=%2Fwp%2Fv2%2Fcomments&post=481"}],"version-history":[{"count":1,"href":"https:\/\/escuelaespanaval.cl\/index.php?rest_route=\/wp\/v2\/posts\/481\/revisions"}],"predecessor-version":[{"id":482,"href":"https:\/\/escuelaespanaval.cl\/index.php?rest_route=\/wp\/v2\/posts\/481\/revisions\/482"}],"wp:featuredmedia":[{"embeddable":true,"href":"https:\/\/escuelaespanaval.cl\/index.php?rest_route=\/wp\/v2\/media\/459"}],"wp:attachment":[{"href":"https:\/\/escuelaespanaval.cl\/index.php?rest_route=%2Fwp%2Fv2%2Fmedia&parent=481"}],"wp:term":[{"taxonomy":"category","embeddable":true,"href":"https:\/\/escuelaespanaval.cl\/index.php?rest_route=%2Fwp%2Fv2%2Fcategories&post=481"},{"taxonomy":"post_tag","embeddable":true,"href":"https:\/\/escuelaespanaval.cl\/index.php?rest_route=%2Fwp%2Fv2%2Ftags&post=481"}],"curies":[{"name":"wp","href":"https:\/\/api.w.org\/{rel}","templated":true}]}}