{"id":3106,"date":"2025-09-09T11:39:44","date_gmt":"2025-09-09T11:39:44","guid":{"rendered":"https:\/\/escuelaespanaval.cl\/?p=3106"},"modified":"2025-09-09T11:39:45","modified_gmt":"2025-09-09T11:39:45","slug":"mes-de-la-empatia-en-la-escuela-espana","status":"publish","type":"post","link":"https:\/\/escuelaespanaval.cl\/?p=3106","title":{"rendered":"\u00a0Mes de la Empat\u00eda en la Escuela Espa\u00f1a\u00a0"},"content":{"rendered":"\n<p>Desde&nbsp;<strong>Convivencia Escolar<\/strong>, compartimos con alegr\u00eda que el curso&nbsp;<strong>2\u00baB<\/strong>&nbsp;particip\u00f3 activamente en el&nbsp;<strong>Mes de la Empat\u00eda<\/strong>, realizando diversas actividades en sus clases de&nbsp;<strong>Orientaci\u00f3n<\/strong>.<br>Los ni\u00f1os y ni\u00f1as reflexionaron sobre la importancia de&nbsp;<strong>ponerse en el lugar del otro, escuchar con respeto y reconocer los sentimientos propios y ajenos<\/strong>, fortaleciendo as\u00ed los valores que promueven una mejor convivencia.<\/p>\n\n\n\n<p>&nbsp;\u00a1Felicitamos al 2\u00baB y a su profesora por este gran trabajo que contribuye a una escuela m\u00e1s inclusiva, respetuosa y solidaria!<\/p>\n\n\n\n<figure class=\"wp-block-gallery has-nested-images columns-default is-cropped wp-block-gallery-1 is-layout-flex wp-block-gallery-is-layout-flex\">\n<figure class=\"wp-block-image size-large\"><img loading=\"lazy\" decoding=\"async\" width=\"576\" height=\"1024\" data-id=\"3107\" src=\"https:\/\/escuelaespanaval.cl\/wp-content\/uploads\/2025\/09\/1000120651-576x1024.jpg\" alt=\"\" class=\"wp-image-3107\" srcset=\"https:\/\/escuelaespanaval.cl\/wp-content\/uploads\/2025\/09\/1000120651-576x1024.jpg 576w, https:\/\/escuelaespanaval.cl\/wp-content\/uploads\/2025\/09\/1000120651-169x300.jpg 169w, https:\/\/escuelaespanaval.cl\/wp-content\/uploads\/2025\/09\/1000120651-768x1366.jpg 768w, https:\/\/escuelaespanaval.cl\/wp-content\/uploads\/2025\/09\/1000120651-864x1536.jpg 864w, https:\/\/escuelaespanaval.cl\/wp-content\/uploads\/2025\/09\/1000120651.jpg 899w\" sizes=\"auto, (max-width: 576px) 100vw, 576px\" \/><\/figure>\n\n\n\n<figure class=\"wp-block-image size-large\"><img loading=\"lazy\" decoding=\"async\" width=\"688\" height=\"1024\" data-id=\"3109\" src=\"https:\/\/escuelaespanaval.cl\/wp-content\/uploads\/2025\/09\/1000120652-688x1024.jpg\" alt=\"\" class=\"wp-image-3109\" srcset=\"https:\/\/escuelaespanaval.cl\/wp-content\/uploads\/2025\/09\/1000120652-688x1024.jpg 688w, https:\/\/escuelaespanaval.cl\/wp-content\/uploads\/2025\/09\/1000120652-202x300.jpg 202w, https:\/\/escuelaespanaval.cl\/wp-content\/uploads\/2025\/09\/1000120652-768x1142.jpg 768w, https:\/\/escuelaespanaval.cl\/wp-content\/uploads\/2025\/09\/1000120652-1033x1536.jpg 1033w, https:\/\/escuelaespanaval.cl\/wp-content\/uploads\/2025\/09\/1000120652.jpg 1042w\" sizes=\"auto, (max-width: 688px) 100vw, 688px\" \/><\/figure>\n\n\n\n<figure class=\"wp-block-image size-large\"><img loading=\"lazy\" decoding=\"async\" width=\"576\" height=\"1024\" data-id=\"3108\" src=\"https:\/\/escuelaespanaval.cl\/wp-content\/uploads\/2025\/09\/1000120653-576x1024.jpg\" alt=\"\" class=\"wp-image-3108\" srcset=\"https:\/\/escuelaespanaval.cl\/wp-content\/uploads\/2025\/09\/1000120653-576x1024.jpg 576w, https:\/\/escuelaespanaval.cl\/wp-content\/uploads\/2025\/09\/1000120653-169x300.jpg 169w, https:\/\/escuelaespanaval.cl\/wp-content\/uploads\/2025\/09\/1000120653-768x1366.jpg 768w, https:\/\/escuelaespanaval.cl\/wp-content\/uploads\/2025\/09\/1000120653-864x1536.jpg 864w, https:\/\/escuelaespanaval.cl\/wp-content\/uploads\/2025\/09\/1000120653.jpg 899w\" sizes=\"auto, (max-width: 576px) 100vw, 576px\" \/><\/figure>\n\n\n\n<figure class=\"wp-block-image size-large\"><img loading=\"lazy\" decoding=\"async\" width=\"576\" height=\"1024\" data-id=\"3110\" src=\"https:\/\/escuelaespanaval.cl\/wp-content\/uploads\/2025\/09\/1000120654-576x1024.jpg\" alt=\"\" class=\"wp-image-3110\" srcset=\"https:\/\/escuelaespanaval.cl\/wp-content\/uploads\/2025\/09\/1000120654-576x1024.jpg 576w, https:\/\/escuelaespanaval.cl\/wp-content\/uploads\/2025\/09\/1000120654-169x300.jpg 169w, https:\/\/escuelaespanaval.cl\/wp-content\/uploads\/2025\/09\/1000120654-768x1366.jpg 768w, https:\/\/escuelaespanaval.cl\/wp-content\/uploads\/2025\/09\/1000120654-864x1536.jpg 864w, https:\/\/escuelaespanaval.cl\/wp-content\/uploads\/2025\/09\/1000120654.jpg 899w\" sizes=\"auto, (max-width: 576px) 100vw, 576px\" \/><\/figure>\n<\/figure>\n","protected":false},"excerpt":{"rendered":"<p>Desde&nbsp;Convivencia Escolar, compartimos con alegr\u00eda que el curso&nbsp;2\u00baB&nbsp;particip\u00f3 activamente en el&nbsp;Mes de la Empat\u00eda, realizando diversas actividades en sus clases de&nbsp;Orientaci\u00f3n.Los ni\u00f1os y ni\u00f1as reflexionaron sobre la importancia de&nbsp;ponerse en el lugar del otro, escuchar con respeto y reconocer los sentimientos propios y ajenos, fortaleciendo as\u00ed los valores que promueven una mejor convivencia. &nbsp;\u00a1Felicitamos al [&hellip;]<\/p>\n","protected":false},"author":1,"featured_media":3110,"comment_status":"closed","ping_status":"open","sticky":false,"template":"","format":"standard","meta":{"_monsterinsights_skip_tracking":false,"_monsterinsights_sitenote_active":false,"_monsterinsights_sitenote_note":"","_monsterinsights_sitenote_category":0,"site-container-style":"default","site-container-layout":"default","site-sidebar-layout":"default","disable-article-header":"default","disable-site-header":"default","disable-site-footer":"default","disable-content-area-spacing":"default","footnotes":""},"categories":[6],"tags":[],"class_list":["post-3106","post","type-post","status-publish","format-standard","has-post-thumbnail","hentry","category-actividades"],"yoast_head":"<!-- This site is optimized with the Yoast SEO plugin v27.1.1 - https:\/\/yoast.com\/product\/yoast-seo-wordpress\/ -->\n<title>\u00a0Mes de la Empat\u00eda en la Escuela Espa\u00f1a\u00a0 - Escuela Espa\u00f1a<\/title>\n<meta name=\"robots\" content=\"index, follow, max-snippet:-1, max-image-preview:large, max-video-preview:-1\" \/>\n<link rel=\"canonical\" href=\"https:\/\/escuelaespanaval.cl\/?p=3106\" \/>\n<meta property=\"og:locale\" content=\"es_ES\" \/>\n<meta property=\"og:type\" content=\"article\" \/>\n<meta property=\"og:title\" content=\"\u00a0Mes de la Empat\u00eda en la Escuela Espa\u00f1a\u00a0 - Escuela Espa\u00f1a\" \/>\n<meta property=\"og:description\" content=\"Desde&nbsp;Convivencia Escolar, compartimos con alegr\u00eda que el curso&nbsp;2\u00baB&nbsp;particip\u00f3 activamente en el&nbsp;Mes de la Empat\u00eda, realizando diversas actividades en sus clases de&nbsp;Orientaci\u00f3n.Los ni\u00f1os y ni\u00f1as reflexionaron sobre la importancia de&nbsp;ponerse en el lugar del otro, escuchar con respeto y reconocer los sentimientos propios y ajenos, fortaleciendo as\u00ed los valores que promueven una mejor convivencia. &nbsp;\u00a1Felicitamos al [&hellip;]\" \/>\n<meta property=\"og:url\" content=\"https:\/\/escuelaespanaval.cl\/?p=3106\" \/>\n<meta property=\"og:site_name\" content=\"Escuela Espa\u00f1a\" \/>\n<meta property=\"article:publisher\" content=\"https:\/\/www.facebook.com\/escuelaespanavald\" \/>\n<meta property=\"article:published_time\" content=\"2025-09-09T11:39:44+00:00\" \/>\n<meta property=\"article:modified_time\" content=\"2025-09-09T11:39:45+00:00\" \/>\n<meta property=\"og:image\" content=\"https:\/\/escuelaespanaval.cl\/wp-content\/uploads\/2025\/09\/1000120654.jpg\" \/>\n\t<meta property=\"og:image:width\" content=\"899\" \/>\n\t<meta property=\"og:image:height\" content=\"1599\" \/>\n\t<meta property=\"og:image:type\" content=\"image\/jpeg\" \/>\n<meta name=\"author\" content=\"Administrador\" \/>\n<meta name=\"twitter:card\" content=\"summary_large_image\" \/>\n<meta name=\"twitter:label1\" content=\"Escrito por\" \/>\n\t<meta name=\"twitter:data1\" content=\"Administrador\" \/>\n\t<meta name=\"twitter:label2\" content=\"Tiempo de lectura\" \/>\n\t<meta name=\"twitter:data2\" content=\"2 minutos\" \/>\n<script type=\"application\/ld+json\" class=\"yoast-schema-graph\">{\"@context\":\"https:\/\/schema.org\",\"@graph\":[{\"@type\":\"Article\",\"@id\":\"https:\/\/escuelaespanaval.cl\/?p=3106#article\",\"isPartOf\":{\"@id\":\"https:\/\/escuelaespanaval.cl\/?p=3106\"},\"author\":{\"name\":\"Administrador\",\"@id\":\"https:\/\/escuelaespanaval.cl\/#\/schema\/person\/b8dc96fec133a948c2114bb5cba3ca1a\"},\"headline\":\"\u00a0Mes de la Empat\u00eda en la Escuela Espa\u00f1a\u00a0\",\"datePublished\":\"2025-09-09T11:39:44+00:00\",\"dateModified\":\"2025-09-09T11:39:45+00:00\",\"mainEntityOfPage\":{\"@id\":\"https:\/\/escuelaespanaval.cl\/?p=3106\"},\"wordCount\":104,\"publisher\":{\"@id\":\"https:\/\/escuelaespanaval.cl\/#organization\"},\"image\":{\"@id\":\"https:\/\/escuelaespanaval.cl\/?p=3106#primaryimage\"},\"thumbnailUrl\":\"https:\/\/escuelaespanaval.cl\/wp-content\/uploads\/2025\/09\/1000120654.jpg\",\"articleSection\":[\"Actividades\"],\"inLanguage\":\"es\"},{\"@type\":\"WebPage\",\"@id\":\"https:\/\/escuelaespanaval.cl\/?p=3106\",\"url\":\"https:\/\/escuelaespanaval.cl\/?p=3106\",\"name\":\"\u00a0Mes de la Empat\u00eda en la Escuela Espa\u00f1a\u00a0 - Escuela Espa\u00f1a\",\"isPartOf\":{\"@id\":\"https:\/\/escuelaespanaval.cl\/#website\"},\"primaryImageOfPage\":{\"@id\":\"https:\/\/escuelaespanaval.cl\/?p=3106#primaryimage\"},\"image\":{\"@id\":\"https:\/\/escuelaespanaval.cl\/?p=3106#primaryimage\"},\"thumbnailUrl\":\"https:\/\/escuelaespanaval.cl\/wp-content\/uploads\/2025\/09\/1000120654.jpg\",\"datePublished\":\"2025-09-09T11:39:44+00:00\",\"dateModified\":\"2025-09-09T11:39:45+00:00\",\"breadcrumb\":{\"@id\":\"https:\/\/escuelaespanaval.cl\/?p=3106#breadcrumb\"},\"inLanguage\":\"es\",\"potentialAction\":[{\"@type\":\"ReadAction\",\"target\":[\"https:\/\/escuelaespanaval.cl\/?p=3106\"]}]},{\"@type\":\"ImageObject\",\"inLanguage\":\"es\",\"@id\":\"https:\/\/escuelaespanaval.cl\/?p=3106#primaryimage\",\"url\":\"https:\/\/escuelaespanaval.cl\/wp-content\/uploads\/2025\/09\/1000120654.jpg\",\"contentUrl\":\"https:\/\/escuelaespanaval.cl\/wp-content\/uploads\/2025\/09\/1000120654.jpg\",\"width\":899,\"height\":1599},{\"@type\":\"BreadcrumbList\",\"@id\":\"https:\/\/escuelaespanaval.cl\/?p=3106#breadcrumb\",\"itemListElement\":[{\"@type\":\"ListItem\",\"position\":1,\"name\":\"Portada\",\"item\":\"https:\/\/escuelaespanaval.cl\/\"},{\"@type\":\"ListItem\",\"position\":2,\"name\":\"\u00a0Mes de la Empat\u00eda en la Escuela Espa\u00f1a\u00a0\"}]},{\"@type\":\"WebSite\",\"@id\":\"https:\/\/escuelaespanaval.cl\/#website\",\"url\":\"https:\/\/escuelaespanaval.cl\/\",\"name\":\"Escuela Espa\u00f1a\",\"description\":\"Valdivia\",\"publisher\":{\"@id\":\"https:\/\/escuelaespanaval.cl\/#organization\"},\"potentialAction\":[{\"@type\":\"SearchAction\",\"target\":{\"@type\":\"EntryPoint\",\"urlTemplate\":\"https:\/\/escuelaespanaval.cl\/?s={search_term_string}\"},\"query-input\":{\"@type\":\"PropertyValueSpecification\",\"valueRequired\":true,\"valueName\":\"search_term_string\"}}],\"inLanguage\":\"es\"},{\"@type\":\"Organization\",\"@id\":\"https:\/\/escuelaespanaval.cl\/#organization\",\"name\":\"Escuela Espa\u00f1a\",\"url\":\"https:\/\/escuelaespanaval.cl\/\",\"logo\":{\"@type\":\"ImageObject\",\"inLanguage\":\"es\",\"@id\":\"https:\/\/escuelaespanaval.cl\/#\/schema\/logo\/image\/\",\"url\":\"https:\/\/escuelaespanaval.cl\/wp-content\/uploads\/2020\/12\/LOGO_ESCUELA.png\",\"contentUrl\":\"https:\/\/escuelaespanaval.cl\/wp-content\/uploads\/2020\/12\/LOGO_ESCUELA.png\",\"width\":1550,\"height\":2402,\"caption\":\"Escuela Espa\u00f1a\"},\"image\":{\"@id\":\"https:\/\/escuelaespanaval.cl\/#\/schema\/logo\/image\/\"},\"sameAs\":[\"https:\/\/www.facebook.com\/escuelaespanavald\",\"https:\/\/www.youtube.com\/@escuelaespanavaldivia97\"]},{\"@type\":\"Person\",\"@id\":\"https:\/\/escuelaespanaval.cl\/#\/schema\/person\/b8dc96fec133a948c2114bb5cba3ca1a\",\"name\":\"Administrador\",\"image\":{\"@type\":\"ImageObject\",\"inLanguage\":\"es\",\"@id\":\"https:\/\/escuelaespanaval.cl\/#\/schema\/person\/image\/\",\"url\":\"https:\/\/secure.gravatar.com\/avatar\/1a4537f0b323ae38f6776eb293038a2af5616bfe3d24bf6be540f254d895dd45?s=96&d=mm&r=g\",\"contentUrl\":\"https:\/\/secure.gravatar.com\/avatar\/1a4537f0b323ae38f6776eb293038a2af5616bfe3d24bf6be540f254d895dd45?s=96&d=mm&r=g\",\"caption\":\"Administrador\"},\"sameAs\":[\"https:\/\/escuelaespanaval.cl\/wp\"],\"url\":\"https:\/\/escuelaespanaval.cl\/?author=1\"}]}<\/script>\n<!-- \/ Yoast SEO plugin. -->","yoast_head_json":{"title":"\u00a0Mes de la Empat\u00eda en la Escuela Espa\u00f1a\u00a0 - Escuela Espa\u00f1a","robots":{"index":"index","follow":"follow","max-snippet":"max-snippet:-1","max-image-preview":"max-image-preview:large","max-video-preview":"max-video-preview:-1"},"canonical":"https:\/\/escuelaespanaval.cl\/?p=3106","og_locale":"es_ES","og_type":"article","og_title":"\u00a0Mes de la Empat\u00eda en la Escuela Espa\u00f1a\u00a0 - Escuela Espa\u00f1a","og_description":"Desde&nbsp;Convivencia Escolar, compartimos con alegr\u00eda que el curso&nbsp;2\u00baB&nbsp;particip\u00f3 activamente en el&nbsp;Mes de la Empat\u00eda, realizando diversas actividades en sus clases de&nbsp;Orientaci\u00f3n.Los ni\u00f1os y ni\u00f1as reflexionaron sobre la importancia de&nbsp;ponerse en el lugar del otro, escuchar con respeto y reconocer los sentimientos propios y ajenos, fortaleciendo as\u00ed los valores que promueven una mejor convivencia. &nbsp;\u00a1Felicitamos al [&hellip;]","og_url":"https:\/\/escuelaespanaval.cl\/?p=3106","og_site_name":"Escuela Espa\u00f1a","article_publisher":"https:\/\/www.facebook.com\/escuelaespanavald","article_published_time":"2025-09-09T11:39:44+00:00","article_modified_time":"2025-09-09T11:39:45+00:00","og_image":[{"width":899,"height":1599,"url":"https:\/\/escuelaespanaval.cl\/wp-content\/uploads\/2025\/09\/1000120654.jpg","type":"image\/jpeg"}],"author":"Administrador","twitter_card":"summary_large_image","twitter_misc":{"Escrito por":"Administrador","Tiempo de lectura":"2 minutos"},"schema":{"@context":"https:\/\/schema.org","@graph":[{"@type":"Article","@id":"https:\/\/escuelaespanaval.cl\/?p=3106#article","isPartOf":{"@id":"https:\/\/escuelaespanaval.cl\/?p=3106"},"author":{"name":"Administrador","@id":"https:\/\/escuelaespanaval.cl\/#\/schema\/person\/b8dc96fec133a948c2114bb5cba3ca1a"},"headline":"\u00a0Mes de la Empat\u00eda en la Escuela Espa\u00f1a\u00a0","datePublished":"2025-09-09T11:39:44+00:00","dateModified":"2025-09-09T11:39:45+00:00","mainEntityOfPage":{"@id":"https:\/\/escuelaespanaval.cl\/?p=3106"},"wordCount":104,"publisher":{"@id":"https:\/\/escuelaespanaval.cl\/#organization"},"image":{"@id":"https:\/\/escuelaespanaval.cl\/?p=3106#primaryimage"},"thumbnailUrl":"https:\/\/escuelaespanaval.cl\/wp-content\/uploads\/2025\/09\/1000120654.jpg","articleSection":["Actividades"],"inLanguage":"es"},{"@type":"WebPage","@id":"https:\/\/escuelaespanaval.cl\/?p=3106","url":"https:\/\/escuelaespanaval.cl\/?p=3106","name":"\u00a0Mes de la Empat\u00eda en la Escuela Espa\u00f1a\u00a0 - Escuela Espa\u00f1a","isPartOf":{"@id":"https:\/\/escuelaespanaval.cl\/#website"},"primaryImageOfPage":{"@id":"https:\/\/escuelaespanaval.cl\/?p=3106#primaryimage"},"image":{"@id":"https:\/\/escuelaespanaval.cl\/?p=3106#primaryimage"},"thumbnailUrl":"https:\/\/escuelaespanaval.cl\/wp-content\/uploads\/2025\/09\/1000120654.jpg","datePublished":"2025-09-09T11:39:44+00:00","dateModified":"2025-09-09T11:39:45+00:00","breadcrumb":{"@id":"https:\/\/escuelaespanaval.cl\/?p=3106#breadcrumb"},"inLanguage":"es","potentialAction":[{"@type":"ReadAction","target":["https:\/\/escuelaespanaval.cl\/?p=3106"]}]},{"@type":"ImageObject","inLanguage":"es","@id":"https:\/\/escuelaespanaval.cl\/?p=3106#primaryimage","url":"https:\/\/escuelaespanaval.cl\/wp-content\/uploads\/2025\/09\/1000120654.jpg","contentUrl":"https:\/\/escuelaespanaval.cl\/wp-content\/uploads\/2025\/09\/1000120654.jpg","width":899,"height":1599},{"@type":"BreadcrumbList","@id":"https:\/\/escuelaespanaval.cl\/?p=3106#breadcrumb","itemListElement":[{"@type":"ListItem","position":1,"name":"Portada","item":"https:\/\/escuelaespanaval.cl\/"},{"@type":"ListItem","position":2,"name":"\u00a0Mes de la Empat\u00eda en la Escuela Espa\u00f1a\u00a0"}]},{"@type":"WebSite","@id":"https:\/\/escuelaespanaval.cl\/#website","url":"https:\/\/escuelaespanaval.cl\/","name":"Escuela Espa\u00f1a","description":"Valdivia","publisher":{"@id":"https:\/\/escuelaespanaval.cl\/#organization"},"potentialAction":[{"@type":"SearchAction","target":{"@type":"EntryPoint","urlTemplate":"https:\/\/escuelaespanaval.cl\/?s={search_term_string}"},"query-input":{"@type":"PropertyValueSpecification","valueRequired":true,"valueName":"search_term_string"}}],"inLanguage":"es"},{"@type":"Organization","@id":"https:\/\/escuelaespanaval.cl\/#organization","name":"Escuela Espa\u00f1a","url":"https:\/\/escuelaespanaval.cl\/","logo":{"@type":"ImageObject","inLanguage":"es","@id":"https:\/\/escuelaespanaval.cl\/#\/schema\/logo\/image\/","url":"https:\/\/escuelaespanaval.cl\/wp-content\/uploads\/2020\/12\/LOGO_ESCUELA.png","contentUrl":"https:\/\/escuelaespanaval.cl\/wp-content\/uploads\/2020\/12\/LOGO_ESCUELA.png","width":1550,"height":2402,"caption":"Escuela Espa\u00f1a"},"image":{"@id":"https:\/\/escuelaespanaval.cl\/#\/schema\/logo\/image\/"},"sameAs":["https:\/\/www.facebook.com\/escuelaespanavald","https:\/\/www.youtube.com\/@escuelaespanavaldivia97"]},{"@type":"Person","@id":"https:\/\/escuelaespanaval.cl\/#\/schema\/person\/b8dc96fec133a948c2114bb5cba3ca1a","name":"Administrador","image":{"@type":"ImageObject","inLanguage":"es","@id":"https:\/\/escuelaespanaval.cl\/#\/schema\/person\/image\/","url":"https:\/\/secure.gravatar.com\/avatar\/1a4537f0b323ae38f6776eb293038a2af5616bfe3d24bf6be540f254d895dd45?s=96&d=mm&r=g","contentUrl":"https:\/\/secure.gravatar.com\/avatar\/1a4537f0b323ae38f6776eb293038a2af5616bfe3d24bf6be540f254d895dd45?s=96&d=mm&r=g","caption":"Administrador"},"sameAs":["https:\/\/escuelaespanaval.cl\/wp"],"url":"https:\/\/escuelaespanaval.cl\/?author=1"}]}},"_links":{"self":[{"href":"https:\/\/escuelaespanaval.cl\/index.php?rest_route=\/wp\/v2\/posts\/3106","targetHints":{"allow":["GET"]}}],"collection":[{"href":"https:\/\/escuelaespanaval.cl\/index.php?rest_route=\/wp\/v2\/posts"}],"about":[{"href":"https:\/\/escuelaespanaval.cl\/index.php?rest_route=\/wp\/v2\/types\/post"}],"author":[{"embeddable":true,"href":"https:\/\/escuelaespanaval.cl\/index.php?rest_route=\/wp\/v2\/users\/1"}],"replies":[{"embeddable":true,"href":"https:\/\/escuelaespanaval.cl\/index.php?rest_route=%2Fwp%2Fv2%2Fcomments&post=3106"}],"version-history":[{"count":1,"href":"https:\/\/escuelaespanaval.cl\/index.php?rest_route=\/wp\/v2\/posts\/3106\/revisions"}],"predecessor-version":[{"id":3111,"href":"https:\/\/escuelaespanaval.cl\/index.php?rest_route=\/wp\/v2\/posts\/3106\/revisions\/3111"}],"wp:featuredmedia":[{"embeddable":true,"href":"https:\/\/escuelaespanaval.cl\/index.php?rest_route=\/wp\/v2\/media\/3110"}],"wp:attachment":[{"href":"https:\/\/escuelaespanaval.cl\/index.php?rest_route=%2Fwp%2Fv2%2Fmedia&parent=3106"}],"wp:term":[{"taxonomy":"category","embeddable":true,"href":"https:\/\/escuelaespanaval.cl\/index.php?rest_route=%2Fwp%2Fv2%2Fcategories&post=3106"},{"taxonomy":"post_tag","embeddable":true,"href":"https:\/\/escuelaespanaval.cl\/index.php?rest_route=%2Fwp%2Fv2%2Ftags&post=3106"}],"curies":[{"name":"wp","href":"https:\/\/api.w.org\/{rel}","templated":true}]}}