{"id":3009,"date":"2025-08-08T12:02:29","date_gmt":"2025-08-08T12:02:29","guid":{"rendered":"https:\/\/escuelaespanaval.cl\/?p=3009"},"modified":"2025-08-08T12:02:30","modified_gmt":"2025-08-08T12:02:30","slug":"estudiantes-de-8o-a-y-b-participaron-en-jornada-de-puertas-abiertas-en-el-liceo-industrial-de-valdivia","status":"publish","type":"post","link":"https:\/\/escuelaespanaval.cl\/?p=3009","title":{"rendered":"Estudiantes de 8\u00ba A y B\u00a0 participaron en jornada de Puertas Abiertas en el Liceo Industrial de Valdivia"},"content":{"rendered":"\n<p>Este mi\u00e9rcoles 6 de agosto, los estudiantes de 8\u00ba a\u00f1o A y B de la Escuela Espa\u00f1a vivieron una enriquecedora experiencia educativa al participar en una jornada de \u00abPuertas Abiertas\u00bb organizada por el Liceo Industrial de Valdivia, en el marco del plan de continuidad de ense\u00f1anza media.<\/p>\n\n\n\n<p>Durante la visita, los alumnos y alumnas pudieron recorrer las instalaciones del liceo y conocer de cerca las diversas especialidades t\u00e9cnico-profesionales que all\u00ed se imparten. Adem\u00e1s, interactuaron con docentes y estudiantes del establecimiento, lo que les permiti\u00f3 resolver dudas y proyectarse en su futuro escolar.<\/p>\n\n\n\n<p>La actividad fue valorada tanto por los estudiantes como por los docentes acompa\u00f1antes, ya que les brind\u00f3 una oportunidad concreta para explorar sus intereses y comenzar a tomar decisiones informadas sobre su trayectoria educativa. Sin duda, una experiencia significativa que marca un paso importante en su camino hacia la educaci\u00f3n media.<\/p>\n\n\n\n<figure class=\"wp-block-gallery has-nested-images columns-default is-cropped wp-block-gallery-1 is-layout-flex wp-block-gallery-is-layout-flex\">\n<figure class=\"wp-block-image size-large\"><img loading=\"lazy\" decoding=\"async\" width=\"768\" height=\"1024\" data-id=\"3019\" src=\"https:\/\/escuelaespanaval.cl\/wp-content\/uploads\/2025\/08\/9a39c387-39ac-4edf-b461-e1f5b40efba1-768x1024.jpg\" alt=\"\" class=\"wp-image-3019\" srcset=\"https:\/\/escuelaespanaval.cl\/wp-content\/uploads\/2025\/08\/9a39c387-39ac-4edf-b461-e1f5b40efba1-768x1024.jpg 768w, https:\/\/escuelaespanaval.cl\/wp-content\/uploads\/2025\/08\/9a39c387-39ac-4edf-b461-e1f5b40efba1-225x300.jpg 225w, https:\/\/escuelaespanaval.cl\/wp-content\/uploads\/2025\/08\/9a39c387-39ac-4edf-b461-e1f5b40efba1.jpg 960w\" sizes=\"auto, (max-width: 768px) 100vw, 768px\" \/><\/figure>\n\n\n\n<figure class=\"wp-block-image size-large\"><img loading=\"lazy\" decoding=\"async\" width=\"1024\" height=\"1024\" data-id=\"3011\" src=\"https:\/\/escuelaespanaval.cl\/wp-content\/uploads\/2025\/08\/38d90d47-07ca-4fac-af16-f3b1b543cbba-1024x1024.jpg\" alt=\"\" class=\"wp-image-3011\" srcset=\"https:\/\/escuelaespanaval.cl\/wp-content\/uploads\/2025\/08\/38d90d47-07ca-4fac-af16-f3b1b543cbba-1024x1024.jpg 1024w, https:\/\/escuelaespanaval.cl\/wp-content\/uploads\/2025\/08\/38d90d47-07ca-4fac-af16-f3b1b543cbba-300x300.jpg 300w, https:\/\/escuelaespanaval.cl\/wp-content\/uploads\/2025\/08\/38d90d47-07ca-4fac-af16-f3b1b543cbba-150x150.jpg 150w, https:\/\/escuelaespanaval.cl\/wp-content\/uploads\/2025\/08\/38d90d47-07ca-4fac-af16-f3b1b543cbba-768x768.jpg 768w, https:\/\/escuelaespanaval.cl\/wp-content\/uploads\/2025\/08\/38d90d47-07ca-4fac-af16-f3b1b543cbba.jpg 1530w\" sizes=\"auto, (max-width: 1024px) 100vw, 1024px\" \/><\/figure>\n\n\n\n<figure class=\"wp-block-image size-large\"><img loading=\"lazy\" decoding=\"async\" width=\"768\" height=\"1024\" data-id=\"3013\" src=\"https:\/\/escuelaespanaval.cl\/wp-content\/uploads\/2025\/08\/4413af83-3e36-4411-a428-61d132cd2625-768x1024.jpg\" alt=\"\" class=\"wp-image-3013\" srcset=\"https:\/\/escuelaespanaval.cl\/wp-content\/uploads\/2025\/08\/4413af83-3e36-4411-a428-61d132cd2625-768x1024.jpg 768w, https:\/\/escuelaespanaval.cl\/wp-content\/uploads\/2025\/08\/4413af83-3e36-4411-a428-61d132cd2625-225x300.jpg 225w, https:\/\/escuelaespanaval.cl\/wp-content\/uploads\/2025\/08\/4413af83-3e36-4411-a428-61d132cd2625.jpg 960w\" sizes=\"auto, (max-width: 768px) 100vw, 768px\" \/><\/figure>\n\n\n\n<figure class=\"wp-block-image size-large\"><img loading=\"lazy\" decoding=\"async\" width=\"1024\" height=\"1024\" data-id=\"3017\" src=\"https:\/\/escuelaespanaval.cl\/wp-content\/uploads\/2025\/08\/5856ff36-bdc9-453d-9da9-26ccb2d06756-1024x1024.jpg\" alt=\"\" class=\"wp-image-3017\" srcset=\"https:\/\/escuelaespanaval.cl\/wp-content\/uploads\/2025\/08\/5856ff36-bdc9-453d-9da9-26ccb2d06756-1024x1024.jpg 1024w, https:\/\/escuelaespanaval.cl\/wp-content\/uploads\/2025\/08\/5856ff36-bdc9-453d-9da9-26ccb2d06756-300x300.jpg 300w, https:\/\/escuelaespanaval.cl\/wp-content\/uploads\/2025\/08\/5856ff36-bdc9-453d-9da9-26ccb2d06756-150x150.jpg 150w, https:\/\/escuelaespanaval.cl\/wp-content\/uploads\/2025\/08\/5856ff36-bdc9-453d-9da9-26ccb2d06756-768x768.jpg 768w, https:\/\/escuelaespanaval.cl\/wp-content\/uploads\/2025\/08\/5856ff36-bdc9-453d-9da9-26ccb2d06756.jpg 1530w\" sizes=\"auto, (max-width: 1024px) 100vw, 1024px\" \/><\/figure>\n\n\n\n<figure class=\"wp-block-image size-large\"><img loading=\"lazy\" decoding=\"async\" width=\"768\" height=\"1024\" data-id=\"3018\" src=\"https:\/\/escuelaespanaval.cl\/wp-content\/uploads\/2025\/08\/8635c4b4-0ded-432d-beae-83edbe8ec1ad-768x1024.jpg\" alt=\"\" class=\"wp-image-3018\" srcset=\"https:\/\/escuelaespanaval.cl\/wp-content\/uploads\/2025\/08\/8635c4b4-0ded-432d-beae-83edbe8ec1ad-768x1024.jpg 768w, https:\/\/escuelaespanaval.cl\/wp-content\/uploads\/2025\/08\/8635c4b4-0ded-432d-beae-83edbe8ec1ad-225x300.jpg 225w, https:\/\/escuelaespanaval.cl\/wp-content\/uploads\/2025\/08\/8635c4b4-0ded-432d-beae-83edbe8ec1ad.jpg 960w\" sizes=\"auto, (max-width: 768px) 100vw, 768px\" \/><\/figure>\n\n\n\n<figure class=\"wp-block-image size-large\"><img loading=\"lazy\" decoding=\"async\" width=\"768\" height=\"1024\" data-id=\"3010\" src=\"https:\/\/escuelaespanaval.cl\/wp-content\/uploads\/2025\/08\/b8a88f2e-3988-4f95-8d71-83d6160a4f64-768x1024.jpg\" alt=\"\" class=\"wp-image-3010\" srcset=\"https:\/\/escuelaespanaval.cl\/wp-content\/uploads\/2025\/08\/b8a88f2e-3988-4f95-8d71-83d6160a4f64-768x1024.jpg 768w, https:\/\/escuelaespanaval.cl\/wp-content\/uploads\/2025\/08\/b8a88f2e-3988-4f95-8d71-83d6160a4f64-225x300.jpg 225w, https:\/\/escuelaespanaval.cl\/wp-content\/uploads\/2025\/08\/b8a88f2e-3988-4f95-8d71-83d6160a4f64.jpg 960w\" sizes=\"auto, (max-width: 768px) 100vw, 768px\" \/><\/figure>\n\n\n\n<figure class=\"wp-block-image size-large\"><img loading=\"lazy\" decoding=\"async\" width=\"768\" height=\"1024\" data-id=\"3014\" src=\"https:\/\/escuelaespanaval.cl\/wp-content\/uploads\/2025\/08\/ef94eede-3686-4981-a55c-1ceaff93db93-768x1024.jpg\" alt=\"\" class=\"wp-image-3014\" srcset=\"https:\/\/escuelaespanaval.cl\/wp-content\/uploads\/2025\/08\/ef94eede-3686-4981-a55c-1ceaff93db93-768x1024.jpg 768w, https:\/\/escuelaespanaval.cl\/wp-content\/uploads\/2025\/08\/ef94eede-3686-4981-a55c-1ceaff93db93-225x300.jpg 225w, https:\/\/escuelaespanaval.cl\/wp-content\/uploads\/2025\/08\/ef94eede-3686-4981-a55c-1ceaff93db93.jpg 960w\" sizes=\"auto, (max-width: 768px) 100vw, 768px\" \/><\/figure>\n\n\n\n<figure class=\"wp-block-image size-large\"><img loading=\"lazy\" decoding=\"async\" width=\"768\" height=\"1024\" data-id=\"3012\" src=\"https:\/\/escuelaespanaval.cl\/wp-content\/uploads\/2025\/08\/f6ed5671-6b90-4133-9dd3-fc2dc80ad887-768x1024.jpg\" alt=\"\" class=\"wp-image-3012\" srcset=\"https:\/\/escuelaespanaval.cl\/wp-content\/uploads\/2025\/08\/f6ed5671-6b90-4133-9dd3-fc2dc80ad887-768x1024.jpg 768w, https:\/\/escuelaespanaval.cl\/wp-content\/uploads\/2025\/08\/f6ed5671-6b90-4133-9dd3-fc2dc80ad887-225x300.jpg 225w, https:\/\/escuelaespanaval.cl\/wp-content\/uploads\/2025\/08\/f6ed5671-6b90-4133-9dd3-fc2dc80ad887.jpg 960w\" sizes=\"auto, (max-width: 768px) 100vw, 768px\" \/><\/figure>\n\n\n\n<figure class=\"wp-block-image size-large\"><img loading=\"lazy\" decoding=\"async\" width=\"1024\" height=\"1024\" data-id=\"3015\" src=\"https:\/\/escuelaespanaval.cl\/wp-content\/uploads\/2025\/08\/3d20a939-4dd9-4942-8ff3-7a05e6f0e79f-1024x1024.jpg\" alt=\"\" class=\"wp-image-3015\" srcset=\"https:\/\/escuelaespanaval.cl\/wp-content\/uploads\/2025\/08\/3d20a939-4dd9-4942-8ff3-7a05e6f0e79f-1024x1024.jpg 1024w, https:\/\/escuelaespanaval.cl\/wp-content\/uploads\/2025\/08\/3d20a939-4dd9-4942-8ff3-7a05e6f0e79f-300x300.jpg 300w, https:\/\/escuelaespanaval.cl\/wp-content\/uploads\/2025\/08\/3d20a939-4dd9-4942-8ff3-7a05e6f0e79f-150x150.jpg 150w, https:\/\/escuelaespanaval.cl\/wp-content\/uploads\/2025\/08\/3d20a939-4dd9-4942-8ff3-7a05e6f0e79f-768x768.jpg 768w, https:\/\/escuelaespanaval.cl\/wp-content\/uploads\/2025\/08\/3d20a939-4dd9-4942-8ff3-7a05e6f0e79f.jpg 1530w\" sizes=\"auto, (max-width: 1024px) 100vw, 1024px\" \/><\/figure>\n\n\n\n<figure class=\"wp-block-image size-large\"><img loading=\"lazy\" decoding=\"async\" width=\"1024\" height=\"1024\" data-id=\"3016\" src=\"https:\/\/escuelaespanaval.cl\/wp-content\/uploads\/2025\/08\/3fa162ec-9252-4170-b7f0-2fded9ddcc01-1024x1024.jpg\" alt=\"\" class=\"wp-image-3016\" srcset=\"https:\/\/escuelaespanaval.cl\/wp-content\/uploads\/2025\/08\/3fa162ec-9252-4170-b7f0-2fded9ddcc01-1024x1024.jpg 1024w, https:\/\/escuelaespanaval.cl\/wp-content\/uploads\/2025\/08\/3fa162ec-9252-4170-b7f0-2fded9ddcc01-300x300.jpg 300w, https:\/\/escuelaespanaval.cl\/wp-content\/uploads\/2025\/08\/3fa162ec-9252-4170-b7f0-2fded9ddcc01-150x150.jpg 150w, https:\/\/escuelaespanaval.cl\/wp-content\/uploads\/2025\/08\/3fa162ec-9252-4170-b7f0-2fded9ddcc01-768x768.jpg 768w, https:\/\/escuelaespanaval.cl\/wp-content\/uploads\/2025\/08\/3fa162ec-9252-4170-b7f0-2fded9ddcc01.jpg 1280w\" sizes=\"auto, (max-width: 1024px) 100vw, 1024px\" \/><\/figure>\n<\/figure>\n","protected":false},"excerpt":{"rendered":"<p>Este mi\u00e9rcoles 6 de agosto, los estudiantes de 8\u00ba a\u00f1o A y B de la Escuela Espa\u00f1a vivieron una enriquecedora experiencia educativa al participar en una jornada de \u00abPuertas Abiertas\u00bb organizada por el Liceo Industrial de Valdivia, en el marco del plan de continuidad de ense\u00f1anza media. Durante la visita, los alumnos y alumnas pudieron [&hellip;]<\/p>\n","protected":false},"author":1,"featured_media":3019,"comment_status":"closed","ping_status":"open","sticky":false,"template":"","format":"standard","meta":{"_monsterinsights_skip_tracking":false,"_monsterinsights_sitenote_active":false,"_monsterinsights_sitenote_note":"","_monsterinsights_sitenote_category":0,"site-container-style":"default","site-container-layout":"default","site-sidebar-layout":"default","disable-article-header":"default","disable-site-header":"default","disable-site-footer":"default","disable-content-area-spacing":"default","footnotes":""},"categories":[6],"tags":[],"class_list":["post-3009","post","type-post","status-publish","format-standard","has-post-thumbnail","hentry","category-actividades"],"yoast_head":"<!-- This site is optimized with the Yoast SEO plugin v27.1.1 - https:\/\/yoast.com\/product\/yoast-seo-wordpress\/ -->\n<title>Estudiantes de 8\u00ba A y B\u00a0 participaron en jornada de Puertas Abiertas en el Liceo Industrial de Valdivia - Escuela Espa\u00f1a<\/title>\n<meta name=\"robots\" content=\"index, follow, max-snippet:-1, max-image-preview:large, max-video-preview:-1\" \/>\n<link rel=\"canonical\" href=\"https:\/\/escuelaespanaval.cl\/?p=3009\" \/>\n<meta property=\"og:locale\" content=\"es_ES\" \/>\n<meta property=\"og:type\" content=\"article\" \/>\n<meta property=\"og:title\" content=\"Estudiantes de 8\u00ba A y B\u00a0 participaron en jornada de Puertas Abiertas en el Liceo Industrial de Valdivia - Escuela Espa\u00f1a\" \/>\n<meta property=\"og:description\" content=\"Este mi\u00e9rcoles 6 de agosto, los estudiantes de 8\u00ba a\u00f1o A y B de la Escuela Espa\u00f1a vivieron una enriquecedora experiencia educativa al participar en una jornada de \u00abPuertas Abiertas\u00bb organizada por el Liceo Industrial de Valdivia, en el marco del plan de continuidad de ense\u00f1anza media. Durante la visita, los alumnos y alumnas pudieron [&hellip;]\" \/>\n<meta property=\"og:url\" content=\"https:\/\/escuelaespanaval.cl\/?p=3009\" \/>\n<meta property=\"og:site_name\" content=\"Escuela Espa\u00f1a\" \/>\n<meta property=\"article:publisher\" content=\"https:\/\/www.facebook.com\/escuelaespanavald\" \/>\n<meta property=\"article:published_time\" content=\"2025-08-08T12:02:29+00:00\" \/>\n<meta property=\"article:modified_time\" content=\"2025-08-08T12:02:30+00:00\" \/>\n<meta property=\"og:image\" content=\"https:\/\/escuelaespanaval.cl\/wp-content\/uploads\/2025\/08\/9a39c387-39ac-4edf-b461-e1f5b40efba1.jpg\" \/>\n\t<meta property=\"og:image:width\" content=\"960\" \/>\n\t<meta property=\"og:image:height\" content=\"1280\" \/>\n\t<meta property=\"og:image:type\" content=\"image\/jpeg\" \/>\n<meta name=\"author\" content=\"Administrador\" \/>\n<meta name=\"twitter:card\" content=\"summary_large_image\" \/>\n<meta name=\"twitter:label1\" content=\"Escrito por\" \/>\n\t<meta name=\"twitter:data1\" content=\"Administrador\" \/>\n\t<meta name=\"twitter:label2\" content=\"Tiempo de lectura\" \/>\n\t<meta name=\"twitter:data2\" content=\"3 minutos\" \/>\n<script type=\"application\/ld+json\" class=\"yoast-schema-graph\">{\"@context\":\"https:\/\/schema.org\",\"@graph\":[{\"@type\":\"Article\",\"@id\":\"https:\/\/escuelaespanaval.cl\/?p=3009#article\",\"isPartOf\":{\"@id\":\"https:\/\/escuelaespanaval.cl\/?p=3009\"},\"author\":{\"name\":\"Administrador\",\"@id\":\"https:\/\/escuelaespanaval.cl\/#\/schema\/person\/b8dc96fec133a948c2114bb5cba3ca1a\"},\"headline\":\"Estudiantes de 8\u00ba A y B\u00a0 participaron en jornada de Puertas Abiertas en el Liceo Industrial de Valdivia\",\"datePublished\":\"2025-08-08T12:02:29+00:00\",\"dateModified\":\"2025-08-08T12:02:30+00:00\",\"mainEntityOfPage\":{\"@id\":\"https:\/\/escuelaespanaval.cl\/?p=3009\"},\"wordCount\":166,\"publisher\":{\"@id\":\"https:\/\/escuelaespanaval.cl\/#organization\"},\"image\":{\"@id\":\"https:\/\/escuelaespanaval.cl\/?p=3009#primaryimage\"},\"thumbnailUrl\":\"https:\/\/escuelaespanaval.cl\/wp-content\/uploads\/2025\/08\/9a39c387-39ac-4edf-b461-e1f5b40efba1.jpg\",\"articleSection\":[\"Actividades\"],\"inLanguage\":\"es\"},{\"@type\":\"WebPage\",\"@id\":\"https:\/\/escuelaespanaval.cl\/?p=3009\",\"url\":\"https:\/\/escuelaespanaval.cl\/?p=3009\",\"name\":\"Estudiantes de 8\u00ba A y B\u00a0 participaron en jornada de Puertas Abiertas en el Liceo Industrial de Valdivia - Escuela Espa\u00f1a\",\"isPartOf\":{\"@id\":\"https:\/\/escuelaespanaval.cl\/#website\"},\"primaryImageOfPage\":{\"@id\":\"https:\/\/escuelaespanaval.cl\/?p=3009#primaryimage\"},\"image\":{\"@id\":\"https:\/\/escuelaespanaval.cl\/?p=3009#primaryimage\"},\"thumbnailUrl\":\"https:\/\/escuelaespanaval.cl\/wp-content\/uploads\/2025\/08\/9a39c387-39ac-4edf-b461-e1f5b40efba1.jpg\",\"datePublished\":\"2025-08-08T12:02:29+00:00\",\"dateModified\":\"2025-08-08T12:02:30+00:00\",\"breadcrumb\":{\"@id\":\"https:\/\/escuelaespanaval.cl\/?p=3009#breadcrumb\"},\"inLanguage\":\"es\",\"potentialAction\":[{\"@type\":\"ReadAction\",\"target\":[\"https:\/\/escuelaespanaval.cl\/?p=3009\"]}]},{\"@type\":\"ImageObject\",\"inLanguage\":\"es\",\"@id\":\"https:\/\/escuelaespanaval.cl\/?p=3009#primaryimage\",\"url\":\"https:\/\/escuelaespanaval.cl\/wp-content\/uploads\/2025\/08\/9a39c387-39ac-4edf-b461-e1f5b40efba1.jpg\",\"contentUrl\":\"https:\/\/escuelaespanaval.cl\/wp-content\/uploads\/2025\/08\/9a39c387-39ac-4edf-b461-e1f5b40efba1.jpg\",\"width\":960,\"height\":1280},{\"@type\":\"BreadcrumbList\",\"@id\":\"https:\/\/escuelaespanaval.cl\/?p=3009#breadcrumb\",\"itemListElement\":[{\"@type\":\"ListItem\",\"position\":1,\"name\":\"Portada\",\"item\":\"https:\/\/escuelaespanaval.cl\/\"},{\"@type\":\"ListItem\",\"position\":2,\"name\":\"Estudiantes de 8\u00ba A y B\u00a0 participaron en jornada de Puertas Abiertas en el Liceo Industrial de Valdivia\"}]},{\"@type\":\"WebSite\",\"@id\":\"https:\/\/escuelaespanaval.cl\/#website\",\"url\":\"https:\/\/escuelaespanaval.cl\/\",\"name\":\"Escuela Espa\u00f1a\",\"description\":\"Valdivia\",\"publisher\":{\"@id\":\"https:\/\/escuelaespanaval.cl\/#organization\"},\"potentialAction\":[{\"@type\":\"SearchAction\",\"target\":{\"@type\":\"EntryPoint\",\"urlTemplate\":\"https:\/\/escuelaespanaval.cl\/?s={search_term_string}\"},\"query-input\":{\"@type\":\"PropertyValueSpecification\",\"valueRequired\":true,\"valueName\":\"search_term_string\"}}],\"inLanguage\":\"es\"},{\"@type\":\"Organization\",\"@id\":\"https:\/\/escuelaespanaval.cl\/#organization\",\"name\":\"Escuela Espa\u00f1a\",\"url\":\"https:\/\/escuelaespanaval.cl\/\",\"logo\":{\"@type\":\"ImageObject\",\"inLanguage\":\"es\",\"@id\":\"https:\/\/escuelaespanaval.cl\/#\/schema\/logo\/image\/\",\"url\":\"https:\/\/escuelaespanaval.cl\/wp-content\/uploads\/2020\/12\/LOGO_ESCUELA.png\",\"contentUrl\":\"https:\/\/escuelaespanaval.cl\/wp-content\/uploads\/2020\/12\/LOGO_ESCUELA.png\",\"width\":1550,\"height\":2402,\"caption\":\"Escuela Espa\u00f1a\"},\"image\":{\"@id\":\"https:\/\/escuelaespanaval.cl\/#\/schema\/logo\/image\/\"},\"sameAs\":[\"https:\/\/www.facebook.com\/escuelaespanavald\",\"https:\/\/www.youtube.com\/@escuelaespanavaldivia97\"]},{\"@type\":\"Person\",\"@id\":\"https:\/\/escuelaespanaval.cl\/#\/schema\/person\/b8dc96fec133a948c2114bb5cba3ca1a\",\"name\":\"Administrador\",\"image\":{\"@type\":\"ImageObject\",\"inLanguage\":\"es\",\"@id\":\"https:\/\/escuelaespanaval.cl\/#\/schema\/person\/image\/\",\"url\":\"https:\/\/secure.gravatar.com\/avatar\/1a4537f0b323ae38f6776eb293038a2af5616bfe3d24bf6be540f254d895dd45?s=96&d=mm&r=g\",\"contentUrl\":\"https:\/\/secure.gravatar.com\/avatar\/1a4537f0b323ae38f6776eb293038a2af5616bfe3d24bf6be540f254d895dd45?s=96&d=mm&r=g\",\"caption\":\"Administrador\"},\"sameAs\":[\"https:\/\/escuelaespanaval.cl\/wp\"],\"url\":\"https:\/\/escuelaespanaval.cl\/?author=1\"}]}<\/script>\n<!-- \/ Yoast SEO plugin. -->","yoast_head_json":{"title":"Estudiantes de 8\u00ba A y B\u00a0 participaron en jornada de Puertas Abiertas en el Liceo Industrial de Valdivia - Escuela Espa\u00f1a","robots":{"index":"index","follow":"follow","max-snippet":"max-snippet:-1","max-image-preview":"max-image-preview:large","max-video-preview":"max-video-preview:-1"},"canonical":"https:\/\/escuelaespanaval.cl\/?p=3009","og_locale":"es_ES","og_type":"article","og_title":"Estudiantes de 8\u00ba A y B\u00a0 participaron en jornada de Puertas Abiertas en el Liceo Industrial de Valdivia - Escuela Espa\u00f1a","og_description":"Este mi\u00e9rcoles 6 de agosto, los estudiantes de 8\u00ba a\u00f1o A y B de la Escuela Espa\u00f1a vivieron una enriquecedora experiencia educativa al participar en una jornada de \u00abPuertas Abiertas\u00bb organizada por el Liceo Industrial de Valdivia, en el marco del plan de continuidad de ense\u00f1anza media. Durante la visita, los alumnos y alumnas pudieron [&hellip;]","og_url":"https:\/\/escuelaespanaval.cl\/?p=3009","og_site_name":"Escuela Espa\u00f1a","article_publisher":"https:\/\/www.facebook.com\/escuelaespanavald","article_published_time":"2025-08-08T12:02:29+00:00","article_modified_time":"2025-08-08T12:02:30+00:00","og_image":[{"width":960,"height":1280,"url":"https:\/\/escuelaespanaval.cl\/wp-content\/uploads\/2025\/08\/9a39c387-39ac-4edf-b461-e1f5b40efba1.jpg","type":"image\/jpeg"}],"author":"Administrador","twitter_card":"summary_large_image","twitter_misc":{"Escrito por":"Administrador","Tiempo de lectura":"3 minutos"},"schema":{"@context":"https:\/\/schema.org","@graph":[{"@type":"Article","@id":"https:\/\/escuelaespanaval.cl\/?p=3009#article","isPartOf":{"@id":"https:\/\/escuelaespanaval.cl\/?p=3009"},"author":{"name":"Administrador","@id":"https:\/\/escuelaespanaval.cl\/#\/schema\/person\/b8dc96fec133a948c2114bb5cba3ca1a"},"headline":"Estudiantes de 8\u00ba A y B\u00a0 participaron en jornada de Puertas Abiertas en el Liceo Industrial de Valdivia","datePublished":"2025-08-08T12:02:29+00:00","dateModified":"2025-08-08T12:02:30+00:00","mainEntityOfPage":{"@id":"https:\/\/escuelaespanaval.cl\/?p=3009"},"wordCount":166,"publisher":{"@id":"https:\/\/escuelaespanaval.cl\/#organization"},"image":{"@id":"https:\/\/escuelaespanaval.cl\/?p=3009#primaryimage"},"thumbnailUrl":"https:\/\/escuelaespanaval.cl\/wp-content\/uploads\/2025\/08\/9a39c387-39ac-4edf-b461-e1f5b40efba1.jpg","articleSection":["Actividades"],"inLanguage":"es"},{"@type":"WebPage","@id":"https:\/\/escuelaespanaval.cl\/?p=3009","url":"https:\/\/escuelaespanaval.cl\/?p=3009","name":"Estudiantes de 8\u00ba A y B\u00a0 participaron en jornada de Puertas Abiertas en el Liceo Industrial de Valdivia - Escuela Espa\u00f1a","isPartOf":{"@id":"https:\/\/escuelaespanaval.cl\/#website"},"primaryImageOfPage":{"@id":"https:\/\/escuelaespanaval.cl\/?p=3009#primaryimage"},"image":{"@id":"https:\/\/escuelaespanaval.cl\/?p=3009#primaryimage"},"thumbnailUrl":"https:\/\/escuelaespanaval.cl\/wp-content\/uploads\/2025\/08\/9a39c387-39ac-4edf-b461-e1f5b40efba1.jpg","datePublished":"2025-08-08T12:02:29+00:00","dateModified":"2025-08-08T12:02:30+00:00","breadcrumb":{"@id":"https:\/\/escuelaespanaval.cl\/?p=3009#breadcrumb"},"inLanguage":"es","potentialAction":[{"@type":"ReadAction","target":["https:\/\/escuelaespanaval.cl\/?p=3009"]}]},{"@type":"ImageObject","inLanguage":"es","@id":"https:\/\/escuelaespanaval.cl\/?p=3009#primaryimage","url":"https:\/\/escuelaespanaval.cl\/wp-content\/uploads\/2025\/08\/9a39c387-39ac-4edf-b461-e1f5b40efba1.jpg","contentUrl":"https:\/\/escuelaespanaval.cl\/wp-content\/uploads\/2025\/08\/9a39c387-39ac-4edf-b461-e1f5b40efba1.jpg","width":960,"height":1280},{"@type":"BreadcrumbList","@id":"https:\/\/escuelaespanaval.cl\/?p=3009#breadcrumb","itemListElement":[{"@type":"ListItem","position":1,"name":"Portada","item":"https:\/\/escuelaespanaval.cl\/"},{"@type":"ListItem","position":2,"name":"Estudiantes de 8\u00ba A y B\u00a0 participaron en jornada de Puertas Abiertas en el Liceo Industrial de Valdivia"}]},{"@type":"WebSite","@id":"https:\/\/escuelaespanaval.cl\/#website","url":"https:\/\/escuelaespanaval.cl\/","name":"Escuela Espa\u00f1a","description":"Valdivia","publisher":{"@id":"https:\/\/escuelaespanaval.cl\/#organization"},"potentialAction":[{"@type":"SearchAction","target":{"@type":"EntryPoint","urlTemplate":"https:\/\/escuelaespanaval.cl\/?s={search_term_string}"},"query-input":{"@type":"PropertyValueSpecification","valueRequired":true,"valueName":"search_term_string"}}],"inLanguage":"es"},{"@type":"Organization","@id":"https:\/\/escuelaespanaval.cl\/#organization","name":"Escuela Espa\u00f1a","url":"https:\/\/escuelaespanaval.cl\/","logo":{"@type":"ImageObject","inLanguage":"es","@id":"https:\/\/escuelaespanaval.cl\/#\/schema\/logo\/image\/","url":"https:\/\/escuelaespanaval.cl\/wp-content\/uploads\/2020\/12\/LOGO_ESCUELA.png","contentUrl":"https:\/\/escuelaespanaval.cl\/wp-content\/uploads\/2020\/12\/LOGO_ESCUELA.png","width":1550,"height":2402,"caption":"Escuela Espa\u00f1a"},"image":{"@id":"https:\/\/escuelaespanaval.cl\/#\/schema\/logo\/image\/"},"sameAs":["https:\/\/www.facebook.com\/escuelaespanavald","https:\/\/www.youtube.com\/@escuelaespanavaldivia97"]},{"@type":"Person","@id":"https:\/\/escuelaespanaval.cl\/#\/schema\/person\/b8dc96fec133a948c2114bb5cba3ca1a","name":"Administrador","image":{"@type":"ImageObject","inLanguage":"es","@id":"https:\/\/escuelaespanaval.cl\/#\/schema\/person\/image\/","url":"https:\/\/secure.gravatar.com\/avatar\/1a4537f0b323ae38f6776eb293038a2af5616bfe3d24bf6be540f254d895dd45?s=96&d=mm&r=g","contentUrl":"https:\/\/secure.gravatar.com\/avatar\/1a4537f0b323ae38f6776eb293038a2af5616bfe3d24bf6be540f254d895dd45?s=96&d=mm&r=g","caption":"Administrador"},"sameAs":["https:\/\/escuelaespanaval.cl\/wp"],"url":"https:\/\/escuelaespanaval.cl\/?author=1"}]}},"_links":{"self":[{"href":"https:\/\/escuelaespanaval.cl\/index.php?rest_route=\/wp\/v2\/posts\/3009","targetHints":{"allow":["GET"]}}],"collection":[{"href":"https:\/\/escuelaespanaval.cl\/index.php?rest_route=\/wp\/v2\/posts"}],"about":[{"href":"https:\/\/escuelaespanaval.cl\/index.php?rest_route=\/wp\/v2\/types\/post"}],"author":[{"embeddable":true,"href":"https:\/\/escuelaespanaval.cl\/index.php?rest_route=\/wp\/v2\/users\/1"}],"replies":[{"embeddable":true,"href":"https:\/\/escuelaespanaval.cl\/index.php?rest_route=%2Fwp%2Fv2%2Fcomments&post=3009"}],"version-history":[{"count":1,"href":"https:\/\/escuelaespanaval.cl\/index.php?rest_route=\/wp\/v2\/posts\/3009\/revisions"}],"predecessor-version":[{"id":3020,"href":"https:\/\/escuelaespanaval.cl\/index.php?rest_route=\/wp\/v2\/posts\/3009\/revisions\/3020"}],"wp:featuredmedia":[{"embeddable":true,"href":"https:\/\/escuelaespanaval.cl\/index.php?rest_route=\/wp\/v2\/media\/3019"}],"wp:attachment":[{"href":"https:\/\/escuelaespanaval.cl\/index.php?rest_route=%2Fwp%2Fv2%2Fmedia&parent=3009"}],"wp:term":[{"taxonomy":"category","embeddable":true,"href":"https:\/\/escuelaespanaval.cl\/index.php?rest_route=%2Fwp%2Fv2%2Fcategories&post=3009"},{"taxonomy":"post_tag","embeddable":true,"href":"https:\/\/escuelaespanaval.cl\/index.php?rest_route=%2Fwp%2Fv2%2Ftags&post=3009"}],"curies":[{"name":"wp","href":"https:\/\/api.w.org\/{rel}","templated":true}]}}