{"id":2925,"date":"2025-05-12T12:11:55","date_gmt":"2025-05-12T12:11:55","guid":{"rendered":"https:\/\/escuelaespanaval.cl\/?p=2925"},"modified":"2025-05-12T12:11:56","modified_gmt":"2025-05-12T12:11:56","slug":"capacitacion-sobre-tea-y-educacion-inclusiva","status":"publish","type":"post","link":"https:\/\/escuelaespanaval.cl\/?p=2925","title":{"rendered":"Capacitaci\u00f3n sobre TEA y Educaci\u00f3n Inclusiva"},"content":{"rendered":"\n<p><\/p>\n\n\n\n<p><strong>Martes 6 de mayo de 2025<\/strong>&nbsp;\u2014 La comunidad educativa de la Escuela Escuela Espa\u00f1a de Valdivia,particip\u00f3 en una enriquecedora capacitaci\u00f3n titulada&nbsp;<em>\u201cTrastorno del Espectro Autista y contextos educacionales inclusivos\u201d<\/em>, dirigida por el terapeuta ocupacional&nbsp;<strong>Diego Vidal<\/strong>&nbsp;de la Universidad Santo Tom\u00e1s.<\/p>\n\n\n\n<p>Durante la jornada se abordaron aspectos clave del&nbsp;<strong>Trastorno del Espectro Autista (TEA)<\/strong>&nbsp;y la&nbsp;<strong>Ley TEA N.\u00ba 21.545<\/strong>, destacando estrategias para fomentar una educaci\u00f3n inclusiva y respetuosa de la diversidad.<\/p>\n\n\n\n<p>Agradecemos la participaci\u00f3n del profesional y reafirmamos nuestro compromiso con una escuela cada vez m\u00e1s inclusiva.<\/p>\n\n\n\n<figure class=\"wp-block-gallery has-nested-images columns-default is-cropped wp-block-gallery-1 is-layout-flex wp-block-gallery-is-layout-flex\">\n<figure class=\"wp-block-image size-large\"><img loading=\"lazy\" decoding=\"async\" width=\"1024\" height=\"768\" data-id=\"2926\" src=\"https:\/\/escuelaespanaval.cl\/wp-content\/uploads\/2025\/05\/92351f7a-8fc8-4c04-af3f-783f81b87ddf-1024x768.jpg\" alt=\"\" class=\"wp-image-2926\" srcset=\"https:\/\/escuelaespanaval.cl\/wp-content\/uploads\/2025\/05\/92351f7a-8fc8-4c04-af3f-783f81b87ddf-1024x768.jpg 1024w, https:\/\/escuelaespanaval.cl\/wp-content\/uploads\/2025\/05\/92351f7a-8fc8-4c04-af3f-783f81b87ddf-300x225.jpg 300w, https:\/\/escuelaespanaval.cl\/wp-content\/uploads\/2025\/05\/92351f7a-8fc8-4c04-af3f-783f81b87ddf-768x576.jpg 768w, https:\/\/escuelaespanaval.cl\/wp-content\/uploads\/2025\/05\/92351f7a-8fc8-4c04-af3f-783f81b87ddf.jpg 1280w\" sizes=\"auto, (max-width: 1024px) 100vw, 1024px\" \/><\/figure>\n\n\n\n<figure class=\"wp-block-image size-large\"><img loading=\"lazy\" decoding=\"async\" width=\"1024\" height=\"768\" data-id=\"2929\" src=\"https:\/\/escuelaespanaval.cl\/wp-content\/uploads\/2025\/05\/c37c7fbb-1b5c-47c8-95ef-fc28b7511335-1024x768.jpg\" alt=\"\" class=\"wp-image-2929\" srcset=\"https:\/\/escuelaespanaval.cl\/wp-content\/uploads\/2025\/05\/c37c7fbb-1b5c-47c8-95ef-fc28b7511335-1024x768.jpg 1024w, https:\/\/escuelaespanaval.cl\/wp-content\/uploads\/2025\/05\/c37c7fbb-1b5c-47c8-95ef-fc28b7511335-300x225.jpg 300w, https:\/\/escuelaespanaval.cl\/wp-content\/uploads\/2025\/05\/c37c7fbb-1b5c-47c8-95ef-fc28b7511335-768x576.jpg 768w, https:\/\/escuelaespanaval.cl\/wp-content\/uploads\/2025\/05\/c37c7fbb-1b5c-47c8-95ef-fc28b7511335.jpg 1280w\" sizes=\"auto, (max-width: 1024px) 100vw, 1024px\" \/><\/figure>\n\n\n\n<figure class=\"wp-block-image size-large\"><img loading=\"lazy\" decoding=\"async\" width=\"1024\" height=\"576\" data-id=\"2928\" src=\"https:\/\/escuelaespanaval.cl\/wp-content\/uploads\/2025\/05\/c1889c2e-d145-4288-a1bf-8a1bce071e99-1024x576.jpg\" alt=\"\" class=\"wp-image-2928\" srcset=\"https:\/\/escuelaespanaval.cl\/wp-content\/uploads\/2025\/05\/c1889c2e-d145-4288-a1bf-8a1bce071e99-1024x576.jpg 1024w, https:\/\/escuelaespanaval.cl\/wp-content\/uploads\/2025\/05\/c1889c2e-d145-4288-a1bf-8a1bce071e99-300x169.jpg 300w, https:\/\/escuelaespanaval.cl\/wp-content\/uploads\/2025\/05\/c1889c2e-d145-4288-a1bf-8a1bce071e99-768x432.jpg 768w, https:\/\/escuelaespanaval.cl\/wp-content\/uploads\/2025\/05\/c1889c2e-d145-4288-a1bf-8a1bce071e99-1536x864.jpg 1536w, https:\/\/escuelaespanaval.cl\/wp-content\/uploads\/2025\/05\/c1889c2e-d145-4288-a1bf-8a1bce071e99.jpg 1599w\" sizes=\"auto, (max-width: 1024px) 100vw, 1024px\" \/><\/figure>\n\n\n\n<figure class=\"wp-block-image size-large\"><img loading=\"lazy\" decoding=\"async\" width=\"1024\" height=\"673\" data-id=\"2933\" src=\"https:\/\/escuelaespanaval.cl\/wp-content\/uploads\/2025\/05\/IMG_2749-1024x673.jpg\" alt=\"\" class=\"wp-image-2933\" srcset=\"https:\/\/escuelaespanaval.cl\/wp-content\/uploads\/2025\/05\/IMG_2749-1024x673.jpg 1024w, https:\/\/escuelaespanaval.cl\/wp-content\/uploads\/2025\/05\/IMG_2749-300x197.jpg 300w, https:\/\/escuelaespanaval.cl\/wp-content\/uploads\/2025\/05\/IMG_2749-768x504.jpg 768w, https:\/\/escuelaespanaval.cl\/wp-content\/uploads\/2025\/05\/IMG_2749-1536x1009.jpg 1536w, https:\/\/escuelaespanaval.cl\/wp-content\/uploads\/2025\/05\/IMG_2749-2048x1345.jpg 2048w\" sizes=\"auto, (max-width: 1024px) 100vw, 1024px\" \/><\/figure>\n\n\n\n<figure class=\"wp-block-image size-large\"><img loading=\"lazy\" decoding=\"async\" width=\"768\" height=\"1024\" data-id=\"2936\" src=\"https:\/\/escuelaespanaval.cl\/wp-content\/uploads\/2025\/05\/IMG_2751-768x1024.jpg\" alt=\"\" class=\"wp-image-2936\" srcset=\"https:\/\/escuelaespanaval.cl\/wp-content\/uploads\/2025\/05\/IMG_2751-768x1024.jpg 768w, https:\/\/escuelaespanaval.cl\/wp-content\/uploads\/2025\/05\/IMG_2751-225x300.jpg 225w, https:\/\/escuelaespanaval.cl\/wp-content\/uploads\/2025\/05\/IMG_2751-1152x1536.jpg 1152w, https:\/\/escuelaespanaval.cl\/wp-content\/uploads\/2025\/05\/IMG_2751-1536x2048.jpg 1536w, https:\/\/escuelaespanaval.cl\/wp-content\/uploads\/2025\/05\/IMG_2751-scaled.jpg 1920w\" sizes=\"auto, (max-width: 768px) 100vw, 768px\" \/><\/figure>\n\n\n\n<figure class=\"wp-block-image size-large\"><img loading=\"lazy\" decoding=\"async\" width=\"768\" height=\"1024\" data-id=\"2935\" src=\"https:\/\/escuelaespanaval.cl\/wp-content\/uploads\/2025\/05\/IMG_2752-768x1024.jpg\" alt=\"\" class=\"wp-image-2935\" srcset=\"https:\/\/escuelaespanaval.cl\/wp-content\/uploads\/2025\/05\/IMG_2752-768x1024.jpg 768w, https:\/\/escuelaespanaval.cl\/wp-content\/uploads\/2025\/05\/IMG_2752-225x300.jpg 225w, https:\/\/escuelaespanaval.cl\/wp-content\/uploads\/2025\/05\/IMG_2752-1152x1536.jpg 1152w, https:\/\/escuelaespanaval.cl\/wp-content\/uploads\/2025\/05\/IMG_2752-1536x2048.jpg 1536w, https:\/\/escuelaespanaval.cl\/wp-content\/uploads\/2025\/05\/IMG_2752-scaled.jpg 1920w\" sizes=\"auto, (max-width: 768px) 100vw, 768px\" \/><\/figure>\n\n\n\n<figure class=\"wp-block-image size-large\"><img loading=\"lazy\" decoding=\"async\" width=\"1024\" height=\"768\" data-id=\"2940\" src=\"https:\/\/escuelaespanaval.cl\/wp-content\/uploads\/2025\/05\/IMG_2754-1024x768.jpg\" alt=\"\" class=\"wp-image-2940\" srcset=\"https:\/\/escuelaespanaval.cl\/wp-content\/uploads\/2025\/05\/IMG_2754-1024x768.jpg 1024w, https:\/\/escuelaespanaval.cl\/wp-content\/uploads\/2025\/05\/IMG_2754-300x225.jpg 300w, https:\/\/escuelaespanaval.cl\/wp-content\/uploads\/2025\/05\/IMG_2754-768x576.jpg 768w, https:\/\/escuelaespanaval.cl\/wp-content\/uploads\/2025\/05\/IMG_2754-1536x1152.jpg 1536w, https:\/\/escuelaespanaval.cl\/wp-content\/uploads\/2025\/05\/IMG_2754-2048x1536.jpg 2048w\" sizes=\"auto, (max-width: 1024px) 100vw, 1024px\" \/><\/figure>\n\n\n\n<figure class=\"wp-block-image size-large\"><img loading=\"lazy\" decoding=\"async\" width=\"768\" height=\"1024\" data-id=\"2939\" src=\"https:\/\/escuelaespanaval.cl\/wp-content\/uploads\/2025\/05\/IMG_2756-768x1024.jpg\" alt=\"\" class=\"wp-image-2939\" srcset=\"https:\/\/escuelaespanaval.cl\/wp-content\/uploads\/2025\/05\/IMG_2756-768x1024.jpg 768w, https:\/\/escuelaespanaval.cl\/wp-content\/uploads\/2025\/05\/IMG_2756-225x300.jpg 225w, https:\/\/escuelaespanaval.cl\/wp-content\/uploads\/2025\/05\/IMG_2756-1152x1536.jpg 1152w, https:\/\/escuelaespanaval.cl\/wp-content\/uploads\/2025\/05\/IMG_2756-1536x2048.jpg 1536w, https:\/\/escuelaespanaval.cl\/wp-content\/uploads\/2025\/05\/IMG_2756-scaled.jpg 1920w\" sizes=\"auto, (max-width: 768px) 100vw, 768px\" \/><\/figure>\n\n\n\n<figure class=\"wp-block-image size-large\"><img loading=\"lazy\" decoding=\"async\" width=\"1024\" height=\"627\" data-id=\"2930\" src=\"https:\/\/escuelaespanaval.cl\/wp-content\/uploads\/2025\/05\/IMG_2759-1024x627.jpg\" alt=\"\" class=\"wp-image-2930\" srcset=\"https:\/\/escuelaespanaval.cl\/wp-content\/uploads\/2025\/05\/IMG_2759-1024x627.jpg 1024w, https:\/\/escuelaespanaval.cl\/wp-content\/uploads\/2025\/05\/IMG_2759-300x184.jpg 300w, https:\/\/escuelaespanaval.cl\/wp-content\/uploads\/2025\/05\/IMG_2759-768x470.jpg 768w, https:\/\/escuelaespanaval.cl\/wp-content\/uploads\/2025\/05\/IMG_2759-1536x941.jpg 1536w, https:\/\/escuelaespanaval.cl\/wp-content\/uploads\/2025\/05\/IMG_2759.jpg 2021w\" sizes=\"auto, (max-width: 1024px) 100vw, 1024px\" \/><\/figure>\n\n\n\n<figure class=\"wp-block-image size-large\"><img loading=\"lazy\" decoding=\"async\" width=\"1024\" height=\"646\" data-id=\"2934\" src=\"https:\/\/escuelaespanaval.cl\/wp-content\/uploads\/2025\/05\/IMG_2760-1024x646.jpg\" alt=\"\" class=\"wp-image-2934\" srcset=\"https:\/\/escuelaespanaval.cl\/wp-content\/uploads\/2025\/05\/IMG_2760-1024x646.jpg 1024w, https:\/\/escuelaespanaval.cl\/wp-content\/uploads\/2025\/05\/IMG_2760-300x189.jpg 300w, https:\/\/escuelaespanaval.cl\/wp-content\/uploads\/2025\/05\/IMG_2760-768x484.jpg 768w, https:\/\/escuelaespanaval.cl\/wp-content\/uploads\/2025\/05\/IMG_2760-1536x969.jpg 1536w, https:\/\/escuelaespanaval.cl\/wp-content\/uploads\/2025\/05\/IMG_2760-2048x1292.jpg 2048w\" sizes=\"auto, (max-width: 1024px) 100vw, 1024px\" \/><\/figure>\n\n\n\n<figure class=\"wp-block-image size-large\"><img loading=\"lazy\" decoding=\"async\" width=\"768\" height=\"1024\" data-id=\"2937\" src=\"https:\/\/escuelaespanaval.cl\/wp-content\/uploads\/2025\/05\/IMG_2762-768x1024.jpg\" alt=\"\" class=\"wp-image-2937\" srcset=\"https:\/\/escuelaespanaval.cl\/wp-content\/uploads\/2025\/05\/IMG_2762-768x1024.jpg 768w, https:\/\/escuelaespanaval.cl\/wp-content\/uploads\/2025\/05\/IMG_2762-225x300.jpg 225w, https:\/\/escuelaespanaval.cl\/wp-content\/uploads\/2025\/05\/IMG_2762-1152x1536.jpg 1152w, https:\/\/escuelaespanaval.cl\/wp-content\/uploads\/2025\/05\/IMG_2762-1536x2048.jpg 1536w, https:\/\/escuelaespanaval.cl\/wp-content\/uploads\/2025\/05\/IMG_2762-scaled.jpg 1920w\" sizes=\"auto, (max-width: 768px) 100vw, 768px\" \/><\/figure>\n\n\n\n<figure class=\"wp-block-image size-large\"><img loading=\"lazy\" decoding=\"async\" width=\"1024\" height=\"558\" data-id=\"2932\" src=\"https:\/\/escuelaespanaval.cl\/wp-content\/uploads\/2025\/05\/IMG_2767-1024x558.jpg\" alt=\"\" class=\"wp-image-2932\" srcset=\"https:\/\/escuelaespanaval.cl\/wp-content\/uploads\/2025\/05\/IMG_2767-1024x558.jpg 1024w, https:\/\/escuelaespanaval.cl\/wp-content\/uploads\/2025\/05\/IMG_2767-300x164.jpg 300w, https:\/\/escuelaespanaval.cl\/wp-content\/uploads\/2025\/05\/IMG_2767-768x419.jpg 768w, https:\/\/escuelaespanaval.cl\/wp-content\/uploads\/2025\/05\/IMG_2767-1536x837.jpg 1536w, https:\/\/escuelaespanaval.cl\/wp-content\/uploads\/2025\/05\/IMG_2767-2048x1116.jpg 2048w\" sizes=\"auto, (max-width: 1024px) 100vw, 1024px\" \/><\/figure>\n\n\n\n<figure class=\"wp-block-image size-large\"><img loading=\"lazy\" decoding=\"async\" width=\"1024\" height=\"576\" data-id=\"2927\" src=\"https:\/\/escuelaespanaval.cl\/wp-content\/uploads\/2025\/05\/9a17b170-3bb5-4c29-a715-43ec196445d3-1024x576.jpg\" alt=\"\" class=\"wp-image-2927\" srcset=\"https:\/\/escuelaespanaval.cl\/wp-content\/uploads\/2025\/05\/9a17b170-3bb5-4c29-a715-43ec196445d3-1024x576.jpg 1024w, https:\/\/escuelaespanaval.cl\/wp-content\/uploads\/2025\/05\/9a17b170-3bb5-4c29-a715-43ec196445d3-300x169.jpg 300w, https:\/\/escuelaespanaval.cl\/wp-content\/uploads\/2025\/05\/9a17b170-3bb5-4c29-a715-43ec196445d3-768x432.jpg 768w, https:\/\/escuelaespanaval.cl\/wp-content\/uploads\/2025\/05\/9a17b170-3bb5-4c29-a715-43ec196445d3-1536x864.jpg 1536w, https:\/\/escuelaespanaval.cl\/wp-content\/uploads\/2025\/05\/9a17b170-3bb5-4c29-a715-43ec196445d3.jpg 1599w\" sizes=\"auto, (max-width: 1024px) 100vw, 1024px\" \/><\/figure>\n\n\n\n<figure class=\"wp-block-image size-large\"><img loading=\"lazy\" decoding=\"async\" width=\"1024\" height=\"709\" data-id=\"2931\" src=\"https:\/\/escuelaespanaval.cl\/wp-content\/uploads\/2025\/05\/IMG_2761-1024x709.jpg\" alt=\"\" class=\"wp-image-2931\" srcset=\"https:\/\/escuelaespanaval.cl\/wp-content\/uploads\/2025\/05\/IMG_2761-1024x709.jpg 1024w, https:\/\/escuelaespanaval.cl\/wp-content\/uploads\/2025\/05\/IMG_2761-300x208.jpg 300w, https:\/\/escuelaespanaval.cl\/wp-content\/uploads\/2025\/05\/IMG_2761-768x532.jpg 768w, https:\/\/escuelaespanaval.cl\/wp-content\/uploads\/2025\/05\/IMG_2761-1536x1064.jpg 1536w, https:\/\/escuelaespanaval.cl\/wp-content\/uploads\/2025\/05\/IMG_2761-2048x1419.jpg 2048w\" sizes=\"auto, (max-width: 1024px) 100vw, 1024px\" \/><\/figure>\n\n\n\n<figure class=\"wp-block-image size-large\"><img loading=\"lazy\" decoding=\"async\" width=\"768\" height=\"1024\" data-id=\"2938\" src=\"https:\/\/escuelaespanaval.cl\/wp-content\/uploads\/2025\/05\/IMG_2762_1-768x1024.jpg\" alt=\"\" class=\"wp-image-2938\" srcset=\"https:\/\/escuelaespanaval.cl\/wp-content\/uploads\/2025\/05\/IMG_2762_1-768x1024.jpg 768w, https:\/\/escuelaespanaval.cl\/wp-content\/uploads\/2025\/05\/IMG_2762_1-225x300.jpg 225w, https:\/\/escuelaespanaval.cl\/wp-content\/uploads\/2025\/05\/IMG_2762_1-1152x1536.jpg 1152w, https:\/\/escuelaespanaval.cl\/wp-content\/uploads\/2025\/05\/IMG_2762_1-1536x2048.jpg 1536w, https:\/\/escuelaespanaval.cl\/wp-content\/uploads\/2025\/05\/IMG_2762_1-scaled.jpg 1920w\" sizes=\"auto, (max-width: 768px) 100vw, 768px\" \/><\/figure>\n<\/figure>\n","protected":false},"excerpt":{"rendered":"<p>Martes 6 de mayo de 2025&nbsp;\u2014 La comunidad educativa de la Escuela Escuela Espa\u00f1a de Valdivia,particip\u00f3 en una enriquecedora capacitaci\u00f3n titulada&nbsp;\u201cTrastorno del Espectro Autista y contextos educacionales inclusivos\u201d, dirigida por el terapeuta ocupacional&nbsp;Diego Vidal&nbsp;de la Universidad Santo Tom\u00e1s. Durante la jornada se abordaron aspectos clave del&nbsp;Trastorno del Espectro Autista (TEA)&nbsp;y la&nbsp;Ley TEA N.\u00ba 21.545, destacando [&hellip;]<\/p>\n","protected":false},"author":1,"featured_media":2938,"comment_status":"closed","ping_status":"open","sticky":false,"template":"","format":"standard","meta":{"_monsterinsights_skip_tracking":false,"_monsterinsights_sitenote_active":false,"_monsterinsights_sitenote_note":"","_monsterinsights_sitenote_category":0,"site-container-style":"default","site-container-layout":"default","site-sidebar-layout":"default","disable-article-header":"default","disable-site-header":"default","disable-site-footer":"default","disable-content-area-spacing":"default","footnotes":""},"categories":[6],"tags":[],"class_list":["post-2925","post","type-post","status-publish","format-standard","has-post-thumbnail","hentry","category-actividades"],"yoast_head":"<!-- This site is optimized with the Yoast SEO plugin v27.1.1 - https:\/\/yoast.com\/product\/yoast-seo-wordpress\/ -->\n<title>Capacitaci\u00f3n sobre TEA y Educaci\u00f3n Inclusiva - Escuela Espa\u00f1a<\/title>\n<meta name=\"robots\" content=\"index, follow, max-snippet:-1, max-image-preview:large, max-video-preview:-1\" \/>\n<link rel=\"canonical\" href=\"https:\/\/escuelaespanaval.cl\/?p=2925\" \/>\n<meta property=\"og:locale\" content=\"es_ES\" \/>\n<meta property=\"og:type\" content=\"article\" \/>\n<meta property=\"og:title\" content=\"Capacitaci\u00f3n sobre TEA y Educaci\u00f3n Inclusiva - Escuela Espa\u00f1a\" \/>\n<meta property=\"og:description\" content=\"Martes 6 de mayo de 2025&nbsp;\u2014 La comunidad educativa de la Escuela Escuela Espa\u00f1a de Valdivia,particip\u00f3 en una enriquecedora capacitaci\u00f3n titulada&nbsp;\u201cTrastorno del Espectro Autista y contextos educacionales inclusivos\u201d, dirigida por el terapeuta ocupacional&nbsp;Diego Vidal&nbsp;de la Universidad Santo Tom\u00e1s. Durante la jornada se abordaron aspectos clave del&nbsp;Trastorno del Espectro Autista (TEA)&nbsp;y la&nbsp;Ley TEA N.\u00ba 21.545, destacando [&hellip;]\" \/>\n<meta property=\"og:url\" content=\"https:\/\/escuelaespanaval.cl\/?p=2925\" \/>\n<meta property=\"og:site_name\" content=\"Escuela Espa\u00f1a\" \/>\n<meta property=\"article:publisher\" content=\"https:\/\/www.facebook.com\/escuelaespanavald\" \/>\n<meta property=\"article:published_time\" content=\"2025-05-12T12:11:55+00:00\" \/>\n<meta property=\"article:modified_time\" content=\"2025-05-12T12:11:56+00:00\" \/>\n<meta property=\"og:image\" content=\"https:\/\/escuelaespanaval.cl\/wp-content\/uploads\/2025\/05\/IMG_2762_1-scaled.jpg\" \/>\n\t<meta property=\"og:image:width\" content=\"1920\" \/>\n\t<meta property=\"og:image:height\" content=\"2560\" \/>\n\t<meta property=\"og:image:type\" content=\"image\/jpeg\" \/>\n<meta name=\"author\" content=\"Administrador\" \/>\n<meta name=\"twitter:card\" content=\"summary_large_image\" \/>\n<meta name=\"twitter:label1\" content=\"Escrito por\" \/>\n\t<meta name=\"twitter:data1\" content=\"Administrador\" \/>\n\t<meta name=\"twitter:label2\" content=\"Tiempo de lectura\" \/>\n\t<meta name=\"twitter:data2\" content=\"4 minutos\" \/>\n<script type=\"application\/ld+json\" class=\"yoast-schema-graph\">{\"@context\":\"https:\/\/schema.org\",\"@graph\":[{\"@type\":\"Article\",\"@id\":\"https:\/\/escuelaespanaval.cl\/?p=2925#article\",\"isPartOf\":{\"@id\":\"https:\/\/escuelaespanaval.cl\/?p=2925\"},\"author\":{\"name\":\"Administrador\",\"@id\":\"https:\/\/escuelaespanaval.cl\/#\/schema\/person\/b8dc96fec133a948c2114bb5cba3ca1a\"},\"headline\":\"Capacitaci\u00f3n sobre TEA y Educaci\u00f3n Inclusiva\",\"datePublished\":\"2025-05-12T12:11:55+00:00\",\"dateModified\":\"2025-05-12T12:11:56+00:00\",\"mainEntityOfPage\":{\"@id\":\"https:\/\/escuelaespanaval.cl\/?p=2925\"},\"wordCount\":107,\"publisher\":{\"@id\":\"https:\/\/escuelaespanaval.cl\/#organization\"},\"image\":{\"@id\":\"https:\/\/escuelaespanaval.cl\/?p=2925#primaryimage\"},\"thumbnailUrl\":\"https:\/\/escuelaespanaval.cl\/wp-content\/uploads\/2025\/05\/IMG_2762_1-scaled.jpg\",\"articleSection\":[\"Actividades\"],\"inLanguage\":\"es\"},{\"@type\":\"WebPage\",\"@id\":\"https:\/\/escuelaespanaval.cl\/?p=2925\",\"url\":\"https:\/\/escuelaespanaval.cl\/?p=2925\",\"name\":\"Capacitaci\u00f3n sobre TEA y Educaci\u00f3n Inclusiva - Escuela Espa\u00f1a\",\"isPartOf\":{\"@id\":\"https:\/\/escuelaespanaval.cl\/#website\"},\"primaryImageOfPage\":{\"@id\":\"https:\/\/escuelaespanaval.cl\/?p=2925#primaryimage\"},\"image\":{\"@id\":\"https:\/\/escuelaespanaval.cl\/?p=2925#primaryimage\"},\"thumbnailUrl\":\"https:\/\/escuelaespanaval.cl\/wp-content\/uploads\/2025\/05\/IMG_2762_1-scaled.jpg\",\"datePublished\":\"2025-05-12T12:11:55+00:00\",\"dateModified\":\"2025-05-12T12:11:56+00:00\",\"breadcrumb\":{\"@id\":\"https:\/\/escuelaespanaval.cl\/?p=2925#breadcrumb\"},\"inLanguage\":\"es\",\"potentialAction\":[{\"@type\":\"ReadAction\",\"target\":[\"https:\/\/escuelaespanaval.cl\/?p=2925\"]}]},{\"@type\":\"ImageObject\",\"inLanguage\":\"es\",\"@id\":\"https:\/\/escuelaespanaval.cl\/?p=2925#primaryimage\",\"url\":\"https:\/\/escuelaespanaval.cl\/wp-content\/uploads\/2025\/05\/IMG_2762_1-scaled.jpg\",\"contentUrl\":\"https:\/\/escuelaespanaval.cl\/wp-content\/uploads\/2025\/05\/IMG_2762_1-scaled.jpg\",\"width\":1920,\"height\":2560},{\"@type\":\"BreadcrumbList\",\"@id\":\"https:\/\/escuelaespanaval.cl\/?p=2925#breadcrumb\",\"itemListElement\":[{\"@type\":\"ListItem\",\"position\":1,\"name\":\"Portada\",\"item\":\"https:\/\/escuelaespanaval.cl\/\"},{\"@type\":\"ListItem\",\"position\":2,\"name\":\"Capacitaci\u00f3n sobre TEA y Educaci\u00f3n Inclusiva\"}]},{\"@type\":\"WebSite\",\"@id\":\"https:\/\/escuelaespanaval.cl\/#website\",\"url\":\"https:\/\/escuelaespanaval.cl\/\",\"name\":\"Escuela Espa\u00f1a\",\"description\":\"Valdivia\",\"publisher\":{\"@id\":\"https:\/\/escuelaespanaval.cl\/#organization\"},\"potentialAction\":[{\"@type\":\"SearchAction\",\"target\":{\"@type\":\"EntryPoint\",\"urlTemplate\":\"https:\/\/escuelaespanaval.cl\/?s={search_term_string}\"},\"query-input\":{\"@type\":\"PropertyValueSpecification\",\"valueRequired\":true,\"valueName\":\"search_term_string\"}}],\"inLanguage\":\"es\"},{\"@type\":\"Organization\",\"@id\":\"https:\/\/escuelaespanaval.cl\/#organization\",\"name\":\"Escuela Espa\u00f1a\",\"url\":\"https:\/\/escuelaespanaval.cl\/\",\"logo\":{\"@type\":\"ImageObject\",\"inLanguage\":\"es\",\"@id\":\"https:\/\/escuelaespanaval.cl\/#\/schema\/logo\/image\/\",\"url\":\"https:\/\/escuelaespanaval.cl\/wp-content\/uploads\/2020\/12\/LOGO_ESCUELA.png\",\"contentUrl\":\"https:\/\/escuelaespanaval.cl\/wp-content\/uploads\/2020\/12\/LOGO_ESCUELA.png\",\"width\":1550,\"height\":2402,\"caption\":\"Escuela Espa\u00f1a\"},\"image\":{\"@id\":\"https:\/\/escuelaespanaval.cl\/#\/schema\/logo\/image\/\"},\"sameAs\":[\"https:\/\/www.facebook.com\/escuelaespanavald\",\"https:\/\/www.youtube.com\/@escuelaespanavaldivia97\"]},{\"@type\":\"Person\",\"@id\":\"https:\/\/escuelaespanaval.cl\/#\/schema\/person\/b8dc96fec133a948c2114bb5cba3ca1a\",\"name\":\"Administrador\",\"image\":{\"@type\":\"ImageObject\",\"inLanguage\":\"es\",\"@id\":\"https:\/\/escuelaespanaval.cl\/#\/schema\/person\/image\/\",\"url\":\"https:\/\/secure.gravatar.com\/avatar\/1a4537f0b323ae38f6776eb293038a2af5616bfe3d24bf6be540f254d895dd45?s=96&d=mm&r=g\",\"contentUrl\":\"https:\/\/secure.gravatar.com\/avatar\/1a4537f0b323ae38f6776eb293038a2af5616bfe3d24bf6be540f254d895dd45?s=96&d=mm&r=g\",\"caption\":\"Administrador\"},\"sameAs\":[\"https:\/\/escuelaespanaval.cl\/wp\"],\"url\":\"https:\/\/escuelaespanaval.cl\/?author=1\"}]}<\/script>\n<!-- \/ Yoast SEO plugin. -->","yoast_head_json":{"title":"Capacitaci\u00f3n sobre TEA y Educaci\u00f3n Inclusiva - Escuela Espa\u00f1a","robots":{"index":"index","follow":"follow","max-snippet":"max-snippet:-1","max-image-preview":"max-image-preview:large","max-video-preview":"max-video-preview:-1"},"canonical":"https:\/\/escuelaespanaval.cl\/?p=2925","og_locale":"es_ES","og_type":"article","og_title":"Capacitaci\u00f3n sobre TEA y Educaci\u00f3n Inclusiva - Escuela Espa\u00f1a","og_description":"Martes 6 de mayo de 2025&nbsp;\u2014 La comunidad educativa de la Escuela Escuela Espa\u00f1a de Valdivia,particip\u00f3 en una enriquecedora capacitaci\u00f3n titulada&nbsp;\u201cTrastorno del Espectro Autista y contextos educacionales inclusivos\u201d, dirigida por el terapeuta ocupacional&nbsp;Diego Vidal&nbsp;de la Universidad Santo Tom\u00e1s. Durante la jornada se abordaron aspectos clave del&nbsp;Trastorno del Espectro Autista (TEA)&nbsp;y la&nbsp;Ley TEA N.\u00ba 21.545, destacando [&hellip;]","og_url":"https:\/\/escuelaespanaval.cl\/?p=2925","og_site_name":"Escuela Espa\u00f1a","article_publisher":"https:\/\/www.facebook.com\/escuelaespanavald","article_published_time":"2025-05-12T12:11:55+00:00","article_modified_time":"2025-05-12T12:11:56+00:00","og_image":[{"width":1920,"height":2560,"url":"https:\/\/escuelaespanaval.cl\/wp-content\/uploads\/2025\/05\/IMG_2762_1-scaled.jpg","type":"image\/jpeg"}],"author":"Administrador","twitter_card":"summary_large_image","twitter_misc":{"Escrito por":"Administrador","Tiempo de lectura":"4 minutos"},"schema":{"@context":"https:\/\/schema.org","@graph":[{"@type":"Article","@id":"https:\/\/escuelaespanaval.cl\/?p=2925#article","isPartOf":{"@id":"https:\/\/escuelaespanaval.cl\/?p=2925"},"author":{"name":"Administrador","@id":"https:\/\/escuelaespanaval.cl\/#\/schema\/person\/b8dc96fec133a948c2114bb5cba3ca1a"},"headline":"Capacitaci\u00f3n sobre TEA y Educaci\u00f3n Inclusiva","datePublished":"2025-05-12T12:11:55+00:00","dateModified":"2025-05-12T12:11:56+00:00","mainEntityOfPage":{"@id":"https:\/\/escuelaespanaval.cl\/?p=2925"},"wordCount":107,"publisher":{"@id":"https:\/\/escuelaespanaval.cl\/#organization"},"image":{"@id":"https:\/\/escuelaespanaval.cl\/?p=2925#primaryimage"},"thumbnailUrl":"https:\/\/escuelaespanaval.cl\/wp-content\/uploads\/2025\/05\/IMG_2762_1-scaled.jpg","articleSection":["Actividades"],"inLanguage":"es"},{"@type":"WebPage","@id":"https:\/\/escuelaespanaval.cl\/?p=2925","url":"https:\/\/escuelaespanaval.cl\/?p=2925","name":"Capacitaci\u00f3n sobre TEA y Educaci\u00f3n Inclusiva - Escuela Espa\u00f1a","isPartOf":{"@id":"https:\/\/escuelaespanaval.cl\/#website"},"primaryImageOfPage":{"@id":"https:\/\/escuelaespanaval.cl\/?p=2925#primaryimage"},"image":{"@id":"https:\/\/escuelaespanaval.cl\/?p=2925#primaryimage"},"thumbnailUrl":"https:\/\/escuelaespanaval.cl\/wp-content\/uploads\/2025\/05\/IMG_2762_1-scaled.jpg","datePublished":"2025-05-12T12:11:55+00:00","dateModified":"2025-05-12T12:11:56+00:00","breadcrumb":{"@id":"https:\/\/escuelaespanaval.cl\/?p=2925#breadcrumb"},"inLanguage":"es","potentialAction":[{"@type":"ReadAction","target":["https:\/\/escuelaespanaval.cl\/?p=2925"]}]},{"@type":"ImageObject","inLanguage":"es","@id":"https:\/\/escuelaespanaval.cl\/?p=2925#primaryimage","url":"https:\/\/escuelaespanaval.cl\/wp-content\/uploads\/2025\/05\/IMG_2762_1-scaled.jpg","contentUrl":"https:\/\/escuelaespanaval.cl\/wp-content\/uploads\/2025\/05\/IMG_2762_1-scaled.jpg","width":1920,"height":2560},{"@type":"BreadcrumbList","@id":"https:\/\/escuelaespanaval.cl\/?p=2925#breadcrumb","itemListElement":[{"@type":"ListItem","position":1,"name":"Portada","item":"https:\/\/escuelaespanaval.cl\/"},{"@type":"ListItem","position":2,"name":"Capacitaci\u00f3n sobre TEA y Educaci\u00f3n Inclusiva"}]},{"@type":"WebSite","@id":"https:\/\/escuelaespanaval.cl\/#website","url":"https:\/\/escuelaespanaval.cl\/","name":"Escuela Espa\u00f1a","description":"Valdivia","publisher":{"@id":"https:\/\/escuelaespanaval.cl\/#organization"},"potentialAction":[{"@type":"SearchAction","target":{"@type":"EntryPoint","urlTemplate":"https:\/\/escuelaespanaval.cl\/?s={search_term_string}"},"query-input":{"@type":"PropertyValueSpecification","valueRequired":true,"valueName":"search_term_string"}}],"inLanguage":"es"},{"@type":"Organization","@id":"https:\/\/escuelaespanaval.cl\/#organization","name":"Escuela Espa\u00f1a","url":"https:\/\/escuelaespanaval.cl\/","logo":{"@type":"ImageObject","inLanguage":"es","@id":"https:\/\/escuelaespanaval.cl\/#\/schema\/logo\/image\/","url":"https:\/\/escuelaespanaval.cl\/wp-content\/uploads\/2020\/12\/LOGO_ESCUELA.png","contentUrl":"https:\/\/escuelaespanaval.cl\/wp-content\/uploads\/2020\/12\/LOGO_ESCUELA.png","width":1550,"height":2402,"caption":"Escuela Espa\u00f1a"},"image":{"@id":"https:\/\/escuelaespanaval.cl\/#\/schema\/logo\/image\/"},"sameAs":["https:\/\/www.facebook.com\/escuelaespanavald","https:\/\/www.youtube.com\/@escuelaespanavaldivia97"]},{"@type":"Person","@id":"https:\/\/escuelaespanaval.cl\/#\/schema\/person\/b8dc96fec133a948c2114bb5cba3ca1a","name":"Administrador","image":{"@type":"ImageObject","inLanguage":"es","@id":"https:\/\/escuelaespanaval.cl\/#\/schema\/person\/image\/","url":"https:\/\/secure.gravatar.com\/avatar\/1a4537f0b323ae38f6776eb293038a2af5616bfe3d24bf6be540f254d895dd45?s=96&d=mm&r=g","contentUrl":"https:\/\/secure.gravatar.com\/avatar\/1a4537f0b323ae38f6776eb293038a2af5616bfe3d24bf6be540f254d895dd45?s=96&d=mm&r=g","caption":"Administrador"},"sameAs":["https:\/\/escuelaespanaval.cl\/wp"],"url":"https:\/\/escuelaespanaval.cl\/?author=1"}]}},"_links":{"self":[{"href":"https:\/\/escuelaespanaval.cl\/index.php?rest_route=\/wp\/v2\/posts\/2925","targetHints":{"allow":["GET"]}}],"collection":[{"href":"https:\/\/escuelaespanaval.cl\/index.php?rest_route=\/wp\/v2\/posts"}],"about":[{"href":"https:\/\/escuelaespanaval.cl\/index.php?rest_route=\/wp\/v2\/types\/post"}],"author":[{"embeddable":true,"href":"https:\/\/escuelaespanaval.cl\/index.php?rest_route=\/wp\/v2\/users\/1"}],"replies":[{"embeddable":true,"href":"https:\/\/escuelaespanaval.cl\/index.php?rest_route=%2Fwp%2Fv2%2Fcomments&post=2925"}],"version-history":[{"count":1,"href":"https:\/\/escuelaespanaval.cl\/index.php?rest_route=\/wp\/v2\/posts\/2925\/revisions"}],"predecessor-version":[{"id":2941,"href":"https:\/\/escuelaespanaval.cl\/index.php?rest_route=\/wp\/v2\/posts\/2925\/revisions\/2941"}],"wp:featuredmedia":[{"embeddable":true,"href":"https:\/\/escuelaespanaval.cl\/index.php?rest_route=\/wp\/v2\/media\/2938"}],"wp:attachment":[{"href":"https:\/\/escuelaespanaval.cl\/index.php?rest_route=%2Fwp%2Fv2%2Fmedia&parent=2925"}],"wp:term":[{"taxonomy":"category","embeddable":true,"href":"https:\/\/escuelaespanaval.cl\/index.php?rest_route=%2Fwp%2Fv2%2Fcategories&post=2925"},{"taxonomy":"post_tag","embeddable":true,"href":"https:\/\/escuelaespanaval.cl\/index.php?rest_route=%2Fwp%2Fv2%2Ftags&post=2925"}],"curies":[{"name":"wp","href":"https:\/\/api.w.org\/{rel}","templated":true}]}}