{"id":2886,"date":"2025-04-30T12:04:29","date_gmt":"2025-04-30T12:04:29","guid":{"rendered":"https:\/\/escuelaespanaval.cl\/?p=2886"},"modified":"2025-04-30T12:04:30","modified_gmt":"2025-04-30T12:04:30","slug":"gran-fiesta-literaria","status":"publish","type":"post","link":"https:\/\/escuelaespanaval.cl\/?p=2886","title":{"rendered":"\u00a1Gran Fiesta Literaria!"},"content":{"rendered":"\n<p>Todo un \u00e9xito result\u00f3 la primera Feria Literaria, realizada en el establecimiento el pasado mi\u00e9rcoles 23 de abril, en donde se celebr\u00f3 el \u201cD\u00eda Internacional del Libro\u201d. Cada curso promocion\u00f3 un libro a trav\u00e9s de un stand con la colaboraci\u00f3n de profesores y apoderados.\u00a0El valioso espacio cumpli\u00f3 con el objetivo de conectar a la comunidad educativa con la literatura.<\/p>\n\n\n\n<figure class=\"wp-block-gallery has-nested-images columns-default is-cropped wp-block-gallery-1 is-layout-flex wp-block-gallery-is-layout-flex\">\n<figure class=\"wp-block-image size-large\"><img loading=\"lazy\" decoding=\"async\" width=\"768\" height=\"1024\" data-id=\"2920\" src=\"https:\/\/escuelaespanaval.cl\/wp-content\/uploads\/2025\/04\/Feria-literaria-24-768x1024.jpg\" alt=\"\" class=\"wp-image-2920\" srcset=\"https:\/\/escuelaespanaval.cl\/wp-content\/uploads\/2025\/04\/Feria-literaria-24-768x1024.jpg 768w, https:\/\/escuelaespanaval.cl\/wp-content\/uploads\/2025\/04\/Feria-literaria-24-225x300.jpg 225w, https:\/\/escuelaespanaval.cl\/wp-content\/uploads\/2025\/04\/Feria-literaria-24-1152x1536.jpg 1152w, https:\/\/escuelaespanaval.cl\/wp-content\/uploads\/2025\/04\/Feria-literaria-24-1536x2048.jpg 1536w, https:\/\/escuelaespanaval.cl\/wp-content\/uploads\/2025\/04\/Feria-literaria-24-scaled.jpg 1920w\" sizes=\"auto, (max-width: 768px) 100vw, 768px\" \/><\/figure>\n\n\n\n<figure class=\"wp-block-image size-large\"><img loading=\"lazy\" decoding=\"async\" width=\"768\" height=\"1024\" data-id=\"2918\" src=\"https:\/\/escuelaespanaval.cl\/wp-content\/uploads\/2025\/04\/Feria-literaria-25-768x1024.jpg\" alt=\"\" class=\"wp-image-2918\" srcset=\"https:\/\/escuelaespanaval.cl\/wp-content\/uploads\/2025\/04\/Feria-literaria-25-768x1024.jpg 768w, https:\/\/escuelaespanaval.cl\/wp-content\/uploads\/2025\/04\/Feria-literaria-25-225x300.jpg 225w, https:\/\/escuelaespanaval.cl\/wp-content\/uploads\/2025\/04\/Feria-literaria-25-1152x1536.jpg 1152w, https:\/\/escuelaespanaval.cl\/wp-content\/uploads\/2025\/04\/Feria-literaria-25-1536x2048.jpg 1536w, https:\/\/escuelaespanaval.cl\/wp-content\/uploads\/2025\/04\/Feria-literaria-25-scaled.jpg 1920w\" sizes=\"auto, (max-width: 768px) 100vw, 768px\" \/><\/figure>\n\n\n\n<figure class=\"wp-block-image size-large\"><img loading=\"lazy\" decoding=\"async\" width=\"461\" height=\"1024\" data-id=\"2887\" src=\"https:\/\/escuelaespanaval.cl\/wp-content\/uploads\/2025\/04\/Feria-literaria-27-461x1024.jpg\" alt=\"\" class=\"wp-image-2887\" srcset=\"https:\/\/escuelaespanaval.cl\/wp-content\/uploads\/2025\/04\/Feria-literaria-27-461x1024.jpg 461w, https:\/\/escuelaespanaval.cl\/wp-content\/uploads\/2025\/04\/Feria-literaria-27-135x300.jpg 135w, https:\/\/escuelaespanaval.cl\/wp-content\/uploads\/2025\/04\/Feria-literaria-27-691x1536.jpg 691w, https:\/\/escuelaespanaval.cl\/wp-content\/uploads\/2025\/04\/Feria-literaria-27.jpg 720w\" sizes=\"auto, (max-width: 461px) 100vw, 461px\" \/><\/figure>\n\n\n\n<figure class=\"wp-block-image size-large\"><img loading=\"lazy\" decoding=\"async\" width=\"461\" height=\"1024\" data-id=\"2893\" src=\"https:\/\/escuelaespanaval.cl\/wp-content\/uploads\/2025\/04\/Feria-literaria-28-461x1024.jpg\" alt=\"\" class=\"wp-image-2893\" srcset=\"https:\/\/escuelaespanaval.cl\/wp-content\/uploads\/2025\/04\/Feria-literaria-28-461x1024.jpg 461w, https:\/\/escuelaespanaval.cl\/wp-content\/uploads\/2025\/04\/Feria-literaria-28-135x300.jpg 135w, https:\/\/escuelaespanaval.cl\/wp-content\/uploads\/2025\/04\/Feria-literaria-28-691x1536.jpg 691w, https:\/\/escuelaespanaval.cl\/wp-content\/uploads\/2025\/04\/Feria-literaria-28.jpg 720w\" sizes=\"auto, (max-width: 461px) 100vw, 461px\" \/><\/figure>\n\n\n\n<figure class=\"wp-block-image size-large\"><img loading=\"lazy\" decoding=\"async\" width=\"1024\" height=\"461\" data-id=\"2904\" src=\"https:\/\/escuelaespanaval.cl\/wp-content\/uploads\/2025\/04\/Feria-literaria-29-1024x461.jpg\" alt=\"\" class=\"wp-image-2904\" srcset=\"https:\/\/escuelaespanaval.cl\/wp-content\/uploads\/2025\/04\/Feria-literaria-29-1024x461.jpg 1024w, https:\/\/escuelaespanaval.cl\/wp-content\/uploads\/2025\/04\/Feria-literaria-29-300x135.jpg 300w, https:\/\/escuelaespanaval.cl\/wp-content\/uploads\/2025\/04\/Feria-literaria-29-768x346.jpg 768w, https:\/\/escuelaespanaval.cl\/wp-content\/uploads\/2025\/04\/Feria-literaria-29-1536x691.jpg 1536w, https:\/\/escuelaespanaval.cl\/wp-content\/uploads\/2025\/04\/Feria-literaria-29.jpg 1600w\" sizes=\"auto, (max-width: 1024px) 100vw, 1024px\" \/><\/figure>\n\n\n\n<figure class=\"wp-block-image size-large\"><img loading=\"lazy\" decoding=\"async\" width=\"1024\" height=\"461\" data-id=\"2898\" src=\"https:\/\/escuelaespanaval.cl\/wp-content\/uploads\/2025\/04\/Feria-literaria-30-1024x461.jpg\" alt=\"\" class=\"wp-image-2898\" srcset=\"https:\/\/escuelaespanaval.cl\/wp-content\/uploads\/2025\/04\/Feria-literaria-30-1024x461.jpg 1024w, https:\/\/escuelaespanaval.cl\/wp-content\/uploads\/2025\/04\/Feria-literaria-30-300x135.jpg 300w, https:\/\/escuelaespanaval.cl\/wp-content\/uploads\/2025\/04\/Feria-literaria-30-768x346.jpg 768w, https:\/\/escuelaespanaval.cl\/wp-content\/uploads\/2025\/04\/Feria-literaria-30-1536x691.jpg 1536w, https:\/\/escuelaespanaval.cl\/wp-content\/uploads\/2025\/04\/Feria-literaria-30.jpg 1600w\" sizes=\"auto, (max-width: 1024px) 100vw, 1024px\" \/><\/figure>\n\n\n\n<figure class=\"wp-block-image size-large\"><img loading=\"lazy\" decoding=\"async\" width=\"1024\" height=\"461\" data-id=\"2903\" src=\"https:\/\/escuelaespanaval.cl\/wp-content\/uploads\/2025\/04\/Feria-literaria-31-1024x461.jpg\" alt=\"\" class=\"wp-image-2903\" srcset=\"https:\/\/escuelaespanaval.cl\/wp-content\/uploads\/2025\/04\/Feria-literaria-31-1024x461.jpg 1024w, https:\/\/escuelaespanaval.cl\/wp-content\/uploads\/2025\/04\/Feria-literaria-31-300x135.jpg 300w, https:\/\/escuelaespanaval.cl\/wp-content\/uploads\/2025\/04\/Feria-literaria-31-768x346.jpg 768w, https:\/\/escuelaespanaval.cl\/wp-content\/uploads\/2025\/04\/Feria-literaria-31-1536x691.jpg 1536w, https:\/\/escuelaespanaval.cl\/wp-content\/uploads\/2025\/04\/Feria-literaria-31.jpg 1600w\" sizes=\"auto, (max-width: 1024px) 100vw, 1024px\" \/><\/figure>\n\n\n\n<figure class=\"wp-block-image size-large\"><img loading=\"lazy\" decoding=\"async\" width=\"1024\" height=\"461\" data-id=\"2896\" src=\"https:\/\/escuelaespanaval.cl\/wp-content\/uploads\/2025\/04\/Feria-literaria-32-1024x461.jpg\" alt=\"\" class=\"wp-image-2896\" srcset=\"https:\/\/escuelaespanaval.cl\/wp-content\/uploads\/2025\/04\/Feria-literaria-32-1024x461.jpg 1024w, https:\/\/escuelaespanaval.cl\/wp-content\/uploads\/2025\/04\/Feria-literaria-32-300x135.jpg 300w, https:\/\/escuelaespanaval.cl\/wp-content\/uploads\/2025\/04\/Feria-literaria-32-768x346.jpg 768w, https:\/\/escuelaespanaval.cl\/wp-content\/uploads\/2025\/04\/Feria-literaria-32-1536x691.jpg 1536w, https:\/\/escuelaespanaval.cl\/wp-content\/uploads\/2025\/04\/Feria-literaria-32.jpg 1600w\" sizes=\"auto, (max-width: 1024px) 100vw, 1024px\" \/><\/figure>\n\n\n\n<figure class=\"wp-block-image size-large\"><img loading=\"lazy\" decoding=\"async\" width=\"576\" height=\"1024\" data-id=\"2902\" src=\"https:\/\/escuelaespanaval.cl\/wp-content\/uploads\/2025\/04\/Feria-literaria-33-576x1024.jpg\" alt=\"\" class=\"wp-image-2902\" srcset=\"https:\/\/escuelaespanaval.cl\/wp-content\/uploads\/2025\/04\/Feria-literaria-33-576x1024.jpg 576w, https:\/\/escuelaespanaval.cl\/wp-content\/uploads\/2025\/04\/Feria-literaria-33-169x300.jpg 169w, https:\/\/escuelaespanaval.cl\/wp-content\/uploads\/2025\/04\/Feria-literaria-33-768x1365.jpg 768w, https:\/\/escuelaespanaval.cl\/wp-content\/uploads\/2025\/04\/Feria-literaria-33-864x1536.jpg 864w, https:\/\/escuelaespanaval.cl\/wp-content\/uploads\/2025\/04\/Feria-literaria-33.jpg 900w\" sizes=\"auto, (max-width: 576px) 100vw, 576px\" \/><\/figure>\n\n\n\n<figure class=\"wp-block-image size-large\"><img loading=\"lazy\" decoding=\"async\" width=\"576\" height=\"1024\" data-id=\"2894\" src=\"https:\/\/escuelaespanaval.cl\/wp-content\/uploads\/2025\/04\/Feria-literaria-34-576x1024.jpg\" alt=\"\" class=\"wp-image-2894\" srcset=\"https:\/\/escuelaespanaval.cl\/wp-content\/uploads\/2025\/04\/Feria-literaria-34-576x1024.jpg 576w, https:\/\/escuelaespanaval.cl\/wp-content\/uploads\/2025\/04\/Feria-literaria-34-169x300.jpg 169w, https:\/\/escuelaespanaval.cl\/wp-content\/uploads\/2025\/04\/Feria-literaria-34-768x1365.jpg 768w, https:\/\/escuelaespanaval.cl\/wp-content\/uploads\/2025\/04\/Feria-literaria-34-864x1536.jpg 864w, https:\/\/escuelaespanaval.cl\/wp-content\/uploads\/2025\/04\/Feria-literaria-34.jpg 900w\" sizes=\"auto, (max-width: 576px) 100vw, 576px\" \/><\/figure>\n\n\n\n<figure class=\"wp-block-image size-large\"><img loading=\"lazy\" decoding=\"async\" width=\"1024\" height=\"576\" data-id=\"2907\" src=\"https:\/\/escuelaespanaval.cl\/wp-content\/uploads\/2025\/04\/Feria-literaria-35-1024x576.jpg\" alt=\"\" class=\"wp-image-2907\" srcset=\"https:\/\/escuelaespanaval.cl\/wp-content\/uploads\/2025\/04\/Feria-literaria-35-1024x576.jpg 1024w, https:\/\/escuelaespanaval.cl\/wp-content\/uploads\/2025\/04\/Feria-literaria-35-300x169.jpg 300w, https:\/\/escuelaespanaval.cl\/wp-content\/uploads\/2025\/04\/Feria-literaria-35-768x432.jpg 768w, https:\/\/escuelaespanaval.cl\/wp-content\/uploads\/2025\/04\/Feria-literaria-35-1536x864.jpg 1536w, https:\/\/escuelaespanaval.cl\/wp-content\/uploads\/2025\/04\/Feria-literaria-35.jpg 1600w\" sizes=\"auto, (max-width: 1024px) 100vw, 1024px\" \/><\/figure>\n\n\n\n<figure class=\"wp-block-image size-large\"><img loading=\"lazy\" decoding=\"async\" width=\"576\" height=\"1024\" data-id=\"2905\" src=\"https:\/\/escuelaespanaval.cl\/wp-content\/uploads\/2025\/04\/Feria-literaria-36-576x1024.jpg\" alt=\"\" class=\"wp-image-2905\" srcset=\"https:\/\/escuelaespanaval.cl\/wp-content\/uploads\/2025\/04\/Feria-literaria-36-576x1024.jpg 576w, https:\/\/escuelaespanaval.cl\/wp-content\/uploads\/2025\/04\/Feria-literaria-36-169x300.jpg 169w, https:\/\/escuelaespanaval.cl\/wp-content\/uploads\/2025\/04\/Feria-literaria-36-768x1365.jpg 768w, https:\/\/escuelaespanaval.cl\/wp-content\/uploads\/2025\/04\/Feria-literaria-36-864x1536.jpg 864w, https:\/\/escuelaespanaval.cl\/wp-content\/uploads\/2025\/04\/Feria-literaria-36.jpg 900w\" sizes=\"auto, (max-width: 576px) 100vw, 576px\" \/><\/figure>\n\n\n\n<figure class=\"wp-block-image size-large\"><img loading=\"lazy\" decoding=\"async\" width=\"1024\" height=\"576\" data-id=\"2901\" src=\"https:\/\/escuelaespanaval.cl\/wp-content\/uploads\/2025\/04\/Feria-literaria-37-1024x576.jpg\" alt=\"\" class=\"wp-image-2901\" srcset=\"https:\/\/escuelaespanaval.cl\/wp-content\/uploads\/2025\/04\/Feria-literaria-37-1024x576.jpg 1024w, https:\/\/escuelaespanaval.cl\/wp-content\/uploads\/2025\/04\/Feria-literaria-37-300x169.jpg 300w, https:\/\/escuelaespanaval.cl\/wp-content\/uploads\/2025\/04\/Feria-literaria-37-768x432.jpg 768w, https:\/\/escuelaespanaval.cl\/wp-content\/uploads\/2025\/04\/Feria-literaria-37-1536x864.jpg 1536w, https:\/\/escuelaespanaval.cl\/wp-content\/uploads\/2025\/04\/Feria-literaria-37.jpg 1600w\" sizes=\"auto, (max-width: 1024px) 100vw, 1024px\" \/><\/figure>\n\n\n\n<figure class=\"wp-block-image size-large\"><img loading=\"lazy\" decoding=\"async\" width=\"576\" height=\"1024\" data-id=\"2908\" src=\"https:\/\/escuelaespanaval.cl\/wp-content\/uploads\/2025\/04\/Feria-literaria-38-576x1024.jpg\" alt=\"\" class=\"wp-image-2908\" srcset=\"https:\/\/escuelaespanaval.cl\/wp-content\/uploads\/2025\/04\/Feria-literaria-38-576x1024.jpg 576w, https:\/\/escuelaespanaval.cl\/wp-content\/uploads\/2025\/04\/Feria-literaria-38-169x300.jpg 169w, https:\/\/escuelaespanaval.cl\/wp-content\/uploads\/2025\/04\/Feria-literaria-38-768x1365.jpg 768w, https:\/\/escuelaespanaval.cl\/wp-content\/uploads\/2025\/04\/Feria-literaria-38-864x1536.jpg 864w, https:\/\/escuelaespanaval.cl\/wp-content\/uploads\/2025\/04\/Feria-literaria-38.jpg 900w\" sizes=\"auto, (max-width: 576px) 100vw, 576px\" \/><\/figure>\n\n\n\n<figure class=\"wp-block-image size-large\"><img loading=\"lazy\" decoding=\"async\" width=\"1024\" height=\"576\" data-id=\"2910\" src=\"https:\/\/escuelaespanaval.cl\/wp-content\/uploads\/2025\/04\/Feria-literaria-39-1024x576.jpg\" alt=\"\" class=\"wp-image-2910\" srcset=\"https:\/\/escuelaespanaval.cl\/wp-content\/uploads\/2025\/04\/Feria-literaria-39-1024x576.jpg 1024w, https:\/\/escuelaespanaval.cl\/wp-content\/uploads\/2025\/04\/Feria-literaria-39-300x169.jpg 300w, https:\/\/escuelaespanaval.cl\/wp-content\/uploads\/2025\/04\/Feria-literaria-39-768x432.jpg 768w, https:\/\/escuelaespanaval.cl\/wp-content\/uploads\/2025\/04\/Feria-literaria-39-1536x864.jpg 1536w, https:\/\/escuelaespanaval.cl\/wp-content\/uploads\/2025\/04\/Feria-literaria-39.jpg 1600w\" sizes=\"auto, (max-width: 1024px) 100vw, 1024px\" \/><\/figure>\n\n\n\n<figure class=\"wp-block-image size-large\"><img loading=\"lazy\" decoding=\"async\" width=\"1024\" height=\"461\" data-id=\"2899\" src=\"https:\/\/escuelaespanaval.cl\/wp-content\/uploads\/2025\/04\/Feria-literaria-40-1024x461.jpg\" alt=\"\" class=\"wp-image-2899\" srcset=\"https:\/\/escuelaespanaval.cl\/wp-content\/uploads\/2025\/04\/Feria-literaria-40-1024x461.jpg 1024w, https:\/\/escuelaespanaval.cl\/wp-content\/uploads\/2025\/04\/Feria-literaria-40-300x135.jpg 300w, https:\/\/escuelaespanaval.cl\/wp-content\/uploads\/2025\/04\/Feria-literaria-40-768x346.jpg 768w, https:\/\/escuelaespanaval.cl\/wp-content\/uploads\/2025\/04\/Feria-literaria-40-1536x691.jpg 1536w, https:\/\/escuelaespanaval.cl\/wp-content\/uploads\/2025\/04\/Feria-literaria-40.jpg 1600w\" sizes=\"auto, (max-width: 1024px) 100vw, 1024px\" \/><\/figure>\n\n\n\n<figure class=\"wp-block-image size-large\"><img loading=\"lazy\" decoding=\"async\" width=\"461\" height=\"1024\" data-id=\"2891\" src=\"https:\/\/escuelaespanaval.cl\/wp-content\/uploads\/2025\/04\/Feria-literaria-42-461x1024.jpg\" alt=\"\" class=\"wp-image-2891\" srcset=\"https:\/\/escuelaespanaval.cl\/wp-content\/uploads\/2025\/04\/Feria-literaria-42-461x1024.jpg 461w, https:\/\/escuelaespanaval.cl\/wp-content\/uploads\/2025\/04\/Feria-literaria-42-135x300.jpg 135w, https:\/\/escuelaespanaval.cl\/wp-content\/uploads\/2025\/04\/Feria-literaria-42-691x1536.jpg 691w, https:\/\/escuelaespanaval.cl\/wp-content\/uploads\/2025\/04\/Feria-literaria-42.jpg 720w\" sizes=\"auto, (max-width: 461px) 100vw, 461px\" \/><\/figure>\n\n\n\n<figure class=\"wp-block-image size-large\"><img loading=\"lazy\" decoding=\"async\" width=\"1024\" height=\"461\" data-id=\"2897\" src=\"https:\/\/escuelaespanaval.cl\/wp-content\/uploads\/2025\/04\/Feria-Literaria-43-1024x461.jpg\" alt=\"\" class=\"wp-image-2897\" srcset=\"https:\/\/escuelaespanaval.cl\/wp-content\/uploads\/2025\/04\/Feria-Literaria-43-1024x461.jpg 1024w, https:\/\/escuelaespanaval.cl\/wp-content\/uploads\/2025\/04\/Feria-Literaria-43-300x135.jpg 300w, https:\/\/escuelaespanaval.cl\/wp-content\/uploads\/2025\/04\/Feria-Literaria-43-768x346.jpg 768w, https:\/\/escuelaespanaval.cl\/wp-content\/uploads\/2025\/04\/Feria-Literaria-43-1536x691.jpg 1536w, https:\/\/escuelaespanaval.cl\/wp-content\/uploads\/2025\/04\/Feria-Literaria-43.jpg 1600w\" sizes=\"auto, (max-width: 1024px) 100vw, 1024px\" \/><\/figure>\n\n\n\n<figure class=\"wp-block-image size-large\"><img loading=\"lazy\" decoding=\"async\" width=\"1024\" height=\"576\" data-id=\"2909\" src=\"https:\/\/escuelaespanaval.cl\/wp-content\/uploads\/2025\/04\/Feria-Literaria-44-1024x576.jpg\" alt=\"\" class=\"wp-image-2909\" srcset=\"https:\/\/escuelaespanaval.cl\/wp-content\/uploads\/2025\/04\/Feria-Literaria-44-1024x576.jpg 1024w, https:\/\/escuelaespanaval.cl\/wp-content\/uploads\/2025\/04\/Feria-Literaria-44-300x169.jpg 300w, https:\/\/escuelaespanaval.cl\/wp-content\/uploads\/2025\/04\/Feria-Literaria-44-768x432.jpg 768w, https:\/\/escuelaespanaval.cl\/wp-content\/uploads\/2025\/04\/Feria-Literaria-44-1536x864.jpg 1536w, https:\/\/escuelaespanaval.cl\/wp-content\/uploads\/2025\/04\/Feria-Literaria-44.jpg 1600w\" sizes=\"auto, (max-width: 1024px) 100vw, 1024px\" \/><\/figure>\n\n\n\n<figure class=\"wp-block-image size-large\"><img loading=\"lazy\" decoding=\"async\" width=\"1024\" height=\"576\" data-id=\"2906\" src=\"https:\/\/escuelaespanaval.cl\/wp-content\/uploads\/2025\/04\/Feria-Literaria45-1024x576.jpg\" alt=\"\" class=\"wp-image-2906\" srcset=\"https:\/\/escuelaespanaval.cl\/wp-content\/uploads\/2025\/04\/Feria-Literaria45-1024x576.jpg 1024w, https:\/\/escuelaespanaval.cl\/wp-content\/uploads\/2025\/04\/Feria-Literaria45-300x169.jpg 300w, https:\/\/escuelaespanaval.cl\/wp-content\/uploads\/2025\/04\/Feria-Literaria45-768x432.jpg 768w, https:\/\/escuelaespanaval.cl\/wp-content\/uploads\/2025\/04\/Feria-Literaria45-1536x864.jpg 1536w, https:\/\/escuelaespanaval.cl\/wp-content\/uploads\/2025\/04\/Feria-Literaria45.jpg 1600w\" sizes=\"auto, (max-width: 1024px) 100vw, 1024px\" \/><\/figure>\n\n\n\n<figure class=\"wp-block-image size-large\"><img loading=\"lazy\" decoding=\"async\" width=\"461\" height=\"1024\" data-id=\"2900\" src=\"https:\/\/escuelaespanaval.cl\/wp-content\/uploads\/2025\/04\/Feria-Literaria46-461x1024.jpg\" alt=\"\" class=\"wp-image-2900\" srcset=\"https:\/\/escuelaespanaval.cl\/wp-content\/uploads\/2025\/04\/Feria-Literaria46-461x1024.jpg 461w, https:\/\/escuelaespanaval.cl\/wp-content\/uploads\/2025\/04\/Feria-Literaria46-135x300.jpg 135w, https:\/\/escuelaespanaval.cl\/wp-content\/uploads\/2025\/04\/Feria-Literaria46-691x1536.jpg 691w, https:\/\/escuelaespanaval.cl\/wp-content\/uploads\/2025\/04\/Feria-Literaria46.jpg 720w\" sizes=\"auto, (max-width: 461px) 100vw, 461px\" \/><\/figure>\n\n\n\n<figure class=\"wp-block-image size-large\"><img loading=\"lazy\" decoding=\"async\" width=\"461\" height=\"1024\" data-id=\"2889\" src=\"https:\/\/escuelaespanaval.cl\/wp-content\/uploads\/2025\/04\/Feria-Literaria47-461x1024.jpg\" alt=\"\" class=\"wp-image-2889\" srcset=\"https:\/\/escuelaespanaval.cl\/wp-content\/uploads\/2025\/04\/Feria-Literaria47-461x1024.jpg 461w, https:\/\/escuelaespanaval.cl\/wp-content\/uploads\/2025\/04\/Feria-Literaria47-135x300.jpg 135w, https:\/\/escuelaespanaval.cl\/wp-content\/uploads\/2025\/04\/Feria-Literaria47-691x1536.jpg 691w, https:\/\/escuelaespanaval.cl\/wp-content\/uploads\/2025\/04\/Feria-Literaria47.jpg 720w\" sizes=\"auto, (max-width: 461px) 100vw, 461px\" \/><\/figure>\n\n\n\n<figure class=\"wp-block-image size-large\"><img loading=\"lazy\" decoding=\"async\" width=\"461\" height=\"1024\" data-id=\"2890\" src=\"https:\/\/escuelaespanaval.cl\/wp-content\/uploads\/2025\/04\/Feria-literaria-2-461x1024.jpg\" alt=\"\" class=\"wp-image-2890\" srcset=\"https:\/\/escuelaespanaval.cl\/wp-content\/uploads\/2025\/04\/Feria-literaria-2-461x1024.jpg 461w, https:\/\/escuelaespanaval.cl\/wp-content\/uploads\/2025\/04\/Feria-literaria-2-135x300.jpg 135w, https:\/\/escuelaespanaval.cl\/wp-content\/uploads\/2025\/04\/Feria-literaria-2.jpg 576w\" sizes=\"auto, (max-width: 461px) 100vw, 461px\" \/><\/figure>\n\n\n\n<figure class=\"wp-block-image size-large\"><img loading=\"lazy\" decoding=\"async\" width=\"1024\" height=\"461\" data-id=\"2888\" src=\"https:\/\/escuelaespanaval.cl\/wp-content\/uploads\/2025\/04\/Feria-literaria-4-1024x461.jpg\" alt=\"\" class=\"wp-image-2888\" srcset=\"https:\/\/escuelaespanaval.cl\/wp-content\/uploads\/2025\/04\/Feria-literaria-4-1024x461.jpg 1024w, https:\/\/escuelaespanaval.cl\/wp-content\/uploads\/2025\/04\/Feria-literaria-4-300x135.jpg 300w, https:\/\/escuelaespanaval.cl\/wp-content\/uploads\/2025\/04\/Feria-literaria-4-768x346.jpg 768w, https:\/\/escuelaespanaval.cl\/wp-content\/uploads\/2025\/04\/Feria-literaria-4.jpg 1280w\" sizes=\"auto, (max-width: 1024px) 100vw, 1024px\" \/><\/figure>\n\n\n\n<figure class=\"wp-block-image size-large\"><img loading=\"lazy\" decoding=\"async\" width=\"1024\" height=\"461\" data-id=\"2892\" src=\"https:\/\/escuelaespanaval.cl\/wp-content\/uploads\/2025\/04\/Feria-literaria-6-1024x461.jpg\" alt=\"\" class=\"wp-image-2892\" srcset=\"https:\/\/escuelaespanaval.cl\/wp-content\/uploads\/2025\/04\/Feria-literaria-6-1024x461.jpg 1024w, https:\/\/escuelaespanaval.cl\/wp-content\/uploads\/2025\/04\/Feria-literaria-6-300x135.jpg 300w, https:\/\/escuelaespanaval.cl\/wp-content\/uploads\/2025\/04\/Feria-literaria-6-768x346.jpg 768w, https:\/\/escuelaespanaval.cl\/wp-content\/uploads\/2025\/04\/Feria-literaria-6.jpg 1280w\" sizes=\"auto, (max-width: 1024px) 100vw, 1024px\" \/><\/figure>\n\n\n\n<figure class=\"wp-block-image size-large\"><img loading=\"lazy\" decoding=\"async\" width=\"1024\" height=\"461\" data-id=\"2895\" src=\"https:\/\/escuelaespanaval.cl\/wp-content\/uploads\/2025\/04\/Feria-literaria-11-1024x461.jpg\" alt=\"\" class=\"wp-image-2895\" srcset=\"https:\/\/escuelaespanaval.cl\/wp-content\/uploads\/2025\/04\/Feria-literaria-11-1024x461.jpg 1024w, https:\/\/escuelaespanaval.cl\/wp-content\/uploads\/2025\/04\/Feria-literaria-11-300x135.jpg 300w, https:\/\/escuelaespanaval.cl\/wp-content\/uploads\/2025\/04\/Feria-literaria-11-768x346.jpg 768w, https:\/\/escuelaespanaval.cl\/wp-content\/uploads\/2025\/04\/Feria-literaria-11-1536x691.jpg 1536w, https:\/\/escuelaespanaval.cl\/wp-content\/uploads\/2025\/04\/Feria-literaria-11.jpg 1600w\" sizes=\"auto, (max-width: 1024px) 100vw, 1024px\" \/><\/figure>\n\n\n\n<figure class=\"wp-block-image size-large\"><img loading=\"lazy\" decoding=\"async\" width=\"768\" height=\"1024\" data-id=\"2919\" src=\"https:\/\/escuelaespanaval.cl\/wp-content\/uploads\/2025\/04\/Feria-literaria-12-768x1024.jpg\" alt=\"\" class=\"wp-image-2919\" srcset=\"https:\/\/escuelaespanaval.cl\/wp-content\/uploads\/2025\/04\/Feria-literaria-12-768x1024.jpg 768w, https:\/\/escuelaespanaval.cl\/wp-content\/uploads\/2025\/04\/Feria-literaria-12-225x300.jpg 225w, https:\/\/escuelaespanaval.cl\/wp-content\/uploads\/2025\/04\/Feria-literaria-12-1152x1536.jpg 1152w, https:\/\/escuelaespanaval.cl\/wp-content\/uploads\/2025\/04\/Feria-literaria-12-1536x2048.jpg 1536w, https:\/\/escuelaespanaval.cl\/wp-content\/uploads\/2025\/04\/Feria-literaria-12-scaled.jpg 1920w\" sizes=\"auto, (max-width: 768px) 100vw, 768px\" \/><\/figure>\n\n\n\n<figure class=\"wp-block-image size-large\"><img loading=\"lazy\" decoding=\"async\" width=\"768\" height=\"1024\" data-id=\"2916\" src=\"https:\/\/escuelaespanaval.cl\/wp-content\/uploads\/2025\/04\/Feria-literaria-13-768x1024.jpg\" alt=\"\" class=\"wp-image-2916\" srcset=\"https:\/\/escuelaespanaval.cl\/wp-content\/uploads\/2025\/04\/Feria-literaria-13-768x1024.jpg 768w, https:\/\/escuelaespanaval.cl\/wp-content\/uploads\/2025\/04\/Feria-literaria-13-225x300.jpg 225w, https:\/\/escuelaespanaval.cl\/wp-content\/uploads\/2025\/04\/Feria-literaria-13-1152x1536.jpg 1152w, https:\/\/escuelaespanaval.cl\/wp-content\/uploads\/2025\/04\/Feria-literaria-13-1536x2048.jpg 1536w, https:\/\/escuelaespanaval.cl\/wp-content\/uploads\/2025\/04\/Feria-literaria-13-scaled.jpg 1920w\" sizes=\"auto, (max-width: 768px) 100vw, 768px\" \/><\/figure>\n\n\n\n<figure class=\"wp-block-image size-large\"><img loading=\"lazy\" decoding=\"async\" width=\"1024\" height=\"768\" data-id=\"2922\" src=\"https:\/\/escuelaespanaval.cl\/wp-content\/uploads\/2025\/04\/Feria-literaria-14-1024x768.jpg\" alt=\"\" class=\"wp-image-2922\" srcset=\"https:\/\/escuelaespanaval.cl\/wp-content\/uploads\/2025\/04\/Feria-literaria-14-1024x768.jpg 1024w, https:\/\/escuelaespanaval.cl\/wp-content\/uploads\/2025\/04\/Feria-literaria-14-300x225.jpg 300w, https:\/\/escuelaespanaval.cl\/wp-content\/uploads\/2025\/04\/Feria-literaria-14-768x576.jpg 768w, https:\/\/escuelaespanaval.cl\/wp-content\/uploads\/2025\/04\/Feria-literaria-14-1536x1152.jpg 1536w, https:\/\/escuelaespanaval.cl\/wp-content\/uploads\/2025\/04\/Feria-literaria-14-2048x1536.jpg 2048w\" sizes=\"auto, (max-width: 1024px) 100vw, 1024px\" \/><\/figure>\n\n\n\n<figure class=\"wp-block-image size-large\"><img loading=\"lazy\" decoding=\"async\" width=\"768\" height=\"1024\" data-id=\"2912\" src=\"https:\/\/escuelaespanaval.cl\/wp-content\/uploads\/2025\/04\/Feria-literaria-15-768x1024.jpg\" alt=\"\" class=\"wp-image-2912\" srcset=\"https:\/\/escuelaespanaval.cl\/wp-content\/uploads\/2025\/04\/Feria-literaria-15-768x1024.jpg 768w, https:\/\/escuelaespanaval.cl\/wp-content\/uploads\/2025\/04\/Feria-literaria-15-225x300.jpg 225w, https:\/\/escuelaespanaval.cl\/wp-content\/uploads\/2025\/04\/Feria-literaria-15-1152x1536.jpg 1152w, https:\/\/escuelaespanaval.cl\/wp-content\/uploads\/2025\/04\/Feria-literaria-15-1536x2048.jpg 1536w, https:\/\/escuelaespanaval.cl\/wp-content\/uploads\/2025\/04\/Feria-literaria-15-scaled.jpg 1920w\" sizes=\"auto, (max-width: 768px) 100vw, 768px\" \/><\/figure>\n\n\n\n<figure class=\"wp-block-image size-large\"><img loading=\"lazy\" decoding=\"async\" width=\"768\" height=\"1024\" data-id=\"2915\" src=\"https:\/\/escuelaespanaval.cl\/wp-content\/uploads\/2025\/04\/Feria-literaria-16-768x1024.jpg\" alt=\"\" class=\"wp-image-2915\" srcset=\"https:\/\/escuelaespanaval.cl\/wp-content\/uploads\/2025\/04\/Feria-literaria-16-768x1024.jpg 768w, https:\/\/escuelaespanaval.cl\/wp-content\/uploads\/2025\/04\/Feria-literaria-16-225x300.jpg 225w, https:\/\/escuelaespanaval.cl\/wp-content\/uploads\/2025\/04\/Feria-literaria-16-1152x1536.jpg 1152w, https:\/\/escuelaespanaval.cl\/wp-content\/uploads\/2025\/04\/Feria-literaria-16-1536x2048.jpg 1536w, https:\/\/escuelaespanaval.cl\/wp-content\/uploads\/2025\/04\/Feria-literaria-16-scaled.jpg 1920w\" sizes=\"auto, (max-width: 768px) 100vw, 768px\" \/><\/figure>\n\n\n\n<figure class=\"wp-block-image size-large\"><img loading=\"lazy\" decoding=\"async\" width=\"1024\" height=\"768\" data-id=\"2914\" src=\"https:\/\/escuelaespanaval.cl\/wp-content\/uploads\/2025\/04\/Feria-literaria-17-1024x768.jpg\" alt=\"\" class=\"wp-image-2914\" srcset=\"https:\/\/escuelaespanaval.cl\/wp-content\/uploads\/2025\/04\/Feria-literaria-17-1024x768.jpg 1024w, https:\/\/escuelaespanaval.cl\/wp-content\/uploads\/2025\/04\/Feria-literaria-17-300x225.jpg 300w, https:\/\/escuelaespanaval.cl\/wp-content\/uploads\/2025\/04\/Feria-literaria-17-768x576.jpg 768w, https:\/\/escuelaespanaval.cl\/wp-content\/uploads\/2025\/04\/Feria-literaria-17-1536x1152.jpg 1536w, https:\/\/escuelaespanaval.cl\/wp-content\/uploads\/2025\/04\/Feria-literaria-17-2048x1536.jpg 2048w\" sizes=\"auto, (max-width: 1024px) 100vw, 1024px\" \/><\/figure>\n\n\n\n<figure class=\"wp-block-image size-large\"><img loading=\"lazy\" decoding=\"async\" width=\"1024\" height=\"768\" data-id=\"2913\" src=\"https:\/\/escuelaespanaval.cl\/wp-content\/uploads\/2025\/04\/Feria-literaria-18-1024x768.jpg\" alt=\"\" class=\"wp-image-2913\" srcset=\"https:\/\/escuelaespanaval.cl\/wp-content\/uploads\/2025\/04\/Feria-literaria-18-1024x768.jpg 1024w, https:\/\/escuelaespanaval.cl\/wp-content\/uploads\/2025\/04\/Feria-literaria-18-300x225.jpg 300w, https:\/\/escuelaespanaval.cl\/wp-content\/uploads\/2025\/04\/Feria-literaria-18-768x576.jpg 768w, https:\/\/escuelaespanaval.cl\/wp-content\/uploads\/2025\/04\/Feria-literaria-18-1536x1152.jpg 1536w, https:\/\/escuelaespanaval.cl\/wp-content\/uploads\/2025\/04\/Feria-literaria-18-2048x1536.jpg 2048w\" sizes=\"auto, (max-width: 1024px) 100vw, 1024px\" \/><\/figure>\n\n\n\n<figure class=\"wp-block-image size-large\"><img loading=\"lazy\" decoding=\"async\" width=\"768\" height=\"1024\" data-id=\"2921\" src=\"https:\/\/escuelaespanaval.cl\/wp-content\/uploads\/2025\/04\/Feria-literaria-19-768x1024.jpg\" alt=\"\" class=\"wp-image-2921\" srcset=\"https:\/\/escuelaespanaval.cl\/wp-content\/uploads\/2025\/04\/Feria-literaria-19-768x1024.jpg 768w, https:\/\/escuelaespanaval.cl\/wp-content\/uploads\/2025\/04\/Feria-literaria-19-225x300.jpg 225w, https:\/\/escuelaespanaval.cl\/wp-content\/uploads\/2025\/04\/Feria-literaria-19-1152x1536.jpg 1152w, https:\/\/escuelaespanaval.cl\/wp-content\/uploads\/2025\/04\/Feria-literaria-19-1536x2048.jpg 1536w, https:\/\/escuelaespanaval.cl\/wp-content\/uploads\/2025\/04\/Feria-literaria-19-scaled.jpg 1920w\" sizes=\"auto, (max-width: 768px) 100vw, 768px\" \/><\/figure>\n\n\n\n<figure class=\"wp-block-image size-large\"><img loading=\"lazy\" decoding=\"async\" width=\"1024\" height=\"768\" data-id=\"2917\" src=\"https:\/\/escuelaespanaval.cl\/wp-content\/uploads\/2025\/04\/Feria-literaria-20-1024x768.jpg\" alt=\"\" class=\"wp-image-2917\" srcset=\"https:\/\/escuelaespanaval.cl\/wp-content\/uploads\/2025\/04\/Feria-literaria-20-1024x768.jpg 1024w, https:\/\/escuelaespanaval.cl\/wp-content\/uploads\/2025\/04\/Feria-literaria-20-300x225.jpg 300w, https:\/\/escuelaespanaval.cl\/wp-content\/uploads\/2025\/04\/Feria-literaria-20-768x576.jpg 768w, https:\/\/escuelaespanaval.cl\/wp-content\/uploads\/2025\/04\/Feria-literaria-20-1536x1152.jpg 1536w, https:\/\/escuelaespanaval.cl\/wp-content\/uploads\/2025\/04\/Feria-literaria-20-2048x1536.jpg 2048w\" sizes=\"auto, (max-width: 1024px) 100vw, 1024px\" \/><\/figure>\n\n\n\n<figure class=\"wp-block-image size-large\"><img loading=\"lazy\" decoding=\"async\" width=\"1024\" height=\"768\" data-id=\"2923\" src=\"https:\/\/escuelaespanaval.cl\/wp-content\/uploads\/2025\/04\/Feria-literaria-21-1024x768.jpg\" alt=\"\" class=\"wp-image-2923\" srcset=\"https:\/\/escuelaespanaval.cl\/wp-content\/uploads\/2025\/04\/Feria-literaria-21-1024x768.jpg 1024w, https:\/\/escuelaespanaval.cl\/wp-content\/uploads\/2025\/04\/Feria-literaria-21-300x225.jpg 300w, https:\/\/escuelaespanaval.cl\/wp-content\/uploads\/2025\/04\/Feria-literaria-21-768x576.jpg 768w, https:\/\/escuelaespanaval.cl\/wp-content\/uploads\/2025\/04\/Feria-literaria-21-1536x1152.jpg 1536w, https:\/\/escuelaespanaval.cl\/wp-content\/uploads\/2025\/04\/Feria-literaria-21-2048x1536.jpg 2048w\" sizes=\"auto, (max-width: 1024px) 100vw, 1024px\" \/><\/figure>\n\n\n\n<figure class=\"wp-block-image size-large\"><img loading=\"lazy\" decoding=\"async\" width=\"768\" height=\"1024\" data-id=\"2911\" src=\"https:\/\/escuelaespanaval.cl\/wp-content\/uploads\/2025\/04\/Feria-literaria-22-768x1024.jpg\" alt=\"\" class=\"wp-image-2911\" srcset=\"https:\/\/escuelaespanaval.cl\/wp-content\/uploads\/2025\/04\/Feria-literaria-22-768x1024.jpg 768w, https:\/\/escuelaespanaval.cl\/wp-content\/uploads\/2025\/04\/Feria-literaria-22-225x300.jpg 225w, https:\/\/escuelaespanaval.cl\/wp-content\/uploads\/2025\/04\/Feria-literaria-22-1152x1536.jpg 1152w, https:\/\/escuelaespanaval.cl\/wp-content\/uploads\/2025\/04\/Feria-literaria-22-1536x2048.jpg 1536w, https:\/\/escuelaespanaval.cl\/wp-content\/uploads\/2025\/04\/Feria-literaria-22-scaled.jpg 1920w\" sizes=\"auto, (max-width: 768px) 100vw, 768px\" \/><\/figure>\n<\/figure>\n","protected":false},"excerpt":{"rendered":"<p>Todo un \u00e9xito result\u00f3 la primera Feria Literaria, realizada en el establecimiento el pasado mi\u00e9rcoles 23 de abril, en donde se celebr\u00f3 el \u201cD\u00eda Internacional del Libro\u201d. Cada curso promocion\u00f3 un libro a trav\u00e9s de un stand con la colaboraci\u00f3n de profesores y apoderados.\u00a0El valioso espacio cumpli\u00f3 con el objetivo de conectar a la comunidad [&hellip;]<\/p>\n","protected":false},"author":1,"featured_media":2897,"comment_status":"closed","ping_status":"open","sticky":false,"template":"","format":"standard","meta":{"_monsterinsights_skip_tracking":false,"_monsterinsights_sitenote_active":false,"_monsterinsights_sitenote_note":"","_monsterinsights_sitenote_category":0,"site-container-style":"default","site-container-layout":"default","site-sidebar-layout":"default","disable-article-header":"default","disable-site-header":"default","disable-site-footer":"default","disable-content-area-spacing":"default","footnotes":""},"categories":[1],"tags":[],"class_list":["post-2886","post","type-post","status-publish","format-standard","has-post-thumbnail","hentry","category-uncategorized"],"yoast_head":"<!-- This site is optimized with the Yoast SEO plugin v27.1.1 - https:\/\/yoast.com\/product\/yoast-seo-wordpress\/ -->\n<title>\u00a1Gran Fiesta Literaria! - Escuela Espa\u00f1a<\/title>\n<meta name=\"robots\" content=\"index, follow, max-snippet:-1, max-image-preview:large, max-video-preview:-1\" \/>\n<link rel=\"canonical\" href=\"https:\/\/escuelaespanaval.cl\/?p=2886\" \/>\n<meta property=\"og:locale\" content=\"es_ES\" \/>\n<meta property=\"og:type\" content=\"article\" \/>\n<meta property=\"og:title\" content=\"\u00a1Gran Fiesta Literaria! - Escuela Espa\u00f1a\" \/>\n<meta property=\"og:description\" content=\"Todo un \u00e9xito result\u00f3 la primera Feria Literaria, realizada en el establecimiento el pasado mi\u00e9rcoles 23 de abril, en donde se celebr\u00f3 el \u201cD\u00eda Internacional del Libro\u201d. Cada curso promocion\u00f3 un libro a trav\u00e9s de un stand con la colaboraci\u00f3n de profesores y apoderados.\u00a0El valioso espacio cumpli\u00f3 con el objetivo de conectar a la comunidad [&hellip;]\" \/>\n<meta property=\"og:url\" content=\"https:\/\/escuelaespanaval.cl\/?p=2886\" \/>\n<meta property=\"og:site_name\" content=\"Escuela Espa\u00f1a\" \/>\n<meta property=\"article:publisher\" content=\"https:\/\/www.facebook.com\/escuelaespanavald\" \/>\n<meta property=\"article:published_time\" content=\"2025-04-30T12:04:29+00:00\" \/>\n<meta property=\"article:modified_time\" content=\"2025-04-30T12:04:30+00:00\" \/>\n<meta property=\"og:image\" content=\"https:\/\/escuelaespanaval.cl\/wp-content\/uploads\/2025\/04\/Feria-Literaria-43.jpg\" \/>\n\t<meta property=\"og:image:width\" content=\"1600\" \/>\n\t<meta property=\"og:image:height\" content=\"720\" \/>\n\t<meta property=\"og:image:type\" content=\"image\/jpeg\" \/>\n<meta name=\"author\" content=\"Administrador\" \/>\n<meta name=\"twitter:card\" content=\"summary_large_image\" \/>\n<meta name=\"twitter:label1\" content=\"Escrito por\" \/>\n\t<meta name=\"twitter:data1\" content=\"Administrador\" \/>\n\t<meta name=\"twitter:label2\" content=\"Tiempo de lectura\" \/>\n\t<meta name=\"twitter:data2\" content=\"8 minutos\" \/>\n<script type=\"application\/ld+json\" class=\"yoast-schema-graph\">{\"@context\":\"https:\/\/schema.org\",\"@graph\":[{\"@type\":\"Article\",\"@id\":\"https:\/\/escuelaespanaval.cl\/?p=2886#article\",\"isPartOf\":{\"@id\":\"https:\/\/escuelaespanaval.cl\/?p=2886\"},\"author\":{\"name\":\"Administrador\",\"@id\":\"https:\/\/escuelaespanaval.cl\/#\/schema\/person\/b8dc96fec133a948c2114bb5cba3ca1a\"},\"headline\":\"\u00a1Gran Fiesta Literaria!\",\"datePublished\":\"2025-04-30T12:04:29+00:00\",\"dateModified\":\"2025-04-30T12:04:30+00:00\",\"mainEntityOfPage\":{\"@id\":\"https:\/\/escuelaespanaval.cl\/?p=2886\"},\"wordCount\":66,\"publisher\":{\"@id\":\"https:\/\/escuelaespanaval.cl\/#organization\"},\"image\":{\"@id\":\"https:\/\/escuelaespanaval.cl\/?p=2886#primaryimage\"},\"thumbnailUrl\":\"https:\/\/escuelaespanaval.cl\/wp-content\/uploads\/2025\/04\/Feria-Literaria-43.jpg\",\"articleSection\":[\"Uncategorized\"],\"inLanguage\":\"es\"},{\"@type\":\"WebPage\",\"@id\":\"https:\/\/escuelaespanaval.cl\/?p=2886\",\"url\":\"https:\/\/escuelaespanaval.cl\/?p=2886\",\"name\":\"\u00a1Gran Fiesta Literaria! - Escuela Espa\u00f1a\",\"isPartOf\":{\"@id\":\"https:\/\/escuelaespanaval.cl\/#website\"},\"primaryImageOfPage\":{\"@id\":\"https:\/\/escuelaespanaval.cl\/?p=2886#primaryimage\"},\"image\":{\"@id\":\"https:\/\/escuelaespanaval.cl\/?p=2886#primaryimage\"},\"thumbnailUrl\":\"https:\/\/escuelaespanaval.cl\/wp-content\/uploads\/2025\/04\/Feria-Literaria-43.jpg\",\"datePublished\":\"2025-04-30T12:04:29+00:00\",\"dateModified\":\"2025-04-30T12:04:30+00:00\",\"breadcrumb\":{\"@id\":\"https:\/\/escuelaespanaval.cl\/?p=2886#breadcrumb\"},\"inLanguage\":\"es\",\"potentialAction\":[{\"@type\":\"ReadAction\",\"target\":[\"https:\/\/escuelaespanaval.cl\/?p=2886\"]}]},{\"@type\":\"ImageObject\",\"inLanguage\":\"es\",\"@id\":\"https:\/\/escuelaespanaval.cl\/?p=2886#primaryimage\",\"url\":\"https:\/\/escuelaespanaval.cl\/wp-content\/uploads\/2025\/04\/Feria-Literaria-43.jpg\",\"contentUrl\":\"https:\/\/escuelaespanaval.cl\/wp-content\/uploads\/2025\/04\/Feria-Literaria-43.jpg\",\"width\":1600,\"height\":720},{\"@type\":\"BreadcrumbList\",\"@id\":\"https:\/\/escuelaespanaval.cl\/?p=2886#breadcrumb\",\"itemListElement\":[{\"@type\":\"ListItem\",\"position\":1,\"name\":\"Portada\",\"item\":\"https:\/\/escuelaespanaval.cl\/\"},{\"@type\":\"ListItem\",\"position\":2,\"name\":\"\u00a1Gran Fiesta Literaria!\"}]},{\"@type\":\"WebSite\",\"@id\":\"https:\/\/escuelaespanaval.cl\/#website\",\"url\":\"https:\/\/escuelaespanaval.cl\/\",\"name\":\"Escuela Espa\u00f1a\",\"description\":\"Valdivia\",\"publisher\":{\"@id\":\"https:\/\/escuelaespanaval.cl\/#organization\"},\"potentialAction\":[{\"@type\":\"SearchAction\",\"target\":{\"@type\":\"EntryPoint\",\"urlTemplate\":\"https:\/\/escuelaespanaval.cl\/?s={search_term_string}\"},\"query-input\":{\"@type\":\"PropertyValueSpecification\",\"valueRequired\":true,\"valueName\":\"search_term_string\"}}],\"inLanguage\":\"es\"},{\"@type\":\"Organization\",\"@id\":\"https:\/\/escuelaespanaval.cl\/#organization\",\"name\":\"Escuela Espa\u00f1a\",\"url\":\"https:\/\/escuelaespanaval.cl\/\",\"logo\":{\"@type\":\"ImageObject\",\"inLanguage\":\"es\",\"@id\":\"https:\/\/escuelaespanaval.cl\/#\/schema\/logo\/image\/\",\"url\":\"https:\/\/escuelaespanaval.cl\/wp-content\/uploads\/2020\/12\/LOGO_ESCUELA.png\",\"contentUrl\":\"https:\/\/escuelaespanaval.cl\/wp-content\/uploads\/2020\/12\/LOGO_ESCUELA.png\",\"width\":1550,\"height\":2402,\"caption\":\"Escuela Espa\u00f1a\"},\"image\":{\"@id\":\"https:\/\/escuelaespanaval.cl\/#\/schema\/logo\/image\/\"},\"sameAs\":[\"https:\/\/www.facebook.com\/escuelaespanavald\",\"https:\/\/www.youtube.com\/@escuelaespanavaldivia97\"]},{\"@type\":\"Person\",\"@id\":\"https:\/\/escuelaespanaval.cl\/#\/schema\/person\/b8dc96fec133a948c2114bb5cba3ca1a\",\"name\":\"Administrador\",\"image\":{\"@type\":\"ImageObject\",\"inLanguage\":\"es\",\"@id\":\"https:\/\/escuelaespanaval.cl\/#\/schema\/person\/image\/\",\"url\":\"https:\/\/secure.gravatar.com\/avatar\/1a4537f0b323ae38f6776eb293038a2af5616bfe3d24bf6be540f254d895dd45?s=96&d=mm&r=g\",\"contentUrl\":\"https:\/\/secure.gravatar.com\/avatar\/1a4537f0b323ae38f6776eb293038a2af5616bfe3d24bf6be540f254d895dd45?s=96&d=mm&r=g\",\"caption\":\"Administrador\"},\"sameAs\":[\"https:\/\/escuelaespanaval.cl\/wp\"],\"url\":\"https:\/\/escuelaespanaval.cl\/?author=1\"}]}<\/script>\n<!-- \/ Yoast SEO plugin. -->","yoast_head_json":{"title":"\u00a1Gran Fiesta Literaria! - Escuela Espa\u00f1a","robots":{"index":"index","follow":"follow","max-snippet":"max-snippet:-1","max-image-preview":"max-image-preview:large","max-video-preview":"max-video-preview:-1"},"canonical":"https:\/\/escuelaespanaval.cl\/?p=2886","og_locale":"es_ES","og_type":"article","og_title":"\u00a1Gran Fiesta Literaria! - Escuela Espa\u00f1a","og_description":"Todo un \u00e9xito result\u00f3 la primera Feria Literaria, realizada en el establecimiento el pasado mi\u00e9rcoles 23 de abril, en donde se celebr\u00f3 el \u201cD\u00eda Internacional del Libro\u201d. Cada curso promocion\u00f3 un libro a trav\u00e9s de un stand con la colaboraci\u00f3n de profesores y apoderados.\u00a0El valioso espacio cumpli\u00f3 con el objetivo de conectar a la comunidad [&hellip;]","og_url":"https:\/\/escuelaespanaval.cl\/?p=2886","og_site_name":"Escuela Espa\u00f1a","article_publisher":"https:\/\/www.facebook.com\/escuelaespanavald","article_published_time":"2025-04-30T12:04:29+00:00","article_modified_time":"2025-04-30T12:04:30+00:00","og_image":[{"width":1600,"height":720,"url":"https:\/\/escuelaespanaval.cl\/wp-content\/uploads\/2025\/04\/Feria-Literaria-43.jpg","type":"image\/jpeg"}],"author":"Administrador","twitter_card":"summary_large_image","twitter_misc":{"Escrito por":"Administrador","Tiempo de lectura":"8 minutos"},"schema":{"@context":"https:\/\/schema.org","@graph":[{"@type":"Article","@id":"https:\/\/escuelaespanaval.cl\/?p=2886#article","isPartOf":{"@id":"https:\/\/escuelaespanaval.cl\/?p=2886"},"author":{"name":"Administrador","@id":"https:\/\/escuelaespanaval.cl\/#\/schema\/person\/b8dc96fec133a948c2114bb5cba3ca1a"},"headline":"\u00a1Gran Fiesta Literaria!","datePublished":"2025-04-30T12:04:29+00:00","dateModified":"2025-04-30T12:04:30+00:00","mainEntityOfPage":{"@id":"https:\/\/escuelaespanaval.cl\/?p=2886"},"wordCount":66,"publisher":{"@id":"https:\/\/escuelaespanaval.cl\/#organization"},"image":{"@id":"https:\/\/escuelaespanaval.cl\/?p=2886#primaryimage"},"thumbnailUrl":"https:\/\/escuelaespanaval.cl\/wp-content\/uploads\/2025\/04\/Feria-Literaria-43.jpg","articleSection":["Uncategorized"],"inLanguage":"es"},{"@type":"WebPage","@id":"https:\/\/escuelaespanaval.cl\/?p=2886","url":"https:\/\/escuelaespanaval.cl\/?p=2886","name":"\u00a1Gran Fiesta Literaria! - Escuela Espa\u00f1a","isPartOf":{"@id":"https:\/\/escuelaespanaval.cl\/#website"},"primaryImageOfPage":{"@id":"https:\/\/escuelaespanaval.cl\/?p=2886#primaryimage"},"image":{"@id":"https:\/\/escuelaespanaval.cl\/?p=2886#primaryimage"},"thumbnailUrl":"https:\/\/escuelaespanaval.cl\/wp-content\/uploads\/2025\/04\/Feria-Literaria-43.jpg","datePublished":"2025-04-30T12:04:29+00:00","dateModified":"2025-04-30T12:04:30+00:00","breadcrumb":{"@id":"https:\/\/escuelaespanaval.cl\/?p=2886#breadcrumb"},"inLanguage":"es","potentialAction":[{"@type":"ReadAction","target":["https:\/\/escuelaespanaval.cl\/?p=2886"]}]},{"@type":"ImageObject","inLanguage":"es","@id":"https:\/\/escuelaespanaval.cl\/?p=2886#primaryimage","url":"https:\/\/escuelaespanaval.cl\/wp-content\/uploads\/2025\/04\/Feria-Literaria-43.jpg","contentUrl":"https:\/\/escuelaespanaval.cl\/wp-content\/uploads\/2025\/04\/Feria-Literaria-43.jpg","width":1600,"height":720},{"@type":"BreadcrumbList","@id":"https:\/\/escuelaespanaval.cl\/?p=2886#breadcrumb","itemListElement":[{"@type":"ListItem","position":1,"name":"Portada","item":"https:\/\/escuelaespanaval.cl\/"},{"@type":"ListItem","position":2,"name":"\u00a1Gran Fiesta Literaria!"}]},{"@type":"WebSite","@id":"https:\/\/escuelaespanaval.cl\/#website","url":"https:\/\/escuelaespanaval.cl\/","name":"Escuela Espa\u00f1a","description":"Valdivia","publisher":{"@id":"https:\/\/escuelaespanaval.cl\/#organization"},"potentialAction":[{"@type":"SearchAction","target":{"@type":"EntryPoint","urlTemplate":"https:\/\/escuelaespanaval.cl\/?s={search_term_string}"},"query-input":{"@type":"PropertyValueSpecification","valueRequired":true,"valueName":"search_term_string"}}],"inLanguage":"es"},{"@type":"Organization","@id":"https:\/\/escuelaespanaval.cl\/#organization","name":"Escuela Espa\u00f1a","url":"https:\/\/escuelaespanaval.cl\/","logo":{"@type":"ImageObject","inLanguage":"es","@id":"https:\/\/escuelaespanaval.cl\/#\/schema\/logo\/image\/","url":"https:\/\/escuelaespanaval.cl\/wp-content\/uploads\/2020\/12\/LOGO_ESCUELA.png","contentUrl":"https:\/\/escuelaespanaval.cl\/wp-content\/uploads\/2020\/12\/LOGO_ESCUELA.png","width":1550,"height":2402,"caption":"Escuela Espa\u00f1a"},"image":{"@id":"https:\/\/escuelaespanaval.cl\/#\/schema\/logo\/image\/"},"sameAs":["https:\/\/www.facebook.com\/escuelaespanavald","https:\/\/www.youtube.com\/@escuelaespanavaldivia97"]},{"@type":"Person","@id":"https:\/\/escuelaespanaval.cl\/#\/schema\/person\/b8dc96fec133a948c2114bb5cba3ca1a","name":"Administrador","image":{"@type":"ImageObject","inLanguage":"es","@id":"https:\/\/escuelaespanaval.cl\/#\/schema\/person\/image\/","url":"https:\/\/secure.gravatar.com\/avatar\/1a4537f0b323ae38f6776eb293038a2af5616bfe3d24bf6be540f254d895dd45?s=96&d=mm&r=g","contentUrl":"https:\/\/secure.gravatar.com\/avatar\/1a4537f0b323ae38f6776eb293038a2af5616bfe3d24bf6be540f254d895dd45?s=96&d=mm&r=g","caption":"Administrador"},"sameAs":["https:\/\/escuelaespanaval.cl\/wp"],"url":"https:\/\/escuelaespanaval.cl\/?author=1"}]}},"_links":{"self":[{"href":"https:\/\/escuelaespanaval.cl\/index.php?rest_route=\/wp\/v2\/posts\/2886","targetHints":{"allow":["GET"]}}],"collection":[{"href":"https:\/\/escuelaespanaval.cl\/index.php?rest_route=\/wp\/v2\/posts"}],"about":[{"href":"https:\/\/escuelaespanaval.cl\/index.php?rest_route=\/wp\/v2\/types\/post"}],"author":[{"embeddable":true,"href":"https:\/\/escuelaespanaval.cl\/index.php?rest_route=\/wp\/v2\/users\/1"}],"replies":[{"embeddable":true,"href":"https:\/\/escuelaespanaval.cl\/index.php?rest_route=%2Fwp%2Fv2%2Fcomments&post=2886"}],"version-history":[{"count":1,"href":"https:\/\/escuelaespanaval.cl\/index.php?rest_route=\/wp\/v2\/posts\/2886\/revisions"}],"predecessor-version":[{"id":2924,"href":"https:\/\/escuelaespanaval.cl\/index.php?rest_route=\/wp\/v2\/posts\/2886\/revisions\/2924"}],"wp:featuredmedia":[{"embeddable":true,"href":"https:\/\/escuelaespanaval.cl\/index.php?rest_route=\/wp\/v2\/media\/2897"}],"wp:attachment":[{"href":"https:\/\/escuelaespanaval.cl\/index.php?rest_route=%2Fwp%2Fv2%2Fmedia&parent=2886"}],"wp:term":[{"taxonomy":"category","embeddable":true,"href":"https:\/\/escuelaespanaval.cl\/index.php?rest_route=%2Fwp%2Fv2%2Fcategories&post=2886"},{"taxonomy":"post_tag","embeddable":true,"href":"https:\/\/escuelaespanaval.cl\/index.php?rest_route=%2Fwp%2Fv2%2Ftags&post=2886"}],"curies":[{"name":"wp","href":"https:\/\/api.w.org\/{rel}","templated":true}]}}