{"id":287,"date":"2019-04-08T20:52:00","date_gmt":"2019-04-08T20:52:00","guid":{"rendered":"https:\/\/escuelaespanaval.cl\/wp\/?p=287"},"modified":"2020-12-12T20:55:17","modified_gmt":"2020-12-12T20:55:17","slug":"dia-mundial-de-la-ciencia-y-la-tecnologia","status":"publish","type":"post","link":"https:\/\/escuelaespanaval.cl\/?p=287","title":{"rendered":"D\u00eda Mundial de la Ciencia y la Tecnolog\u00eda"},"content":{"rendered":"\n<p>El d\u00eda Lunes 08 de Abril se llevo acabo el Acto del D\u00eda Mundial de la Ciencia y la Tecnolog\u00eda a cargo del 7\u00b0 \u00abA\u00bb<\/p>\n\n\n\n<figure class=\"wp-block-gallery columns-3 is-cropped wp-block-gallery-1 is-layout-flex wp-block-gallery-is-layout-flex\"><ul class=\"blocks-gallery-grid\"><li class=\"blocks-gallery-item\"><figure><a href=\"https:\/\/escuelaespanaval.cl\/wp\/wp-content\/uploads\/2020\/12\/IMG_5002-scaled.jpg\"><img loading=\"lazy\" decoding=\"async\" width=\"1024\" height=\"576\" src=\"https:\/\/escuelaespanaval.cl\/wp\/wp-content\/uploads\/2020\/12\/IMG_5002-1024x576.jpg\" alt=\"\" data-id=\"288\" data-full-url=\"https:\/\/escuelaespanaval.cl\/wp\/wp-content\/uploads\/2020\/12\/IMG_5002-scaled.jpg\" data-link=\"https:\/\/escuelaespanaval.cl\/wp\/?attachment_id=288\" class=\"wp-image-288\" srcset=\"https:\/\/escuelaespanaval.cl\/wp-content\/uploads\/2020\/12\/IMG_5002-1024x576.jpg 1024w, https:\/\/escuelaespanaval.cl\/wp-content\/uploads\/2020\/12\/IMG_5002-300x169.jpg 300w, https:\/\/escuelaespanaval.cl\/wp-content\/uploads\/2020\/12\/IMG_5002-768x432.jpg 768w, https:\/\/escuelaespanaval.cl\/wp-content\/uploads\/2020\/12\/IMG_5002-1536x864.jpg 1536w, https:\/\/escuelaespanaval.cl\/wp-content\/uploads\/2020\/12\/IMG_5002-2048x1152.jpg 2048w, https:\/\/escuelaespanaval.cl\/wp-content\/uploads\/2020\/12\/IMG_5002-1080x608.jpg 1080w, https:\/\/escuelaespanaval.cl\/wp-content\/uploads\/2020\/12\/IMG_5002-1280x720.jpg 1280w, https:\/\/escuelaespanaval.cl\/wp-content\/uploads\/2020\/12\/IMG_5002-980x551.jpg 980w, https:\/\/escuelaespanaval.cl\/wp-content\/uploads\/2020\/12\/IMG_5002-480x270.jpg 480w\" sizes=\"auto, (max-width: 1024px) 100vw, 1024px\" \/><\/a><\/figure><\/li><li class=\"blocks-gallery-item\"><figure><a href=\"https:\/\/escuelaespanaval.cl\/wp\/wp-content\/uploads\/2020\/12\/IMG_5006-scaled.jpg\"><img loading=\"lazy\" decoding=\"async\" width=\"1024\" height=\"576\" src=\"https:\/\/escuelaespanaval.cl\/wp\/wp-content\/uploads\/2020\/12\/IMG_5006-1024x576.jpg\" alt=\"\" data-id=\"289\" data-full-url=\"https:\/\/escuelaespanaval.cl\/wp\/wp-content\/uploads\/2020\/12\/IMG_5006-scaled.jpg\" data-link=\"https:\/\/escuelaespanaval.cl\/wp\/?attachment_id=289\" class=\"wp-image-289\" srcset=\"https:\/\/escuelaespanaval.cl\/wp-content\/uploads\/2020\/12\/IMG_5006-1024x576.jpg 1024w, https:\/\/escuelaespanaval.cl\/wp-content\/uploads\/2020\/12\/IMG_5006-300x169.jpg 300w, https:\/\/escuelaespanaval.cl\/wp-content\/uploads\/2020\/12\/IMG_5006-768x432.jpg 768w, https:\/\/escuelaespanaval.cl\/wp-content\/uploads\/2020\/12\/IMG_5006-1536x864.jpg 1536w, https:\/\/escuelaespanaval.cl\/wp-content\/uploads\/2020\/12\/IMG_5006-2048x1152.jpg 2048w, https:\/\/escuelaespanaval.cl\/wp-content\/uploads\/2020\/12\/IMG_5006-1080x608.jpg 1080w, https:\/\/escuelaespanaval.cl\/wp-content\/uploads\/2020\/12\/IMG_5006-1280x720.jpg 1280w, https:\/\/escuelaespanaval.cl\/wp-content\/uploads\/2020\/12\/IMG_5006-980x551.jpg 980w, https:\/\/escuelaespanaval.cl\/wp-content\/uploads\/2020\/12\/IMG_5006-480x270.jpg 480w\" sizes=\"auto, (max-width: 1024px) 100vw, 1024px\" \/><\/a><\/figure><\/li><li class=\"blocks-gallery-item\"><figure><a href=\"https:\/\/escuelaespanaval.cl\/wp\/wp-content\/uploads\/2020\/12\/IMG_5018-scaled.jpg\"><img loading=\"lazy\" decoding=\"async\" width=\"1024\" height=\"576\" src=\"https:\/\/escuelaespanaval.cl\/wp\/wp-content\/uploads\/2020\/12\/IMG_5018-1024x576.jpg\" alt=\"\" data-id=\"290\" data-full-url=\"https:\/\/escuelaespanaval.cl\/wp\/wp-content\/uploads\/2020\/12\/IMG_5018-scaled.jpg\" data-link=\"https:\/\/escuelaespanaval.cl\/wp\/?attachment_id=290\" class=\"wp-image-290\" srcset=\"https:\/\/escuelaespanaval.cl\/wp-content\/uploads\/2020\/12\/IMG_5018-1024x576.jpg 1024w, https:\/\/escuelaespanaval.cl\/wp-content\/uploads\/2020\/12\/IMG_5018-300x169.jpg 300w, https:\/\/escuelaespanaval.cl\/wp-content\/uploads\/2020\/12\/IMG_5018-768x432.jpg 768w, https:\/\/escuelaespanaval.cl\/wp-content\/uploads\/2020\/12\/IMG_5018-1536x864.jpg 1536w, https:\/\/escuelaespanaval.cl\/wp-content\/uploads\/2020\/12\/IMG_5018-2048x1152.jpg 2048w, https:\/\/escuelaespanaval.cl\/wp-content\/uploads\/2020\/12\/IMG_5018-1080x608.jpg 1080w, https:\/\/escuelaespanaval.cl\/wp-content\/uploads\/2020\/12\/IMG_5018-1280x720.jpg 1280w, https:\/\/escuelaespanaval.cl\/wp-content\/uploads\/2020\/12\/IMG_5018-980x551.jpg 980w, https:\/\/escuelaespanaval.cl\/wp-content\/uploads\/2020\/12\/IMG_5018-480x270.jpg 480w\" sizes=\"auto, (max-width: 1024px) 100vw, 1024px\" \/><\/a><\/figure><\/li><li class=\"blocks-gallery-item\"><figure><a href=\"https:\/\/escuelaespanaval.cl\/wp\/wp-content\/uploads\/2020\/12\/IMG_5047-scaled.jpg\"><img loading=\"lazy\" decoding=\"async\" width=\"1024\" height=\"576\" src=\"https:\/\/escuelaespanaval.cl\/wp\/wp-content\/uploads\/2020\/12\/IMG_5047-1024x576.jpg\" alt=\"\" data-id=\"291\" data-full-url=\"https:\/\/escuelaespanaval.cl\/wp\/wp-content\/uploads\/2020\/12\/IMG_5047-scaled.jpg\" data-link=\"https:\/\/escuelaespanaval.cl\/wp\/?attachment_id=291\" class=\"wp-image-291\" srcset=\"https:\/\/escuelaespanaval.cl\/wp-content\/uploads\/2020\/12\/IMG_5047-1024x576.jpg 1024w, https:\/\/escuelaespanaval.cl\/wp-content\/uploads\/2020\/12\/IMG_5047-300x169.jpg 300w, https:\/\/escuelaespanaval.cl\/wp-content\/uploads\/2020\/12\/IMG_5047-768x432.jpg 768w, https:\/\/escuelaespanaval.cl\/wp-content\/uploads\/2020\/12\/IMG_5047-1536x864.jpg 1536w, https:\/\/escuelaespanaval.cl\/wp-content\/uploads\/2020\/12\/IMG_5047-2048x1152.jpg 2048w, https:\/\/escuelaespanaval.cl\/wp-content\/uploads\/2020\/12\/IMG_5047-1080x608.jpg 1080w, https:\/\/escuelaespanaval.cl\/wp-content\/uploads\/2020\/12\/IMG_5047-1280x720.jpg 1280w, https:\/\/escuelaespanaval.cl\/wp-content\/uploads\/2020\/12\/IMG_5047-980x551.jpg 980w, https:\/\/escuelaespanaval.cl\/wp-content\/uploads\/2020\/12\/IMG_5047-480x270.jpg 480w\" sizes=\"auto, (max-width: 1024px) 100vw, 1024px\" \/><\/a><\/figure><\/li><li class=\"blocks-gallery-item\"><figure><a href=\"https:\/\/escuelaespanaval.cl\/wp\/wp-content\/uploads\/2020\/12\/IMG_5057-scaled.jpg\"><img loading=\"lazy\" decoding=\"async\" width=\"1024\" height=\"576\" src=\"https:\/\/escuelaespanaval.cl\/wp\/wp-content\/uploads\/2020\/12\/IMG_5057-1024x576.jpg\" alt=\"\" data-id=\"292\" data-full-url=\"https:\/\/escuelaespanaval.cl\/wp\/wp-content\/uploads\/2020\/12\/IMG_5057-scaled.jpg\" data-link=\"https:\/\/escuelaespanaval.cl\/wp\/?attachment_id=292\" class=\"wp-image-292\" srcset=\"https:\/\/escuelaespanaval.cl\/wp-content\/uploads\/2020\/12\/IMG_5057-1024x576.jpg 1024w, https:\/\/escuelaespanaval.cl\/wp-content\/uploads\/2020\/12\/IMG_5057-300x169.jpg 300w, https:\/\/escuelaespanaval.cl\/wp-content\/uploads\/2020\/12\/IMG_5057-768x432.jpg 768w, https:\/\/escuelaespanaval.cl\/wp-content\/uploads\/2020\/12\/IMG_5057-1536x864.jpg 1536w, https:\/\/escuelaespanaval.cl\/wp-content\/uploads\/2020\/12\/IMG_5057-2048x1152.jpg 2048w, https:\/\/escuelaespanaval.cl\/wp-content\/uploads\/2020\/12\/IMG_5057-1080x608.jpg 1080w, https:\/\/escuelaespanaval.cl\/wp-content\/uploads\/2020\/12\/IMG_5057-1280x720.jpg 1280w, https:\/\/escuelaespanaval.cl\/wp-content\/uploads\/2020\/12\/IMG_5057-980x551.jpg 980w, https:\/\/escuelaespanaval.cl\/wp-content\/uploads\/2020\/12\/IMG_5057-480x270.jpg 480w\" sizes=\"auto, (max-width: 1024px) 100vw, 1024px\" \/><\/a><\/figure><\/li><li class=\"blocks-gallery-item\"><figure><a href=\"https:\/\/escuelaespanaval.cl\/wp\/wp-content\/uploads\/2020\/12\/IMG_5060-scaled.jpg\"><img loading=\"lazy\" decoding=\"async\" width=\"1024\" height=\"576\" src=\"https:\/\/escuelaespanaval.cl\/wp\/wp-content\/uploads\/2020\/12\/IMG_5060-1024x576.jpg\" alt=\"\" data-id=\"294\" data-full-url=\"https:\/\/escuelaespanaval.cl\/wp\/wp-content\/uploads\/2020\/12\/IMG_5060-scaled.jpg\" data-link=\"https:\/\/escuelaespanaval.cl\/wp\/?attachment_id=294\" class=\"wp-image-294\" srcset=\"https:\/\/escuelaespanaval.cl\/wp-content\/uploads\/2020\/12\/IMG_5060-1024x576.jpg 1024w, https:\/\/escuelaespanaval.cl\/wp-content\/uploads\/2020\/12\/IMG_5060-300x169.jpg 300w, https:\/\/escuelaespanaval.cl\/wp-content\/uploads\/2020\/12\/IMG_5060-768x432.jpg 768w, https:\/\/escuelaespanaval.cl\/wp-content\/uploads\/2020\/12\/IMG_5060-1536x864.jpg 1536w, https:\/\/escuelaespanaval.cl\/wp-content\/uploads\/2020\/12\/IMG_5060-2048x1152.jpg 2048w, https:\/\/escuelaespanaval.cl\/wp-content\/uploads\/2020\/12\/IMG_5060-1080x608.jpg 1080w, https:\/\/escuelaespanaval.cl\/wp-content\/uploads\/2020\/12\/IMG_5060-1280x720.jpg 1280w, https:\/\/escuelaespanaval.cl\/wp-content\/uploads\/2020\/12\/IMG_5060-980x551.jpg 980w, https:\/\/escuelaespanaval.cl\/wp-content\/uploads\/2020\/12\/IMG_5060-480x270.jpg 480w\" sizes=\"auto, (max-width: 1024px) 100vw, 1024px\" \/><\/a><\/figure><\/li><li class=\"blocks-gallery-item\"><figure><a href=\"https:\/\/escuelaespanaval.cl\/wp\/wp-content\/uploads\/2020\/12\/IMG_5068-1-scaled.jpg\"><img loading=\"lazy\" decoding=\"async\" width=\"1024\" height=\"576\" src=\"https:\/\/escuelaespanaval.cl\/wp\/wp-content\/uploads\/2020\/12\/IMG_5068-1-1024x576.jpg\" alt=\"\" data-id=\"296\" data-full-url=\"https:\/\/escuelaespanaval.cl\/wp\/wp-content\/uploads\/2020\/12\/IMG_5068-1-scaled.jpg\" data-link=\"https:\/\/escuelaespanaval.cl\/wp\/?attachment_id=296\" class=\"wp-image-296\" srcset=\"https:\/\/escuelaespanaval.cl\/wp-content\/uploads\/2020\/12\/IMG_5068-1-1024x576.jpg 1024w, https:\/\/escuelaespanaval.cl\/wp-content\/uploads\/2020\/12\/IMG_5068-1-300x169.jpg 300w, https:\/\/escuelaespanaval.cl\/wp-content\/uploads\/2020\/12\/IMG_5068-1-768x432.jpg 768w, https:\/\/escuelaespanaval.cl\/wp-content\/uploads\/2020\/12\/IMG_5068-1-1536x864.jpg 1536w, https:\/\/escuelaespanaval.cl\/wp-content\/uploads\/2020\/12\/IMG_5068-1-2048x1152.jpg 2048w, https:\/\/escuelaespanaval.cl\/wp-content\/uploads\/2020\/12\/IMG_5068-1-1080x608.jpg 1080w, https:\/\/escuelaespanaval.cl\/wp-content\/uploads\/2020\/12\/IMG_5068-1-1280x720.jpg 1280w, https:\/\/escuelaespanaval.cl\/wp-content\/uploads\/2020\/12\/IMG_5068-1-980x551.jpg 980w, https:\/\/escuelaespanaval.cl\/wp-content\/uploads\/2020\/12\/IMG_5068-1-480x270.jpg 480w\" sizes=\"auto, (max-width: 1024px) 100vw, 1024px\" \/><\/a><\/figure><\/li><li class=\"blocks-gallery-item\"><figure><a href=\"https:\/\/escuelaespanaval.cl\/wp\/wp-content\/uploads\/2020\/12\/IMG_5074-scaled.jpg\"><img loading=\"lazy\" decoding=\"async\" width=\"1024\" height=\"576\" src=\"https:\/\/escuelaespanaval.cl\/wp\/wp-content\/uploads\/2020\/12\/IMG_5074-1024x576.jpg\" alt=\"\" data-id=\"297\" data-full-url=\"https:\/\/escuelaespanaval.cl\/wp\/wp-content\/uploads\/2020\/12\/IMG_5074-scaled.jpg\" data-link=\"https:\/\/escuelaespanaval.cl\/wp\/?attachment_id=297\" class=\"wp-image-297\" srcset=\"https:\/\/escuelaespanaval.cl\/wp-content\/uploads\/2020\/12\/IMG_5074-1024x576.jpg 1024w, https:\/\/escuelaespanaval.cl\/wp-content\/uploads\/2020\/12\/IMG_5074-300x169.jpg 300w, https:\/\/escuelaespanaval.cl\/wp-content\/uploads\/2020\/12\/IMG_5074-768x432.jpg 768w, https:\/\/escuelaespanaval.cl\/wp-content\/uploads\/2020\/12\/IMG_5074-1536x864.jpg 1536w, https:\/\/escuelaespanaval.cl\/wp-content\/uploads\/2020\/12\/IMG_5074-2048x1152.jpg 2048w, https:\/\/escuelaespanaval.cl\/wp-content\/uploads\/2020\/12\/IMG_5074-1080x608.jpg 1080w, https:\/\/escuelaespanaval.cl\/wp-content\/uploads\/2020\/12\/IMG_5074-1280x720.jpg 1280w, https:\/\/escuelaespanaval.cl\/wp-content\/uploads\/2020\/12\/IMG_5074-980x551.jpg 980w, https:\/\/escuelaespanaval.cl\/wp-content\/uploads\/2020\/12\/IMG_5074-480x270.jpg 480w\" sizes=\"auto, (max-width: 1024px) 100vw, 1024px\" \/><\/a><\/figure><\/li><li class=\"blocks-gallery-item\"><figure><a href=\"https:\/\/escuelaespanaval.cl\/wp\/wp-content\/uploads\/2020\/12\/IMG_5081-scaled.jpg\"><img loading=\"lazy\" decoding=\"async\" width=\"1024\" height=\"576\" src=\"https:\/\/escuelaespanaval.cl\/wp\/wp-content\/uploads\/2020\/12\/IMG_5081-1024x576.jpg\" alt=\"\" data-id=\"298\" data-full-url=\"https:\/\/escuelaespanaval.cl\/wp\/wp-content\/uploads\/2020\/12\/IMG_5081-scaled.jpg\" data-link=\"https:\/\/escuelaespanaval.cl\/wp\/?attachment_id=298\" class=\"wp-image-298\" srcset=\"https:\/\/escuelaespanaval.cl\/wp-content\/uploads\/2020\/12\/IMG_5081-1024x576.jpg 1024w, https:\/\/escuelaespanaval.cl\/wp-content\/uploads\/2020\/12\/IMG_5081-300x169.jpg 300w, https:\/\/escuelaespanaval.cl\/wp-content\/uploads\/2020\/12\/IMG_5081-768x432.jpg 768w, https:\/\/escuelaespanaval.cl\/wp-content\/uploads\/2020\/12\/IMG_5081-1536x864.jpg 1536w, https:\/\/escuelaespanaval.cl\/wp-content\/uploads\/2020\/12\/IMG_5081-2048x1152.jpg 2048w, https:\/\/escuelaespanaval.cl\/wp-content\/uploads\/2020\/12\/IMG_5081-1080x608.jpg 1080w, https:\/\/escuelaespanaval.cl\/wp-content\/uploads\/2020\/12\/IMG_5081-1280x720.jpg 1280w, https:\/\/escuelaespanaval.cl\/wp-content\/uploads\/2020\/12\/IMG_5081-980x551.jpg 980w, https:\/\/escuelaespanaval.cl\/wp-content\/uploads\/2020\/12\/IMG_5081-480x270.jpg 480w\" sizes=\"auto, (max-width: 1024px) 100vw, 1024px\" \/><\/a><\/figure><\/li><li class=\"blocks-gallery-item\"><figure><a href=\"https:\/\/escuelaespanaval.cl\/wp\/wp-content\/uploads\/2020\/12\/IMG_5097-2-scaled.jpg\"><img loading=\"lazy\" decoding=\"async\" width=\"1024\" height=\"576\" src=\"https:\/\/escuelaespanaval.cl\/wp\/wp-content\/uploads\/2020\/12\/IMG_5097-2-1024x576.jpg\" alt=\"\" data-id=\"299\" data-full-url=\"https:\/\/escuelaespanaval.cl\/wp\/wp-content\/uploads\/2020\/12\/IMG_5097-2-scaled.jpg\" data-link=\"https:\/\/escuelaespanaval.cl\/wp\/?attachment_id=299\" class=\"wp-image-299\" srcset=\"https:\/\/escuelaespanaval.cl\/wp-content\/uploads\/2020\/12\/IMG_5097-2-1024x576.jpg 1024w, https:\/\/escuelaespanaval.cl\/wp-content\/uploads\/2020\/12\/IMG_5097-2-300x169.jpg 300w, https:\/\/escuelaespanaval.cl\/wp-content\/uploads\/2020\/12\/IMG_5097-2-768x432.jpg 768w, https:\/\/escuelaespanaval.cl\/wp-content\/uploads\/2020\/12\/IMG_5097-2-1536x864.jpg 1536w, https:\/\/escuelaespanaval.cl\/wp-content\/uploads\/2020\/12\/IMG_5097-2-2048x1152.jpg 2048w, https:\/\/escuelaespanaval.cl\/wp-content\/uploads\/2020\/12\/IMG_5097-2-1080x608.jpg 1080w, https:\/\/escuelaespanaval.cl\/wp-content\/uploads\/2020\/12\/IMG_5097-2-1280x720.jpg 1280w, https:\/\/escuelaespanaval.cl\/wp-content\/uploads\/2020\/12\/IMG_5097-2-980x551.jpg 980w, https:\/\/escuelaespanaval.cl\/wp-content\/uploads\/2020\/12\/IMG_5097-2-480x270.jpg 480w\" sizes=\"auto, (max-width: 1024px) 100vw, 1024px\" \/><\/a><\/figure><\/li><\/ul><\/figure>\n","protected":false},"excerpt":{"rendered":"<p>El d\u00eda Lunes 08 de Abril se llevo acabo el Acto del D\u00eda Mundial de la Ciencia y la Tecnolog\u00eda a cargo del 7\u00b0 \u00abA\u00bb<\/p>\n","protected":false},"author":1,"featured_media":295,"comment_status":"open","ping_status":"open","sticky":false,"template":"","format":"standard","meta":{"_monsterinsights_skip_tracking":false,"_monsterinsights_sitenote_active":false,"_monsterinsights_sitenote_note":"","_monsterinsights_sitenote_category":0,"site-container-style":"default","site-container-layout":"default","site-sidebar-layout":"default","disable-article-header":"default","disable-site-header":"default","disable-site-footer":"default","disable-content-area-spacing":"default","footnotes":""},"categories":[1],"tags":[],"class_list":["post-287","post","type-post","status-publish","format-standard","has-post-thumbnail","hentry","category-uncategorized"],"yoast_head":"<!-- This site is optimized with the Yoast SEO plugin v27.1.1 - https:\/\/yoast.com\/product\/yoast-seo-wordpress\/ -->\n<title>D\u00eda Mundial de la Ciencia y la Tecnolog\u00eda - Escuela Espa\u00f1a<\/title>\n<meta name=\"robots\" content=\"index, follow, max-snippet:-1, max-image-preview:large, max-video-preview:-1\" \/>\n<link rel=\"canonical\" href=\"https:\/\/escuelaespanaval.cl\/?p=287\" \/>\n<meta property=\"og:locale\" content=\"es_ES\" \/>\n<meta property=\"og:type\" content=\"article\" \/>\n<meta property=\"og:title\" content=\"D\u00eda Mundial de la Ciencia y la Tecnolog\u00eda - Escuela Espa\u00f1a\" \/>\n<meta property=\"og:description\" content=\"El d\u00eda Lunes 08 de Abril se llevo acabo el Acto del D\u00eda Mundial de la Ciencia y la Tecnolog\u00eda a cargo del 7\u00b0 \u00abA\u00bb\" \/>\n<meta property=\"og:url\" content=\"https:\/\/escuelaespanaval.cl\/?p=287\" \/>\n<meta property=\"og:site_name\" content=\"Escuela Espa\u00f1a\" \/>\n<meta property=\"article:publisher\" content=\"https:\/\/www.facebook.com\/escuelaespanavald\" \/>\n<meta property=\"article:published_time\" content=\"2019-04-08T20:52:00+00:00\" \/>\n<meta property=\"article:modified_time\" content=\"2020-12-12T20:55:17+00:00\" \/>\n<meta property=\"og:image\" content=\"https:\/\/escuelaespanaval.cl\/wp-content\/uploads\/2020\/12\/IMG_5097-1-scaled.jpg\" \/>\n\t<meta property=\"og:image:width\" content=\"2560\" \/>\n\t<meta property=\"og:image:height\" content=\"1440\" \/>\n\t<meta property=\"og:image:type\" content=\"image\/jpeg\" \/>\n<meta name=\"author\" content=\"Administrador\" \/>\n<meta name=\"twitter:card\" content=\"summary_large_image\" \/>\n<meta name=\"twitter:label1\" content=\"Escrito por\" \/>\n\t<meta name=\"twitter:data1\" content=\"Administrador\" \/>\n<script type=\"application\/ld+json\" class=\"yoast-schema-graph\">{\"@context\":\"https:\/\/schema.org\",\"@graph\":[{\"@type\":\"Article\",\"@id\":\"https:\/\/escuelaespanaval.cl\/?p=287#article\",\"isPartOf\":{\"@id\":\"https:\/\/escuelaespanaval.cl\/?p=287\"},\"author\":{\"name\":\"Administrador\",\"@id\":\"https:\/\/escuelaespanaval.cl\/#\/schema\/person\/b8dc96fec133a948c2114bb5cba3ca1a\"},\"headline\":\"D\u00eda Mundial de la Ciencia y la Tecnolog\u00eda\",\"datePublished\":\"2019-04-08T20:52:00+00:00\",\"dateModified\":\"2020-12-12T20:55:17+00:00\",\"mainEntityOfPage\":{\"@id\":\"https:\/\/escuelaespanaval.cl\/?p=287\"},\"wordCount\":36,\"commentCount\":0,\"publisher\":{\"@id\":\"https:\/\/escuelaespanaval.cl\/#organization\"},\"image\":{\"@id\":\"https:\/\/escuelaespanaval.cl\/?p=287#primaryimage\"},\"thumbnailUrl\":\"https:\/\/escuelaespanaval.cl\/wp-content\/uploads\/2020\/12\/IMG_5097-1-scaled.jpg\",\"articleSection\":[\"Uncategorized\"],\"inLanguage\":\"es\",\"potentialAction\":[{\"@type\":\"CommentAction\",\"name\":\"Comment\",\"target\":[\"https:\/\/escuelaespanaval.cl\/?p=287#respond\"]}]},{\"@type\":\"WebPage\",\"@id\":\"https:\/\/escuelaespanaval.cl\/?p=287\",\"url\":\"https:\/\/escuelaespanaval.cl\/?p=287\",\"name\":\"D\u00eda Mundial de la Ciencia y la Tecnolog\u00eda - Escuela Espa\u00f1a\",\"isPartOf\":{\"@id\":\"https:\/\/escuelaespanaval.cl\/#website\"},\"primaryImageOfPage\":{\"@id\":\"https:\/\/escuelaespanaval.cl\/?p=287#primaryimage\"},\"image\":{\"@id\":\"https:\/\/escuelaespanaval.cl\/?p=287#primaryimage\"},\"thumbnailUrl\":\"https:\/\/escuelaespanaval.cl\/wp-content\/uploads\/2020\/12\/IMG_5097-1-scaled.jpg\",\"datePublished\":\"2019-04-08T20:52:00+00:00\",\"dateModified\":\"2020-12-12T20:55:17+00:00\",\"breadcrumb\":{\"@id\":\"https:\/\/escuelaespanaval.cl\/?p=287#breadcrumb\"},\"inLanguage\":\"es\",\"potentialAction\":[{\"@type\":\"ReadAction\",\"target\":[\"https:\/\/escuelaespanaval.cl\/?p=287\"]}]},{\"@type\":\"ImageObject\",\"inLanguage\":\"es\",\"@id\":\"https:\/\/escuelaespanaval.cl\/?p=287#primaryimage\",\"url\":\"https:\/\/escuelaespanaval.cl\/wp-content\/uploads\/2020\/12\/IMG_5097-1-scaled.jpg\",\"contentUrl\":\"https:\/\/escuelaespanaval.cl\/wp-content\/uploads\/2020\/12\/IMG_5097-1-scaled.jpg\",\"width\":2560,\"height\":1440},{\"@type\":\"BreadcrumbList\",\"@id\":\"https:\/\/escuelaespanaval.cl\/?p=287#breadcrumb\",\"itemListElement\":[{\"@type\":\"ListItem\",\"position\":1,\"name\":\"Portada\",\"item\":\"https:\/\/escuelaespanaval.cl\/\"},{\"@type\":\"ListItem\",\"position\":2,\"name\":\"D\u00eda Mundial de la Ciencia y la Tecnolog\u00eda\"}]},{\"@type\":\"WebSite\",\"@id\":\"https:\/\/escuelaespanaval.cl\/#website\",\"url\":\"https:\/\/escuelaespanaval.cl\/\",\"name\":\"Escuela Espa\u00f1a\",\"description\":\"Valdivia\",\"publisher\":{\"@id\":\"https:\/\/escuelaespanaval.cl\/#organization\"},\"potentialAction\":[{\"@type\":\"SearchAction\",\"target\":{\"@type\":\"EntryPoint\",\"urlTemplate\":\"https:\/\/escuelaespanaval.cl\/?s={search_term_string}\"},\"query-input\":{\"@type\":\"PropertyValueSpecification\",\"valueRequired\":true,\"valueName\":\"search_term_string\"}}],\"inLanguage\":\"es\"},{\"@type\":\"Organization\",\"@id\":\"https:\/\/escuelaespanaval.cl\/#organization\",\"name\":\"Escuela Espa\u00f1a\",\"url\":\"https:\/\/escuelaespanaval.cl\/\",\"logo\":{\"@type\":\"ImageObject\",\"inLanguage\":\"es\",\"@id\":\"https:\/\/escuelaespanaval.cl\/#\/schema\/logo\/image\/\",\"url\":\"https:\/\/escuelaespanaval.cl\/wp-content\/uploads\/2020\/12\/LOGO_ESCUELA.png\",\"contentUrl\":\"https:\/\/escuelaespanaval.cl\/wp-content\/uploads\/2020\/12\/LOGO_ESCUELA.png\",\"width\":1550,\"height\":2402,\"caption\":\"Escuela Espa\u00f1a\"},\"image\":{\"@id\":\"https:\/\/escuelaespanaval.cl\/#\/schema\/logo\/image\/\"},\"sameAs\":[\"https:\/\/www.facebook.com\/escuelaespanavald\",\"https:\/\/www.youtube.com\/@escuelaespanavaldivia97\"]},{\"@type\":\"Person\",\"@id\":\"https:\/\/escuelaespanaval.cl\/#\/schema\/person\/b8dc96fec133a948c2114bb5cba3ca1a\",\"name\":\"Administrador\",\"image\":{\"@type\":\"ImageObject\",\"inLanguage\":\"es\",\"@id\":\"https:\/\/escuelaespanaval.cl\/#\/schema\/person\/image\/\",\"url\":\"https:\/\/secure.gravatar.com\/avatar\/1a4537f0b323ae38f6776eb293038a2af5616bfe3d24bf6be540f254d895dd45?s=96&d=mm&r=g\",\"contentUrl\":\"https:\/\/secure.gravatar.com\/avatar\/1a4537f0b323ae38f6776eb293038a2af5616bfe3d24bf6be540f254d895dd45?s=96&d=mm&r=g\",\"caption\":\"Administrador\"},\"sameAs\":[\"https:\/\/escuelaespanaval.cl\/wp\"],\"url\":\"https:\/\/escuelaespanaval.cl\/?author=1\"}]}<\/script>\n<!-- \/ Yoast SEO plugin. -->","yoast_head_json":{"title":"D\u00eda Mundial de la Ciencia y la Tecnolog\u00eda - Escuela Espa\u00f1a","robots":{"index":"index","follow":"follow","max-snippet":"max-snippet:-1","max-image-preview":"max-image-preview:large","max-video-preview":"max-video-preview:-1"},"canonical":"https:\/\/escuelaespanaval.cl\/?p=287","og_locale":"es_ES","og_type":"article","og_title":"D\u00eda Mundial de la Ciencia y la Tecnolog\u00eda - Escuela Espa\u00f1a","og_description":"El d\u00eda Lunes 08 de Abril se llevo acabo el Acto del D\u00eda Mundial de la Ciencia y la Tecnolog\u00eda a cargo del 7\u00b0 \u00abA\u00bb","og_url":"https:\/\/escuelaespanaval.cl\/?p=287","og_site_name":"Escuela Espa\u00f1a","article_publisher":"https:\/\/www.facebook.com\/escuelaespanavald","article_published_time":"2019-04-08T20:52:00+00:00","article_modified_time":"2020-12-12T20:55:17+00:00","og_image":[{"width":2560,"height":1440,"url":"https:\/\/escuelaespanaval.cl\/wp-content\/uploads\/2020\/12\/IMG_5097-1-scaled.jpg","type":"image\/jpeg"}],"author":"Administrador","twitter_card":"summary_large_image","twitter_misc":{"Escrito por":"Administrador"},"schema":{"@context":"https:\/\/schema.org","@graph":[{"@type":"Article","@id":"https:\/\/escuelaespanaval.cl\/?p=287#article","isPartOf":{"@id":"https:\/\/escuelaespanaval.cl\/?p=287"},"author":{"name":"Administrador","@id":"https:\/\/escuelaespanaval.cl\/#\/schema\/person\/b8dc96fec133a948c2114bb5cba3ca1a"},"headline":"D\u00eda Mundial de la Ciencia y la Tecnolog\u00eda","datePublished":"2019-04-08T20:52:00+00:00","dateModified":"2020-12-12T20:55:17+00:00","mainEntityOfPage":{"@id":"https:\/\/escuelaespanaval.cl\/?p=287"},"wordCount":36,"commentCount":0,"publisher":{"@id":"https:\/\/escuelaespanaval.cl\/#organization"},"image":{"@id":"https:\/\/escuelaespanaval.cl\/?p=287#primaryimage"},"thumbnailUrl":"https:\/\/escuelaespanaval.cl\/wp-content\/uploads\/2020\/12\/IMG_5097-1-scaled.jpg","articleSection":["Uncategorized"],"inLanguage":"es","potentialAction":[{"@type":"CommentAction","name":"Comment","target":["https:\/\/escuelaespanaval.cl\/?p=287#respond"]}]},{"@type":"WebPage","@id":"https:\/\/escuelaespanaval.cl\/?p=287","url":"https:\/\/escuelaespanaval.cl\/?p=287","name":"D\u00eda Mundial de la Ciencia y la Tecnolog\u00eda - Escuela Espa\u00f1a","isPartOf":{"@id":"https:\/\/escuelaespanaval.cl\/#website"},"primaryImageOfPage":{"@id":"https:\/\/escuelaespanaval.cl\/?p=287#primaryimage"},"image":{"@id":"https:\/\/escuelaespanaval.cl\/?p=287#primaryimage"},"thumbnailUrl":"https:\/\/escuelaespanaval.cl\/wp-content\/uploads\/2020\/12\/IMG_5097-1-scaled.jpg","datePublished":"2019-04-08T20:52:00+00:00","dateModified":"2020-12-12T20:55:17+00:00","breadcrumb":{"@id":"https:\/\/escuelaespanaval.cl\/?p=287#breadcrumb"},"inLanguage":"es","potentialAction":[{"@type":"ReadAction","target":["https:\/\/escuelaespanaval.cl\/?p=287"]}]},{"@type":"ImageObject","inLanguage":"es","@id":"https:\/\/escuelaespanaval.cl\/?p=287#primaryimage","url":"https:\/\/escuelaespanaval.cl\/wp-content\/uploads\/2020\/12\/IMG_5097-1-scaled.jpg","contentUrl":"https:\/\/escuelaespanaval.cl\/wp-content\/uploads\/2020\/12\/IMG_5097-1-scaled.jpg","width":2560,"height":1440},{"@type":"BreadcrumbList","@id":"https:\/\/escuelaespanaval.cl\/?p=287#breadcrumb","itemListElement":[{"@type":"ListItem","position":1,"name":"Portada","item":"https:\/\/escuelaespanaval.cl\/"},{"@type":"ListItem","position":2,"name":"D\u00eda Mundial de la Ciencia y la Tecnolog\u00eda"}]},{"@type":"WebSite","@id":"https:\/\/escuelaespanaval.cl\/#website","url":"https:\/\/escuelaespanaval.cl\/","name":"Escuela Espa\u00f1a","description":"Valdivia","publisher":{"@id":"https:\/\/escuelaespanaval.cl\/#organization"},"potentialAction":[{"@type":"SearchAction","target":{"@type":"EntryPoint","urlTemplate":"https:\/\/escuelaespanaval.cl\/?s={search_term_string}"},"query-input":{"@type":"PropertyValueSpecification","valueRequired":true,"valueName":"search_term_string"}}],"inLanguage":"es"},{"@type":"Organization","@id":"https:\/\/escuelaespanaval.cl\/#organization","name":"Escuela Espa\u00f1a","url":"https:\/\/escuelaespanaval.cl\/","logo":{"@type":"ImageObject","inLanguage":"es","@id":"https:\/\/escuelaespanaval.cl\/#\/schema\/logo\/image\/","url":"https:\/\/escuelaespanaval.cl\/wp-content\/uploads\/2020\/12\/LOGO_ESCUELA.png","contentUrl":"https:\/\/escuelaespanaval.cl\/wp-content\/uploads\/2020\/12\/LOGO_ESCUELA.png","width":1550,"height":2402,"caption":"Escuela Espa\u00f1a"},"image":{"@id":"https:\/\/escuelaespanaval.cl\/#\/schema\/logo\/image\/"},"sameAs":["https:\/\/www.facebook.com\/escuelaespanavald","https:\/\/www.youtube.com\/@escuelaespanavaldivia97"]},{"@type":"Person","@id":"https:\/\/escuelaespanaval.cl\/#\/schema\/person\/b8dc96fec133a948c2114bb5cba3ca1a","name":"Administrador","image":{"@type":"ImageObject","inLanguage":"es","@id":"https:\/\/escuelaespanaval.cl\/#\/schema\/person\/image\/","url":"https:\/\/secure.gravatar.com\/avatar\/1a4537f0b323ae38f6776eb293038a2af5616bfe3d24bf6be540f254d895dd45?s=96&d=mm&r=g","contentUrl":"https:\/\/secure.gravatar.com\/avatar\/1a4537f0b323ae38f6776eb293038a2af5616bfe3d24bf6be540f254d895dd45?s=96&d=mm&r=g","caption":"Administrador"},"sameAs":["https:\/\/escuelaespanaval.cl\/wp"],"url":"https:\/\/escuelaespanaval.cl\/?author=1"}]}},"_links":{"self":[{"href":"https:\/\/escuelaespanaval.cl\/index.php?rest_route=\/wp\/v2\/posts\/287","targetHints":{"allow":["GET"]}}],"collection":[{"href":"https:\/\/escuelaespanaval.cl\/index.php?rest_route=\/wp\/v2\/posts"}],"about":[{"href":"https:\/\/escuelaespanaval.cl\/index.php?rest_route=\/wp\/v2\/types\/post"}],"author":[{"embeddable":true,"href":"https:\/\/escuelaespanaval.cl\/index.php?rest_route=\/wp\/v2\/users\/1"}],"replies":[{"embeddable":true,"href":"https:\/\/escuelaespanaval.cl\/index.php?rest_route=%2Fwp%2Fv2%2Fcomments&post=287"}],"version-history":[{"count":1,"href":"https:\/\/escuelaespanaval.cl\/index.php?rest_route=\/wp\/v2\/posts\/287\/revisions"}],"predecessor-version":[{"id":300,"href":"https:\/\/escuelaespanaval.cl\/index.php?rest_route=\/wp\/v2\/posts\/287\/revisions\/300"}],"wp:featuredmedia":[{"embeddable":true,"href":"https:\/\/escuelaespanaval.cl\/index.php?rest_route=\/wp\/v2\/media\/295"}],"wp:attachment":[{"href":"https:\/\/escuelaespanaval.cl\/index.php?rest_route=%2Fwp%2Fv2%2Fmedia&parent=287"}],"wp:term":[{"taxonomy":"category","embeddable":true,"href":"https:\/\/escuelaespanaval.cl\/index.php?rest_route=%2Fwp%2Fv2%2Fcategories&post=287"},{"taxonomy":"post_tag","embeddable":true,"href":"https:\/\/escuelaespanaval.cl\/index.php?rest_route=%2Fwp%2Fv2%2Ftags&post=287"}],"curies":[{"name":"wp","href":"https:\/\/api.w.org\/{rel}","templated":true}]}}