{"id":2865,"date":"2025-04-28T19:57:45","date_gmt":"2025-04-28T19:57:45","guid":{"rendered":"https:\/\/escuelaespanaval.cl\/?p=2865"},"modified":"2025-04-28T19:57:46","modified_gmt":"2025-04-28T19:57:46","slug":"jornada-de-cuentacuentos","status":"publish","type":"post","link":"https:\/\/escuelaespanaval.cl\/?p=2865","title":{"rendered":"Jornada de cuentacuentos"},"content":{"rendered":"\n<p>El lunes 23 de abril,&nbsp;en el marco del mes del Libro y la Lectura, se llev\u00f3 a cabo una entretenida jornada de cuentacuentos para los y las&nbsp; estudiantes de Prek\u00ednder a 8\u00b0 a\u00f1o b\u00e1sico, nuestras invitadas especiales en esta actividad fueron la cuentacuentos profesional de JUNJI Christine Arismendi y las alumnas en pr\u00e1ctica de la Universidad Austral de chile Za\u00edda Espejo Tamblay, Sandra Jaramillo Oporto y Paz Morales Gonz\u00e1lez, quienes prepararon una selecci\u00f3n para destacar la importancia de los libros en la estimulaci\u00f3n de la imaginaci\u00f3n. &nbsp;<\/p>\n\n\n\n<figure class=\"wp-block-gallery has-nested-images columns-default is-cropped wp-block-gallery-1 is-layout-flex wp-block-gallery-is-layout-flex\">\n<figure class=\"wp-block-image size-large\"><img loading=\"lazy\" decoding=\"async\" width=\"1024\" height=\"768\" data-id=\"2871\" src=\"https:\/\/escuelaespanaval.cl\/wp-content\/uploads\/2025\/04\/cuentacuentos-1--1024x768.jpeg\" alt=\"\" class=\"wp-image-2871\" srcset=\"https:\/\/escuelaespanaval.cl\/wp-content\/uploads\/2025\/04\/cuentacuentos-1--1024x768.jpeg 1024w, https:\/\/escuelaespanaval.cl\/wp-content\/uploads\/2025\/04\/cuentacuentos-1--300x225.jpeg 300w, https:\/\/escuelaespanaval.cl\/wp-content\/uploads\/2025\/04\/cuentacuentos-1--768x576.jpeg 768w, https:\/\/escuelaespanaval.cl\/wp-content\/uploads\/2025\/04\/cuentacuentos-1--1536x1152.jpeg 1536w, https:\/\/escuelaespanaval.cl\/wp-content\/uploads\/2025\/04\/cuentacuentos-1-.jpeg 1600w\" sizes=\"auto, (max-width: 1024px) 100vw, 1024px\" \/><\/figure>\n\n\n\n<figure class=\"wp-block-image size-large\"><img loading=\"lazy\" decoding=\"async\" width=\"1024\" height=\"461\" data-id=\"2866\" src=\"https:\/\/escuelaespanaval.cl\/wp-content\/uploads\/2025\/04\/cuentacuentos-3-1024x461.jpg\" alt=\"\" class=\"wp-image-2866\" srcset=\"https:\/\/escuelaespanaval.cl\/wp-content\/uploads\/2025\/04\/cuentacuentos-3-1024x461.jpg 1024w, https:\/\/escuelaespanaval.cl\/wp-content\/uploads\/2025\/04\/cuentacuentos-3-300x135.jpg 300w, https:\/\/escuelaespanaval.cl\/wp-content\/uploads\/2025\/04\/cuentacuentos-3-768x346.jpg 768w, https:\/\/escuelaespanaval.cl\/wp-content\/uploads\/2025\/04\/cuentacuentos-3.jpg 1280w\" sizes=\"auto, (max-width: 1024px) 100vw, 1024px\" \/><\/figure>\n\n\n\n<figure class=\"wp-block-image size-large\"><img loading=\"lazy\" decoding=\"async\" width=\"1024\" height=\"461\" data-id=\"2869\" src=\"https:\/\/escuelaespanaval.cl\/wp-content\/uploads\/2025\/04\/cuentacuentos-5-1024x461.jpg\" alt=\"\" class=\"wp-image-2869\" srcset=\"https:\/\/escuelaespanaval.cl\/wp-content\/uploads\/2025\/04\/cuentacuentos-5-1024x461.jpg 1024w, https:\/\/escuelaespanaval.cl\/wp-content\/uploads\/2025\/04\/cuentacuentos-5-300x135.jpg 300w, https:\/\/escuelaespanaval.cl\/wp-content\/uploads\/2025\/04\/cuentacuentos-5-768x346.jpg 768w, https:\/\/escuelaespanaval.cl\/wp-content\/uploads\/2025\/04\/cuentacuentos-5.jpg 1280w\" sizes=\"auto, (max-width: 1024px) 100vw, 1024px\" \/><\/figure>\n\n\n\n<figure class=\"wp-block-image size-large\"><img loading=\"lazy\" decoding=\"async\" width=\"1024\" height=\"461\" data-id=\"2872\" src=\"https:\/\/escuelaespanaval.cl\/wp-content\/uploads\/2025\/04\/cuentacuentos-2-1024x461.jpg\" alt=\"\" class=\"wp-image-2872\" srcset=\"https:\/\/escuelaespanaval.cl\/wp-content\/uploads\/2025\/04\/cuentacuentos-2-1024x461.jpg 1024w, https:\/\/escuelaespanaval.cl\/wp-content\/uploads\/2025\/04\/cuentacuentos-2-300x135.jpg 300w, https:\/\/escuelaespanaval.cl\/wp-content\/uploads\/2025\/04\/cuentacuentos-2-768x346.jpg 768w, https:\/\/escuelaespanaval.cl\/wp-content\/uploads\/2025\/04\/cuentacuentos-2.jpg 1280w\" sizes=\"auto, (max-width: 1024px) 100vw, 1024px\" \/><\/figure>\n\n\n\n<figure class=\"wp-block-image size-large\"><img loading=\"lazy\" decoding=\"async\" width=\"1024\" height=\"461\" data-id=\"2867\" src=\"https:\/\/escuelaespanaval.cl\/wp-content\/uploads\/2025\/04\/cuentacuentos-4-1024x461.jpg\" alt=\"\" class=\"wp-image-2867\" srcset=\"https:\/\/escuelaespanaval.cl\/wp-content\/uploads\/2025\/04\/cuentacuentos-4-1024x461.jpg 1024w, https:\/\/escuelaespanaval.cl\/wp-content\/uploads\/2025\/04\/cuentacuentos-4-300x135.jpg 300w, https:\/\/escuelaespanaval.cl\/wp-content\/uploads\/2025\/04\/cuentacuentos-4-768x346.jpg 768w, https:\/\/escuelaespanaval.cl\/wp-content\/uploads\/2025\/04\/cuentacuentos-4.jpg 1280w\" sizes=\"auto, (max-width: 1024px) 100vw, 1024px\" \/><\/figure>\n\n\n\n<figure class=\"wp-block-image size-large\"><img loading=\"lazy\" decoding=\"async\" width=\"1024\" height=\"461\" data-id=\"2868\" src=\"https:\/\/escuelaespanaval.cl\/wp-content\/uploads\/2025\/04\/cuentacuentos-9-1024x461.jpg\" alt=\"\" class=\"wp-image-2868\" srcset=\"https:\/\/escuelaespanaval.cl\/wp-content\/uploads\/2025\/04\/cuentacuentos-9-1024x461.jpg 1024w, https:\/\/escuelaespanaval.cl\/wp-content\/uploads\/2025\/04\/cuentacuentos-9-300x135.jpg 300w, https:\/\/escuelaespanaval.cl\/wp-content\/uploads\/2025\/04\/cuentacuentos-9-768x346.jpg 768w, https:\/\/escuelaespanaval.cl\/wp-content\/uploads\/2025\/04\/cuentacuentos-9-1536x691.jpg 1536w, https:\/\/escuelaespanaval.cl\/wp-content\/uploads\/2025\/04\/cuentacuentos-9.jpg 1600w\" sizes=\"auto, (max-width: 1024px) 100vw, 1024px\" \/><\/figure>\n\n\n\n<figure class=\"wp-block-image size-large\"><img loading=\"lazy\" decoding=\"async\" width=\"1024\" height=\"768\" data-id=\"2870\" src=\"https:\/\/escuelaespanaval.cl\/wp-content\/uploads\/2025\/04\/cuentacuentos-7-1024x768.jpg\" alt=\"\" class=\"wp-image-2870\" srcset=\"https:\/\/escuelaespanaval.cl\/wp-content\/uploads\/2025\/04\/cuentacuentos-7-1024x768.jpg 1024w, https:\/\/escuelaespanaval.cl\/wp-content\/uploads\/2025\/04\/cuentacuentos-7-300x225.jpg 300w, https:\/\/escuelaespanaval.cl\/wp-content\/uploads\/2025\/04\/cuentacuentos-7-768x576.jpg 768w, https:\/\/escuelaespanaval.cl\/wp-content\/uploads\/2025\/04\/cuentacuentos-7-1536x1152.jpg 1536w, https:\/\/escuelaespanaval.cl\/wp-content\/uploads\/2025\/04\/cuentacuentos-7.jpg 1600w\" sizes=\"auto, (max-width: 1024px) 100vw, 1024px\" \/><\/figure>\n<\/figure>\n","protected":false},"excerpt":{"rendered":"<p>El lunes 23 de abril,&nbsp;en el marco del mes del Libro y la Lectura, se llev\u00f3 a cabo una entretenida jornada de cuentacuentos para los y las&nbsp; estudiantes de Prek\u00ednder a 8\u00b0 a\u00f1o b\u00e1sico, nuestras invitadas especiales en esta actividad fueron la cuentacuentos profesional de JUNJI Christine Arismendi y las alumnas en pr\u00e1ctica de la [&hellip;]<\/p>\n","protected":false},"author":1,"featured_media":2871,"comment_status":"closed","ping_status":"open","sticky":false,"template":"","format":"standard","meta":{"_monsterinsights_skip_tracking":false,"_monsterinsights_sitenote_active":false,"_monsterinsights_sitenote_note":"","_monsterinsights_sitenote_category":0,"site-container-style":"default","site-container-layout":"default","site-sidebar-layout":"default","disable-article-header":"default","disable-site-header":"default","disable-site-footer":"default","disable-content-area-spacing":"default","footnotes":""},"categories":[1],"tags":[],"class_list":["post-2865","post","type-post","status-publish","format-standard","has-post-thumbnail","hentry","category-uncategorized"],"yoast_head":"<!-- This site is optimized with the Yoast SEO plugin v27.1.1 - https:\/\/yoast.com\/product\/yoast-seo-wordpress\/ -->\n<title>Jornada de cuentacuentos - Escuela Espa\u00f1a<\/title>\n<meta name=\"robots\" content=\"index, follow, max-snippet:-1, max-image-preview:large, max-video-preview:-1\" \/>\n<link rel=\"canonical\" href=\"https:\/\/escuelaespanaval.cl\/?p=2865\" \/>\n<meta property=\"og:locale\" content=\"es_ES\" \/>\n<meta property=\"og:type\" content=\"article\" \/>\n<meta property=\"og:title\" content=\"Jornada de cuentacuentos - Escuela Espa\u00f1a\" \/>\n<meta property=\"og:description\" content=\"El lunes 23 de abril,&nbsp;en el marco del mes del Libro y la Lectura, se llev\u00f3 a cabo una entretenida jornada de cuentacuentos para los y las&nbsp; estudiantes de Prek\u00ednder a 8\u00b0 a\u00f1o b\u00e1sico, nuestras invitadas especiales en esta actividad fueron la cuentacuentos profesional de JUNJI Christine Arismendi y las alumnas en pr\u00e1ctica de la [&hellip;]\" \/>\n<meta property=\"og:url\" content=\"https:\/\/escuelaespanaval.cl\/?p=2865\" \/>\n<meta property=\"og:site_name\" content=\"Escuela Espa\u00f1a\" \/>\n<meta property=\"article:publisher\" content=\"https:\/\/www.facebook.com\/escuelaespanavald\" \/>\n<meta property=\"article:published_time\" content=\"2025-04-28T19:57:45+00:00\" \/>\n<meta property=\"article:modified_time\" content=\"2025-04-28T19:57:46+00:00\" \/>\n<meta property=\"og:image\" content=\"https:\/\/escuelaespanaval.cl\/wp-content\/uploads\/2025\/04\/cuentacuentos-1-.jpeg\" \/>\n\t<meta property=\"og:image:width\" content=\"1600\" \/>\n\t<meta property=\"og:image:height\" content=\"1200\" \/>\n\t<meta property=\"og:image:type\" content=\"image\/jpeg\" \/>\n<meta name=\"author\" content=\"Administrador\" \/>\n<meta name=\"twitter:card\" content=\"summary_large_image\" \/>\n<meta name=\"twitter:label1\" content=\"Escrito por\" \/>\n\t<meta name=\"twitter:data1\" content=\"Administrador\" \/>\n\t<meta name=\"twitter:label2\" content=\"Tiempo de lectura\" \/>\n\t<meta name=\"twitter:data2\" content=\"2 minutos\" \/>\n<script type=\"application\/ld+json\" class=\"yoast-schema-graph\">{\"@context\":\"https:\/\/schema.org\",\"@graph\":[{\"@type\":\"Article\",\"@id\":\"https:\/\/escuelaespanaval.cl\/?p=2865#article\",\"isPartOf\":{\"@id\":\"https:\/\/escuelaespanaval.cl\/?p=2865\"},\"author\":{\"name\":\"Administrador\",\"@id\":\"https:\/\/escuelaespanaval.cl\/#\/schema\/person\/b8dc96fec133a948c2114bb5cba3ca1a\"},\"headline\":\"Jornada de cuentacuentos\",\"datePublished\":\"2025-04-28T19:57:45+00:00\",\"dateModified\":\"2025-04-28T19:57:46+00:00\",\"mainEntityOfPage\":{\"@id\":\"https:\/\/escuelaespanaval.cl\/?p=2865\"},\"wordCount\":100,\"publisher\":{\"@id\":\"https:\/\/escuelaespanaval.cl\/#organization\"},\"image\":{\"@id\":\"https:\/\/escuelaespanaval.cl\/?p=2865#primaryimage\"},\"thumbnailUrl\":\"https:\/\/escuelaespanaval.cl\/wp-content\/uploads\/2025\/04\/cuentacuentos-1-.jpeg\",\"articleSection\":[\"Uncategorized\"],\"inLanguage\":\"es\"},{\"@type\":\"WebPage\",\"@id\":\"https:\/\/escuelaespanaval.cl\/?p=2865\",\"url\":\"https:\/\/escuelaespanaval.cl\/?p=2865\",\"name\":\"Jornada de cuentacuentos - Escuela Espa\u00f1a\",\"isPartOf\":{\"@id\":\"https:\/\/escuelaespanaval.cl\/#website\"},\"primaryImageOfPage\":{\"@id\":\"https:\/\/escuelaespanaval.cl\/?p=2865#primaryimage\"},\"image\":{\"@id\":\"https:\/\/escuelaespanaval.cl\/?p=2865#primaryimage\"},\"thumbnailUrl\":\"https:\/\/escuelaespanaval.cl\/wp-content\/uploads\/2025\/04\/cuentacuentos-1-.jpeg\",\"datePublished\":\"2025-04-28T19:57:45+00:00\",\"dateModified\":\"2025-04-28T19:57:46+00:00\",\"breadcrumb\":{\"@id\":\"https:\/\/escuelaespanaval.cl\/?p=2865#breadcrumb\"},\"inLanguage\":\"es\",\"potentialAction\":[{\"@type\":\"ReadAction\",\"target\":[\"https:\/\/escuelaespanaval.cl\/?p=2865\"]}]},{\"@type\":\"ImageObject\",\"inLanguage\":\"es\",\"@id\":\"https:\/\/escuelaespanaval.cl\/?p=2865#primaryimage\",\"url\":\"https:\/\/escuelaespanaval.cl\/wp-content\/uploads\/2025\/04\/cuentacuentos-1-.jpeg\",\"contentUrl\":\"https:\/\/escuelaespanaval.cl\/wp-content\/uploads\/2025\/04\/cuentacuentos-1-.jpeg\",\"width\":1600,\"height\":1200},{\"@type\":\"BreadcrumbList\",\"@id\":\"https:\/\/escuelaespanaval.cl\/?p=2865#breadcrumb\",\"itemListElement\":[{\"@type\":\"ListItem\",\"position\":1,\"name\":\"Portada\",\"item\":\"https:\/\/escuelaespanaval.cl\/\"},{\"@type\":\"ListItem\",\"position\":2,\"name\":\"Jornada de cuentacuentos\"}]},{\"@type\":\"WebSite\",\"@id\":\"https:\/\/escuelaespanaval.cl\/#website\",\"url\":\"https:\/\/escuelaespanaval.cl\/\",\"name\":\"Escuela Espa\u00f1a\",\"description\":\"Valdivia\",\"publisher\":{\"@id\":\"https:\/\/escuelaespanaval.cl\/#organization\"},\"potentialAction\":[{\"@type\":\"SearchAction\",\"target\":{\"@type\":\"EntryPoint\",\"urlTemplate\":\"https:\/\/escuelaespanaval.cl\/?s={search_term_string}\"},\"query-input\":{\"@type\":\"PropertyValueSpecification\",\"valueRequired\":true,\"valueName\":\"search_term_string\"}}],\"inLanguage\":\"es\"},{\"@type\":\"Organization\",\"@id\":\"https:\/\/escuelaespanaval.cl\/#organization\",\"name\":\"Escuela Espa\u00f1a\",\"url\":\"https:\/\/escuelaespanaval.cl\/\",\"logo\":{\"@type\":\"ImageObject\",\"inLanguage\":\"es\",\"@id\":\"https:\/\/escuelaespanaval.cl\/#\/schema\/logo\/image\/\",\"url\":\"https:\/\/escuelaespanaval.cl\/wp-content\/uploads\/2020\/12\/LOGO_ESCUELA.png\",\"contentUrl\":\"https:\/\/escuelaespanaval.cl\/wp-content\/uploads\/2020\/12\/LOGO_ESCUELA.png\",\"width\":1550,\"height\":2402,\"caption\":\"Escuela Espa\u00f1a\"},\"image\":{\"@id\":\"https:\/\/escuelaespanaval.cl\/#\/schema\/logo\/image\/\"},\"sameAs\":[\"https:\/\/www.facebook.com\/escuelaespanavald\",\"https:\/\/www.youtube.com\/@escuelaespanavaldivia97\"]},{\"@type\":\"Person\",\"@id\":\"https:\/\/escuelaespanaval.cl\/#\/schema\/person\/b8dc96fec133a948c2114bb5cba3ca1a\",\"name\":\"Administrador\",\"image\":{\"@type\":\"ImageObject\",\"inLanguage\":\"es\",\"@id\":\"https:\/\/escuelaespanaval.cl\/#\/schema\/person\/image\/\",\"url\":\"https:\/\/secure.gravatar.com\/avatar\/1a4537f0b323ae38f6776eb293038a2af5616bfe3d24bf6be540f254d895dd45?s=96&d=mm&r=g\",\"contentUrl\":\"https:\/\/secure.gravatar.com\/avatar\/1a4537f0b323ae38f6776eb293038a2af5616bfe3d24bf6be540f254d895dd45?s=96&d=mm&r=g\",\"caption\":\"Administrador\"},\"sameAs\":[\"https:\/\/escuelaespanaval.cl\/wp\"],\"url\":\"https:\/\/escuelaespanaval.cl\/?author=1\"}]}<\/script>\n<!-- \/ Yoast SEO plugin. -->","yoast_head_json":{"title":"Jornada de cuentacuentos - Escuela Espa\u00f1a","robots":{"index":"index","follow":"follow","max-snippet":"max-snippet:-1","max-image-preview":"max-image-preview:large","max-video-preview":"max-video-preview:-1"},"canonical":"https:\/\/escuelaespanaval.cl\/?p=2865","og_locale":"es_ES","og_type":"article","og_title":"Jornada de cuentacuentos - Escuela Espa\u00f1a","og_description":"El lunes 23 de abril,&nbsp;en el marco del mes del Libro y la Lectura, se llev\u00f3 a cabo una entretenida jornada de cuentacuentos para los y las&nbsp; estudiantes de Prek\u00ednder a 8\u00b0 a\u00f1o b\u00e1sico, nuestras invitadas especiales en esta actividad fueron la cuentacuentos profesional de JUNJI Christine Arismendi y las alumnas en pr\u00e1ctica de la [&hellip;]","og_url":"https:\/\/escuelaespanaval.cl\/?p=2865","og_site_name":"Escuela Espa\u00f1a","article_publisher":"https:\/\/www.facebook.com\/escuelaespanavald","article_published_time":"2025-04-28T19:57:45+00:00","article_modified_time":"2025-04-28T19:57:46+00:00","og_image":[{"width":1600,"height":1200,"url":"https:\/\/escuelaespanaval.cl\/wp-content\/uploads\/2025\/04\/cuentacuentos-1-.jpeg","type":"image\/jpeg"}],"author":"Administrador","twitter_card":"summary_large_image","twitter_misc":{"Escrito por":"Administrador","Tiempo de lectura":"2 minutos"},"schema":{"@context":"https:\/\/schema.org","@graph":[{"@type":"Article","@id":"https:\/\/escuelaespanaval.cl\/?p=2865#article","isPartOf":{"@id":"https:\/\/escuelaespanaval.cl\/?p=2865"},"author":{"name":"Administrador","@id":"https:\/\/escuelaespanaval.cl\/#\/schema\/person\/b8dc96fec133a948c2114bb5cba3ca1a"},"headline":"Jornada de cuentacuentos","datePublished":"2025-04-28T19:57:45+00:00","dateModified":"2025-04-28T19:57:46+00:00","mainEntityOfPage":{"@id":"https:\/\/escuelaespanaval.cl\/?p=2865"},"wordCount":100,"publisher":{"@id":"https:\/\/escuelaespanaval.cl\/#organization"},"image":{"@id":"https:\/\/escuelaespanaval.cl\/?p=2865#primaryimage"},"thumbnailUrl":"https:\/\/escuelaespanaval.cl\/wp-content\/uploads\/2025\/04\/cuentacuentos-1-.jpeg","articleSection":["Uncategorized"],"inLanguage":"es"},{"@type":"WebPage","@id":"https:\/\/escuelaespanaval.cl\/?p=2865","url":"https:\/\/escuelaespanaval.cl\/?p=2865","name":"Jornada de cuentacuentos - Escuela Espa\u00f1a","isPartOf":{"@id":"https:\/\/escuelaespanaval.cl\/#website"},"primaryImageOfPage":{"@id":"https:\/\/escuelaespanaval.cl\/?p=2865#primaryimage"},"image":{"@id":"https:\/\/escuelaespanaval.cl\/?p=2865#primaryimage"},"thumbnailUrl":"https:\/\/escuelaespanaval.cl\/wp-content\/uploads\/2025\/04\/cuentacuentos-1-.jpeg","datePublished":"2025-04-28T19:57:45+00:00","dateModified":"2025-04-28T19:57:46+00:00","breadcrumb":{"@id":"https:\/\/escuelaespanaval.cl\/?p=2865#breadcrumb"},"inLanguage":"es","potentialAction":[{"@type":"ReadAction","target":["https:\/\/escuelaespanaval.cl\/?p=2865"]}]},{"@type":"ImageObject","inLanguage":"es","@id":"https:\/\/escuelaespanaval.cl\/?p=2865#primaryimage","url":"https:\/\/escuelaespanaval.cl\/wp-content\/uploads\/2025\/04\/cuentacuentos-1-.jpeg","contentUrl":"https:\/\/escuelaespanaval.cl\/wp-content\/uploads\/2025\/04\/cuentacuentos-1-.jpeg","width":1600,"height":1200},{"@type":"BreadcrumbList","@id":"https:\/\/escuelaespanaval.cl\/?p=2865#breadcrumb","itemListElement":[{"@type":"ListItem","position":1,"name":"Portada","item":"https:\/\/escuelaespanaval.cl\/"},{"@type":"ListItem","position":2,"name":"Jornada de cuentacuentos"}]},{"@type":"WebSite","@id":"https:\/\/escuelaespanaval.cl\/#website","url":"https:\/\/escuelaespanaval.cl\/","name":"Escuela Espa\u00f1a","description":"Valdivia","publisher":{"@id":"https:\/\/escuelaespanaval.cl\/#organization"},"potentialAction":[{"@type":"SearchAction","target":{"@type":"EntryPoint","urlTemplate":"https:\/\/escuelaespanaval.cl\/?s={search_term_string}"},"query-input":{"@type":"PropertyValueSpecification","valueRequired":true,"valueName":"search_term_string"}}],"inLanguage":"es"},{"@type":"Organization","@id":"https:\/\/escuelaespanaval.cl\/#organization","name":"Escuela Espa\u00f1a","url":"https:\/\/escuelaespanaval.cl\/","logo":{"@type":"ImageObject","inLanguage":"es","@id":"https:\/\/escuelaespanaval.cl\/#\/schema\/logo\/image\/","url":"https:\/\/escuelaespanaval.cl\/wp-content\/uploads\/2020\/12\/LOGO_ESCUELA.png","contentUrl":"https:\/\/escuelaespanaval.cl\/wp-content\/uploads\/2020\/12\/LOGO_ESCUELA.png","width":1550,"height":2402,"caption":"Escuela Espa\u00f1a"},"image":{"@id":"https:\/\/escuelaespanaval.cl\/#\/schema\/logo\/image\/"},"sameAs":["https:\/\/www.facebook.com\/escuelaespanavald","https:\/\/www.youtube.com\/@escuelaespanavaldivia97"]},{"@type":"Person","@id":"https:\/\/escuelaespanaval.cl\/#\/schema\/person\/b8dc96fec133a948c2114bb5cba3ca1a","name":"Administrador","image":{"@type":"ImageObject","inLanguage":"es","@id":"https:\/\/escuelaespanaval.cl\/#\/schema\/person\/image\/","url":"https:\/\/secure.gravatar.com\/avatar\/1a4537f0b323ae38f6776eb293038a2af5616bfe3d24bf6be540f254d895dd45?s=96&d=mm&r=g","contentUrl":"https:\/\/secure.gravatar.com\/avatar\/1a4537f0b323ae38f6776eb293038a2af5616bfe3d24bf6be540f254d895dd45?s=96&d=mm&r=g","caption":"Administrador"},"sameAs":["https:\/\/escuelaespanaval.cl\/wp"],"url":"https:\/\/escuelaespanaval.cl\/?author=1"}]}},"_links":{"self":[{"href":"https:\/\/escuelaespanaval.cl\/index.php?rest_route=\/wp\/v2\/posts\/2865","targetHints":{"allow":["GET"]}}],"collection":[{"href":"https:\/\/escuelaespanaval.cl\/index.php?rest_route=\/wp\/v2\/posts"}],"about":[{"href":"https:\/\/escuelaespanaval.cl\/index.php?rest_route=\/wp\/v2\/types\/post"}],"author":[{"embeddable":true,"href":"https:\/\/escuelaespanaval.cl\/index.php?rest_route=\/wp\/v2\/users\/1"}],"replies":[{"embeddable":true,"href":"https:\/\/escuelaespanaval.cl\/index.php?rest_route=%2Fwp%2Fv2%2Fcomments&post=2865"}],"version-history":[{"count":1,"href":"https:\/\/escuelaespanaval.cl\/index.php?rest_route=\/wp\/v2\/posts\/2865\/revisions"}],"predecessor-version":[{"id":2873,"href":"https:\/\/escuelaespanaval.cl\/index.php?rest_route=\/wp\/v2\/posts\/2865\/revisions\/2873"}],"wp:featuredmedia":[{"embeddable":true,"href":"https:\/\/escuelaespanaval.cl\/index.php?rest_route=\/wp\/v2\/media\/2871"}],"wp:attachment":[{"href":"https:\/\/escuelaespanaval.cl\/index.php?rest_route=%2Fwp%2Fv2%2Fmedia&parent=2865"}],"wp:term":[{"taxonomy":"category","embeddable":true,"href":"https:\/\/escuelaespanaval.cl\/index.php?rest_route=%2Fwp%2Fv2%2Fcategories&post=2865"},{"taxonomy":"post_tag","embeddable":true,"href":"https:\/\/escuelaespanaval.cl\/index.php?rest_route=%2Fwp%2Fv2%2Ftags&post=2865"}],"curies":[{"name":"wp","href":"https:\/\/api.w.org\/{rel}","templated":true}]}}