{"id":2842,"date":"2025-04-17T16:17:59","date_gmt":"2025-04-17T16:17:59","guid":{"rendered":"https:\/\/escuelaespanaval.cl\/?p=2842"},"modified":"2025-04-17T16:18:00","modified_gmt":"2025-04-17T16:18:00","slug":"jornada-de-analisis-y-actualizacion-del-reglamento-interno-y-de-convivencia-educativa-en-la-escuela-espana-de-valdivia","status":"publish","type":"post","link":"https:\/\/escuelaespanaval.cl\/?p=2842","title":{"rendered":"Jornada de An\u00e1lisis y Actualizaci\u00f3n del Reglamento Interno y de Convivencia Educativa en la Escuela Espa\u00f1a de Valdivia"},"content":{"rendered":"\n<p>El mi\u00e9rcoles 16 de abril de 2025 se realiz\u00f3 en la Escuela Espa\u00f1a de Valdivia una importante jornada de an\u00e1lisis y actualizaci\u00f3n del Reglamento Interno y de Convivencia Educativa. La actividad cont\u00f3 con la participaci\u00f3n de todos los actores de la comunidad educativa, en un espacio de reflexi\u00f3n colectiva, democr\u00e1tica y respetuosa.<\/p>\n\n\n\n<p>La jornada se desarroll\u00f3 mediante un trabajo colaborativo por comisiones, conformadas por asistentes de la educaci\u00f3n, docentes y el equipo directivo. Cada grupo analiz\u00f3 y debati\u00f3 propuestas orientadas a fortalecer la sana convivencia escolar y actualizar las normativas internas del establecimiento.<\/p>\n\n\n\n<p>Cada comisi\u00f3n design\u00f3 relatores y secretarios encargados de sistematizar las ideas y acuerdos alcanzados. Posteriormente, estas propuestas fueron presentadas en un plenario general, realizada en el gimnasio del establecimiento. En esta instancia, los grupos compartieron sus reflexiones, conclusiones, enriqueciendo el debate con diversas miradas y aportes constructivos.<\/p>\n\n\n\n<p>Esta jornada marc\u00f3 un hito importante en la vida institucional de la Escuela Espa\u00f1a de Valdivia, al promover la participaci\u00f3n activa y el compromiso de toda la comunidad en la construcci\u00f3n de un entorno educativo m\u00e1s inclusivo, seguro y respetuoso para todos y todas.<\/p>\n\n\n\n<figure class=\"wp-block-gallery has-nested-images columns-default is-cropped wp-block-gallery-1 is-layout-flex wp-block-gallery-is-layout-flex\">\n<figure class=\"wp-block-image size-large\"><img loading=\"lazy\" decoding=\"async\" width=\"770\" height=\"1024\" data-id=\"2844\" src=\"https:\/\/escuelaespanaval.cl\/wp-content\/uploads\/2025\/04\/1e193264-ffbd-4de2-9739-842c13cebe62-770x1024.jpeg\" alt=\"\" class=\"wp-image-2844\" srcset=\"https:\/\/escuelaespanaval.cl\/wp-content\/uploads\/2025\/04\/1e193264-ffbd-4de2-9739-842c13cebe62-770x1024.jpeg 770w, https:\/\/escuelaespanaval.cl\/wp-content\/uploads\/2025\/04\/1e193264-ffbd-4de2-9739-842c13cebe62-226x300.jpeg 226w, https:\/\/escuelaespanaval.cl\/wp-content\/uploads\/2025\/04\/1e193264-ffbd-4de2-9739-842c13cebe62-768x1021.jpeg 768w, https:\/\/escuelaespanaval.cl\/wp-content\/uploads\/2025\/04\/1e193264-ffbd-4de2-9739-842c13cebe62.jpeg 963w\" sizes=\"auto, (max-width: 770px) 100vw, 770px\" \/><\/figure>\n\n\n\n<figure class=\"wp-block-image size-large\"><img loading=\"lazy\" decoding=\"async\" width=\"576\" height=\"1024\" data-id=\"2858\" src=\"https:\/\/escuelaespanaval.cl\/wp-content\/uploads\/2025\/04\/4E7D9DAB-9758-428A-BB44-64D749880F7C-576x1024.jpeg\" alt=\"\" class=\"wp-image-2858\" srcset=\"https:\/\/escuelaespanaval.cl\/wp-content\/uploads\/2025\/04\/4E7D9DAB-9758-428A-BB44-64D749880F7C-576x1024.jpeg 576w, https:\/\/escuelaespanaval.cl\/wp-content\/uploads\/2025\/04\/4E7D9DAB-9758-428A-BB44-64D749880F7C-169x300.jpeg 169w, https:\/\/escuelaespanaval.cl\/wp-content\/uploads\/2025\/04\/4E7D9DAB-9758-428A-BB44-64D749880F7C-768x1365.jpeg 768w, https:\/\/escuelaespanaval.cl\/wp-content\/uploads\/2025\/04\/4E7D9DAB-9758-428A-BB44-64D749880F7C-865x1536.jpeg 865w, https:\/\/escuelaespanaval.cl\/wp-content\/uploads\/2025\/04\/4E7D9DAB-9758-428A-BB44-64D749880F7C-1153x2048.jpeg 1153w, https:\/\/escuelaespanaval.cl\/wp-content\/uploads\/2025\/04\/4E7D9DAB-9758-428A-BB44-64D749880F7C-scaled.jpeg 1441w\" sizes=\"auto, (max-width: 576px) 100vw, 576px\" \/><\/figure>\n\n\n\n<figure class=\"wp-block-image size-large\"><img loading=\"lazy\" decoding=\"async\" width=\"1024\" height=\"768\" data-id=\"2850\" src=\"https:\/\/escuelaespanaval.cl\/wp-content\/uploads\/2025\/04\/7aa6c7cd-e115-4d08-8454-0cfb35ec93d4-1024x768.jpeg\" alt=\"\" class=\"wp-image-2850\" srcset=\"https:\/\/escuelaespanaval.cl\/wp-content\/uploads\/2025\/04\/7aa6c7cd-e115-4d08-8454-0cfb35ec93d4-1024x768.jpeg 1024w, https:\/\/escuelaespanaval.cl\/wp-content\/uploads\/2025\/04\/7aa6c7cd-e115-4d08-8454-0cfb35ec93d4-300x225.jpeg 300w, https:\/\/escuelaespanaval.cl\/wp-content\/uploads\/2025\/04\/7aa6c7cd-e115-4d08-8454-0cfb35ec93d4-768x576.jpeg 768w, https:\/\/escuelaespanaval.cl\/wp-content\/uploads\/2025\/04\/7aa6c7cd-e115-4d08-8454-0cfb35ec93d4.jpeg 1280w\" sizes=\"auto, (max-width: 1024px) 100vw, 1024px\" \/><\/figure>\n\n\n\n<figure class=\"wp-block-image size-large\"><img loading=\"lazy\" decoding=\"async\" width=\"770\" height=\"1024\" data-id=\"2845\" src=\"https:\/\/escuelaespanaval.cl\/wp-content\/uploads\/2025\/04\/10e9f342-b894-454f-a6c7-ea32de7679db-770x1024.jpeg\" alt=\"\" class=\"wp-image-2845\" srcset=\"https:\/\/escuelaespanaval.cl\/wp-content\/uploads\/2025\/04\/10e9f342-b894-454f-a6c7-ea32de7679db-770x1024.jpeg 770w, https:\/\/escuelaespanaval.cl\/wp-content\/uploads\/2025\/04\/10e9f342-b894-454f-a6c7-ea32de7679db-226x300.jpeg 226w, https:\/\/escuelaespanaval.cl\/wp-content\/uploads\/2025\/04\/10e9f342-b894-454f-a6c7-ea32de7679db-768x1021.jpeg 768w, https:\/\/escuelaespanaval.cl\/wp-content\/uploads\/2025\/04\/10e9f342-b894-454f-a6c7-ea32de7679db.jpeg 963w\" sizes=\"auto, (max-width: 770px) 100vw, 770px\" \/><\/figure>\n\n\n\n<figure class=\"wp-block-image size-large\"><img loading=\"lazy\" decoding=\"async\" width=\"770\" height=\"1024\" data-id=\"2852\" src=\"https:\/\/escuelaespanaval.cl\/wp-content\/uploads\/2025\/04\/6226ebed-620d-464f-a846-338f475fed07-770x1024.jpeg\" alt=\"\" class=\"wp-image-2852\" srcset=\"https:\/\/escuelaespanaval.cl\/wp-content\/uploads\/2025\/04\/6226ebed-620d-464f-a846-338f475fed07-770x1024.jpeg 770w, https:\/\/escuelaespanaval.cl\/wp-content\/uploads\/2025\/04\/6226ebed-620d-464f-a846-338f475fed07-226x300.jpeg 226w, https:\/\/escuelaespanaval.cl\/wp-content\/uploads\/2025\/04\/6226ebed-620d-464f-a846-338f475fed07-768x1021.jpeg 768w, https:\/\/escuelaespanaval.cl\/wp-content\/uploads\/2025\/04\/6226ebed-620d-464f-a846-338f475fed07.jpeg 963w\" sizes=\"auto, (max-width: 770px) 100vw, 770px\" \/><\/figure>\n\n\n\n<figure class=\"wp-block-image size-large\"><img loading=\"lazy\" decoding=\"async\" width=\"770\" height=\"1024\" data-id=\"2846\" src=\"https:\/\/escuelaespanaval.cl\/wp-content\/uploads\/2025\/04\/b7b93fd8-c6fb-475f-99bb-0cd77a833d76-770x1024.jpg\" alt=\"\" class=\"wp-image-2846\" srcset=\"https:\/\/escuelaespanaval.cl\/wp-content\/uploads\/2025\/04\/b7b93fd8-c6fb-475f-99bb-0cd77a833d76-770x1024.jpg 770w, https:\/\/escuelaespanaval.cl\/wp-content\/uploads\/2025\/04\/b7b93fd8-c6fb-475f-99bb-0cd77a833d76-226x300.jpg 226w, https:\/\/escuelaespanaval.cl\/wp-content\/uploads\/2025\/04\/b7b93fd8-c6fb-475f-99bb-0cd77a833d76-768x1021.jpg 768w, https:\/\/escuelaespanaval.cl\/wp-content\/uploads\/2025\/04\/b7b93fd8-c6fb-475f-99bb-0cd77a833d76.jpg 963w\" sizes=\"auto, (max-width: 770px) 100vw, 770px\" \/><\/figure>\n\n\n\n<figure class=\"wp-block-image size-large\"><img loading=\"lazy\" decoding=\"async\" width=\"770\" height=\"1024\" data-id=\"2848\" src=\"https:\/\/escuelaespanaval.cl\/wp-content\/uploads\/2025\/04\/c0dbd552-c856-41e1-8288-1aee7c9672eb-770x1024.jpeg\" alt=\"\" class=\"wp-image-2848\" srcset=\"https:\/\/escuelaespanaval.cl\/wp-content\/uploads\/2025\/04\/c0dbd552-c856-41e1-8288-1aee7c9672eb-770x1024.jpeg 770w, https:\/\/escuelaespanaval.cl\/wp-content\/uploads\/2025\/04\/c0dbd552-c856-41e1-8288-1aee7c9672eb-226x300.jpeg 226w, https:\/\/escuelaespanaval.cl\/wp-content\/uploads\/2025\/04\/c0dbd552-c856-41e1-8288-1aee7c9672eb-768x1021.jpeg 768w, https:\/\/escuelaespanaval.cl\/wp-content\/uploads\/2025\/04\/c0dbd552-c856-41e1-8288-1aee7c9672eb.jpeg 963w\" sizes=\"auto, (max-width: 770px) 100vw, 770px\" \/><\/figure>\n\n\n\n<figure class=\"wp-block-image size-large\"><img loading=\"lazy\" decoding=\"async\" width=\"1024\" height=\"768\" data-id=\"2855\" src=\"https:\/\/escuelaespanaval.cl\/wp-content\/uploads\/2025\/04\/f52892ad-2f8b-49d4-8acc-8c6df3f69b30-1024x768.jpeg\" alt=\"\" class=\"wp-image-2855\" srcset=\"https:\/\/escuelaespanaval.cl\/wp-content\/uploads\/2025\/04\/f52892ad-2f8b-49d4-8acc-8c6df3f69b30-1024x768.jpeg 1024w, https:\/\/escuelaespanaval.cl\/wp-content\/uploads\/2025\/04\/f52892ad-2f8b-49d4-8acc-8c6df3f69b30-300x225.jpeg 300w, https:\/\/escuelaespanaval.cl\/wp-content\/uploads\/2025\/04\/f52892ad-2f8b-49d4-8acc-8c6df3f69b30-768x576.jpeg 768w, https:\/\/escuelaespanaval.cl\/wp-content\/uploads\/2025\/04\/f52892ad-2f8b-49d4-8acc-8c6df3f69b30-1536x1152.jpeg 1536w, https:\/\/escuelaespanaval.cl\/wp-content\/uploads\/2025\/04\/f52892ad-2f8b-49d4-8acc-8c6df3f69b30.jpeg 1600w\" sizes=\"auto, (max-width: 1024px) 100vw, 1024px\" \/><\/figure>\n\n\n\n<figure class=\"wp-block-image size-large\"><img loading=\"lazy\" decoding=\"async\" width=\"1024\" height=\"771\" data-id=\"2853\" src=\"https:\/\/escuelaespanaval.cl\/wp-content\/uploads\/2025\/04\/fbeb840a-2739-453f-9576-3eb00d26b4fe-1024x771.jpeg\" alt=\"\" class=\"wp-image-2853\" srcset=\"https:\/\/escuelaespanaval.cl\/wp-content\/uploads\/2025\/04\/fbeb840a-2739-453f-9576-3eb00d26b4fe-1024x771.jpeg 1024w, https:\/\/escuelaespanaval.cl\/wp-content\/uploads\/2025\/04\/fbeb840a-2739-453f-9576-3eb00d26b4fe-300x226.jpeg 300w, https:\/\/escuelaespanaval.cl\/wp-content\/uploads\/2025\/04\/fbeb840a-2739-453f-9576-3eb00d26b4fe-768x578.jpeg 768w, https:\/\/escuelaespanaval.cl\/wp-content\/uploads\/2025\/04\/fbeb840a-2739-453f-9576-3eb00d26b4fe-1536x1156.jpeg 1536w, https:\/\/escuelaespanaval.cl\/wp-content\/uploads\/2025\/04\/fbeb840a-2739-453f-9576-3eb00d26b4fe.jpeg 1600w\" sizes=\"auto, (max-width: 1024px) 100vw, 1024px\" \/><\/figure>\n\n\n\n<figure class=\"wp-block-image size-large\"><img loading=\"lazy\" decoding=\"async\" width=\"1024\" height=\"576\" data-id=\"2854\" src=\"https:\/\/escuelaespanaval.cl\/wp-content\/uploads\/2025\/04\/IMG_2198-1024x576.jpeg\" alt=\"\" class=\"wp-image-2854\" srcset=\"https:\/\/escuelaespanaval.cl\/wp-content\/uploads\/2025\/04\/IMG_2198-1024x576.jpeg 1024w, https:\/\/escuelaespanaval.cl\/wp-content\/uploads\/2025\/04\/IMG_2198-300x169.jpeg 300w, https:\/\/escuelaespanaval.cl\/wp-content\/uploads\/2025\/04\/IMG_2198-768x432.jpeg 768w, https:\/\/escuelaespanaval.cl\/wp-content\/uploads\/2025\/04\/IMG_2198-1536x864.jpeg 1536w, https:\/\/escuelaespanaval.cl\/wp-content\/uploads\/2025\/04\/IMG_2198-2048x1152.jpeg 2048w\" sizes=\"auto, (max-width: 1024px) 100vw, 1024px\" \/><\/figure>\n\n\n\n<figure class=\"wp-block-image size-large\"><img loading=\"lazy\" decoding=\"async\" width=\"1024\" height=\"768\" data-id=\"2863\" src=\"https:\/\/escuelaespanaval.cl\/wp-content\/uploads\/2025\/04\/IMG_2204-1024x768.jpeg\" alt=\"\" class=\"wp-image-2863\" srcset=\"https:\/\/escuelaespanaval.cl\/wp-content\/uploads\/2025\/04\/IMG_2204-1024x768.jpeg 1024w, https:\/\/escuelaespanaval.cl\/wp-content\/uploads\/2025\/04\/IMG_2204-300x225.jpeg 300w, https:\/\/escuelaespanaval.cl\/wp-content\/uploads\/2025\/04\/IMG_2204-768x576.jpeg 768w, https:\/\/escuelaespanaval.cl\/wp-content\/uploads\/2025\/04\/IMG_2204-1536x1152.jpeg 1536w, https:\/\/escuelaespanaval.cl\/wp-content\/uploads\/2025\/04\/IMG_2204-2048x1536.jpeg 2048w\" sizes=\"auto, (max-width: 1024px) 100vw, 1024px\" \/><\/figure>\n\n\n\n<figure class=\"wp-block-image size-large\"><img loading=\"lazy\" decoding=\"async\" width=\"768\" height=\"1024\" data-id=\"2862\" src=\"https:\/\/escuelaespanaval.cl\/wp-content\/uploads\/2025\/04\/IMG_2205-1-768x1024.jpeg\" alt=\"\" class=\"wp-image-2862\" srcset=\"https:\/\/escuelaespanaval.cl\/wp-content\/uploads\/2025\/04\/IMG_2205-1-768x1024.jpeg 768w, https:\/\/escuelaespanaval.cl\/wp-content\/uploads\/2025\/04\/IMG_2205-1-225x300.jpeg 225w, https:\/\/escuelaespanaval.cl\/wp-content\/uploads\/2025\/04\/IMG_2205-1-1152x1536.jpeg 1152w, https:\/\/escuelaespanaval.cl\/wp-content\/uploads\/2025\/04\/IMG_2205-1-1536x2048.jpeg 1536w, https:\/\/escuelaespanaval.cl\/wp-content\/uploads\/2025\/04\/IMG_2205-1-scaled.jpeg 1920w\" sizes=\"auto, (max-width: 768px) 100vw, 768px\" \/><\/figure>\n\n\n\n<figure class=\"wp-block-image size-large\"><img loading=\"lazy\" decoding=\"async\" width=\"768\" height=\"1024\" data-id=\"2861\" src=\"https:\/\/escuelaespanaval.cl\/wp-content\/uploads\/2025\/04\/IMG_2207-768x1024.jpeg\" alt=\"\" class=\"wp-image-2861\" srcset=\"https:\/\/escuelaespanaval.cl\/wp-content\/uploads\/2025\/04\/IMG_2207-768x1024.jpeg 768w, https:\/\/escuelaespanaval.cl\/wp-content\/uploads\/2025\/04\/IMG_2207-225x300.jpeg 225w, https:\/\/escuelaespanaval.cl\/wp-content\/uploads\/2025\/04\/IMG_2207-1152x1536.jpeg 1152w, https:\/\/escuelaespanaval.cl\/wp-content\/uploads\/2025\/04\/IMG_2207-1536x2048.jpeg 1536w, https:\/\/escuelaespanaval.cl\/wp-content\/uploads\/2025\/04\/IMG_2207-scaled.jpeg 1920w\" sizes=\"auto, (max-width: 768px) 100vw, 768px\" \/><\/figure>\n\n\n\n<figure class=\"wp-block-image size-large\"><img loading=\"lazy\" decoding=\"async\" width=\"1024\" height=\"768\" data-id=\"2857\" src=\"https:\/\/escuelaespanaval.cl\/wp-content\/uploads\/2025\/04\/IMG_2215-1024x768.jpeg\" alt=\"\" class=\"wp-image-2857\" srcset=\"https:\/\/escuelaespanaval.cl\/wp-content\/uploads\/2025\/04\/IMG_2215-1024x768.jpeg 1024w, https:\/\/escuelaespanaval.cl\/wp-content\/uploads\/2025\/04\/IMG_2215-300x225.jpeg 300w, https:\/\/escuelaespanaval.cl\/wp-content\/uploads\/2025\/04\/IMG_2215-768x576.jpeg 768w, https:\/\/escuelaespanaval.cl\/wp-content\/uploads\/2025\/04\/IMG_2215-1536x1152.jpeg 1536w, https:\/\/escuelaespanaval.cl\/wp-content\/uploads\/2025\/04\/IMG_2215-2048x1536.jpeg 2048w\" sizes=\"auto, (max-width: 1024px) 100vw, 1024px\" \/><\/figure>\n\n\n\n<figure class=\"wp-block-image size-large\"><img loading=\"lazy\" decoding=\"async\" width=\"1024\" height=\"768\" data-id=\"2860\" src=\"https:\/\/escuelaespanaval.cl\/wp-content\/uploads\/2025\/04\/IMG_2222-1024x768.jpeg\" alt=\"\" class=\"wp-image-2860\" srcset=\"https:\/\/escuelaespanaval.cl\/wp-content\/uploads\/2025\/04\/IMG_2222-1024x768.jpeg 1024w, https:\/\/escuelaespanaval.cl\/wp-content\/uploads\/2025\/04\/IMG_2222-300x225.jpeg 300w, https:\/\/escuelaespanaval.cl\/wp-content\/uploads\/2025\/04\/IMG_2222-768x576.jpeg 768w, https:\/\/escuelaespanaval.cl\/wp-content\/uploads\/2025\/04\/IMG_2222-1536x1152.jpeg 1536w, https:\/\/escuelaespanaval.cl\/wp-content\/uploads\/2025\/04\/IMG_2222-2048x1536.jpeg 2048w\" sizes=\"auto, (max-width: 1024px) 100vw, 1024px\" \/><\/figure>\n\n\n\n<figure class=\"wp-block-image size-large\"><img loading=\"lazy\" decoding=\"async\" width=\"1024\" height=\"768\" data-id=\"2859\" src=\"https:\/\/escuelaespanaval.cl\/wp-content\/uploads\/2025\/04\/IMG_2238-1024x768.jpeg\" alt=\"\" class=\"wp-image-2859\" srcset=\"https:\/\/escuelaespanaval.cl\/wp-content\/uploads\/2025\/04\/IMG_2238-1024x768.jpeg 1024w, https:\/\/escuelaespanaval.cl\/wp-content\/uploads\/2025\/04\/IMG_2238-300x225.jpeg 300w, https:\/\/escuelaespanaval.cl\/wp-content\/uploads\/2025\/04\/IMG_2238-768x576.jpeg 768w, https:\/\/escuelaespanaval.cl\/wp-content\/uploads\/2025\/04\/IMG_2238-1536x1152.jpeg 1536w, https:\/\/escuelaespanaval.cl\/wp-content\/uploads\/2025\/04\/IMG_2238-2048x1536.jpeg 2048w\" sizes=\"auto, (max-width: 1024px) 100vw, 1024px\" \/><\/figure>\n\n\n\n<figure class=\"wp-block-image size-large\"><img loading=\"lazy\" decoding=\"async\" width=\"768\" height=\"1024\" data-id=\"2856\" src=\"https:\/\/escuelaespanaval.cl\/wp-content\/uploads\/2025\/04\/IMG_2243-768x1024.jpeg\" alt=\"\" class=\"wp-image-2856\" srcset=\"https:\/\/escuelaespanaval.cl\/wp-content\/uploads\/2025\/04\/IMG_2243-768x1024.jpeg 768w, https:\/\/escuelaespanaval.cl\/wp-content\/uploads\/2025\/04\/IMG_2243-225x300.jpeg 225w, https:\/\/escuelaespanaval.cl\/wp-content\/uploads\/2025\/04\/IMG_2243-1152x1536.jpeg 1152w, https:\/\/escuelaespanaval.cl\/wp-content\/uploads\/2025\/04\/IMG_2243-1536x2048.jpeg 1536w, https:\/\/escuelaespanaval.cl\/wp-content\/uploads\/2025\/04\/IMG_2243-scaled.jpeg 1920w\" sizes=\"auto, (max-width: 768px) 100vw, 768px\" \/><\/figure>\n\n\n\n<figure class=\"wp-block-image size-large\"><img loading=\"lazy\" decoding=\"async\" width=\"770\" height=\"1024\" data-id=\"2851\" src=\"https:\/\/escuelaespanaval.cl\/wp-content\/uploads\/2025\/04\/PHOTO-2025-04-16-15-06-45-770x1024.jpg\" alt=\"\" class=\"wp-image-2851\" srcset=\"https:\/\/escuelaespanaval.cl\/wp-content\/uploads\/2025\/04\/PHOTO-2025-04-16-15-06-45-770x1024.jpg 770w, https:\/\/escuelaespanaval.cl\/wp-content\/uploads\/2025\/04\/PHOTO-2025-04-16-15-06-45-226x300.jpg 226w, https:\/\/escuelaespanaval.cl\/wp-content\/uploads\/2025\/04\/PHOTO-2025-04-16-15-06-45-768x1021.jpg 768w, https:\/\/escuelaespanaval.cl\/wp-content\/uploads\/2025\/04\/PHOTO-2025-04-16-15-06-45.jpg 963w\" sizes=\"auto, (max-width: 770px) 100vw, 770px\" \/><\/figure>\n\n\n\n<figure class=\"wp-block-image size-large\"><img loading=\"lazy\" decoding=\"async\" width=\"1024\" height=\"768\" data-id=\"2847\" src=\"https:\/\/escuelaespanaval.cl\/wp-content\/uploads\/2025\/04\/PHOTO-2025-04-16-15-06-48-1-1024x768.jpg\" alt=\"\" class=\"wp-image-2847\" srcset=\"https:\/\/escuelaespanaval.cl\/wp-content\/uploads\/2025\/04\/PHOTO-2025-04-16-15-06-48-1-1024x768.jpg 1024w, https:\/\/escuelaespanaval.cl\/wp-content\/uploads\/2025\/04\/PHOTO-2025-04-16-15-06-48-1-300x225.jpg 300w, https:\/\/escuelaespanaval.cl\/wp-content\/uploads\/2025\/04\/PHOTO-2025-04-16-15-06-48-1-768x576.jpg 768w, https:\/\/escuelaespanaval.cl\/wp-content\/uploads\/2025\/04\/PHOTO-2025-04-16-15-06-48-1.jpg 1280w\" sizes=\"auto, (max-width: 1024px) 100vw, 1024px\" \/><\/figure>\n\n\n\n<figure class=\"wp-block-image size-large\"><img loading=\"lazy\" decoding=\"async\" width=\"1024\" height=\"768\" data-id=\"2849\" src=\"https:\/\/escuelaespanaval.cl\/wp-content\/uploads\/2025\/04\/PHOTO-2025-04-16-15-06-49-1-1024x768.jpg\" alt=\"\" class=\"wp-image-2849\" srcset=\"https:\/\/escuelaespanaval.cl\/wp-content\/uploads\/2025\/04\/PHOTO-2025-04-16-15-06-49-1-1024x768.jpg 1024w, https:\/\/escuelaespanaval.cl\/wp-content\/uploads\/2025\/04\/PHOTO-2025-04-16-15-06-49-1-300x225.jpg 300w, https:\/\/escuelaespanaval.cl\/wp-content\/uploads\/2025\/04\/PHOTO-2025-04-16-15-06-49-1-768x576.jpg 768w, https:\/\/escuelaespanaval.cl\/wp-content\/uploads\/2025\/04\/PHOTO-2025-04-16-15-06-49-1.jpg 1280w\" sizes=\"auto, (max-width: 1024px) 100vw, 1024px\" \/><\/figure>\n\n\n\n<figure class=\"wp-block-image size-large\"><img loading=\"lazy\" decoding=\"async\" width=\"770\" height=\"1024\" data-id=\"2843\" src=\"https:\/\/escuelaespanaval.cl\/wp-content\/uploads\/2025\/04\/PHOTO-2025-04-16-15-06-49-2-770x1024.jpg\" alt=\"\" class=\"wp-image-2843\" srcset=\"https:\/\/escuelaespanaval.cl\/wp-content\/uploads\/2025\/04\/PHOTO-2025-04-16-15-06-49-2-770x1024.jpg 770w, https:\/\/escuelaespanaval.cl\/wp-content\/uploads\/2025\/04\/PHOTO-2025-04-16-15-06-49-2-226x300.jpg 226w, https:\/\/escuelaespanaval.cl\/wp-content\/uploads\/2025\/04\/PHOTO-2025-04-16-15-06-49-2-768x1021.jpg 768w, https:\/\/escuelaespanaval.cl\/wp-content\/uploads\/2025\/04\/PHOTO-2025-04-16-15-06-49-2.jpg 963w\" sizes=\"auto, (max-width: 770px) 100vw, 770px\" \/><\/figure>\n<\/figure>\n","protected":false},"excerpt":{"rendered":"<p>El mi\u00e9rcoles 16 de abril de 2025 se realiz\u00f3 en la Escuela Espa\u00f1a de Valdivia una importante jornada de an\u00e1lisis y actualizaci\u00f3n del Reglamento Interno y de Convivencia Educativa. La actividad cont\u00f3 con la participaci\u00f3n de todos los actores de la comunidad educativa, en un espacio de reflexi\u00f3n colectiva, democr\u00e1tica y respetuosa. La jornada se [&hellip;]<\/p>\n","protected":false},"author":1,"featured_media":2845,"comment_status":"closed","ping_status":"open","sticky":false,"template":"","format":"standard","meta":{"_monsterinsights_skip_tracking":false,"_monsterinsights_sitenote_active":false,"_monsterinsights_sitenote_note":"","_monsterinsights_sitenote_category":0,"site-container-style":"default","site-container-layout":"default","site-sidebar-layout":"default","disable-article-header":"default","disable-site-header":"default","disable-site-footer":"default","disable-content-area-spacing":"default","footnotes":""},"categories":[1],"tags":[],"class_list":["post-2842","post","type-post","status-publish","format-standard","has-post-thumbnail","hentry","category-uncategorized"],"yoast_head":"<!-- This site is optimized with the Yoast SEO plugin v27.1.1 - https:\/\/yoast.com\/product\/yoast-seo-wordpress\/ -->\n<title>Jornada de An\u00e1lisis y Actualizaci\u00f3n del Reglamento Interno y de Convivencia Educativa en la Escuela Espa\u00f1a de Valdivia - Escuela Espa\u00f1a<\/title>\n<meta name=\"robots\" content=\"index, follow, max-snippet:-1, max-image-preview:large, max-video-preview:-1\" \/>\n<link rel=\"canonical\" href=\"https:\/\/escuelaespanaval.cl\/?p=2842\" \/>\n<meta property=\"og:locale\" content=\"es_ES\" \/>\n<meta property=\"og:type\" content=\"article\" \/>\n<meta property=\"og:title\" content=\"Jornada de An\u00e1lisis y Actualizaci\u00f3n del Reglamento Interno y de Convivencia Educativa en la Escuela Espa\u00f1a de Valdivia - Escuela Espa\u00f1a\" \/>\n<meta property=\"og:description\" content=\"El mi\u00e9rcoles 16 de abril de 2025 se realiz\u00f3 en la Escuela Espa\u00f1a de Valdivia una importante jornada de an\u00e1lisis y actualizaci\u00f3n del Reglamento Interno y de Convivencia Educativa. La actividad cont\u00f3 con la participaci\u00f3n de todos los actores de la comunidad educativa, en un espacio de reflexi\u00f3n colectiva, democr\u00e1tica y respetuosa. La jornada se [&hellip;]\" \/>\n<meta property=\"og:url\" content=\"https:\/\/escuelaespanaval.cl\/?p=2842\" \/>\n<meta property=\"og:site_name\" content=\"Escuela Espa\u00f1a\" \/>\n<meta property=\"article:publisher\" content=\"https:\/\/www.facebook.com\/escuelaespanavald\" \/>\n<meta property=\"article:published_time\" content=\"2025-04-17T16:17:59+00:00\" \/>\n<meta property=\"article:modified_time\" content=\"2025-04-17T16:18:00+00:00\" \/>\n<meta property=\"og:image\" content=\"https:\/\/escuelaespanaval.cl\/wp-content\/uploads\/2025\/04\/10e9f342-b894-454f-a6c7-ea32de7679db.jpeg\" \/>\n\t<meta property=\"og:image:width\" content=\"963\" \/>\n\t<meta property=\"og:image:height\" content=\"1280\" \/>\n\t<meta property=\"og:image:type\" content=\"image\/jpeg\" \/>\n<meta name=\"author\" content=\"Administrador\" \/>\n<meta name=\"twitter:card\" content=\"summary_large_image\" \/>\n<meta name=\"twitter:label1\" content=\"Escrito por\" \/>\n\t<meta name=\"twitter:data1\" content=\"Administrador\" \/>\n\t<meta name=\"twitter:label2\" content=\"Tiempo de lectura\" \/>\n\t<meta name=\"twitter:data2\" content=\"6 minutos\" \/>\n<script type=\"application\/ld+json\" class=\"yoast-schema-graph\">{\"@context\":\"https:\/\/schema.org\",\"@graph\":[{\"@type\":\"Article\",\"@id\":\"https:\/\/escuelaespanaval.cl\/?p=2842#article\",\"isPartOf\":{\"@id\":\"https:\/\/escuelaespanaval.cl\/?p=2842\"},\"author\":{\"name\":\"Administrador\",\"@id\":\"https:\/\/escuelaespanaval.cl\/#\/schema\/person\/b8dc96fec133a948c2114bb5cba3ca1a\"},\"headline\":\"Jornada de An\u00e1lisis y Actualizaci\u00f3n del Reglamento Interno y de Convivencia Educativa en la Escuela Espa\u00f1a de Valdivia\",\"datePublished\":\"2025-04-17T16:17:59+00:00\",\"dateModified\":\"2025-04-17T16:18:00+00:00\",\"mainEntityOfPage\":{\"@id\":\"https:\/\/escuelaespanaval.cl\/?p=2842\"},\"wordCount\":216,\"publisher\":{\"@id\":\"https:\/\/escuelaespanaval.cl\/#organization\"},\"image\":{\"@id\":\"https:\/\/escuelaespanaval.cl\/?p=2842#primaryimage\"},\"thumbnailUrl\":\"https:\/\/escuelaespanaval.cl\/wp-content\/uploads\/2025\/04\/10e9f342-b894-454f-a6c7-ea32de7679db.jpeg\",\"articleSection\":[\"Uncategorized\"],\"inLanguage\":\"es\"},{\"@type\":\"WebPage\",\"@id\":\"https:\/\/escuelaespanaval.cl\/?p=2842\",\"url\":\"https:\/\/escuelaespanaval.cl\/?p=2842\",\"name\":\"Jornada de An\u00e1lisis y Actualizaci\u00f3n del Reglamento Interno y de Convivencia Educativa en la Escuela Espa\u00f1a de Valdivia - Escuela Espa\u00f1a\",\"isPartOf\":{\"@id\":\"https:\/\/escuelaespanaval.cl\/#website\"},\"primaryImageOfPage\":{\"@id\":\"https:\/\/escuelaespanaval.cl\/?p=2842#primaryimage\"},\"image\":{\"@id\":\"https:\/\/escuelaespanaval.cl\/?p=2842#primaryimage\"},\"thumbnailUrl\":\"https:\/\/escuelaespanaval.cl\/wp-content\/uploads\/2025\/04\/10e9f342-b894-454f-a6c7-ea32de7679db.jpeg\",\"datePublished\":\"2025-04-17T16:17:59+00:00\",\"dateModified\":\"2025-04-17T16:18:00+00:00\",\"breadcrumb\":{\"@id\":\"https:\/\/escuelaespanaval.cl\/?p=2842#breadcrumb\"},\"inLanguage\":\"es\",\"potentialAction\":[{\"@type\":\"ReadAction\",\"target\":[\"https:\/\/escuelaespanaval.cl\/?p=2842\"]}]},{\"@type\":\"ImageObject\",\"inLanguage\":\"es\",\"@id\":\"https:\/\/escuelaespanaval.cl\/?p=2842#primaryimage\",\"url\":\"https:\/\/escuelaespanaval.cl\/wp-content\/uploads\/2025\/04\/10e9f342-b894-454f-a6c7-ea32de7679db.jpeg\",\"contentUrl\":\"https:\/\/escuelaespanaval.cl\/wp-content\/uploads\/2025\/04\/10e9f342-b894-454f-a6c7-ea32de7679db.jpeg\",\"width\":963,\"height\":1280},{\"@type\":\"BreadcrumbList\",\"@id\":\"https:\/\/escuelaespanaval.cl\/?p=2842#breadcrumb\",\"itemListElement\":[{\"@type\":\"ListItem\",\"position\":1,\"name\":\"Portada\",\"item\":\"https:\/\/escuelaespanaval.cl\/\"},{\"@type\":\"ListItem\",\"position\":2,\"name\":\"Jornada de An\u00e1lisis y Actualizaci\u00f3n del Reglamento Interno y de Convivencia Educativa en la Escuela Espa\u00f1a de Valdivia\"}]},{\"@type\":\"WebSite\",\"@id\":\"https:\/\/escuelaespanaval.cl\/#website\",\"url\":\"https:\/\/escuelaespanaval.cl\/\",\"name\":\"Escuela Espa\u00f1a\",\"description\":\"Valdivia\",\"publisher\":{\"@id\":\"https:\/\/escuelaespanaval.cl\/#organization\"},\"potentialAction\":[{\"@type\":\"SearchAction\",\"target\":{\"@type\":\"EntryPoint\",\"urlTemplate\":\"https:\/\/escuelaespanaval.cl\/?s={search_term_string}\"},\"query-input\":{\"@type\":\"PropertyValueSpecification\",\"valueRequired\":true,\"valueName\":\"search_term_string\"}}],\"inLanguage\":\"es\"},{\"@type\":\"Organization\",\"@id\":\"https:\/\/escuelaespanaval.cl\/#organization\",\"name\":\"Escuela Espa\u00f1a\",\"url\":\"https:\/\/escuelaespanaval.cl\/\",\"logo\":{\"@type\":\"ImageObject\",\"inLanguage\":\"es\",\"@id\":\"https:\/\/escuelaespanaval.cl\/#\/schema\/logo\/image\/\",\"url\":\"https:\/\/escuelaespanaval.cl\/wp-content\/uploads\/2020\/12\/LOGO_ESCUELA.png\",\"contentUrl\":\"https:\/\/escuelaespanaval.cl\/wp-content\/uploads\/2020\/12\/LOGO_ESCUELA.png\",\"width\":1550,\"height\":2402,\"caption\":\"Escuela Espa\u00f1a\"},\"image\":{\"@id\":\"https:\/\/escuelaespanaval.cl\/#\/schema\/logo\/image\/\"},\"sameAs\":[\"https:\/\/www.facebook.com\/escuelaespanavald\",\"https:\/\/www.youtube.com\/@escuelaespanavaldivia97\"]},{\"@type\":\"Person\",\"@id\":\"https:\/\/escuelaespanaval.cl\/#\/schema\/person\/b8dc96fec133a948c2114bb5cba3ca1a\",\"name\":\"Administrador\",\"image\":{\"@type\":\"ImageObject\",\"inLanguage\":\"es\",\"@id\":\"https:\/\/escuelaespanaval.cl\/#\/schema\/person\/image\/\",\"url\":\"https:\/\/secure.gravatar.com\/avatar\/1a4537f0b323ae38f6776eb293038a2af5616bfe3d24bf6be540f254d895dd45?s=96&d=mm&r=g\",\"contentUrl\":\"https:\/\/secure.gravatar.com\/avatar\/1a4537f0b323ae38f6776eb293038a2af5616bfe3d24bf6be540f254d895dd45?s=96&d=mm&r=g\",\"caption\":\"Administrador\"},\"sameAs\":[\"https:\/\/escuelaespanaval.cl\/wp\"],\"url\":\"https:\/\/escuelaespanaval.cl\/?author=1\"}]}<\/script>\n<!-- \/ Yoast SEO plugin. -->","yoast_head_json":{"title":"Jornada de An\u00e1lisis y Actualizaci\u00f3n del Reglamento Interno y de Convivencia Educativa en la Escuela Espa\u00f1a de Valdivia - Escuela Espa\u00f1a","robots":{"index":"index","follow":"follow","max-snippet":"max-snippet:-1","max-image-preview":"max-image-preview:large","max-video-preview":"max-video-preview:-1"},"canonical":"https:\/\/escuelaespanaval.cl\/?p=2842","og_locale":"es_ES","og_type":"article","og_title":"Jornada de An\u00e1lisis y Actualizaci\u00f3n del Reglamento Interno y de Convivencia Educativa en la Escuela Espa\u00f1a de Valdivia - Escuela Espa\u00f1a","og_description":"El mi\u00e9rcoles 16 de abril de 2025 se realiz\u00f3 en la Escuela Espa\u00f1a de Valdivia una importante jornada de an\u00e1lisis y actualizaci\u00f3n del Reglamento Interno y de Convivencia Educativa. La actividad cont\u00f3 con la participaci\u00f3n de todos los actores de la comunidad educativa, en un espacio de reflexi\u00f3n colectiva, democr\u00e1tica y respetuosa. La jornada se [&hellip;]","og_url":"https:\/\/escuelaespanaval.cl\/?p=2842","og_site_name":"Escuela Espa\u00f1a","article_publisher":"https:\/\/www.facebook.com\/escuelaespanavald","article_published_time":"2025-04-17T16:17:59+00:00","article_modified_time":"2025-04-17T16:18:00+00:00","og_image":[{"width":963,"height":1280,"url":"https:\/\/escuelaespanaval.cl\/wp-content\/uploads\/2025\/04\/10e9f342-b894-454f-a6c7-ea32de7679db.jpeg","type":"image\/jpeg"}],"author":"Administrador","twitter_card":"summary_large_image","twitter_misc":{"Escrito por":"Administrador","Tiempo de lectura":"6 minutos"},"schema":{"@context":"https:\/\/schema.org","@graph":[{"@type":"Article","@id":"https:\/\/escuelaespanaval.cl\/?p=2842#article","isPartOf":{"@id":"https:\/\/escuelaespanaval.cl\/?p=2842"},"author":{"name":"Administrador","@id":"https:\/\/escuelaespanaval.cl\/#\/schema\/person\/b8dc96fec133a948c2114bb5cba3ca1a"},"headline":"Jornada de An\u00e1lisis y Actualizaci\u00f3n del Reglamento Interno y de Convivencia Educativa en la Escuela Espa\u00f1a de Valdivia","datePublished":"2025-04-17T16:17:59+00:00","dateModified":"2025-04-17T16:18:00+00:00","mainEntityOfPage":{"@id":"https:\/\/escuelaespanaval.cl\/?p=2842"},"wordCount":216,"publisher":{"@id":"https:\/\/escuelaespanaval.cl\/#organization"},"image":{"@id":"https:\/\/escuelaespanaval.cl\/?p=2842#primaryimage"},"thumbnailUrl":"https:\/\/escuelaespanaval.cl\/wp-content\/uploads\/2025\/04\/10e9f342-b894-454f-a6c7-ea32de7679db.jpeg","articleSection":["Uncategorized"],"inLanguage":"es"},{"@type":"WebPage","@id":"https:\/\/escuelaespanaval.cl\/?p=2842","url":"https:\/\/escuelaespanaval.cl\/?p=2842","name":"Jornada de An\u00e1lisis y Actualizaci\u00f3n del Reglamento Interno y de Convivencia Educativa en la Escuela Espa\u00f1a de Valdivia - Escuela Espa\u00f1a","isPartOf":{"@id":"https:\/\/escuelaespanaval.cl\/#website"},"primaryImageOfPage":{"@id":"https:\/\/escuelaespanaval.cl\/?p=2842#primaryimage"},"image":{"@id":"https:\/\/escuelaespanaval.cl\/?p=2842#primaryimage"},"thumbnailUrl":"https:\/\/escuelaespanaval.cl\/wp-content\/uploads\/2025\/04\/10e9f342-b894-454f-a6c7-ea32de7679db.jpeg","datePublished":"2025-04-17T16:17:59+00:00","dateModified":"2025-04-17T16:18:00+00:00","breadcrumb":{"@id":"https:\/\/escuelaespanaval.cl\/?p=2842#breadcrumb"},"inLanguage":"es","potentialAction":[{"@type":"ReadAction","target":["https:\/\/escuelaespanaval.cl\/?p=2842"]}]},{"@type":"ImageObject","inLanguage":"es","@id":"https:\/\/escuelaespanaval.cl\/?p=2842#primaryimage","url":"https:\/\/escuelaespanaval.cl\/wp-content\/uploads\/2025\/04\/10e9f342-b894-454f-a6c7-ea32de7679db.jpeg","contentUrl":"https:\/\/escuelaespanaval.cl\/wp-content\/uploads\/2025\/04\/10e9f342-b894-454f-a6c7-ea32de7679db.jpeg","width":963,"height":1280},{"@type":"BreadcrumbList","@id":"https:\/\/escuelaespanaval.cl\/?p=2842#breadcrumb","itemListElement":[{"@type":"ListItem","position":1,"name":"Portada","item":"https:\/\/escuelaespanaval.cl\/"},{"@type":"ListItem","position":2,"name":"Jornada de An\u00e1lisis y Actualizaci\u00f3n del Reglamento Interno y de Convivencia Educativa en la Escuela Espa\u00f1a de Valdivia"}]},{"@type":"WebSite","@id":"https:\/\/escuelaespanaval.cl\/#website","url":"https:\/\/escuelaespanaval.cl\/","name":"Escuela Espa\u00f1a","description":"Valdivia","publisher":{"@id":"https:\/\/escuelaespanaval.cl\/#organization"},"potentialAction":[{"@type":"SearchAction","target":{"@type":"EntryPoint","urlTemplate":"https:\/\/escuelaespanaval.cl\/?s={search_term_string}"},"query-input":{"@type":"PropertyValueSpecification","valueRequired":true,"valueName":"search_term_string"}}],"inLanguage":"es"},{"@type":"Organization","@id":"https:\/\/escuelaespanaval.cl\/#organization","name":"Escuela Espa\u00f1a","url":"https:\/\/escuelaespanaval.cl\/","logo":{"@type":"ImageObject","inLanguage":"es","@id":"https:\/\/escuelaespanaval.cl\/#\/schema\/logo\/image\/","url":"https:\/\/escuelaespanaval.cl\/wp-content\/uploads\/2020\/12\/LOGO_ESCUELA.png","contentUrl":"https:\/\/escuelaespanaval.cl\/wp-content\/uploads\/2020\/12\/LOGO_ESCUELA.png","width":1550,"height":2402,"caption":"Escuela Espa\u00f1a"},"image":{"@id":"https:\/\/escuelaespanaval.cl\/#\/schema\/logo\/image\/"},"sameAs":["https:\/\/www.facebook.com\/escuelaespanavald","https:\/\/www.youtube.com\/@escuelaespanavaldivia97"]},{"@type":"Person","@id":"https:\/\/escuelaespanaval.cl\/#\/schema\/person\/b8dc96fec133a948c2114bb5cba3ca1a","name":"Administrador","image":{"@type":"ImageObject","inLanguage":"es","@id":"https:\/\/escuelaespanaval.cl\/#\/schema\/person\/image\/","url":"https:\/\/secure.gravatar.com\/avatar\/1a4537f0b323ae38f6776eb293038a2af5616bfe3d24bf6be540f254d895dd45?s=96&d=mm&r=g","contentUrl":"https:\/\/secure.gravatar.com\/avatar\/1a4537f0b323ae38f6776eb293038a2af5616bfe3d24bf6be540f254d895dd45?s=96&d=mm&r=g","caption":"Administrador"},"sameAs":["https:\/\/escuelaespanaval.cl\/wp"],"url":"https:\/\/escuelaespanaval.cl\/?author=1"}]}},"_links":{"self":[{"href":"https:\/\/escuelaespanaval.cl\/index.php?rest_route=\/wp\/v2\/posts\/2842","targetHints":{"allow":["GET"]}}],"collection":[{"href":"https:\/\/escuelaespanaval.cl\/index.php?rest_route=\/wp\/v2\/posts"}],"about":[{"href":"https:\/\/escuelaespanaval.cl\/index.php?rest_route=\/wp\/v2\/types\/post"}],"author":[{"embeddable":true,"href":"https:\/\/escuelaespanaval.cl\/index.php?rest_route=\/wp\/v2\/users\/1"}],"replies":[{"embeddable":true,"href":"https:\/\/escuelaespanaval.cl\/index.php?rest_route=%2Fwp%2Fv2%2Fcomments&post=2842"}],"version-history":[{"count":1,"href":"https:\/\/escuelaespanaval.cl\/index.php?rest_route=\/wp\/v2\/posts\/2842\/revisions"}],"predecessor-version":[{"id":2864,"href":"https:\/\/escuelaespanaval.cl\/index.php?rest_route=\/wp\/v2\/posts\/2842\/revisions\/2864"}],"wp:featuredmedia":[{"embeddable":true,"href":"https:\/\/escuelaespanaval.cl\/index.php?rest_route=\/wp\/v2\/media\/2845"}],"wp:attachment":[{"href":"https:\/\/escuelaespanaval.cl\/index.php?rest_route=%2Fwp%2Fv2%2Fmedia&parent=2842"}],"wp:term":[{"taxonomy":"category","embeddable":true,"href":"https:\/\/escuelaespanaval.cl\/index.php?rest_route=%2Fwp%2Fv2%2Fcategories&post=2842"},{"taxonomy":"post_tag","embeddable":true,"href":"https:\/\/escuelaespanaval.cl\/index.php?rest_route=%2Fwp%2Fv2%2Ftags&post=2842"}],"curies":[{"name":"wp","href":"https:\/\/api.w.org\/{rel}","templated":true}]}}