{"id":2702,"date":"2024-11-21T11:05:17","date_gmt":"2024-11-21T11:05:17","guid":{"rendered":"https:\/\/escuelaespanaval.cl\/?p=2702"},"modified":"2024-11-21T11:05:18","modified_gmt":"2024-11-21T11:05:18","slug":"cafe-literario-para-padres-y-apoderados","status":"publish","type":"post","link":"https:\/\/escuelaespanaval.cl\/?p=2702","title":{"rendered":"Caf\u00e9 literario para Padres y apoderados"},"content":{"rendered":"\n<p>En una sociedad ideal, y por tanto en una sociedad lectora, la escuela no ser\u00e1 el lugar donde habr\u00eda que potenciar el amor al libro y a la lectura. Al llegar los ni\u00f1os a ella ya deber\u00edan tener un impulso adquirido en la casa, incluso antes de saber leer. Si ven a los padres que leen, que manifiestan placer en el hecho de ojear un libro, los hijos tratan de imitarlos. (Xavier P. Docampo) Es por ello, que surge esta necesidad desde biblioteca CRA, en crear un \u201cCaf\u00e9 literario para Padres y apoderados\u201d Cuyo Objetivo se centra en: Promover y discutir sobre la literatura a trav\u00e9s de conversaciones fluidas, compartiendo con diversos escritores, de diferentes g\u00e9neros y estilos literarios, despertando as\u00ed, un profundo aprecio por los libros y la literatura en general.<br>Las sesiones est\u00e1n estructuradas primero con una exposici\u00f3n sobre la vida del autor@ y su contexto cultural en el cual cre\u00f3 la obra, y luego se analizan diferentes aspectos del texto como estructura, personajes y estilo. Obviamente que cada encuentro es \u00fanico e incre\u00edble.<\/p>\n\n\n\n<p>Estimada Comunidad: Los invitamos cordialmente a participar del IV Caf\u00e9 Literario. 2024! \u2615<br>Este lunes 25 de noviembre a las 13:45 horas, en biblioteca CRA<br>En esta oportunidad nos acompa\u00f1ar\u00e1 la escritora Argentina \u201cMarian Luztky\u201d<br>\u00a1los esperamos!<\/p>\n\n\n\n<figure class=\"wp-block-gallery has-nested-images columns-default is-cropped wp-block-gallery-1 is-layout-flex wp-block-gallery-is-layout-flex\">\n<figure class=\"wp-block-image size-large\"><img loading=\"lazy\" decoding=\"async\" width=\"1024\" height=\"461\" data-id=\"2705\" src=\"https:\/\/escuelaespanaval.cl\/wp-content\/uploads\/2024\/11\/Bernarda-Aucapan-y-Apoderados--1024x461.jpeg\" alt=\"\" class=\"wp-image-2705\" srcset=\"https:\/\/escuelaespanaval.cl\/wp-content\/uploads\/2024\/11\/Bernarda-Aucapan-y-Apoderados--1024x461.jpeg 1024w, https:\/\/escuelaespanaval.cl\/wp-content\/uploads\/2024\/11\/Bernarda-Aucapan-y-Apoderados--300x135.jpeg 300w, https:\/\/escuelaespanaval.cl\/wp-content\/uploads\/2024\/11\/Bernarda-Aucapan-y-Apoderados--768x346.jpeg 768w, https:\/\/escuelaespanaval.cl\/wp-content\/uploads\/2024\/11\/Bernarda-Aucapan-y-Apoderados--1536x691.jpeg 1536w, https:\/\/escuelaespanaval.cl\/wp-content\/uploads\/2024\/11\/Bernarda-Aucapan-y-Apoderados-.jpeg 1600w\" sizes=\"auto, (max-width: 1024px) 100vw, 1024px\" \/><\/figure>\n\n\n\n<figure class=\"wp-block-image size-large\"><img loading=\"lazy\" decoding=\"async\" width=\"1024\" height=\"461\" data-id=\"2706\" src=\"https:\/\/escuelaespanaval.cl\/wp-content\/uploads\/2024\/11\/Fabiola-Nunez-y-Apoderados-1024x461.jpeg\" alt=\"\" class=\"wp-image-2706\" srcset=\"https:\/\/escuelaespanaval.cl\/wp-content\/uploads\/2024\/11\/Fabiola-Nunez-y-Apoderados-1024x461.jpeg 1024w, https:\/\/escuelaespanaval.cl\/wp-content\/uploads\/2024\/11\/Fabiola-Nunez-y-Apoderados-300x135.jpeg 300w, https:\/\/escuelaespanaval.cl\/wp-content\/uploads\/2024\/11\/Fabiola-Nunez-y-Apoderados-768x346.jpeg 768w, https:\/\/escuelaespanaval.cl\/wp-content\/uploads\/2024\/11\/Fabiola-Nunez-y-Apoderados-1536x691.jpeg 1536w, https:\/\/escuelaespanaval.cl\/wp-content\/uploads\/2024\/11\/Fabiola-Nunez-y-Apoderados.jpeg 1600w\" sizes=\"auto, (max-width: 1024px) 100vw, 1024px\" \/><\/figure>\n\n\n\n<figure class=\"wp-block-image size-large\"><img loading=\"lazy\" decoding=\"async\" width=\"1024\" height=\"768\" data-id=\"2708\" src=\"https:\/\/escuelaespanaval.cl\/wp-content\/uploads\/2024\/11\/Javier-Milanca-y-Familias--1024x768.jpeg\" alt=\"\" class=\"wp-image-2708\" srcset=\"https:\/\/escuelaespanaval.cl\/wp-content\/uploads\/2024\/11\/Javier-Milanca-y-Familias--1024x768.jpeg 1024w, https:\/\/escuelaespanaval.cl\/wp-content\/uploads\/2024\/11\/Javier-Milanca-y-Familias--300x225.jpeg 300w, https:\/\/escuelaespanaval.cl\/wp-content\/uploads\/2024\/11\/Javier-Milanca-y-Familias--768x576.jpeg 768w, https:\/\/escuelaespanaval.cl\/wp-content\/uploads\/2024\/11\/Javier-Milanca-y-Familias-.jpeg 1280w\" sizes=\"auto, (max-width: 1024px) 100vw, 1024px\" \/><\/figure>\n\n\n\n<figure class=\"wp-block-image size-large\"><img loading=\"lazy\" decoding=\"async\" width=\"726\" height=\"1024\" data-id=\"2707\" src=\"https:\/\/escuelaespanaval.cl\/wp-content\/uploads\/2024\/11\/Escritora-Fabiola-Nunez--726x1024.jpeg\" alt=\"\" class=\"wp-image-2707\" srcset=\"https:\/\/escuelaespanaval.cl\/wp-content\/uploads\/2024\/11\/Escritora-Fabiola-Nunez--726x1024.jpeg 726w, https:\/\/escuelaespanaval.cl\/wp-content\/uploads\/2024\/11\/Escritora-Fabiola-Nunez--213x300.jpeg 213w, https:\/\/escuelaespanaval.cl\/wp-content\/uploads\/2024\/11\/Escritora-Fabiola-Nunez--768x1083.jpeg 768w, https:\/\/escuelaespanaval.cl\/wp-content\/uploads\/2024\/11\/Escritora-Fabiola-Nunez--1090x1536.jpeg 1090w, https:\/\/escuelaespanaval.cl\/wp-content\/uploads\/2024\/11\/Escritora-Fabiola-Nunez-.jpeg 1135w\" sizes=\"auto, (max-width: 726px) 100vw, 726px\" \/><\/figure>\n\n\n\n<figure class=\"wp-block-image size-large\"><img loading=\"lazy\" decoding=\"async\" width=\"1024\" height=\"1024\" data-id=\"2704\" src=\"https:\/\/escuelaespanaval.cl\/wp-content\/uploads\/2024\/11\/Escritor-Javier-Milanca-1024x1024.png\" alt=\"\" class=\"wp-image-2704\" srcset=\"https:\/\/escuelaespanaval.cl\/wp-content\/uploads\/2024\/11\/Escritor-Javier-Milanca-1024x1024.png 1024w, https:\/\/escuelaespanaval.cl\/wp-content\/uploads\/2024\/11\/Escritor-Javier-Milanca-300x300.png 300w, https:\/\/escuelaespanaval.cl\/wp-content\/uploads\/2024\/11\/Escritor-Javier-Milanca-150x150.png 150w, https:\/\/escuelaespanaval.cl\/wp-content\/uploads\/2024\/11\/Escritor-Javier-Milanca-768x768.png 768w, https:\/\/escuelaespanaval.cl\/wp-content\/uploads\/2024\/11\/Escritor-Javier-Milanca.png 1080w\" sizes=\"auto, (max-width: 1024px) 100vw, 1024px\" \/><\/figure>\n\n\n\n<figure class=\"wp-block-image size-large\"><img loading=\"lazy\" decoding=\"async\" width=\"1024\" height=\"1024\" data-id=\"2703\" src=\"https:\/\/escuelaespanaval.cl\/wp-content\/uploads\/2024\/11\/Escritora-Bernarda-Aucapan--1024x1024.png\" alt=\"\" class=\"wp-image-2703\" srcset=\"https:\/\/escuelaespanaval.cl\/wp-content\/uploads\/2024\/11\/Escritora-Bernarda-Aucapan--1024x1024.png 1024w, https:\/\/escuelaespanaval.cl\/wp-content\/uploads\/2024\/11\/Escritora-Bernarda-Aucapan--300x300.png 300w, https:\/\/escuelaespanaval.cl\/wp-content\/uploads\/2024\/11\/Escritora-Bernarda-Aucapan--150x150.png 150w, https:\/\/escuelaespanaval.cl\/wp-content\/uploads\/2024\/11\/Escritora-Bernarda-Aucapan--768x768.png 768w, https:\/\/escuelaespanaval.cl\/wp-content\/uploads\/2024\/11\/Escritora-Bernarda-Aucapan-.png 1080w\" sizes=\"auto, (max-width: 1024px) 100vw, 1024px\" \/><\/figure>\n<\/figure>\n","protected":false},"excerpt":{"rendered":"<p>En una sociedad ideal, y por tanto en una sociedad lectora, la escuela no ser\u00e1 el lugar donde habr\u00eda que potenciar el amor al libro y a la lectura. Al llegar los ni\u00f1os a ella ya deber\u00edan tener un impulso adquirido en la casa, incluso antes de saber leer. Si ven a los padres que [&hellip;]<\/p>\n","protected":false},"author":1,"featured_media":2708,"comment_status":"closed","ping_status":"open","sticky":false,"template":"","format":"standard","meta":{"_monsterinsights_skip_tracking":false,"_monsterinsights_sitenote_active":false,"_monsterinsights_sitenote_note":"","_monsterinsights_sitenote_category":0,"site-container-style":"default","site-container-layout":"default","site-sidebar-layout":"default","disable-article-header":"default","disable-site-header":"default","disable-site-footer":"default","disable-content-area-spacing":"default","footnotes":""},"categories":[1],"tags":[],"class_list":["post-2702","post","type-post","status-publish","format-standard","has-post-thumbnail","hentry","category-uncategorized"],"yoast_head":"<!-- This site is optimized with the Yoast SEO plugin v27.1.1 - https:\/\/yoast.com\/product\/yoast-seo-wordpress\/ -->\n<title>Caf\u00e9 literario para Padres y apoderados - Escuela Espa\u00f1a<\/title>\n<meta name=\"robots\" content=\"index, follow, max-snippet:-1, max-image-preview:large, max-video-preview:-1\" \/>\n<link rel=\"canonical\" href=\"https:\/\/escuelaespanaval.cl\/?p=2702\" \/>\n<meta property=\"og:locale\" content=\"es_ES\" \/>\n<meta property=\"og:type\" content=\"article\" \/>\n<meta property=\"og:title\" content=\"Caf\u00e9 literario para Padres y apoderados - Escuela Espa\u00f1a\" \/>\n<meta property=\"og:description\" content=\"En una sociedad ideal, y por tanto en una sociedad lectora, la escuela no ser\u00e1 el lugar donde habr\u00eda que potenciar el amor al libro y a la lectura. Al llegar los ni\u00f1os a ella ya deber\u00edan tener un impulso adquirido en la casa, incluso antes de saber leer. Si ven a los padres que [&hellip;]\" \/>\n<meta property=\"og:url\" content=\"https:\/\/escuelaespanaval.cl\/?p=2702\" \/>\n<meta property=\"og:site_name\" content=\"Escuela Espa\u00f1a\" \/>\n<meta property=\"article:publisher\" content=\"https:\/\/www.facebook.com\/escuelaespanavald\" \/>\n<meta property=\"article:published_time\" content=\"2024-11-21T11:05:17+00:00\" \/>\n<meta property=\"article:modified_time\" content=\"2024-11-21T11:05:18+00:00\" \/>\n<meta property=\"og:image\" content=\"https:\/\/escuelaespanaval.cl\/wp-content\/uploads\/2024\/11\/Javier-Milanca-y-Familias-.jpeg\" \/>\n\t<meta property=\"og:image:width\" content=\"1280\" \/>\n\t<meta property=\"og:image:height\" content=\"960\" \/>\n\t<meta property=\"og:image:type\" content=\"image\/jpeg\" \/>\n<meta name=\"author\" content=\"Administrador\" \/>\n<meta name=\"twitter:card\" content=\"summary_large_image\" \/>\n<meta name=\"twitter:label1\" content=\"Escrito por\" \/>\n\t<meta name=\"twitter:data1\" content=\"Administrador\" \/>\n\t<meta name=\"twitter:label2\" content=\"Tiempo de lectura\" \/>\n\t<meta name=\"twitter:data2\" content=\"3 minutos\" \/>\n<script type=\"application\/ld+json\" class=\"yoast-schema-graph\">{\"@context\":\"https:\/\/schema.org\",\"@graph\":[{\"@type\":\"Article\",\"@id\":\"https:\/\/escuelaespanaval.cl\/?p=2702#article\",\"isPartOf\":{\"@id\":\"https:\/\/escuelaespanaval.cl\/?p=2702\"},\"author\":{\"name\":\"Administrador\",\"@id\":\"https:\/\/escuelaespanaval.cl\/#\/schema\/person\/b8dc96fec133a948c2114bb5cba3ca1a\"},\"headline\":\"Caf\u00e9 literario para Padres y apoderados\",\"datePublished\":\"2024-11-21T11:05:17+00:00\",\"dateModified\":\"2024-11-21T11:05:18+00:00\",\"mainEntityOfPage\":{\"@id\":\"https:\/\/escuelaespanaval.cl\/?p=2702\"},\"wordCount\":223,\"publisher\":{\"@id\":\"https:\/\/escuelaespanaval.cl\/#organization\"},\"image\":{\"@id\":\"https:\/\/escuelaespanaval.cl\/?p=2702#primaryimage\"},\"thumbnailUrl\":\"https:\/\/escuelaespanaval.cl\/wp-content\/uploads\/2024\/11\/Javier-Milanca-y-Familias-.jpeg\",\"articleSection\":[\"Uncategorized\"],\"inLanguage\":\"es\"},{\"@type\":\"WebPage\",\"@id\":\"https:\/\/escuelaespanaval.cl\/?p=2702\",\"url\":\"https:\/\/escuelaespanaval.cl\/?p=2702\",\"name\":\"Caf\u00e9 literario para Padres y apoderados - Escuela Espa\u00f1a\",\"isPartOf\":{\"@id\":\"https:\/\/escuelaespanaval.cl\/#website\"},\"primaryImageOfPage\":{\"@id\":\"https:\/\/escuelaespanaval.cl\/?p=2702#primaryimage\"},\"image\":{\"@id\":\"https:\/\/escuelaespanaval.cl\/?p=2702#primaryimage\"},\"thumbnailUrl\":\"https:\/\/escuelaespanaval.cl\/wp-content\/uploads\/2024\/11\/Javier-Milanca-y-Familias-.jpeg\",\"datePublished\":\"2024-11-21T11:05:17+00:00\",\"dateModified\":\"2024-11-21T11:05:18+00:00\",\"breadcrumb\":{\"@id\":\"https:\/\/escuelaespanaval.cl\/?p=2702#breadcrumb\"},\"inLanguage\":\"es\",\"potentialAction\":[{\"@type\":\"ReadAction\",\"target\":[\"https:\/\/escuelaespanaval.cl\/?p=2702\"]}]},{\"@type\":\"ImageObject\",\"inLanguage\":\"es\",\"@id\":\"https:\/\/escuelaespanaval.cl\/?p=2702#primaryimage\",\"url\":\"https:\/\/escuelaespanaval.cl\/wp-content\/uploads\/2024\/11\/Javier-Milanca-y-Familias-.jpeg\",\"contentUrl\":\"https:\/\/escuelaespanaval.cl\/wp-content\/uploads\/2024\/11\/Javier-Milanca-y-Familias-.jpeg\",\"width\":1280,\"height\":960},{\"@type\":\"BreadcrumbList\",\"@id\":\"https:\/\/escuelaespanaval.cl\/?p=2702#breadcrumb\",\"itemListElement\":[{\"@type\":\"ListItem\",\"position\":1,\"name\":\"Portada\",\"item\":\"https:\/\/escuelaespanaval.cl\/\"},{\"@type\":\"ListItem\",\"position\":2,\"name\":\"Caf\u00e9 literario para Padres y apoderados\"}]},{\"@type\":\"WebSite\",\"@id\":\"https:\/\/escuelaespanaval.cl\/#website\",\"url\":\"https:\/\/escuelaespanaval.cl\/\",\"name\":\"Escuela Espa\u00f1a\",\"description\":\"Valdivia\",\"publisher\":{\"@id\":\"https:\/\/escuelaespanaval.cl\/#organization\"},\"potentialAction\":[{\"@type\":\"SearchAction\",\"target\":{\"@type\":\"EntryPoint\",\"urlTemplate\":\"https:\/\/escuelaespanaval.cl\/?s={search_term_string}\"},\"query-input\":{\"@type\":\"PropertyValueSpecification\",\"valueRequired\":true,\"valueName\":\"search_term_string\"}}],\"inLanguage\":\"es\"},{\"@type\":\"Organization\",\"@id\":\"https:\/\/escuelaespanaval.cl\/#organization\",\"name\":\"Escuela Espa\u00f1a\",\"url\":\"https:\/\/escuelaespanaval.cl\/\",\"logo\":{\"@type\":\"ImageObject\",\"inLanguage\":\"es\",\"@id\":\"https:\/\/escuelaespanaval.cl\/#\/schema\/logo\/image\/\",\"url\":\"https:\/\/escuelaespanaval.cl\/wp-content\/uploads\/2020\/12\/LOGO_ESCUELA.png\",\"contentUrl\":\"https:\/\/escuelaespanaval.cl\/wp-content\/uploads\/2020\/12\/LOGO_ESCUELA.png\",\"width\":1550,\"height\":2402,\"caption\":\"Escuela Espa\u00f1a\"},\"image\":{\"@id\":\"https:\/\/escuelaespanaval.cl\/#\/schema\/logo\/image\/\"},\"sameAs\":[\"https:\/\/www.facebook.com\/escuelaespanavald\",\"https:\/\/www.youtube.com\/@escuelaespanavaldivia97\"]},{\"@type\":\"Person\",\"@id\":\"https:\/\/escuelaespanaval.cl\/#\/schema\/person\/b8dc96fec133a948c2114bb5cba3ca1a\",\"name\":\"Administrador\",\"image\":{\"@type\":\"ImageObject\",\"inLanguage\":\"es\",\"@id\":\"https:\/\/escuelaespanaval.cl\/#\/schema\/person\/image\/\",\"url\":\"https:\/\/secure.gravatar.com\/avatar\/1a4537f0b323ae38f6776eb293038a2af5616bfe3d24bf6be540f254d895dd45?s=96&d=mm&r=g\",\"contentUrl\":\"https:\/\/secure.gravatar.com\/avatar\/1a4537f0b323ae38f6776eb293038a2af5616bfe3d24bf6be540f254d895dd45?s=96&d=mm&r=g\",\"caption\":\"Administrador\"},\"sameAs\":[\"https:\/\/escuelaespanaval.cl\/wp\"],\"url\":\"https:\/\/escuelaespanaval.cl\/?author=1\"}]}<\/script>\n<!-- \/ Yoast SEO plugin. -->","yoast_head_json":{"title":"Caf\u00e9 literario para Padres y apoderados - Escuela Espa\u00f1a","robots":{"index":"index","follow":"follow","max-snippet":"max-snippet:-1","max-image-preview":"max-image-preview:large","max-video-preview":"max-video-preview:-1"},"canonical":"https:\/\/escuelaespanaval.cl\/?p=2702","og_locale":"es_ES","og_type":"article","og_title":"Caf\u00e9 literario para Padres y apoderados - Escuela Espa\u00f1a","og_description":"En una sociedad ideal, y por tanto en una sociedad lectora, la escuela no ser\u00e1 el lugar donde habr\u00eda que potenciar el amor al libro y a la lectura. Al llegar los ni\u00f1os a ella ya deber\u00edan tener un impulso adquirido en la casa, incluso antes de saber leer. Si ven a los padres que [&hellip;]","og_url":"https:\/\/escuelaespanaval.cl\/?p=2702","og_site_name":"Escuela Espa\u00f1a","article_publisher":"https:\/\/www.facebook.com\/escuelaespanavald","article_published_time":"2024-11-21T11:05:17+00:00","article_modified_time":"2024-11-21T11:05:18+00:00","og_image":[{"width":1280,"height":960,"url":"https:\/\/escuelaespanaval.cl\/wp-content\/uploads\/2024\/11\/Javier-Milanca-y-Familias-.jpeg","type":"image\/jpeg"}],"author":"Administrador","twitter_card":"summary_large_image","twitter_misc":{"Escrito por":"Administrador","Tiempo de lectura":"3 minutos"},"schema":{"@context":"https:\/\/schema.org","@graph":[{"@type":"Article","@id":"https:\/\/escuelaespanaval.cl\/?p=2702#article","isPartOf":{"@id":"https:\/\/escuelaespanaval.cl\/?p=2702"},"author":{"name":"Administrador","@id":"https:\/\/escuelaespanaval.cl\/#\/schema\/person\/b8dc96fec133a948c2114bb5cba3ca1a"},"headline":"Caf\u00e9 literario para Padres y apoderados","datePublished":"2024-11-21T11:05:17+00:00","dateModified":"2024-11-21T11:05:18+00:00","mainEntityOfPage":{"@id":"https:\/\/escuelaespanaval.cl\/?p=2702"},"wordCount":223,"publisher":{"@id":"https:\/\/escuelaespanaval.cl\/#organization"},"image":{"@id":"https:\/\/escuelaespanaval.cl\/?p=2702#primaryimage"},"thumbnailUrl":"https:\/\/escuelaespanaval.cl\/wp-content\/uploads\/2024\/11\/Javier-Milanca-y-Familias-.jpeg","articleSection":["Uncategorized"],"inLanguage":"es"},{"@type":"WebPage","@id":"https:\/\/escuelaespanaval.cl\/?p=2702","url":"https:\/\/escuelaespanaval.cl\/?p=2702","name":"Caf\u00e9 literario para Padres y apoderados - Escuela Espa\u00f1a","isPartOf":{"@id":"https:\/\/escuelaespanaval.cl\/#website"},"primaryImageOfPage":{"@id":"https:\/\/escuelaespanaval.cl\/?p=2702#primaryimage"},"image":{"@id":"https:\/\/escuelaespanaval.cl\/?p=2702#primaryimage"},"thumbnailUrl":"https:\/\/escuelaespanaval.cl\/wp-content\/uploads\/2024\/11\/Javier-Milanca-y-Familias-.jpeg","datePublished":"2024-11-21T11:05:17+00:00","dateModified":"2024-11-21T11:05:18+00:00","breadcrumb":{"@id":"https:\/\/escuelaespanaval.cl\/?p=2702#breadcrumb"},"inLanguage":"es","potentialAction":[{"@type":"ReadAction","target":["https:\/\/escuelaespanaval.cl\/?p=2702"]}]},{"@type":"ImageObject","inLanguage":"es","@id":"https:\/\/escuelaespanaval.cl\/?p=2702#primaryimage","url":"https:\/\/escuelaespanaval.cl\/wp-content\/uploads\/2024\/11\/Javier-Milanca-y-Familias-.jpeg","contentUrl":"https:\/\/escuelaespanaval.cl\/wp-content\/uploads\/2024\/11\/Javier-Milanca-y-Familias-.jpeg","width":1280,"height":960},{"@type":"BreadcrumbList","@id":"https:\/\/escuelaespanaval.cl\/?p=2702#breadcrumb","itemListElement":[{"@type":"ListItem","position":1,"name":"Portada","item":"https:\/\/escuelaespanaval.cl\/"},{"@type":"ListItem","position":2,"name":"Caf\u00e9 literario para Padres y apoderados"}]},{"@type":"WebSite","@id":"https:\/\/escuelaespanaval.cl\/#website","url":"https:\/\/escuelaespanaval.cl\/","name":"Escuela Espa\u00f1a","description":"Valdivia","publisher":{"@id":"https:\/\/escuelaespanaval.cl\/#organization"},"potentialAction":[{"@type":"SearchAction","target":{"@type":"EntryPoint","urlTemplate":"https:\/\/escuelaespanaval.cl\/?s={search_term_string}"},"query-input":{"@type":"PropertyValueSpecification","valueRequired":true,"valueName":"search_term_string"}}],"inLanguage":"es"},{"@type":"Organization","@id":"https:\/\/escuelaespanaval.cl\/#organization","name":"Escuela Espa\u00f1a","url":"https:\/\/escuelaespanaval.cl\/","logo":{"@type":"ImageObject","inLanguage":"es","@id":"https:\/\/escuelaespanaval.cl\/#\/schema\/logo\/image\/","url":"https:\/\/escuelaespanaval.cl\/wp-content\/uploads\/2020\/12\/LOGO_ESCUELA.png","contentUrl":"https:\/\/escuelaespanaval.cl\/wp-content\/uploads\/2020\/12\/LOGO_ESCUELA.png","width":1550,"height":2402,"caption":"Escuela Espa\u00f1a"},"image":{"@id":"https:\/\/escuelaespanaval.cl\/#\/schema\/logo\/image\/"},"sameAs":["https:\/\/www.facebook.com\/escuelaespanavald","https:\/\/www.youtube.com\/@escuelaespanavaldivia97"]},{"@type":"Person","@id":"https:\/\/escuelaespanaval.cl\/#\/schema\/person\/b8dc96fec133a948c2114bb5cba3ca1a","name":"Administrador","image":{"@type":"ImageObject","inLanguage":"es","@id":"https:\/\/escuelaespanaval.cl\/#\/schema\/person\/image\/","url":"https:\/\/secure.gravatar.com\/avatar\/1a4537f0b323ae38f6776eb293038a2af5616bfe3d24bf6be540f254d895dd45?s=96&d=mm&r=g","contentUrl":"https:\/\/secure.gravatar.com\/avatar\/1a4537f0b323ae38f6776eb293038a2af5616bfe3d24bf6be540f254d895dd45?s=96&d=mm&r=g","caption":"Administrador"},"sameAs":["https:\/\/escuelaespanaval.cl\/wp"],"url":"https:\/\/escuelaespanaval.cl\/?author=1"}]}},"_links":{"self":[{"href":"https:\/\/escuelaespanaval.cl\/index.php?rest_route=\/wp\/v2\/posts\/2702","targetHints":{"allow":["GET"]}}],"collection":[{"href":"https:\/\/escuelaespanaval.cl\/index.php?rest_route=\/wp\/v2\/posts"}],"about":[{"href":"https:\/\/escuelaespanaval.cl\/index.php?rest_route=\/wp\/v2\/types\/post"}],"author":[{"embeddable":true,"href":"https:\/\/escuelaespanaval.cl\/index.php?rest_route=\/wp\/v2\/users\/1"}],"replies":[{"embeddable":true,"href":"https:\/\/escuelaespanaval.cl\/index.php?rest_route=%2Fwp%2Fv2%2Fcomments&post=2702"}],"version-history":[{"count":1,"href":"https:\/\/escuelaespanaval.cl\/index.php?rest_route=\/wp\/v2\/posts\/2702\/revisions"}],"predecessor-version":[{"id":2709,"href":"https:\/\/escuelaespanaval.cl\/index.php?rest_route=\/wp\/v2\/posts\/2702\/revisions\/2709"}],"wp:featuredmedia":[{"embeddable":true,"href":"https:\/\/escuelaespanaval.cl\/index.php?rest_route=\/wp\/v2\/media\/2708"}],"wp:attachment":[{"href":"https:\/\/escuelaespanaval.cl\/index.php?rest_route=%2Fwp%2Fv2%2Fmedia&parent=2702"}],"wp:term":[{"taxonomy":"category","embeddable":true,"href":"https:\/\/escuelaespanaval.cl\/index.php?rest_route=%2Fwp%2Fv2%2Fcategories&post=2702"},{"taxonomy":"post_tag","embeddable":true,"href":"https:\/\/escuelaespanaval.cl\/index.php?rest_route=%2Fwp%2Fv2%2Ftags&post=2702"}],"curies":[{"name":"wp","href":"https:\/\/api.w.org\/{rel}","templated":true}]}}