{"id":2563,"date":"2024-04-12T16:59:22","date_gmt":"2024-04-12T16:59:22","guid":{"rendered":"https:\/\/escuelaespanaval.cl\/?p=2563"},"modified":"2024-04-12T16:59:23","modified_gmt":"2024-04-12T16:59:23","slug":"aperitivo-literario-entre-letras-y-musica-cuentacuento-luchin-de-victor-jara","status":"publish","type":"post","link":"https:\/\/escuelaespanaval.cl\/?p=2563","title":{"rendered":"Aperitivo Literario \u00abEntre letras y m\u00fasica \u00bb Cuentacuento \u00abLuch\u00edn\u00bb de V\u00edctor Jara."},"content":{"rendered":"\n<figure class=\"wp-block-gallery has-nested-images columns-default is-cropped wp-block-gallery-1 is-layout-flex wp-block-gallery-is-layout-flex\">\n<figure class=\"wp-block-image size-large\"><img loading=\"lazy\" decoding=\"async\" width=\"1024\" height=\"461\" data-id=\"2564\" src=\"https:\/\/escuelaespanaval.cl\/wp-content\/uploads\/2024\/04\/WhatsApp-Image-2024-04-10-at-11.15.07-1024x461.jpeg\" alt=\"\" class=\"wp-image-2564\" srcset=\"https:\/\/escuelaespanaval.cl\/wp-content\/uploads\/2024\/04\/WhatsApp-Image-2024-04-10-at-11.15.07-1024x461.jpeg 1024w, https:\/\/escuelaespanaval.cl\/wp-content\/uploads\/2024\/04\/WhatsApp-Image-2024-04-10-at-11.15.07-300x135.jpeg 300w, https:\/\/escuelaespanaval.cl\/wp-content\/uploads\/2024\/04\/WhatsApp-Image-2024-04-10-at-11.15.07-768x346.jpeg 768w, https:\/\/escuelaespanaval.cl\/wp-content\/uploads\/2024\/04\/WhatsApp-Image-2024-04-10-at-11.15.07.jpeg 1280w\" sizes=\"auto, (max-width: 1024px) 100vw, 1024px\" \/><\/figure>\n\n\n\n<figure class=\"wp-block-image size-large\"><img loading=\"lazy\" decoding=\"async\" width=\"461\" height=\"1024\" data-id=\"2567\" src=\"https:\/\/escuelaespanaval.cl\/wp-content\/uploads\/2024\/04\/WhatsApp-Image-2024-04-10-at-11.14.05-1-461x1024.jpeg\" alt=\"\" class=\"wp-image-2567\" srcset=\"https:\/\/escuelaespanaval.cl\/wp-content\/uploads\/2024\/04\/WhatsApp-Image-2024-04-10-at-11.14.05-1-461x1024.jpeg 461w, https:\/\/escuelaespanaval.cl\/wp-content\/uploads\/2024\/04\/WhatsApp-Image-2024-04-10-at-11.14.05-1-135x300.jpeg 135w, https:\/\/escuelaespanaval.cl\/wp-content\/uploads\/2024\/04\/WhatsApp-Image-2024-04-10-at-11.14.05-1.jpeg 576w\" sizes=\"auto, (max-width: 461px) 100vw, 461px\" \/><\/figure>\n\n\n\n<figure class=\"wp-block-image size-large\"><img loading=\"lazy\" decoding=\"async\" width=\"461\" height=\"1024\" data-id=\"2573\" src=\"https:\/\/escuelaespanaval.cl\/wp-content\/uploads\/2024\/04\/WhatsApp-Image-2024-04-10-at-11.14.05-2-461x1024.jpeg\" alt=\"\" class=\"wp-image-2573\" srcset=\"https:\/\/escuelaespanaval.cl\/wp-content\/uploads\/2024\/04\/WhatsApp-Image-2024-04-10-at-11.14.05-2-461x1024.jpeg 461w, https:\/\/escuelaespanaval.cl\/wp-content\/uploads\/2024\/04\/WhatsApp-Image-2024-04-10-at-11.14.05-2-135x300.jpeg 135w, https:\/\/escuelaespanaval.cl\/wp-content\/uploads\/2024\/04\/WhatsApp-Image-2024-04-10-at-11.14.05-2.jpeg 576w\" sizes=\"auto, (max-width: 461px) 100vw, 461px\" \/><\/figure>\n\n\n\n<figure class=\"wp-block-image size-large\"><img loading=\"lazy\" decoding=\"async\" width=\"1024\" height=\"461\" data-id=\"2568\" src=\"https:\/\/escuelaespanaval.cl\/wp-content\/uploads\/2024\/04\/WhatsApp-Image-2024-04-10-at-11.14.05-3-1024x461.jpeg\" alt=\"\" class=\"wp-image-2568\" srcset=\"https:\/\/escuelaespanaval.cl\/wp-content\/uploads\/2024\/04\/WhatsApp-Image-2024-04-10-at-11.14.05-3-1024x461.jpeg 1024w, https:\/\/escuelaespanaval.cl\/wp-content\/uploads\/2024\/04\/WhatsApp-Image-2024-04-10-at-11.14.05-3-300x135.jpeg 300w, https:\/\/escuelaespanaval.cl\/wp-content\/uploads\/2024\/04\/WhatsApp-Image-2024-04-10-at-11.14.05-3-768x346.jpeg 768w, https:\/\/escuelaespanaval.cl\/wp-content\/uploads\/2024\/04\/WhatsApp-Image-2024-04-10-at-11.14.05-3.jpeg 1280w\" sizes=\"auto, (max-width: 1024px) 100vw, 1024px\" \/><\/figure>\n\n\n\n<figure class=\"wp-block-image size-large\"><img loading=\"lazy\" decoding=\"async\" width=\"461\" height=\"1024\" data-id=\"2569\" src=\"https:\/\/escuelaespanaval.cl\/wp-content\/uploads\/2024\/04\/WhatsApp-Image-2024-04-10-at-11.14.05-461x1024.jpeg\" alt=\"\" class=\"wp-image-2569\" srcset=\"https:\/\/escuelaespanaval.cl\/wp-content\/uploads\/2024\/04\/WhatsApp-Image-2024-04-10-at-11.14.05-461x1024.jpeg 461w, https:\/\/escuelaespanaval.cl\/wp-content\/uploads\/2024\/04\/WhatsApp-Image-2024-04-10-at-11.14.05-135x300.jpeg 135w, https:\/\/escuelaespanaval.cl\/wp-content\/uploads\/2024\/04\/WhatsApp-Image-2024-04-10-at-11.14.05.jpeg 576w\" sizes=\"auto, (max-width: 461px) 100vw, 461px\" \/><\/figure>\n\n\n\n<figure class=\"wp-block-image size-large\"><img loading=\"lazy\" decoding=\"async\" width=\"1024\" height=\"576\" data-id=\"2574\" src=\"https:\/\/escuelaespanaval.cl\/wp-content\/uploads\/2024\/04\/WhatsApp-Image-2024-04-10-at-11.14.06-1-1024x576.jpeg\" alt=\"\" class=\"wp-image-2574\" srcset=\"https:\/\/escuelaespanaval.cl\/wp-content\/uploads\/2024\/04\/WhatsApp-Image-2024-04-10-at-11.14.06-1-1024x576.jpeg 1024w, https:\/\/escuelaespanaval.cl\/wp-content\/uploads\/2024\/04\/WhatsApp-Image-2024-04-10-at-11.14.06-1-300x169.jpeg 300w, https:\/\/escuelaespanaval.cl\/wp-content\/uploads\/2024\/04\/WhatsApp-Image-2024-04-10-at-11.14.06-1-768x432.jpeg 768w, https:\/\/escuelaespanaval.cl\/wp-content\/uploads\/2024\/04\/WhatsApp-Image-2024-04-10-at-11.14.06-1.jpeg 1280w\" sizes=\"auto, (max-width: 1024px) 100vw, 1024px\" \/><\/figure>\n\n\n\n<figure class=\"wp-block-image size-large\"><img loading=\"lazy\" decoding=\"async\" width=\"1024\" height=\"576\" data-id=\"2570\" src=\"https:\/\/escuelaespanaval.cl\/wp-content\/uploads\/2024\/04\/WhatsApp-Image-2024-04-10-at-11.14.06-2-1024x576.jpeg\" alt=\"\" class=\"wp-image-2570\" srcset=\"https:\/\/escuelaespanaval.cl\/wp-content\/uploads\/2024\/04\/WhatsApp-Image-2024-04-10-at-11.14.06-2-1024x576.jpeg 1024w, https:\/\/escuelaespanaval.cl\/wp-content\/uploads\/2024\/04\/WhatsApp-Image-2024-04-10-at-11.14.06-2-300x169.jpeg 300w, https:\/\/escuelaespanaval.cl\/wp-content\/uploads\/2024\/04\/WhatsApp-Image-2024-04-10-at-11.14.06-2-768x432.jpeg 768w, https:\/\/escuelaespanaval.cl\/wp-content\/uploads\/2024\/04\/WhatsApp-Image-2024-04-10-at-11.14.06-2.jpeg 1280w\" sizes=\"auto, (max-width: 1024px) 100vw, 1024px\" \/><\/figure>\n\n\n\n<figure class=\"wp-block-image size-large\"><img loading=\"lazy\" decoding=\"async\" width=\"1024\" height=\"576\" data-id=\"2571\" src=\"https:\/\/escuelaespanaval.cl\/wp-content\/uploads\/2024\/04\/WhatsApp-Image-2024-04-10-at-11.14.06-3-1024x576.jpeg\" alt=\"\" class=\"wp-image-2571\" srcset=\"https:\/\/escuelaespanaval.cl\/wp-content\/uploads\/2024\/04\/WhatsApp-Image-2024-04-10-at-11.14.06-3-1024x576.jpeg 1024w, https:\/\/escuelaespanaval.cl\/wp-content\/uploads\/2024\/04\/WhatsApp-Image-2024-04-10-at-11.14.06-3-300x169.jpeg 300w, https:\/\/escuelaespanaval.cl\/wp-content\/uploads\/2024\/04\/WhatsApp-Image-2024-04-10-at-11.14.06-3-768x432.jpeg 768w, https:\/\/escuelaespanaval.cl\/wp-content\/uploads\/2024\/04\/WhatsApp-Image-2024-04-10-at-11.14.06-3.jpeg 1280w\" sizes=\"auto, (max-width: 1024px) 100vw, 1024px\" \/><\/figure>\n\n\n\n<figure class=\"wp-block-image size-large\"><img loading=\"lazy\" decoding=\"async\" width=\"1024\" height=\"576\" data-id=\"2572\" src=\"https:\/\/escuelaespanaval.cl\/wp-content\/uploads\/2024\/04\/WhatsApp-Image-2024-04-10-at-11.14.06-1024x576.jpeg\" alt=\"\" class=\"wp-image-2572\" srcset=\"https:\/\/escuelaespanaval.cl\/wp-content\/uploads\/2024\/04\/WhatsApp-Image-2024-04-10-at-11.14.06-1024x576.jpeg 1024w, https:\/\/escuelaespanaval.cl\/wp-content\/uploads\/2024\/04\/WhatsApp-Image-2024-04-10-at-11.14.06-300x169.jpeg 300w, https:\/\/escuelaespanaval.cl\/wp-content\/uploads\/2024\/04\/WhatsApp-Image-2024-04-10-at-11.14.06-768x432.jpeg 768w, https:\/\/escuelaespanaval.cl\/wp-content\/uploads\/2024\/04\/WhatsApp-Image-2024-04-10-at-11.14.06.jpeg 1280w\" sizes=\"auto, (max-width: 1024px) 100vw, 1024px\" \/><\/figure>\n\n\n\n<figure class=\"wp-block-image size-large\"><img loading=\"lazy\" decoding=\"async\" width=\"1024\" height=\"576\" data-id=\"2575\" src=\"https:\/\/escuelaespanaval.cl\/wp-content\/uploads\/2024\/04\/WhatsApp-Image-2024-04-10-at-11.15.05-1024x576.jpeg\" alt=\"\" class=\"wp-image-2575\" srcset=\"https:\/\/escuelaespanaval.cl\/wp-content\/uploads\/2024\/04\/WhatsApp-Image-2024-04-10-at-11.15.05-1024x576.jpeg 1024w, https:\/\/escuelaespanaval.cl\/wp-content\/uploads\/2024\/04\/WhatsApp-Image-2024-04-10-at-11.15.05-300x169.jpeg 300w, https:\/\/escuelaespanaval.cl\/wp-content\/uploads\/2024\/04\/WhatsApp-Image-2024-04-10-at-11.15.05-768x432.jpeg 768w, https:\/\/escuelaespanaval.cl\/wp-content\/uploads\/2024\/04\/WhatsApp-Image-2024-04-10-at-11.15.05.jpeg 1280w\" sizes=\"auto, (max-width: 1024px) 100vw, 1024px\" \/><\/figure>\n\n\n\n<figure class=\"wp-block-image size-large\"><img loading=\"lazy\" decoding=\"async\" width=\"1024\" height=\"461\" data-id=\"2566\" src=\"https:\/\/escuelaespanaval.cl\/wp-content\/uploads\/2024\/04\/WhatsApp-Image-2024-04-10-at-11.15.07-1-1024x461.jpeg\" alt=\"\" class=\"wp-image-2566\" srcset=\"https:\/\/escuelaespanaval.cl\/wp-content\/uploads\/2024\/04\/WhatsApp-Image-2024-04-10-at-11.15.07-1-1024x461.jpeg 1024w, https:\/\/escuelaespanaval.cl\/wp-content\/uploads\/2024\/04\/WhatsApp-Image-2024-04-10-at-11.15.07-1-300x135.jpeg 300w, https:\/\/escuelaespanaval.cl\/wp-content\/uploads\/2024\/04\/WhatsApp-Image-2024-04-10-at-11.15.07-1-768x346.jpeg 768w, https:\/\/escuelaespanaval.cl\/wp-content\/uploads\/2024\/04\/WhatsApp-Image-2024-04-10-at-11.15.07-1.jpeg 1280w\" sizes=\"auto, (max-width: 1024px) 100vw, 1024px\" \/><\/figure>\n\n\n\n<figure class=\"wp-block-image size-large\"><img loading=\"lazy\" decoding=\"async\" width=\"1024\" height=\"576\" data-id=\"2565\" src=\"https:\/\/escuelaespanaval.cl\/wp-content\/uploads\/2024\/04\/WhatsApp-Image-2024-04-10-at-11.15.07-2-1024x576.jpeg\" alt=\"\" class=\"wp-image-2565\" srcset=\"https:\/\/escuelaespanaval.cl\/wp-content\/uploads\/2024\/04\/WhatsApp-Image-2024-04-10-at-11.15.07-2-1024x576.jpeg 1024w, https:\/\/escuelaespanaval.cl\/wp-content\/uploads\/2024\/04\/WhatsApp-Image-2024-04-10-at-11.15.07-2-300x169.jpeg 300w, https:\/\/escuelaespanaval.cl\/wp-content\/uploads\/2024\/04\/WhatsApp-Image-2024-04-10-at-11.15.07-2-768x432.jpeg 768w, https:\/\/escuelaespanaval.cl\/wp-content\/uploads\/2024\/04\/WhatsApp-Image-2024-04-10-at-11.15.07-2.jpeg 1280w\" sizes=\"auto, (max-width: 1024px) 100vw, 1024px\" \/><\/figure>\n<\/figure>\n","protected":false},"excerpt":{"rendered":"","protected":false},"author":1,"featured_media":2570,"comment_status":"closed","ping_status":"open","sticky":false,"template":"","format":"standard","meta":{"_monsterinsights_skip_tracking":false,"_monsterinsights_sitenote_active":false,"_monsterinsights_sitenote_note":"","_monsterinsights_sitenote_category":0,"site-container-style":"default","site-container-layout":"default","site-sidebar-layout":"default","disable-article-header":"default","disable-site-header":"default","disable-site-footer":"default","disable-content-area-spacing":"default","footnotes":""},"categories":[6],"tags":[],"class_list":["post-2563","post","type-post","status-publish","format-standard","has-post-thumbnail","hentry","category-actividades"],"yoast_head":"<!-- This site is optimized with the Yoast SEO plugin v27.1.1 - https:\/\/yoast.com\/product\/yoast-seo-wordpress\/ -->\n<title>Aperitivo Literario &quot;Entre letras y m\u00fasica &quot; Cuentacuento &quot;Luch\u00edn&quot; de V\u00edctor Jara. - Escuela Espa\u00f1a<\/title>\n<meta name=\"robots\" content=\"index, follow, max-snippet:-1, max-image-preview:large, max-video-preview:-1\" \/>\n<link rel=\"canonical\" href=\"https:\/\/escuelaespanaval.cl\/?p=2563\" \/>\n<meta property=\"og:locale\" content=\"es_ES\" \/>\n<meta property=\"og:type\" content=\"article\" \/>\n<meta property=\"og:title\" content=\"Aperitivo Literario &quot;Entre letras y m\u00fasica &quot; Cuentatacuento &quot;Luch\u00edn&quot; de V\u00edctor Jara.\" \/>\n<meta property=\"og:url\" content=\"https:\/\/escuelaespanaval.cl\/?p=2563\" \/>\n<meta property=\"og:site_name\" content=\"Escuela Espa\u00f1a\" \/>\n<meta property=\"article:publisher\" content=\"https:\/\/www.facebook.com\/escuelaespanavald\" \/>\n<meta property=\"article:published_time\" content=\"2024-04-12T16:59:22+00:00\" \/>\n<meta property=\"article:modified_time\" content=\"2024-04-12T16:59:23+00:00\" \/>\n<meta property=\"og:image\" content=\"https:\/\/escuelaespanaval.cl\/wp-content\/uploads\/2024\/04\/WhatsApp-Image-2024-04-10-at-11.14.06-2.jpeg\" \/>\n\t<meta property=\"og:image:width\" content=\"1280\" \/>\n\t<meta property=\"og:image:height\" content=\"720\" \/>\n\t<meta property=\"og:image:type\" content=\"image\/jpeg\" \/>\n<meta name=\"author\" content=\"Administrador\" \/>\n<meta name=\"twitter:card\" content=\"summary_large_image\" \/>\n<meta name=\"twitter:label1\" content=\"Escrito por\" \/>\n\t<meta name=\"twitter:data1\" content=\"Administrador\" \/>\n\t<meta name=\"twitter:label2\" content=\"Tiempo de lectura\" \/>\n\t<meta name=\"twitter:data2\" content=\"3 minutos\" \/>\n<script type=\"application\/ld+json\" class=\"yoast-schema-graph\">{\"@context\":\"https:\/\/schema.org\",\"@graph\":[{\"@type\":\"Article\",\"@id\":\"https:\/\/escuelaespanaval.cl\/?p=2563#article\",\"isPartOf\":{\"@id\":\"https:\/\/escuelaespanaval.cl\/?p=2563\"},\"author\":{\"name\":\"Administrador\",\"@id\":\"https:\/\/escuelaespanaval.cl\/#\/schema\/person\/b8dc96fec133a948c2114bb5cba3ca1a\"},\"headline\":\"Aperitivo Literario \u00abEntre letras y m\u00fasica \u00bb Cuentacuento \u00abLuch\u00edn\u00bb de V\u00edctor Jara.\",\"datePublished\":\"2024-04-12T16:59:22+00:00\",\"dateModified\":\"2024-04-12T16:59:23+00:00\",\"mainEntityOfPage\":{\"@id\":\"https:\/\/escuelaespanaval.cl\/?p=2563\"},\"wordCount\":14,\"publisher\":{\"@id\":\"https:\/\/escuelaespanaval.cl\/#organization\"},\"image\":{\"@id\":\"https:\/\/escuelaespanaval.cl\/?p=2563#primaryimage\"},\"thumbnailUrl\":\"https:\/\/escuelaespanaval.cl\/wp-content\/uploads\/2024\/04\/WhatsApp-Image-2024-04-10-at-11.14.06-2.jpeg\",\"articleSection\":[\"Actividades\"],\"inLanguage\":\"es\"},{\"@type\":\"WebPage\",\"@id\":\"https:\/\/escuelaespanaval.cl\/?p=2563\",\"url\":\"https:\/\/escuelaespanaval.cl\/?p=2563\",\"name\":\"Aperitivo Literario \\\"Entre letras y m\u00fasica \\\" Cuentacuento \\\"Luch\u00edn\\\" de V\u00edctor Jara. - Escuela Espa\u00f1a\",\"isPartOf\":{\"@id\":\"https:\/\/escuelaespanaval.cl\/#website\"},\"primaryImageOfPage\":{\"@id\":\"https:\/\/escuelaespanaval.cl\/?p=2563#primaryimage\"},\"image\":{\"@id\":\"https:\/\/escuelaespanaval.cl\/?p=2563#primaryimage\"},\"thumbnailUrl\":\"https:\/\/escuelaespanaval.cl\/wp-content\/uploads\/2024\/04\/WhatsApp-Image-2024-04-10-at-11.14.06-2.jpeg\",\"datePublished\":\"2024-04-12T16:59:22+00:00\",\"dateModified\":\"2024-04-12T16:59:23+00:00\",\"breadcrumb\":{\"@id\":\"https:\/\/escuelaespanaval.cl\/?p=2563#breadcrumb\"},\"inLanguage\":\"es\",\"potentialAction\":[{\"@type\":\"ReadAction\",\"target\":[\"https:\/\/escuelaespanaval.cl\/?p=2563\"]}]},{\"@type\":\"ImageObject\",\"inLanguage\":\"es\",\"@id\":\"https:\/\/escuelaespanaval.cl\/?p=2563#primaryimage\",\"url\":\"https:\/\/escuelaespanaval.cl\/wp-content\/uploads\/2024\/04\/WhatsApp-Image-2024-04-10-at-11.14.06-2.jpeg\",\"contentUrl\":\"https:\/\/escuelaespanaval.cl\/wp-content\/uploads\/2024\/04\/WhatsApp-Image-2024-04-10-at-11.14.06-2.jpeg\",\"width\":1280,\"height\":720},{\"@type\":\"BreadcrumbList\",\"@id\":\"https:\/\/escuelaespanaval.cl\/?p=2563#breadcrumb\",\"itemListElement\":[{\"@type\":\"ListItem\",\"position\":1,\"name\":\"Portada\",\"item\":\"https:\/\/escuelaespanaval.cl\/\"},{\"@type\":\"ListItem\",\"position\":2,\"name\":\"Aperitivo Literario \u00abEntre letras y m\u00fasica \u00bb Cuentacuento \u00abLuch\u00edn\u00bb de V\u00edctor Jara.\"}]},{\"@type\":\"WebSite\",\"@id\":\"https:\/\/escuelaespanaval.cl\/#website\",\"url\":\"https:\/\/escuelaespanaval.cl\/\",\"name\":\"Escuela Espa\u00f1a\",\"description\":\"Valdivia\",\"publisher\":{\"@id\":\"https:\/\/escuelaespanaval.cl\/#organization\"},\"potentialAction\":[{\"@type\":\"SearchAction\",\"target\":{\"@type\":\"EntryPoint\",\"urlTemplate\":\"https:\/\/escuelaespanaval.cl\/?s={search_term_string}\"},\"query-input\":{\"@type\":\"PropertyValueSpecification\",\"valueRequired\":true,\"valueName\":\"search_term_string\"}}],\"inLanguage\":\"es\"},{\"@type\":\"Organization\",\"@id\":\"https:\/\/escuelaespanaval.cl\/#organization\",\"name\":\"Escuela Espa\u00f1a\",\"url\":\"https:\/\/escuelaespanaval.cl\/\",\"logo\":{\"@type\":\"ImageObject\",\"inLanguage\":\"es\",\"@id\":\"https:\/\/escuelaespanaval.cl\/#\/schema\/logo\/image\/\",\"url\":\"https:\/\/escuelaespanaval.cl\/wp-content\/uploads\/2020\/12\/LOGO_ESCUELA.png\",\"contentUrl\":\"https:\/\/escuelaespanaval.cl\/wp-content\/uploads\/2020\/12\/LOGO_ESCUELA.png\",\"width\":1550,\"height\":2402,\"caption\":\"Escuela Espa\u00f1a\"},\"image\":{\"@id\":\"https:\/\/escuelaespanaval.cl\/#\/schema\/logo\/image\/\"},\"sameAs\":[\"https:\/\/www.facebook.com\/escuelaespanavald\",\"https:\/\/www.youtube.com\/@escuelaespanavaldivia97\"]},{\"@type\":\"Person\",\"@id\":\"https:\/\/escuelaespanaval.cl\/#\/schema\/person\/b8dc96fec133a948c2114bb5cba3ca1a\",\"name\":\"Administrador\",\"image\":{\"@type\":\"ImageObject\",\"inLanguage\":\"es\",\"@id\":\"https:\/\/escuelaespanaval.cl\/#\/schema\/person\/image\/\",\"url\":\"https:\/\/secure.gravatar.com\/avatar\/1a4537f0b323ae38f6776eb293038a2af5616bfe3d24bf6be540f254d895dd45?s=96&d=mm&r=g\",\"contentUrl\":\"https:\/\/secure.gravatar.com\/avatar\/1a4537f0b323ae38f6776eb293038a2af5616bfe3d24bf6be540f254d895dd45?s=96&d=mm&r=g\",\"caption\":\"Administrador\"},\"sameAs\":[\"https:\/\/escuelaespanaval.cl\/wp\"],\"url\":\"https:\/\/escuelaespanaval.cl\/?author=1\"}]}<\/script>\n<!-- \/ Yoast SEO plugin. -->","yoast_head_json":{"title":"Aperitivo Literario \"Entre letras y m\u00fasica \" Cuentacuento \"Luch\u00edn\" de V\u00edctor Jara. - Escuela Espa\u00f1a","robots":{"index":"index","follow":"follow","max-snippet":"max-snippet:-1","max-image-preview":"max-image-preview:large","max-video-preview":"max-video-preview:-1"},"canonical":"https:\/\/escuelaespanaval.cl\/?p=2563","og_locale":"es_ES","og_type":"article","og_title":"Aperitivo Literario \"Entre letras y m\u00fasica \" Cuentatacuento \"Luch\u00edn\" de V\u00edctor Jara.","og_url":"https:\/\/escuelaespanaval.cl\/?p=2563","og_site_name":"Escuela Espa\u00f1a","article_publisher":"https:\/\/www.facebook.com\/escuelaespanavald","article_published_time":"2024-04-12T16:59:22+00:00","article_modified_time":"2024-04-12T16:59:23+00:00","og_image":[{"width":1280,"height":720,"url":"https:\/\/escuelaespanaval.cl\/wp-content\/uploads\/2024\/04\/WhatsApp-Image-2024-04-10-at-11.14.06-2.jpeg","type":"image\/jpeg"}],"author":"Administrador","twitter_card":"summary_large_image","twitter_misc":{"Escrito por":"Administrador","Tiempo de lectura":"3 minutos"},"schema":{"@context":"https:\/\/schema.org","@graph":[{"@type":"Article","@id":"https:\/\/escuelaespanaval.cl\/?p=2563#article","isPartOf":{"@id":"https:\/\/escuelaespanaval.cl\/?p=2563"},"author":{"name":"Administrador","@id":"https:\/\/escuelaespanaval.cl\/#\/schema\/person\/b8dc96fec133a948c2114bb5cba3ca1a"},"headline":"Aperitivo Literario \u00abEntre letras y m\u00fasica \u00bb Cuentacuento \u00abLuch\u00edn\u00bb de V\u00edctor Jara.","datePublished":"2024-04-12T16:59:22+00:00","dateModified":"2024-04-12T16:59:23+00:00","mainEntityOfPage":{"@id":"https:\/\/escuelaespanaval.cl\/?p=2563"},"wordCount":14,"publisher":{"@id":"https:\/\/escuelaespanaval.cl\/#organization"},"image":{"@id":"https:\/\/escuelaespanaval.cl\/?p=2563#primaryimage"},"thumbnailUrl":"https:\/\/escuelaespanaval.cl\/wp-content\/uploads\/2024\/04\/WhatsApp-Image-2024-04-10-at-11.14.06-2.jpeg","articleSection":["Actividades"],"inLanguage":"es"},{"@type":"WebPage","@id":"https:\/\/escuelaespanaval.cl\/?p=2563","url":"https:\/\/escuelaespanaval.cl\/?p=2563","name":"Aperitivo Literario \"Entre letras y m\u00fasica \" Cuentacuento \"Luch\u00edn\" de V\u00edctor Jara. - Escuela Espa\u00f1a","isPartOf":{"@id":"https:\/\/escuelaespanaval.cl\/#website"},"primaryImageOfPage":{"@id":"https:\/\/escuelaespanaval.cl\/?p=2563#primaryimage"},"image":{"@id":"https:\/\/escuelaespanaval.cl\/?p=2563#primaryimage"},"thumbnailUrl":"https:\/\/escuelaespanaval.cl\/wp-content\/uploads\/2024\/04\/WhatsApp-Image-2024-04-10-at-11.14.06-2.jpeg","datePublished":"2024-04-12T16:59:22+00:00","dateModified":"2024-04-12T16:59:23+00:00","breadcrumb":{"@id":"https:\/\/escuelaespanaval.cl\/?p=2563#breadcrumb"},"inLanguage":"es","potentialAction":[{"@type":"ReadAction","target":["https:\/\/escuelaespanaval.cl\/?p=2563"]}]},{"@type":"ImageObject","inLanguage":"es","@id":"https:\/\/escuelaespanaval.cl\/?p=2563#primaryimage","url":"https:\/\/escuelaespanaval.cl\/wp-content\/uploads\/2024\/04\/WhatsApp-Image-2024-04-10-at-11.14.06-2.jpeg","contentUrl":"https:\/\/escuelaespanaval.cl\/wp-content\/uploads\/2024\/04\/WhatsApp-Image-2024-04-10-at-11.14.06-2.jpeg","width":1280,"height":720},{"@type":"BreadcrumbList","@id":"https:\/\/escuelaespanaval.cl\/?p=2563#breadcrumb","itemListElement":[{"@type":"ListItem","position":1,"name":"Portada","item":"https:\/\/escuelaespanaval.cl\/"},{"@type":"ListItem","position":2,"name":"Aperitivo Literario \u00abEntre letras y m\u00fasica \u00bb Cuentacuento \u00abLuch\u00edn\u00bb de V\u00edctor Jara."}]},{"@type":"WebSite","@id":"https:\/\/escuelaespanaval.cl\/#website","url":"https:\/\/escuelaespanaval.cl\/","name":"Escuela Espa\u00f1a","description":"Valdivia","publisher":{"@id":"https:\/\/escuelaespanaval.cl\/#organization"},"potentialAction":[{"@type":"SearchAction","target":{"@type":"EntryPoint","urlTemplate":"https:\/\/escuelaespanaval.cl\/?s={search_term_string}"},"query-input":{"@type":"PropertyValueSpecification","valueRequired":true,"valueName":"search_term_string"}}],"inLanguage":"es"},{"@type":"Organization","@id":"https:\/\/escuelaespanaval.cl\/#organization","name":"Escuela Espa\u00f1a","url":"https:\/\/escuelaespanaval.cl\/","logo":{"@type":"ImageObject","inLanguage":"es","@id":"https:\/\/escuelaespanaval.cl\/#\/schema\/logo\/image\/","url":"https:\/\/escuelaespanaval.cl\/wp-content\/uploads\/2020\/12\/LOGO_ESCUELA.png","contentUrl":"https:\/\/escuelaespanaval.cl\/wp-content\/uploads\/2020\/12\/LOGO_ESCUELA.png","width":1550,"height":2402,"caption":"Escuela Espa\u00f1a"},"image":{"@id":"https:\/\/escuelaespanaval.cl\/#\/schema\/logo\/image\/"},"sameAs":["https:\/\/www.facebook.com\/escuelaespanavald","https:\/\/www.youtube.com\/@escuelaespanavaldivia97"]},{"@type":"Person","@id":"https:\/\/escuelaespanaval.cl\/#\/schema\/person\/b8dc96fec133a948c2114bb5cba3ca1a","name":"Administrador","image":{"@type":"ImageObject","inLanguage":"es","@id":"https:\/\/escuelaespanaval.cl\/#\/schema\/person\/image\/","url":"https:\/\/secure.gravatar.com\/avatar\/1a4537f0b323ae38f6776eb293038a2af5616bfe3d24bf6be540f254d895dd45?s=96&d=mm&r=g","contentUrl":"https:\/\/secure.gravatar.com\/avatar\/1a4537f0b323ae38f6776eb293038a2af5616bfe3d24bf6be540f254d895dd45?s=96&d=mm&r=g","caption":"Administrador"},"sameAs":["https:\/\/escuelaespanaval.cl\/wp"],"url":"https:\/\/escuelaespanaval.cl\/?author=1"}]}},"_links":{"self":[{"href":"https:\/\/escuelaespanaval.cl\/index.php?rest_route=\/wp\/v2\/posts\/2563","targetHints":{"allow":["GET"]}}],"collection":[{"href":"https:\/\/escuelaespanaval.cl\/index.php?rest_route=\/wp\/v2\/posts"}],"about":[{"href":"https:\/\/escuelaespanaval.cl\/index.php?rest_route=\/wp\/v2\/types\/post"}],"author":[{"embeddable":true,"href":"https:\/\/escuelaespanaval.cl\/index.php?rest_route=\/wp\/v2\/users\/1"}],"replies":[{"embeddable":true,"href":"https:\/\/escuelaespanaval.cl\/index.php?rest_route=%2Fwp%2Fv2%2Fcomments&post=2563"}],"version-history":[{"count":1,"href":"https:\/\/escuelaespanaval.cl\/index.php?rest_route=\/wp\/v2\/posts\/2563\/revisions"}],"predecessor-version":[{"id":2576,"href":"https:\/\/escuelaespanaval.cl\/index.php?rest_route=\/wp\/v2\/posts\/2563\/revisions\/2576"}],"wp:featuredmedia":[{"embeddable":true,"href":"https:\/\/escuelaespanaval.cl\/index.php?rest_route=\/wp\/v2\/media\/2570"}],"wp:attachment":[{"href":"https:\/\/escuelaespanaval.cl\/index.php?rest_route=%2Fwp%2Fv2%2Fmedia&parent=2563"}],"wp:term":[{"taxonomy":"category","embeddable":true,"href":"https:\/\/escuelaespanaval.cl\/index.php?rest_route=%2Fwp%2Fv2%2Fcategories&post=2563"},{"taxonomy":"post_tag","embeddable":true,"href":"https:\/\/escuelaespanaval.cl\/index.php?rest_route=%2Fwp%2Fv2%2Ftags&post=2563"}],"curies":[{"name":"wp","href":"https:\/\/api.w.org\/{rel}","templated":true}]}}