{"id":239,"date":"2019-03-25T20:06:00","date_gmt":"2019-03-25T20:06:00","guid":{"rendered":"https:\/\/escuelaespanaval.cl\/wp\/?p=239"},"modified":"2020-12-12T20:10:04","modified_gmt":"2020-12-12T20:10:04","slug":"dia-internacional-de-la-eliminacion-de-la-discriminacion-racial","status":"publish","type":"post","link":"https:\/\/escuelaespanaval.cl\/?p=239","title":{"rendered":"D\u00eda Internacional de la Eliminaci\u00f3n de la Discriminaci\u00f3n Racial"},"content":{"rendered":"\n<p>El d\u00eda Lunes 25 de Marzo se llevo acabo el Acto del D\u00eda Internacional de la Eliminaci\u00f3n de la Discriminaci\u00f3n Racial a cargo del 7\u00b0 \u00abA\u00bb<\/p>\n\n\n\n<figure class=\"wp-block-gallery columns-3 is-cropped wp-block-gallery-1 is-layout-flex wp-block-gallery-is-layout-flex\"><ul class=\"blocks-gallery-grid\"><li class=\"blocks-gallery-item\"><figure><img loading=\"lazy\" decoding=\"async\" width=\"1024\" height=\"768\" src=\"https:\/\/escuelaespanaval.cl\/wp\/wp-content\/uploads\/2020\/12\/IMG_5178-1024x768.jpg\" alt=\"\" data-id=\"241\" data-full-url=\"https:\/\/escuelaespanaval.cl\/wp\/wp-content\/uploads\/2020\/12\/IMG_5178-scaled.jpg\" data-link=\"https:\/\/escuelaespanaval.cl\/wp\/?attachment_id=241\" class=\"wp-image-241\" srcset=\"https:\/\/escuelaespanaval.cl\/wp-content\/uploads\/2020\/12\/IMG_5178-1024x768.jpg 1024w, https:\/\/escuelaespanaval.cl\/wp-content\/uploads\/2020\/12\/IMG_5178-300x225.jpg 300w, https:\/\/escuelaespanaval.cl\/wp-content\/uploads\/2020\/12\/IMG_5178-768x576.jpg 768w, https:\/\/escuelaespanaval.cl\/wp-content\/uploads\/2020\/12\/IMG_5178-1536x1152.jpg 1536w, https:\/\/escuelaespanaval.cl\/wp-content\/uploads\/2020\/12\/IMG_5178-2048x1536.jpg 2048w, https:\/\/escuelaespanaval.cl\/wp-content\/uploads\/2020\/12\/IMG_5178-510x382.jpg 510w, https:\/\/escuelaespanaval.cl\/wp-content\/uploads\/2020\/12\/IMG_5178-1080x810.jpg 1080w, https:\/\/escuelaespanaval.cl\/wp-content\/uploads\/2020\/12\/IMG_5178-1280x960.jpg 1280w, https:\/\/escuelaespanaval.cl\/wp-content\/uploads\/2020\/12\/IMG_5178-980x735.jpg 980w, https:\/\/escuelaespanaval.cl\/wp-content\/uploads\/2020\/12\/IMG_5178-480x360.jpg 480w\" sizes=\"auto, (max-width: 1024px) 100vw, 1024px\" \/><\/figure><\/li><li class=\"blocks-gallery-item\"><figure><img loading=\"lazy\" decoding=\"async\" width=\"1024\" height=\"768\" src=\"https:\/\/escuelaespanaval.cl\/wp\/wp-content\/uploads\/2020\/12\/IMG_5179-1024x768.jpg\" alt=\"\" data-id=\"242\" data-full-url=\"https:\/\/escuelaespanaval.cl\/wp\/wp-content\/uploads\/2020\/12\/IMG_5179-scaled.jpg\" data-link=\"https:\/\/escuelaespanaval.cl\/wp\/?attachment_id=242\" class=\"wp-image-242\" srcset=\"https:\/\/escuelaespanaval.cl\/wp-content\/uploads\/2020\/12\/IMG_5179-1024x768.jpg 1024w, https:\/\/escuelaespanaval.cl\/wp-content\/uploads\/2020\/12\/IMG_5179-300x225.jpg 300w, https:\/\/escuelaespanaval.cl\/wp-content\/uploads\/2020\/12\/IMG_5179-768x576.jpg 768w, https:\/\/escuelaespanaval.cl\/wp-content\/uploads\/2020\/12\/IMG_5179-1536x1152.jpg 1536w, https:\/\/escuelaespanaval.cl\/wp-content\/uploads\/2020\/12\/IMG_5179-2048x1536.jpg 2048w, https:\/\/escuelaespanaval.cl\/wp-content\/uploads\/2020\/12\/IMG_5179-510x382.jpg 510w, https:\/\/escuelaespanaval.cl\/wp-content\/uploads\/2020\/12\/IMG_5179-1080x810.jpg 1080w, https:\/\/escuelaespanaval.cl\/wp-content\/uploads\/2020\/12\/IMG_5179-1280x960.jpg 1280w, https:\/\/escuelaespanaval.cl\/wp-content\/uploads\/2020\/12\/IMG_5179-980x735.jpg 980w, https:\/\/escuelaespanaval.cl\/wp-content\/uploads\/2020\/12\/IMG_5179-480x360.jpg 480w\" sizes=\"auto, (max-width: 1024px) 100vw, 1024px\" \/><\/figure><\/li><li class=\"blocks-gallery-item\"><figure><img loading=\"lazy\" decoding=\"async\" width=\"1024\" height=\"768\" src=\"https:\/\/escuelaespanaval.cl\/wp\/wp-content\/uploads\/2020\/12\/IMG_5182-1024x768.jpg\" alt=\"\" data-id=\"244\" data-full-url=\"https:\/\/escuelaespanaval.cl\/wp\/wp-content\/uploads\/2020\/12\/IMG_5182-scaled.jpg\" data-link=\"https:\/\/escuelaespanaval.cl\/wp\/?attachment_id=244\" class=\"wp-image-244\" srcset=\"https:\/\/escuelaespanaval.cl\/wp-content\/uploads\/2020\/12\/IMG_5182-1024x768.jpg 1024w, https:\/\/escuelaespanaval.cl\/wp-content\/uploads\/2020\/12\/IMG_5182-300x225.jpg 300w, https:\/\/escuelaespanaval.cl\/wp-content\/uploads\/2020\/12\/IMG_5182-768x576.jpg 768w, https:\/\/escuelaespanaval.cl\/wp-content\/uploads\/2020\/12\/IMG_5182-1536x1152.jpg 1536w, https:\/\/escuelaespanaval.cl\/wp-content\/uploads\/2020\/12\/IMG_5182-2048x1536.jpg 2048w, https:\/\/escuelaespanaval.cl\/wp-content\/uploads\/2020\/12\/IMG_5182-510x382.jpg 510w, https:\/\/escuelaespanaval.cl\/wp-content\/uploads\/2020\/12\/IMG_5182-1080x810.jpg 1080w, https:\/\/escuelaespanaval.cl\/wp-content\/uploads\/2020\/12\/IMG_5182-1280x960.jpg 1280w, https:\/\/escuelaespanaval.cl\/wp-content\/uploads\/2020\/12\/IMG_5182-980x735.jpg 980w, https:\/\/escuelaespanaval.cl\/wp-content\/uploads\/2020\/12\/IMG_5182-480x360.jpg 480w\" sizes=\"auto, (max-width: 1024px) 100vw, 1024px\" \/><\/figure><\/li><li class=\"blocks-gallery-item\"><figure><img loading=\"lazy\" decoding=\"async\" width=\"1024\" height=\"768\" src=\"https:\/\/escuelaespanaval.cl\/wp\/wp-content\/uploads\/2020\/12\/IMG_5183-1024x768.jpg\" alt=\"\" data-id=\"245\" data-full-url=\"https:\/\/escuelaespanaval.cl\/wp\/wp-content\/uploads\/2020\/12\/IMG_5183-scaled.jpg\" data-link=\"https:\/\/escuelaespanaval.cl\/wp\/?attachment_id=245\" class=\"wp-image-245\" srcset=\"https:\/\/escuelaespanaval.cl\/wp-content\/uploads\/2020\/12\/IMG_5183-1024x768.jpg 1024w, https:\/\/escuelaespanaval.cl\/wp-content\/uploads\/2020\/12\/IMG_5183-300x225.jpg 300w, https:\/\/escuelaespanaval.cl\/wp-content\/uploads\/2020\/12\/IMG_5183-768x576.jpg 768w, https:\/\/escuelaespanaval.cl\/wp-content\/uploads\/2020\/12\/IMG_5183-1536x1152.jpg 1536w, https:\/\/escuelaespanaval.cl\/wp-content\/uploads\/2020\/12\/IMG_5183-2048x1536.jpg 2048w, https:\/\/escuelaespanaval.cl\/wp-content\/uploads\/2020\/12\/IMG_5183-510x382.jpg 510w, https:\/\/escuelaespanaval.cl\/wp-content\/uploads\/2020\/12\/IMG_5183-1080x810.jpg 1080w, https:\/\/escuelaespanaval.cl\/wp-content\/uploads\/2020\/12\/IMG_5183-1280x960.jpg 1280w, https:\/\/escuelaespanaval.cl\/wp-content\/uploads\/2020\/12\/IMG_5183-980x735.jpg 980w, https:\/\/escuelaespanaval.cl\/wp-content\/uploads\/2020\/12\/IMG_5183-480x360.jpg 480w\" sizes=\"auto, (max-width: 1024px) 100vw, 1024px\" \/><\/figure><\/li><li class=\"blocks-gallery-item\"><figure><img loading=\"lazy\" decoding=\"async\" width=\"1024\" height=\"768\" src=\"https:\/\/escuelaespanaval.cl\/wp\/wp-content\/uploads\/2020\/12\/IMG_5187-1024x768.jpg\" alt=\"\" data-id=\"246\" data-full-url=\"https:\/\/escuelaespanaval.cl\/wp\/wp-content\/uploads\/2020\/12\/IMG_5187-scaled.jpg\" data-link=\"https:\/\/escuelaespanaval.cl\/wp\/?attachment_id=246\" class=\"wp-image-246\" srcset=\"https:\/\/escuelaespanaval.cl\/wp-content\/uploads\/2020\/12\/IMG_5187-1024x768.jpg 1024w, https:\/\/escuelaespanaval.cl\/wp-content\/uploads\/2020\/12\/IMG_5187-300x225.jpg 300w, https:\/\/escuelaespanaval.cl\/wp-content\/uploads\/2020\/12\/IMG_5187-768x576.jpg 768w, https:\/\/escuelaespanaval.cl\/wp-content\/uploads\/2020\/12\/IMG_5187-1536x1152.jpg 1536w, https:\/\/escuelaespanaval.cl\/wp-content\/uploads\/2020\/12\/IMG_5187-2048x1536.jpg 2048w, https:\/\/escuelaespanaval.cl\/wp-content\/uploads\/2020\/12\/IMG_5187-510x382.jpg 510w, https:\/\/escuelaespanaval.cl\/wp-content\/uploads\/2020\/12\/IMG_5187-1080x810.jpg 1080w, https:\/\/escuelaespanaval.cl\/wp-content\/uploads\/2020\/12\/IMG_5187-1280x960.jpg 1280w, https:\/\/escuelaespanaval.cl\/wp-content\/uploads\/2020\/12\/IMG_5187-980x735.jpg 980w, https:\/\/escuelaespanaval.cl\/wp-content\/uploads\/2020\/12\/IMG_5187-480x360.jpg 480w\" sizes=\"auto, (max-width: 1024px) 100vw, 1024px\" \/><\/figure><\/li><li class=\"blocks-gallery-item\"><figure><img loading=\"lazy\" decoding=\"async\" width=\"1024\" height=\"768\" src=\"https:\/\/escuelaespanaval.cl\/wp\/wp-content\/uploads\/2020\/12\/IMG_5188-1024x768.jpg\" alt=\"\" data-id=\"247\" data-full-url=\"https:\/\/escuelaespanaval.cl\/wp\/wp-content\/uploads\/2020\/12\/IMG_5188-scaled.jpg\" data-link=\"https:\/\/escuelaespanaval.cl\/wp\/?attachment_id=247\" class=\"wp-image-247\" srcset=\"https:\/\/escuelaespanaval.cl\/wp-content\/uploads\/2020\/12\/IMG_5188-1024x768.jpg 1024w, https:\/\/escuelaespanaval.cl\/wp-content\/uploads\/2020\/12\/IMG_5188-300x225.jpg 300w, https:\/\/escuelaespanaval.cl\/wp-content\/uploads\/2020\/12\/IMG_5188-768x576.jpg 768w, https:\/\/escuelaespanaval.cl\/wp-content\/uploads\/2020\/12\/IMG_5188-1536x1152.jpg 1536w, https:\/\/escuelaespanaval.cl\/wp-content\/uploads\/2020\/12\/IMG_5188-2048x1536.jpg 2048w, https:\/\/escuelaespanaval.cl\/wp-content\/uploads\/2020\/12\/IMG_5188-510x382.jpg 510w, https:\/\/escuelaespanaval.cl\/wp-content\/uploads\/2020\/12\/IMG_5188-1080x810.jpg 1080w, https:\/\/escuelaespanaval.cl\/wp-content\/uploads\/2020\/12\/IMG_5188-1280x960.jpg 1280w, https:\/\/escuelaespanaval.cl\/wp-content\/uploads\/2020\/12\/IMG_5188-980x735.jpg 980w, https:\/\/escuelaespanaval.cl\/wp-content\/uploads\/2020\/12\/IMG_5188-480x360.jpg 480w\" sizes=\"auto, (max-width: 1024px) 100vw, 1024px\" \/><\/figure><\/li><li class=\"blocks-gallery-item\"><figure><img loading=\"lazy\" decoding=\"async\" width=\"1024\" height=\"768\" src=\"https:\/\/escuelaespanaval.cl\/wp\/wp-content\/uploads\/2020\/12\/IMG_5189-1024x768.jpg\" alt=\"\" data-id=\"248\" data-full-url=\"https:\/\/escuelaespanaval.cl\/wp\/wp-content\/uploads\/2020\/12\/IMG_5189-scaled.jpg\" data-link=\"https:\/\/escuelaespanaval.cl\/wp\/?attachment_id=248\" class=\"wp-image-248\" srcset=\"https:\/\/escuelaespanaval.cl\/wp-content\/uploads\/2020\/12\/IMG_5189-1024x768.jpg 1024w, https:\/\/escuelaespanaval.cl\/wp-content\/uploads\/2020\/12\/IMG_5189-300x225.jpg 300w, https:\/\/escuelaespanaval.cl\/wp-content\/uploads\/2020\/12\/IMG_5189-768x576.jpg 768w, https:\/\/escuelaespanaval.cl\/wp-content\/uploads\/2020\/12\/IMG_5189-1536x1152.jpg 1536w, https:\/\/escuelaespanaval.cl\/wp-content\/uploads\/2020\/12\/IMG_5189-2048x1536.jpg 2048w, https:\/\/escuelaespanaval.cl\/wp-content\/uploads\/2020\/12\/IMG_5189-510x382.jpg 510w, https:\/\/escuelaespanaval.cl\/wp-content\/uploads\/2020\/12\/IMG_5189-1080x810.jpg 1080w, https:\/\/escuelaespanaval.cl\/wp-content\/uploads\/2020\/12\/IMG_5189-1280x960.jpg 1280w, https:\/\/escuelaespanaval.cl\/wp-content\/uploads\/2020\/12\/IMG_5189-980x735.jpg 980w, https:\/\/escuelaespanaval.cl\/wp-content\/uploads\/2020\/12\/IMG_5189-480x360.jpg 480w\" sizes=\"auto, (max-width: 1024px) 100vw, 1024px\" \/><\/figure><\/li><li class=\"blocks-gallery-item\"><figure><img loading=\"lazy\" decoding=\"async\" width=\"1024\" height=\"768\" src=\"https:\/\/escuelaespanaval.cl\/wp\/wp-content\/uploads\/2020\/12\/IMG_5190-1024x768.jpg\" alt=\"\" data-id=\"249\" data-full-url=\"https:\/\/escuelaespanaval.cl\/wp\/wp-content\/uploads\/2020\/12\/IMG_5190-scaled.jpg\" data-link=\"https:\/\/escuelaespanaval.cl\/wp\/?attachment_id=249\" class=\"wp-image-249\" srcset=\"https:\/\/escuelaespanaval.cl\/wp-content\/uploads\/2020\/12\/IMG_5190-1024x768.jpg 1024w, https:\/\/escuelaespanaval.cl\/wp-content\/uploads\/2020\/12\/IMG_5190-300x225.jpg 300w, https:\/\/escuelaespanaval.cl\/wp-content\/uploads\/2020\/12\/IMG_5190-768x576.jpg 768w, https:\/\/escuelaespanaval.cl\/wp-content\/uploads\/2020\/12\/IMG_5190-1536x1152.jpg 1536w, https:\/\/escuelaespanaval.cl\/wp-content\/uploads\/2020\/12\/IMG_5190-2048x1536.jpg 2048w, https:\/\/escuelaespanaval.cl\/wp-content\/uploads\/2020\/12\/IMG_5190-510x382.jpg 510w, https:\/\/escuelaespanaval.cl\/wp-content\/uploads\/2020\/12\/IMG_5190-1080x810.jpg 1080w, https:\/\/escuelaespanaval.cl\/wp-content\/uploads\/2020\/12\/IMG_5190-1280x960.jpg 1280w, https:\/\/escuelaespanaval.cl\/wp-content\/uploads\/2020\/12\/IMG_5190-980x735.jpg 980w, https:\/\/escuelaespanaval.cl\/wp-content\/uploads\/2020\/12\/IMG_5190-480x360.jpg 480w\" sizes=\"auto, (max-width: 1024px) 100vw, 1024px\" \/><\/figure><\/li><li class=\"blocks-gallery-item\"><figure><img loading=\"lazy\" decoding=\"async\" width=\"1024\" height=\"768\" src=\"https:\/\/escuelaespanaval.cl\/wp\/wp-content\/uploads\/2020\/12\/IMG_5191-1024x768.jpg\" alt=\"\" data-id=\"250\" data-full-url=\"https:\/\/escuelaespanaval.cl\/wp\/wp-content\/uploads\/2020\/12\/IMG_5191-scaled.jpg\" data-link=\"https:\/\/escuelaespanaval.cl\/wp\/?attachment_id=250\" class=\"wp-image-250\" srcset=\"https:\/\/escuelaespanaval.cl\/wp-content\/uploads\/2020\/12\/IMG_5191-1024x768.jpg 1024w, https:\/\/escuelaespanaval.cl\/wp-content\/uploads\/2020\/12\/IMG_5191-300x225.jpg 300w, https:\/\/escuelaespanaval.cl\/wp-content\/uploads\/2020\/12\/IMG_5191-768x576.jpg 768w, https:\/\/escuelaespanaval.cl\/wp-content\/uploads\/2020\/12\/IMG_5191-1536x1152.jpg 1536w, https:\/\/escuelaespanaval.cl\/wp-content\/uploads\/2020\/12\/IMG_5191-2048x1536.jpg 2048w, https:\/\/escuelaespanaval.cl\/wp-content\/uploads\/2020\/12\/IMG_5191-510x382.jpg 510w, https:\/\/escuelaespanaval.cl\/wp-content\/uploads\/2020\/12\/IMG_5191-1080x810.jpg 1080w, https:\/\/escuelaespanaval.cl\/wp-content\/uploads\/2020\/12\/IMG_5191-1280x960.jpg 1280w, https:\/\/escuelaespanaval.cl\/wp-content\/uploads\/2020\/12\/IMG_5191-980x735.jpg 980w, https:\/\/escuelaespanaval.cl\/wp-content\/uploads\/2020\/12\/IMG_5191-480x360.jpg 480w\" sizes=\"auto, (max-width: 1024px) 100vw, 1024px\" \/><\/figure><\/li><li class=\"blocks-gallery-item\"><figure><img loading=\"lazy\" decoding=\"async\" width=\"1024\" height=\"768\" src=\"https:\/\/escuelaespanaval.cl\/wp\/wp-content\/uploads\/2020\/12\/IMG_5192-1024x768.jpg\" alt=\"\" data-id=\"251\" data-full-url=\"https:\/\/escuelaespanaval.cl\/wp\/wp-content\/uploads\/2020\/12\/IMG_5192-scaled.jpg\" data-link=\"https:\/\/escuelaespanaval.cl\/wp\/?attachment_id=251\" class=\"wp-image-251\" srcset=\"https:\/\/escuelaespanaval.cl\/wp-content\/uploads\/2020\/12\/IMG_5192-1024x768.jpg 1024w, https:\/\/escuelaespanaval.cl\/wp-content\/uploads\/2020\/12\/IMG_5192-300x225.jpg 300w, https:\/\/escuelaespanaval.cl\/wp-content\/uploads\/2020\/12\/IMG_5192-768x576.jpg 768w, https:\/\/escuelaespanaval.cl\/wp-content\/uploads\/2020\/12\/IMG_5192-1536x1152.jpg 1536w, https:\/\/escuelaespanaval.cl\/wp-content\/uploads\/2020\/12\/IMG_5192-2048x1536.jpg 2048w, https:\/\/escuelaespanaval.cl\/wp-content\/uploads\/2020\/12\/IMG_5192-510x382.jpg 510w, https:\/\/escuelaespanaval.cl\/wp-content\/uploads\/2020\/12\/IMG_5192-1080x810.jpg 1080w, https:\/\/escuelaespanaval.cl\/wp-content\/uploads\/2020\/12\/IMG_5192-1280x960.jpg 1280w, https:\/\/escuelaespanaval.cl\/wp-content\/uploads\/2020\/12\/IMG_5192-980x735.jpg 980w, https:\/\/escuelaespanaval.cl\/wp-content\/uploads\/2020\/12\/IMG_5192-480x360.jpg 480w\" sizes=\"auto, (max-width: 1024px) 100vw, 1024px\" \/><\/figure><\/li><li class=\"blocks-gallery-item\"><figure><img loading=\"lazy\" decoding=\"async\" width=\"1024\" height=\"768\" src=\"https:\/\/escuelaespanaval.cl\/wp\/wp-content\/uploads\/2020\/12\/IMG_5193-1024x768.jpg\" alt=\"\" data-id=\"252\" data-full-url=\"https:\/\/escuelaespanaval.cl\/wp\/wp-content\/uploads\/2020\/12\/IMG_5193-scaled.jpg\" data-link=\"https:\/\/escuelaespanaval.cl\/wp\/?attachment_id=252\" class=\"wp-image-252\" srcset=\"https:\/\/escuelaespanaval.cl\/wp-content\/uploads\/2020\/12\/IMG_5193-1024x768.jpg 1024w, https:\/\/escuelaespanaval.cl\/wp-content\/uploads\/2020\/12\/IMG_5193-300x225.jpg 300w, https:\/\/escuelaespanaval.cl\/wp-content\/uploads\/2020\/12\/IMG_5193-768x576.jpg 768w, https:\/\/escuelaespanaval.cl\/wp-content\/uploads\/2020\/12\/IMG_5193-1536x1152.jpg 1536w, https:\/\/escuelaespanaval.cl\/wp-content\/uploads\/2020\/12\/IMG_5193-2048x1536.jpg 2048w, https:\/\/escuelaespanaval.cl\/wp-content\/uploads\/2020\/12\/IMG_5193-510x382.jpg 510w, https:\/\/escuelaespanaval.cl\/wp-content\/uploads\/2020\/12\/IMG_5193-1080x810.jpg 1080w, https:\/\/escuelaespanaval.cl\/wp-content\/uploads\/2020\/12\/IMG_5193-1280x960.jpg 1280w, https:\/\/escuelaespanaval.cl\/wp-content\/uploads\/2020\/12\/IMG_5193-980x735.jpg 980w, https:\/\/escuelaespanaval.cl\/wp-content\/uploads\/2020\/12\/IMG_5193-480x360.jpg 480w\" sizes=\"auto, (max-width: 1024px) 100vw, 1024px\" \/><\/figure><\/li><li class=\"blocks-gallery-item\"><figure><img loading=\"lazy\" decoding=\"async\" width=\"1024\" height=\"768\" src=\"https:\/\/escuelaespanaval.cl\/wp\/wp-content\/uploads\/2020\/12\/IMG_5194-1024x768.jpg\" alt=\"\" data-id=\"253\" data-full-url=\"https:\/\/escuelaespanaval.cl\/wp\/wp-content\/uploads\/2020\/12\/IMG_5194-scaled.jpg\" data-link=\"https:\/\/escuelaespanaval.cl\/wp\/?attachment_id=253\" class=\"wp-image-253\" srcset=\"https:\/\/escuelaespanaval.cl\/wp-content\/uploads\/2020\/12\/IMG_5194-1024x768.jpg 1024w, https:\/\/escuelaespanaval.cl\/wp-content\/uploads\/2020\/12\/IMG_5194-300x225.jpg 300w, https:\/\/escuelaespanaval.cl\/wp-content\/uploads\/2020\/12\/IMG_5194-768x576.jpg 768w, https:\/\/escuelaespanaval.cl\/wp-content\/uploads\/2020\/12\/IMG_5194-1536x1152.jpg 1536w, https:\/\/escuelaespanaval.cl\/wp-content\/uploads\/2020\/12\/IMG_5194-2048x1536.jpg 2048w, https:\/\/escuelaespanaval.cl\/wp-content\/uploads\/2020\/12\/IMG_5194-510x382.jpg 510w, https:\/\/escuelaespanaval.cl\/wp-content\/uploads\/2020\/12\/IMG_5194-1080x810.jpg 1080w, https:\/\/escuelaespanaval.cl\/wp-content\/uploads\/2020\/12\/IMG_5194-1280x960.jpg 1280w, https:\/\/escuelaespanaval.cl\/wp-content\/uploads\/2020\/12\/IMG_5194-980x735.jpg 980w, https:\/\/escuelaespanaval.cl\/wp-content\/uploads\/2020\/12\/IMG_5194-480x360.jpg 480w\" sizes=\"auto, (max-width: 1024px) 100vw, 1024px\" \/><\/figure><\/li><\/ul><\/figure>\n","protected":false},"excerpt":{"rendered":"<p>El d\u00eda Lunes 25 de Marzo se llevo acabo el Acto del D\u00eda Internacional de la Eliminaci\u00f3n de la Discriminaci\u00f3n Racial a cargo del 7\u00b0 \u00abA\u00bb<\/p>\n","protected":false},"author":1,"featured_media":243,"comment_status":"open","ping_status":"open","sticky":false,"template":"","format":"standard","meta":{"_monsterinsights_skip_tracking":false,"_monsterinsights_sitenote_active":false,"_monsterinsights_sitenote_note":"","_monsterinsights_sitenote_category":0,"site-container-style":"default","site-container-layout":"default","site-sidebar-layout":"default","disable-article-header":"default","disable-site-header":"default","disable-site-footer":"default","disable-content-area-spacing":"default","footnotes":""},"categories":[1],"tags":[],"class_list":["post-239","post","type-post","status-publish","format-standard","has-post-thumbnail","hentry","category-uncategorized"],"yoast_head":"<!-- This site is optimized with the Yoast SEO plugin v27.1.1 - https:\/\/yoast.com\/product\/yoast-seo-wordpress\/ -->\n<title>D\u00eda Internacional de la Eliminaci\u00f3n de la Discriminaci\u00f3n Racial - Escuela Espa\u00f1a<\/title>\n<meta name=\"robots\" content=\"index, follow, max-snippet:-1, max-image-preview:large, max-video-preview:-1\" \/>\n<link rel=\"canonical\" href=\"https:\/\/escuelaespanaval.cl\/?p=239\" \/>\n<meta property=\"og:locale\" content=\"es_ES\" \/>\n<meta property=\"og:type\" content=\"article\" \/>\n<meta property=\"og:title\" content=\"D\u00eda Internacional de la Eliminaci\u00f3n de la Discriminaci\u00f3n Racial - Escuela Espa\u00f1a\" \/>\n<meta property=\"og:description\" content=\"El d\u00eda Lunes 25 de Marzo se llevo acabo el Acto del D\u00eda Internacional de la Eliminaci\u00f3n de la Discriminaci\u00f3n Racial a cargo del 7\u00b0 \u00abA\u00bb\" \/>\n<meta property=\"og:url\" content=\"https:\/\/escuelaespanaval.cl\/?p=239\" \/>\n<meta property=\"og:site_name\" content=\"Escuela Espa\u00f1a\" \/>\n<meta property=\"article:publisher\" content=\"https:\/\/www.facebook.com\/escuelaespanavald\" \/>\n<meta property=\"article:published_time\" content=\"2019-03-25T20:06:00+00:00\" \/>\n<meta property=\"article:modified_time\" content=\"2020-12-12T20:10:04+00:00\" \/>\n<meta property=\"og:image\" content=\"https:\/\/escuelaespanaval.cl\/wp-content\/uploads\/2020\/12\/IMG_5178-1-scaled.jpg\" \/>\n\t<meta property=\"og:image:width\" content=\"2560\" \/>\n\t<meta property=\"og:image:height\" content=\"1920\" \/>\n\t<meta property=\"og:image:type\" content=\"image\/jpeg\" \/>\n<meta name=\"author\" content=\"Administrador\" \/>\n<meta name=\"twitter:card\" content=\"summary_large_image\" \/>\n<meta name=\"twitter:label1\" content=\"Escrito por\" \/>\n\t<meta name=\"twitter:data1\" content=\"Administrador\" \/>\n<script type=\"application\/ld+json\" class=\"yoast-schema-graph\">{\"@context\":\"https:\/\/schema.org\",\"@graph\":[{\"@type\":\"Article\",\"@id\":\"https:\/\/escuelaespanaval.cl\/?p=239#article\",\"isPartOf\":{\"@id\":\"https:\/\/escuelaespanaval.cl\/?p=239\"},\"author\":{\"name\":\"Administrador\",\"@id\":\"https:\/\/escuelaespanaval.cl\/#\/schema\/person\/b8dc96fec133a948c2114bb5cba3ca1a\"},\"headline\":\"D\u00eda Internacional de la Eliminaci\u00f3n de la Discriminaci\u00f3n Racial\",\"datePublished\":\"2019-03-25T20:06:00+00:00\",\"dateModified\":\"2020-12-12T20:10:04+00:00\",\"mainEntityOfPage\":{\"@id\":\"https:\/\/escuelaespanaval.cl\/?p=239\"},\"wordCount\":40,\"commentCount\":0,\"publisher\":{\"@id\":\"https:\/\/escuelaespanaval.cl\/#organization\"},\"image\":{\"@id\":\"https:\/\/escuelaespanaval.cl\/?p=239#primaryimage\"},\"thumbnailUrl\":\"https:\/\/escuelaespanaval.cl\/wp-content\/uploads\/2020\/12\/IMG_5178-1-scaled.jpg\",\"articleSection\":[\"Uncategorized\"],\"inLanguage\":\"es\",\"potentialAction\":[{\"@type\":\"CommentAction\",\"name\":\"Comment\",\"target\":[\"https:\/\/escuelaespanaval.cl\/?p=239#respond\"]}]},{\"@type\":\"WebPage\",\"@id\":\"https:\/\/escuelaespanaval.cl\/?p=239\",\"url\":\"https:\/\/escuelaespanaval.cl\/?p=239\",\"name\":\"D\u00eda Internacional de la Eliminaci\u00f3n de la Discriminaci\u00f3n Racial - Escuela Espa\u00f1a\",\"isPartOf\":{\"@id\":\"https:\/\/escuelaespanaval.cl\/#website\"},\"primaryImageOfPage\":{\"@id\":\"https:\/\/escuelaespanaval.cl\/?p=239#primaryimage\"},\"image\":{\"@id\":\"https:\/\/escuelaespanaval.cl\/?p=239#primaryimage\"},\"thumbnailUrl\":\"https:\/\/escuelaespanaval.cl\/wp-content\/uploads\/2020\/12\/IMG_5178-1-scaled.jpg\",\"datePublished\":\"2019-03-25T20:06:00+00:00\",\"dateModified\":\"2020-12-12T20:10:04+00:00\",\"breadcrumb\":{\"@id\":\"https:\/\/escuelaespanaval.cl\/?p=239#breadcrumb\"},\"inLanguage\":\"es\",\"potentialAction\":[{\"@type\":\"ReadAction\",\"target\":[\"https:\/\/escuelaespanaval.cl\/?p=239\"]}]},{\"@type\":\"ImageObject\",\"inLanguage\":\"es\",\"@id\":\"https:\/\/escuelaespanaval.cl\/?p=239#primaryimage\",\"url\":\"https:\/\/escuelaespanaval.cl\/wp-content\/uploads\/2020\/12\/IMG_5178-1-scaled.jpg\",\"contentUrl\":\"https:\/\/escuelaespanaval.cl\/wp-content\/uploads\/2020\/12\/IMG_5178-1-scaled.jpg\",\"width\":2560,\"height\":1920},{\"@type\":\"BreadcrumbList\",\"@id\":\"https:\/\/escuelaespanaval.cl\/?p=239#breadcrumb\",\"itemListElement\":[{\"@type\":\"ListItem\",\"position\":1,\"name\":\"Portada\",\"item\":\"https:\/\/escuelaespanaval.cl\/\"},{\"@type\":\"ListItem\",\"position\":2,\"name\":\"D\u00eda Internacional de la Eliminaci\u00f3n de la Discriminaci\u00f3n Racial\"}]},{\"@type\":\"WebSite\",\"@id\":\"https:\/\/escuelaespanaval.cl\/#website\",\"url\":\"https:\/\/escuelaespanaval.cl\/\",\"name\":\"Escuela Espa\u00f1a\",\"description\":\"Valdivia\",\"publisher\":{\"@id\":\"https:\/\/escuelaespanaval.cl\/#organization\"},\"potentialAction\":[{\"@type\":\"SearchAction\",\"target\":{\"@type\":\"EntryPoint\",\"urlTemplate\":\"https:\/\/escuelaespanaval.cl\/?s={search_term_string}\"},\"query-input\":{\"@type\":\"PropertyValueSpecification\",\"valueRequired\":true,\"valueName\":\"search_term_string\"}}],\"inLanguage\":\"es\"},{\"@type\":\"Organization\",\"@id\":\"https:\/\/escuelaespanaval.cl\/#organization\",\"name\":\"Escuela Espa\u00f1a\",\"url\":\"https:\/\/escuelaespanaval.cl\/\",\"logo\":{\"@type\":\"ImageObject\",\"inLanguage\":\"es\",\"@id\":\"https:\/\/escuelaespanaval.cl\/#\/schema\/logo\/image\/\",\"url\":\"https:\/\/escuelaespanaval.cl\/wp-content\/uploads\/2020\/12\/LOGO_ESCUELA.png\",\"contentUrl\":\"https:\/\/escuelaespanaval.cl\/wp-content\/uploads\/2020\/12\/LOGO_ESCUELA.png\",\"width\":1550,\"height\":2402,\"caption\":\"Escuela Espa\u00f1a\"},\"image\":{\"@id\":\"https:\/\/escuelaespanaval.cl\/#\/schema\/logo\/image\/\"},\"sameAs\":[\"https:\/\/www.facebook.com\/escuelaespanavald\",\"https:\/\/www.youtube.com\/@escuelaespanavaldivia97\"]},{\"@type\":\"Person\",\"@id\":\"https:\/\/escuelaespanaval.cl\/#\/schema\/person\/b8dc96fec133a948c2114bb5cba3ca1a\",\"name\":\"Administrador\",\"image\":{\"@type\":\"ImageObject\",\"inLanguage\":\"es\",\"@id\":\"https:\/\/escuelaespanaval.cl\/#\/schema\/person\/image\/\",\"url\":\"https:\/\/secure.gravatar.com\/avatar\/1a4537f0b323ae38f6776eb293038a2af5616bfe3d24bf6be540f254d895dd45?s=96&d=mm&r=g\",\"contentUrl\":\"https:\/\/secure.gravatar.com\/avatar\/1a4537f0b323ae38f6776eb293038a2af5616bfe3d24bf6be540f254d895dd45?s=96&d=mm&r=g\",\"caption\":\"Administrador\"},\"sameAs\":[\"https:\/\/escuelaespanaval.cl\/wp\"],\"url\":\"https:\/\/escuelaespanaval.cl\/?author=1\"}]}<\/script>\n<!-- \/ Yoast SEO plugin. -->","yoast_head_json":{"title":"D\u00eda Internacional de la Eliminaci\u00f3n de la Discriminaci\u00f3n Racial - Escuela Espa\u00f1a","robots":{"index":"index","follow":"follow","max-snippet":"max-snippet:-1","max-image-preview":"max-image-preview:large","max-video-preview":"max-video-preview:-1"},"canonical":"https:\/\/escuelaespanaval.cl\/?p=239","og_locale":"es_ES","og_type":"article","og_title":"D\u00eda Internacional de la Eliminaci\u00f3n de la Discriminaci\u00f3n Racial - Escuela Espa\u00f1a","og_description":"El d\u00eda Lunes 25 de Marzo se llevo acabo el Acto del D\u00eda Internacional de la Eliminaci\u00f3n de la Discriminaci\u00f3n Racial a cargo del 7\u00b0 \u00abA\u00bb","og_url":"https:\/\/escuelaespanaval.cl\/?p=239","og_site_name":"Escuela Espa\u00f1a","article_publisher":"https:\/\/www.facebook.com\/escuelaespanavald","article_published_time":"2019-03-25T20:06:00+00:00","article_modified_time":"2020-12-12T20:10:04+00:00","og_image":[{"width":2560,"height":1920,"url":"https:\/\/escuelaespanaval.cl\/wp-content\/uploads\/2020\/12\/IMG_5178-1-scaled.jpg","type":"image\/jpeg"}],"author":"Administrador","twitter_card":"summary_large_image","twitter_misc":{"Escrito por":"Administrador"},"schema":{"@context":"https:\/\/schema.org","@graph":[{"@type":"Article","@id":"https:\/\/escuelaespanaval.cl\/?p=239#article","isPartOf":{"@id":"https:\/\/escuelaespanaval.cl\/?p=239"},"author":{"name":"Administrador","@id":"https:\/\/escuelaespanaval.cl\/#\/schema\/person\/b8dc96fec133a948c2114bb5cba3ca1a"},"headline":"D\u00eda Internacional de la Eliminaci\u00f3n de la Discriminaci\u00f3n Racial","datePublished":"2019-03-25T20:06:00+00:00","dateModified":"2020-12-12T20:10:04+00:00","mainEntityOfPage":{"@id":"https:\/\/escuelaespanaval.cl\/?p=239"},"wordCount":40,"commentCount":0,"publisher":{"@id":"https:\/\/escuelaespanaval.cl\/#organization"},"image":{"@id":"https:\/\/escuelaespanaval.cl\/?p=239#primaryimage"},"thumbnailUrl":"https:\/\/escuelaespanaval.cl\/wp-content\/uploads\/2020\/12\/IMG_5178-1-scaled.jpg","articleSection":["Uncategorized"],"inLanguage":"es","potentialAction":[{"@type":"CommentAction","name":"Comment","target":["https:\/\/escuelaespanaval.cl\/?p=239#respond"]}]},{"@type":"WebPage","@id":"https:\/\/escuelaespanaval.cl\/?p=239","url":"https:\/\/escuelaespanaval.cl\/?p=239","name":"D\u00eda Internacional de la Eliminaci\u00f3n de la Discriminaci\u00f3n Racial - Escuela Espa\u00f1a","isPartOf":{"@id":"https:\/\/escuelaespanaval.cl\/#website"},"primaryImageOfPage":{"@id":"https:\/\/escuelaespanaval.cl\/?p=239#primaryimage"},"image":{"@id":"https:\/\/escuelaespanaval.cl\/?p=239#primaryimage"},"thumbnailUrl":"https:\/\/escuelaespanaval.cl\/wp-content\/uploads\/2020\/12\/IMG_5178-1-scaled.jpg","datePublished":"2019-03-25T20:06:00+00:00","dateModified":"2020-12-12T20:10:04+00:00","breadcrumb":{"@id":"https:\/\/escuelaespanaval.cl\/?p=239#breadcrumb"},"inLanguage":"es","potentialAction":[{"@type":"ReadAction","target":["https:\/\/escuelaespanaval.cl\/?p=239"]}]},{"@type":"ImageObject","inLanguage":"es","@id":"https:\/\/escuelaespanaval.cl\/?p=239#primaryimage","url":"https:\/\/escuelaespanaval.cl\/wp-content\/uploads\/2020\/12\/IMG_5178-1-scaled.jpg","contentUrl":"https:\/\/escuelaespanaval.cl\/wp-content\/uploads\/2020\/12\/IMG_5178-1-scaled.jpg","width":2560,"height":1920},{"@type":"BreadcrumbList","@id":"https:\/\/escuelaespanaval.cl\/?p=239#breadcrumb","itemListElement":[{"@type":"ListItem","position":1,"name":"Portada","item":"https:\/\/escuelaespanaval.cl\/"},{"@type":"ListItem","position":2,"name":"D\u00eda Internacional de la Eliminaci\u00f3n de la Discriminaci\u00f3n Racial"}]},{"@type":"WebSite","@id":"https:\/\/escuelaespanaval.cl\/#website","url":"https:\/\/escuelaespanaval.cl\/","name":"Escuela Espa\u00f1a","description":"Valdivia","publisher":{"@id":"https:\/\/escuelaespanaval.cl\/#organization"},"potentialAction":[{"@type":"SearchAction","target":{"@type":"EntryPoint","urlTemplate":"https:\/\/escuelaespanaval.cl\/?s={search_term_string}"},"query-input":{"@type":"PropertyValueSpecification","valueRequired":true,"valueName":"search_term_string"}}],"inLanguage":"es"},{"@type":"Organization","@id":"https:\/\/escuelaespanaval.cl\/#organization","name":"Escuela Espa\u00f1a","url":"https:\/\/escuelaespanaval.cl\/","logo":{"@type":"ImageObject","inLanguage":"es","@id":"https:\/\/escuelaespanaval.cl\/#\/schema\/logo\/image\/","url":"https:\/\/escuelaespanaval.cl\/wp-content\/uploads\/2020\/12\/LOGO_ESCUELA.png","contentUrl":"https:\/\/escuelaespanaval.cl\/wp-content\/uploads\/2020\/12\/LOGO_ESCUELA.png","width":1550,"height":2402,"caption":"Escuela Espa\u00f1a"},"image":{"@id":"https:\/\/escuelaespanaval.cl\/#\/schema\/logo\/image\/"},"sameAs":["https:\/\/www.facebook.com\/escuelaespanavald","https:\/\/www.youtube.com\/@escuelaespanavaldivia97"]},{"@type":"Person","@id":"https:\/\/escuelaespanaval.cl\/#\/schema\/person\/b8dc96fec133a948c2114bb5cba3ca1a","name":"Administrador","image":{"@type":"ImageObject","inLanguage":"es","@id":"https:\/\/escuelaespanaval.cl\/#\/schema\/person\/image\/","url":"https:\/\/secure.gravatar.com\/avatar\/1a4537f0b323ae38f6776eb293038a2af5616bfe3d24bf6be540f254d895dd45?s=96&d=mm&r=g","contentUrl":"https:\/\/secure.gravatar.com\/avatar\/1a4537f0b323ae38f6776eb293038a2af5616bfe3d24bf6be540f254d895dd45?s=96&d=mm&r=g","caption":"Administrador"},"sameAs":["https:\/\/escuelaespanaval.cl\/wp"],"url":"https:\/\/escuelaespanaval.cl\/?author=1"}]}},"_links":{"self":[{"href":"https:\/\/escuelaespanaval.cl\/index.php?rest_route=\/wp\/v2\/posts\/239","targetHints":{"allow":["GET"]}}],"collection":[{"href":"https:\/\/escuelaespanaval.cl\/index.php?rest_route=\/wp\/v2\/posts"}],"about":[{"href":"https:\/\/escuelaespanaval.cl\/index.php?rest_route=\/wp\/v2\/types\/post"}],"author":[{"embeddable":true,"href":"https:\/\/escuelaespanaval.cl\/index.php?rest_route=\/wp\/v2\/users\/1"}],"replies":[{"embeddable":true,"href":"https:\/\/escuelaespanaval.cl\/index.php?rest_route=%2Fwp%2Fv2%2Fcomments&post=239"}],"version-history":[{"count":2,"href":"https:\/\/escuelaespanaval.cl\/index.php?rest_route=\/wp\/v2\/posts\/239\/revisions"}],"predecessor-version":[{"id":254,"href":"https:\/\/escuelaespanaval.cl\/index.php?rest_route=\/wp\/v2\/posts\/239\/revisions\/254"}],"wp:featuredmedia":[{"embeddable":true,"href":"https:\/\/escuelaespanaval.cl\/index.php?rest_route=\/wp\/v2\/media\/243"}],"wp:attachment":[{"href":"https:\/\/escuelaespanaval.cl\/index.php?rest_route=%2Fwp%2Fv2%2Fmedia&parent=239"}],"wp:term":[{"taxonomy":"category","embeddable":true,"href":"https:\/\/escuelaespanaval.cl\/index.php?rest_route=%2Fwp%2Fv2%2Fcategories&post=239"},{"taxonomy":"post_tag","embeddable":true,"href":"https:\/\/escuelaespanaval.cl\/index.php?rest_route=%2Fwp%2Fv2%2Ftags&post=239"}],"curies":[{"name":"wp","href":"https:\/\/api.w.org\/{rel}","templated":true}]}}