{"id":2280,"date":"2024-03-04T19:22:48","date_gmt":"2024-03-04T19:22:48","guid":{"rendered":"https:\/\/escuelaespanaval.cl\/?p=2280"},"modified":"2024-03-04T19:22:49","modified_gmt":"2024-03-04T19:22:49","slug":"comunicado-importante-inicio-de-clases-martes-05-de-marzo","status":"publish","type":"post","link":"https:\/\/escuelaespanaval.cl\/?p=2280","title":{"rendered":"Comunicado Importante: Inicio de Clases &#8211; Martes 05 de Marzo"},"content":{"rendered":"\n<p>Estimada comunidad educativa, es un placer dar inicio a un nuevo a\u00f1o escolar lleno de oportunidades y aprendizaje.<\/p>\n\n\n\n<p>Con gusto les informamos que el d\u00eda de ma\u00f1ana, martes 05 de marzo, daremos inicio al nuevo ciclo escolar. Las clases comenzar\u00e1n puntualmente a las 8:10 de la ma\u00f1ana.<\/p>\n\n\n\n<p>El horario de salida ser\u00e1 a las 12:30 para educaci\u00f3n preb\u00e1sica y a las 15:30 para educaci\u00f3n b\u00e1sica.<\/p>\n\n\n\n<p>Por <a><\/a>otro lado, lamentamos informar que la escuela ha sufrido un robo de ca\u00f1er\u00edas de la cocina, lo que nos imposibilita ofrecer colaciones calientes por el momento. No obstante, hemos organizado colaciones fr\u00edas para garantizar la alimentaci\u00f3n de nuestros estudiantes durante el d\u00eda.<\/p>\n\n\n\n<p>Agradecemos su comprensi\u00f3n y colaboraci\u00f3n ante esta situaci\u00f3n. Esperamos contar con la asistencia de todos ma\u00f1ana para dar inicio a este nuevo ciclo escolar.<\/p>\n\n\n\n<p>Atentamente,<\/p>\n\n\n\n<p>Arturo Alvear Avenda\u00f1o<\/p>\n\n\n\n<p>Director<\/p>\n","protected":false},"excerpt":{"rendered":"<p>Estimada comunidad educativa, es un placer dar inicio a un nuevo a\u00f1o escolar lleno de oportunidades y aprendizaje. Con gusto les informamos que el d\u00eda de ma\u00f1ana, martes 05 de marzo, daremos inicio al nuevo ciclo escolar. Las clases comenzar\u00e1n puntualmente a las 8:10 de la ma\u00f1ana. El horario de salida ser\u00e1 a las 12:30 [&hellip;]<\/p>\n","protected":false},"author":1,"featured_media":2281,"comment_status":"closed","ping_status":"open","sticky":false,"template":"","format":"standard","meta":{"_monsterinsights_skip_tracking":false,"_monsterinsights_sitenote_active":false,"_monsterinsights_sitenote_note":"","_monsterinsights_sitenote_category":0,"site-container-style":"default","site-container-layout":"default","site-sidebar-layout":"default","disable-article-header":"default","disable-site-header":"default","disable-site-footer":"default","disable-content-area-spacing":"default","footnotes":""},"categories":[7],"tags":[],"class_list":["post-2280","post","type-post","status-publish","format-standard","has-post-thumbnail","hentry","category-informacion"],"yoast_head":"<!-- This site is optimized with the Yoast SEO plugin v27.1.1 - https:\/\/yoast.com\/product\/yoast-seo-wordpress\/ -->\n<title>Comunicado Importante: Inicio de Clases - Martes 05 de Marzo - Escuela Espa\u00f1a<\/title>\n<meta name=\"robots\" content=\"index, follow, max-snippet:-1, max-image-preview:large, max-video-preview:-1\" \/>\n<link rel=\"canonical\" href=\"https:\/\/escuelaespanaval.cl\/?p=2280\" \/>\n<meta property=\"og:locale\" content=\"es_ES\" \/>\n<meta property=\"og:type\" content=\"article\" \/>\n<meta property=\"og:title\" content=\"Comunicado Importante: Inicio de Clases - Martes 05 de Marzo - Escuela Espa\u00f1a\" \/>\n<meta property=\"og:description\" content=\"Estimada comunidad educativa, es un placer dar inicio a un nuevo a\u00f1o escolar lleno de oportunidades y aprendizaje. Con gusto les informamos que el d\u00eda de ma\u00f1ana, martes 05 de marzo, daremos inicio al nuevo ciclo escolar. Las clases comenzar\u00e1n puntualmente a las 8:10 de la ma\u00f1ana. El horario de salida ser\u00e1 a las 12:30 [&hellip;]\" \/>\n<meta property=\"og:url\" content=\"https:\/\/escuelaespanaval.cl\/?p=2280\" \/>\n<meta property=\"og:site_name\" content=\"Escuela Espa\u00f1a\" \/>\n<meta property=\"article:publisher\" content=\"https:\/\/www.facebook.com\/escuelaespanavald\" \/>\n<meta property=\"article:published_time\" content=\"2024-03-04T19:22:48+00:00\" \/>\n<meta property=\"article:modified_time\" content=\"2024-03-04T19:22:49+00:00\" \/>\n<meta property=\"og:image\" content=\"https:\/\/escuelaespanaval.cl\/wp-content\/uploads\/2024\/03\/Vuelta-al-Cole.jpg\" \/>\n\t<meta property=\"og:image:width\" content=\"940\" \/>\n\t<meta property=\"og:image:height\" content=\"788\" \/>\n\t<meta property=\"og:image:type\" content=\"image\/jpeg\" \/>\n<meta name=\"author\" content=\"Administrador\" \/>\n<meta name=\"twitter:card\" content=\"summary_large_image\" \/>\n<meta name=\"twitter:label1\" content=\"Escrito por\" \/>\n\t<meta name=\"twitter:data1\" content=\"Administrador\" \/>\n\t<meta name=\"twitter:label2\" content=\"Tiempo de lectura\" \/>\n\t<meta name=\"twitter:data2\" content=\"1 minuto\" \/>\n<script type=\"application\/ld+json\" class=\"yoast-schema-graph\">{\"@context\":\"https:\/\/schema.org\",\"@graph\":[{\"@type\":\"Article\",\"@id\":\"https:\/\/escuelaespanaval.cl\/?p=2280#article\",\"isPartOf\":{\"@id\":\"https:\/\/escuelaespanaval.cl\/?p=2280\"},\"author\":{\"name\":\"Administrador\",\"@id\":\"https:\/\/escuelaespanaval.cl\/#\/schema\/person\/b8dc96fec133a948c2114bb5cba3ca1a\"},\"headline\":\"Comunicado Importante: Inicio de Clases &#8211; Martes 05 de Marzo\",\"datePublished\":\"2024-03-04T19:22:48+00:00\",\"dateModified\":\"2024-03-04T19:22:49+00:00\",\"mainEntityOfPage\":{\"@id\":\"https:\/\/escuelaespanaval.cl\/?p=2280\"},\"wordCount\":161,\"publisher\":{\"@id\":\"https:\/\/escuelaespanaval.cl\/#organization\"},\"image\":{\"@id\":\"https:\/\/escuelaespanaval.cl\/?p=2280#primaryimage\"},\"thumbnailUrl\":\"https:\/\/escuelaespanaval.cl\/wp-content\/uploads\/2024\/03\/Vuelta-al-Cole.jpg\",\"articleSection\":[\"Informaci\u00f3n\"],\"inLanguage\":\"es\"},{\"@type\":\"WebPage\",\"@id\":\"https:\/\/escuelaespanaval.cl\/?p=2280\",\"url\":\"https:\/\/escuelaespanaval.cl\/?p=2280\",\"name\":\"Comunicado Importante: Inicio de Clases - Martes 05 de Marzo - Escuela Espa\u00f1a\",\"isPartOf\":{\"@id\":\"https:\/\/escuelaespanaval.cl\/#website\"},\"primaryImageOfPage\":{\"@id\":\"https:\/\/escuelaespanaval.cl\/?p=2280#primaryimage\"},\"image\":{\"@id\":\"https:\/\/escuelaespanaval.cl\/?p=2280#primaryimage\"},\"thumbnailUrl\":\"https:\/\/escuelaespanaval.cl\/wp-content\/uploads\/2024\/03\/Vuelta-al-Cole.jpg\",\"datePublished\":\"2024-03-04T19:22:48+00:00\",\"dateModified\":\"2024-03-04T19:22:49+00:00\",\"breadcrumb\":{\"@id\":\"https:\/\/escuelaespanaval.cl\/?p=2280#breadcrumb\"},\"inLanguage\":\"es\",\"potentialAction\":[{\"@type\":\"ReadAction\",\"target\":[\"https:\/\/escuelaespanaval.cl\/?p=2280\"]}]},{\"@type\":\"ImageObject\",\"inLanguage\":\"es\",\"@id\":\"https:\/\/escuelaespanaval.cl\/?p=2280#primaryimage\",\"url\":\"https:\/\/escuelaespanaval.cl\/wp-content\/uploads\/2024\/03\/Vuelta-al-Cole.jpg\",\"contentUrl\":\"https:\/\/escuelaespanaval.cl\/wp-content\/uploads\/2024\/03\/Vuelta-al-Cole.jpg\",\"width\":940,\"height\":788},{\"@type\":\"BreadcrumbList\",\"@id\":\"https:\/\/escuelaespanaval.cl\/?p=2280#breadcrumb\",\"itemListElement\":[{\"@type\":\"ListItem\",\"position\":1,\"name\":\"Portada\",\"item\":\"https:\/\/escuelaespanaval.cl\/\"},{\"@type\":\"ListItem\",\"position\":2,\"name\":\"Comunicado Importante: Inicio de Clases &#8211; Martes 05 de Marzo\"}]},{\"@type\":\"WebSite\",\"@id\":\"https:\/\/escuelaespanaval.cl\/#website\",\"url\":\"https:\/\/escuelaespanaval.cl\/\",\"name\":\"Escuela Espa\u00f1a\",\"description\":\"Valdivia\",\"publisher\":{\"@id\":\"https:\/\/escuelaespanaval.cl\/#organization\"},\"potentialAction\":[{\"@type\":\"SearchAction\",\"target\":{\"@type\":\"EntryPoint\",\"urlTemplate\":\"https:\/\/escuelaespanaval.cl\/?s={search_term_string}\"},\"query-input\":{\"@type\":\"PropertyValueSpecification\",\"valueRequired\":true,\"valueName\":\"search_term_string\"}}],\"inLanguage\":\"es\"},{\"@type\":\"Organization\",\"@id\":\"https:\/\/escuelaespanaval.cl\/#organization\",\"name\":\"Escuela Espa\u00f1a\",\"url\":\"https:\/\/escuelaespanaval.cl\/\",\"logo\":{\"@type\":\"ImageObject\",\"inLanguage\":\"es\",\"@id\":\"https:\/\/escuelaespanaval.cl\/#\/schema\/logo\/image\/\",\"url\":\"https:\/\/escuelaespanaval.cl\/wp-content\/uploads\/2020\/12\/LOGO_ESCUELA.png\",\"contentUrl\":\"https:\/\/escuelaespanaval.cl\/wp-content\/uploads\/2020\/12\/LOGO_ESCUELA.png\",\"width\":1550,\"height\":2402,\"caption\":\"Escuela Espa\u00f1a\"},\"image\":{\"@id\":\"https:\/\/escuelaespanaval.cl\/#\/schema\/logo\/image\/\"},\"sameAs\":[\"https:\/\/www.facebook.com\/escuelaespanavald\",\"https:\/\/www.youtube.com\/@escuelaespanavaldivia97\"]},{\"@type\":\"Person\",\"@id\":\"https:\/\/escuelaespanaval.cl\/#\/schema\/person\/b8dc96fec133a948c2114bb5cba3ca1a\",\"name\":\"Administrador\",\"image\":{\"@type\":\"ImageObject\",\"inLanguage\":\"es\",\"@id\":\"https:\/\/escuelaespanaval.cl\/#\/schema\/person\/image\/\",\"url\":\"https:\/\/secure.gravatar.com\/avatar\/1a4537f0b323ae38f6776eb293038a2af5616bfe3d24bf6be540f254d895dd45?s=96&d=mm&r=g\",\"contentUrl\":\"https:\/\/secure.gravatar.com\/avatar\/1a4537f0b323ae38f6776eb293038a2af5616bfe3d24bf6be540f254d895dd45?s=96&d=mm&r=g\",\"caption\":\"Administrador\"},\"sameAs\":[\"https:\/\/escuelaespanaval.cl\/wp\"],\"url\":\"https:\/\/escuelaespanaval.cl\/?author=1\"}]}<\/script>\n<!-- \/ Yoast SEO plugin. -->","yoast_head_json":{"title":"Comunicado Importante: Inicio de Clases - Martes 05 de Marzo - Escuela Espa\u00f1a","robots":{"index":"index","follow":"follow","max-snippet":"max-snippet:-1","max-image-preview":"max-image-preview:large","max-video-preview":"max-video-preview:-1"},"canonical":"https:\/\/escuelaespanaval.cl\/?p=2280","og_locale":"es_ES","og_type":"article","og_title":"Comunicado Importante: Inicio de Clases - Martes 05 de Marzo - Escuela Espa\u00f1a","og_description":"Estimada comunidad educativa, es un placer dar inicio a un nuevo a\u00f1o escolar lleno de oportunidades y aprendizaje. Con gusto les informamos que el d\u00eda de ma\u00f1ana, martes 05 de marzo, daremos inicio al nuevo ciclo escolar. Las clases comenzar\u00e1n puntualmente a las 8:10 de la ma\u00f1ana. El horario de salida ser\u00e1 a las 12:30 [&hellip;]","og_url":"https:\/\/escuelaespanaval.cl\/?p=2280","og_site_name":"Escuela Espa\u00f1a","article_publisher":"https:\/\/www.facebook.com\/escuelaespanavald","article_published_time":"2024-03-04T19:22:48+00:00","article_modified_time":"2024-03-04T19:22:49+00:00","og_image":[{"width":940,"height":788,"url":"https:\/\/escuelaespanaval.cl\/wp-content\/uploads\/2024\/03\/Vuelta-al-Cole.jpg","type":"image\/jpeg"}],"author":"Administrador","twitter_card":"summary_large_image","twitter_misc":{"Escrito por":"Administrador","Tiempo de lectura":"1 minuto"},"schema":{"@context":"https:\/\/schema.org","@graph":[{"@type":"Article","@id":"https:\/\/escuelaespanaval.cl\/?p=2280#article","isPartOf":{"@id":"https:\/\/escuelaespanaval.cl\/?p=2280"},"author":{"name":"Administrador","@id":"https:\/\/escuelaespanaval.cl\/#\/schema\/person\/b8dc96fec133a948c2114bb5cba3ca1a"},"headline":"Comunicado Importante: Inicio de Clases &#8211; Martes 05 de Marzo","datePublished":"2024-03-04T19:22:48+00:00","dateModified":"2024-03-04T19:22:49+00:00","mainEntityOfPage":{"@id":"https:\/\/escuelaespanaval.cl\/?p=2280"},"wordCount":161,"publisher":{"@id":"https:\/\/escuelaespanaval.cl\/#organization"},"image":{"@id":"https:\/\/escuelaespanaval.cl\/?p=2280#primaryimage"},"thumbnailUrl":"https:\/\/escuelaespanaval.cl\/wp-content\/uploads\/2024\/03\/Vuelta-al-Cole.jpg","articleSection":["Informaci\u00f3n"],"inLanguage":"es"},{"@type":"WebPage","@id":"https:\/\/escuelaespanaval.cl\/?p=2280","url":"https:\/\/escuelaespanaval.cl\/?p=2280","name":"Comunicado Importante: Inicio de Clases - Martes 05 de Marzo - Escuela Espa\u00f1a","isPartOf":{"@id":"https:\/\/escuelaespanaval.cl\/#website"},"primaryImageOfPage":{"@id":"https:\/\/escuelaespanaval.cl\/?p=2280#primaryimage"},"image":{"@id":"https:\/\/escuelaespanaval.cl\/?p=2280#primaryimage"},"thumbnailUrl":"https:\/\/escuelaespanaval.cl\/wp-content\/uploads\/2024\/03\/Vuelta-al-Cole.jpg","datePublished":"2024-03-04T19:22:48+00:00","dateModified":"2024-03-04T19:22:49+00:00","breadcrumb":{"@id":"https:\/\/escuelaespanaval.cl\/?p=2280#breadcrumb"},"inLanguage":"es","potentialAction":[{"@type":"ReadAction","target":["https:\/\/escuelaespanaval.cl\/?p=2280"]}]},{"@type":"ImageObject","inLanguage":"es","@id":"https:\/\/escuelaespanaval.cl\/?p=2280#primaryimage","url":"https:\/\/escuelaespanaval.cl\/wp-content\/uploads\/2024\/03\/Vuelta-al-Cole.jpg","contentUrl":"https:\/\/escuelaespanaval.cl\/wp-content\/uploads\/2024\/03\/Vuelta-al-Cole.jpg","width":940,"height":788},{"@type":"BreadcrumbList","@id":"https:\/\/escuelaespanaval.cl\/?p=2280#breadcrumb","itemListElement":[{"@type":"ListItem","position":1,"name":"Portada","item":"https:\/\/escuelaespanaval.cl\/"},{"@type":"ListItem","position":2,"name":"Comunicado Importante: Inicio de Clases &#8211; Martes 05 de Marzo"}]},{"@type":"WebSite","@id":"https:\/\/escuelaespanaval.cl\/#website","url":"https:\/\/escuelaespanaval.cl\/","name":"Escuela Espa\u00f1a","description":"Valdivia","publisher":{"@id":"https:\/\/escuelaespanaval.cl\/#organization"},"potentialAction":[{"@type":"SearchAction","target":{"@type":"EntryPoint","urlTemplate":"https:\/\/escuelaespanaval.cl\/?s={search_term_string}"},"query-input":{"@type":"PropertyValueSpecification","valueRequired":true,"valueName":"search_term_string"}}],"inLanguage":"es"},{"@type":"Organization","@id":"https:\/\/escuelaespanaval.cl\/#organization","name":"Escuela Espa\u00f1a","url":"https:\/\/escuelaespanaval.cl\/","logo":{"@type":"ImageObject","inLanguage":"es","@id":"https:\/\/escuelaespanaval.cl\/#\/schema\/logo\/image\/","url":"https:\/\/escuelaespanaval.cl\/wp-content\/uploads\/2020\/12\/LOGO_ESCUELA.png","contentUrl":"https:\/\/escuelaespanaval.cl\/wp-content\/uploads\/2020\/12\/LOGO_ESCUELA.png","width":1550,"height":2402,"caption":"Escuela Espa\u00f1a"},"image":{"@id":"https:\/\/escuelaespanaval.cl\/#\/schema\/logo\/image\/"},"sameAs":["https:\/\/www.facebook.com\/escuelaespanavald","https:\/\/www.youtube.com\/@escuelaespanavaldivia97"]},{"@type":"Person","@id":"https:\/\/escuelaespanaval.cl\/#\/schema\/person\/b8dc96fec133a948c2114bb5cba3ca1a","name":"Administrador","image":{"@type":"ImageObject","inLanguage":"es","@id":"https:\/\/escuelaespanaval.cl\/#\/schema\/person\/image\/","url":"https:\/\/secure.gravatar.com\/avatar\/1a4537f0b323ae38f6776eb293038a2af5616bfe3d24bf6be540f254d895dd45?s=96&d=mm&r=g","contentUrl":"https:\/\/secure.gravatar.com\/avatar\/1a4537f0b323ae38f6776eb293038a2af5616bfe3d24bf6be540f254d895dd45?s=96&d=mm&r=g","caption":"Administrador"},"sameAs":["https:\/\/escuelaespanaval.cl\/wp"],"url":"https:\/\/escuelaespanaval.cl\/?author=1"}]}},"_links":{"self":[{"href":"https:\/\/escuelaespanaval.cl\/index.php?rest_route=\/wp\/v2\/posts\/2280","targetHints":{"allow":["GET"]}}],"collection":[{"href":"https:\/\/escuelaespanaval.cl\/index.php?rest_route=\/wp\/v2\/posts"}],"about":[{"href":"https:\/\/escuelaespanaval.cl\/index.php?rest_route=\/wp\/v2\/types\/post"}],"author":[{"embeddable":true,"href":"https:\/\/escuelaespanaval.cl\/index.php?rest_route=\/wp\/v2\/users\/1"}],"replies":[{"embeddable":true,"href":"https:\/\/escuelaespanaval.cl\/index.php?rest_route=%2Fwp%2Fv2%2Fcomments&post=2280"}],"version-history":[{"count":1,"href":"https:\/\/escuelaespanaval.cl\/index.php?rest_route=\/wp\/v2\/posts\/2280\/revisions"}],"predecessor-version":[{"id":2282,"href":"https:\/\/escuelaespanaval.cl\/index.php?rest_route=\/wp\/v2\/posts\/2280\/revisions\/2282"}],"wp:featuredmedia":[{"embeddable":true,"href":"https:\/\/escuelaespanaval.cl\/index.php?rest_route=\/wp\/v2\/media\/2281"}],"wp:attachment":[{"href":"https:\/\/escuelaespanaval.cl\/index.php?rest_route=%2Fwp%2Fv2%2Fmedia&parent=2280"}],"wp:term":[{"taxonomy":"category","embeddable":true,"href":"https:\/\/escuelaespanaval.cl\/index.php?rest_route=%2Fwp%2Fv2%2Fcategories&post=2280"},{"taxonomy":"post_tag","embeddable":true,"href":"https:\/\/escuelaespanaval.cl\/index.php?rest_route=%2Fwp%2Fv2%2Ftags&post=2280"}],"curies":[{"name":"wp","href":"https:\/\/api.w.org\/{rel}","templated":true}]}}