{"id":2247,"date":"2023-12-01T11:01:29","date_gmt":"2023-12-01T11:01:29","guid":{"rendered":"https:\/\/escuelaespanaval.cl\/?p=2247"},"modified":"2023-12-01T11:01:30","modified_gmt":"2023-12-01T11:01:30","slug":"ii-capacitacion-lectoescritura-lemalin-2023","status":"publish","type":"post","link":"https:\/\/escuelaespanaval.cl\/?p=2247","title":{"rendered":"II Capacitaci\u00f3n lectoescritura Lemal\u00edn-2023"},"content":{"rendered":"\n<p>La Escuela Espa\u00f1a ha estado aplicando un m\u00e9todo de lectoescritura desde el a\u00f1o 2008, que actualmente se conoce como Lemal\u00edn, y ha demostrado ser exitoso en la ense\u00f1anza de la lectura a estudiantes de primero a cuarto grado, as\u00ed como en el desarrollo del Umbral lector en el nivel parvulario.<\/p>\n\n\n\n<p>En el presente a\u00f1o, un grupo de docentes y asistentes de educaci\u00f3n se ha capacitado en esta metodolog\u00eda a trav\u00e9s de clases virtuales, talleres presenciales, acompa\u00f1amiento en el aula y retroalimentaci\u00f3n proporcionada por la creadora del m\u00e9todo, la Se\u00f1ora Emma Ruiz de Gamboa. (Im\u00e1genes de la \u00faltima capacitaci\u00f3n lectoescritura Lemal\u00edn-2023)<\/p>\n\n\n\n<figure class=\"wp-block-gallery has-nested-images columns-default is-cropped wp-block-gallery-1 is-layout-flex wp-block-gallery-is-layout-flex\">\n<figure class=\"wp-block-image size-large\"><img loading=\"lazy\" decoding=\"async\" width=\"1024\" height=\"576\" data-id=\"2249\" src=\"https:\/\/escuelaespanaval.cl\/wp-content\/uploads\/2023\/12\/WhatsApp-Image-2023-11-16-at-16.11.26-1024x576.jpeg\" alt=\"\" class=\"wp-image-2249\" srcset=\"https:\/\/escuelaespanaval.cl\/wp-content\/uploads\/2023\/12\/WhatsApp-Image-2023-11-16-at-16.11.26-1024x576.jpeg 1024w, https:\/\/escuelaespanaval.cl\/wp-content\/uploads\/2023\/12\/WhatsApp-Image-2023-11-16-at-16.11.26-300x169.jpeg 300w, https:\/\/escuelaespanaval.cl\/wp-content\/uploads\/2023\/12\/WhatsApp-Image-2023-11-16-at-16.11.26-768x432.jpeg 768w, https:\/\/escuelaespanaval.cl\/wp-content\/uploads\/2023\/12\/WhatsApp-Image-2023-11-16-at-16.11.26-1536x864.jpeg 1536w, https:\/\/escuelaespanaval.cl\/wp-content\/uploads\/2023\/12\/WhatsApp-Image-2023-11-16-at-16.11.26.jpeg 1599w\" sizes=\"auto, (max-width: 1024px) 100vw, 1024px\" \/><\/figure>\n\n\n\n<figure class=\"wp-block-image size-large\"><img loading=\"lazy\" decoding=\"async\" width=\"1024\" height=\"576\" data-id=\"2250\" src=\"https:\/\/escuelaespanaval.cl\/wp-content\/uploads\/2023\/12\/WhatsApp-Image-2023-11-16-at-16.46.18-1024x576.jpeg\" alt=\"\" class=\"wp-image-2250\" srcset=\"https:\/\/escuelaespanaval.cl\/wp-content\/uploads\/2023\/12\/WhatsApp-Image-2023-11-16-at-16.46.18-1024x576.jpeg 1024w, https:\/\/escuelaespanaval.cl\/wp-content\/uploads\/2023\/12\/WhatsApp-Image-2023-11-16-at-16.46.18-300x169.jpeg 300w, https:\/\/escuelaespanaval.cl\/wp-content\/uploads\/2023\/12\/WhatsApp-Image-2023-11-16-at-16.46.18-768x432.jpeg 768w, https:\/\/escuelaespanaval.cl\/wp-content\/uploads\/2023\/12\/WhatsApp-Image-2023-11-16-at-16.46.18-1536x864.jpeg 1536w, https:\/\/escuelaespanaval.cl\/wp-content\/uploads\/2023\/12\/WhatsApp-Image-2023-11-16-at-16.46.18.jpeg 1599w\" sizes=\"auto, (max-width: 1024px) 100vw, 1024px\" \/><\/figure>\n<\/figure>\n","protected":false},"excerpt":{"rendered":"<p>La Escuela Espa\u00f1a ha estado aplicando un m\u00e9todo de lectoescritura desde el a\u00f1o 2008, que actualmente se conoce como Lemal\u00edn, y ha demostrado ser exitoso en la ense\u00f1anza de la lectura a estudiantes de primero a cuarto grado, as\u00ed como en el desarrollo del Umbral lector en el nivel parvulario. En el presente a\u00f1o, un [&hellip;]<\/p>\n","protected":false},"author":1,"featured_media":2250,"comment_status":"closed","ping_status":"open","sticky":false,"template":"","format":"standard","meta":{"_monsterinsights_skip_tracking":false,"_monsterinsights_sitenote_active":false,"_monsterinsights_sitenote_note":"","_monsterinsights_sitenote_category":0,"site-container-style":"default","site-container-layout":"default","site-sidebar-layout":"default","disable-article-header":"default","disable-site-header":"default","disable-site-footer":"default","disable-content-area-spacing":"default","footnotes":""},"categories":[6],"tags":[],"class_list":["post-2247","post","type-post","status-publish","format-standard","has-post-thumbnail","hentry","category-actividades"],"yoast_head":"<!-- This site is optimized with the Yoast SEO plugin v27.1.1 - https:\/\/yoast.com\/product\/yoast-seo-wordpress\/ -->\n<title>II Capacitaci\u00f3n lectoescritura Lemal\u00edn-2023 - Escuela Espa\u00f1a<\/title>\n<meta name=\"robots\" content=\"index, follow, max-snippet:-1, max-image-preview:large, max-video-preview:-1\" \/>\n<link rel=\"canonical\" href=\"https:\/\/escuelaespanaval.cl\/?p=2247\" \/>\n<meta property=\"og:locale\" content=\"es_ES\" \/>\n<meta property=\"og:type\" content=\"article\" \/>\n<meta property=\"og:title\" content=\"II Capacitaci\u00f3n lectoescritura Lemal\u00edn-2023 - Escuela Espa\u00f1a\" \/>\n<meta property=\"og:description\" content=\"La Escuela Espa\u00f1a ha estado aplicando un m\u00e9todo de lectoescritura desde el a\u00f1o 2008, que actualmente se conoce como Lemal\u00edn, y ha demostrado ser exitoso en la ense\u00f1anza de la lectura a estudiantes de primero a cuarto grado, as\u00ed como en el desarrollo del Umbral lector en el nivel parvulario. En el presente a\u00f1o, un [&hellip;]\" \/>\n<meta property=\"og:url\" content=\"https:\/\/escuelaespanaval.cl\/?p=2247\" \/>\n<meta property=\"og:site_name\" content=\"Escuela Espa\u00f1a\" \/>\n<meta property=\"article:publisher\" content=\"https:\/\/www.facebook.com\/escuelaespanavald\" \/>\n<meta property=\"article:published_time\" content=\"2023-12-01T11:01:29+00:00\" \/>\n<meta property=\"article:modified_time\" content=\"2023-12-01T11:01:30+00:00\" \/>\n<meta property=\"og:image\" content=\"https:\/\/escuelaespanaval.cl\/wp-content\/uploads\/2023\/12\/WhatsApp-Image-2023-11-16-at-16.46.18.jpeg\" \/>\n\t<meta property=\"og:image:width\" content=\"1599\" \/>\n\t<meta property=\"og:image:height\" content=\"899\" \/>\n\t<meta property=\"og:image:type\" content=\"image\/jpeg\" \/>\n<meta name=\"author\" content=\"Administrador\" \/>\n<meta name=\"twitter:card\" content=\"summary_large_image\" \/>\n<meta name=\"twitter:label1\" content=\"Escrito por\" \/>\n\t<meta name=\"twitter:data1\" content=\"Administrador\" \/>\n\t<meta name=\"twitter:label2\" content=\"Tiempo de lectura\" \/>\n\t<meta name=\"twitter:data2\" content=\"1 minuto\" \/>\n<script type=\"application\/ld+json\" class=\"yoast-schema-graph\">{\"@context\":\"https:\/\/schema.org\",\"@graph\":[{\"@type\":\"Article\",\"@id\":\"https:\/\/escuelaespanaval.cl\/?p=2247#article\",\"isPartOf\":{\"@id\":\"https:\/\/escuelaespanaval.cl\/?p=2247\"},\"author\":{\"name\":\"Administrador\",\"@id\":\"https:\/\/escuelaespanaval.cl\/#\/schema\/person\/b8dc96fec133a948c2114bb5cba3ca1a\"},\"headline\":\"II Capacitaci\u00f3n lectoescritura Lemal\u00edn-2023\",\"datePublished\":\"2023-12-01T11:01:29+00:00\",\"dateModified\":\"2023-12-01T11:01:30+00:00\",\"mainEntityOfPage\":{\"@id\":\"https:\/\/escuelaespanaval.cl\/?p=2247\"},\"wordCount\":121,\"publisher\":{\"@id\":\"https:\/\/escuelaespanaval.cl\/#organization\"},\"image\":{\"@id\":\"https:\/\/escuelaespanaval.cl\/?p=2247#primaryimage\"},\"thumbnailUrl\":\"https:\/\/escuelaespanaval.cl\/wp-content\/uploads\/2023\/12\/WhatsApp-Image-2023-11-16-at-16.46.18.jpeg\",\"articleSection\":[\"Actividades\"],\"inLanguage\":\"es\"},{\"@type\":\"WebPage\",\"@id\":\"https:\/\/escuelaespanaval.cl\/?p=2247\",\"url\":\"https:\/\/escuelaespanaval.cl\/?p=2247\",\"name\":\"II Capacitaci\u00f3n lectoescritura Lemal\u00edn-2023 - Escuela Espa\u00f1a\",\"isPartOf\":{\"@id\":\"https:\/\/escuelaespanaval.cl\/#website\"},\"primaryImageOfPage\":{\"@id\":\"https:\/\/escuelaespanaval.cl\/?p=2247#primaryimage\"},\"image\":{\"@id\":\"https:\/\/escuelaespanaval.cl\/?p=2247#primaryimage\"},\"thumbnailUrl\":\"https:\/\/escuelaespanaval.cl\/wp-content\/uploads\/2023\/12\/WhatsApp-Image-2023-11-16-at-16.46.18.jpeg\",\"datePublished\":\"2023-12-01T11:01:29+00:00\",\"dateModified\":\"2023-12-01T11:01:30+00:00\",\"breadcrumb\":{\"@id\":\"https:\/\/escuelaespanaval.cl\/?p=2247#breadcrumb\"},\"inLanguage\":\"es\",\"potentialAction\":[{\"@type\":\"ReadAction\",\"target\":[\"https:\/\/escuelaespanaval.cl\/?p=2247\"]}]},{\"@type\":\"ImageObject\",\"inLanguage\":\"es\",\"@id\":\"https:\/\/escuelaespanaval.cl\/?p=2247#primaryimage\",\"url\":\"https:\/\/escuelaespanaval.cl\/wp-content\/uploads\/2023\/12\/WhatsApp-Image-2023-11-16-at-16.46.18.jpeg\",\"contentUrl\":\"https:\/\/escuelaespanaval.cl\/wp-content\/uploads\/2023\/12\/WhatsApp-Image-2023-11-16-at-16.46.18.jpeg\",\"width\":1599,\"height\":899},{\"@type\":\"BreadcrumbList\",\"@id\":\"https:\/\/escuelaespanaval.cl\/?p=2247#breadcrumb\",\"itemListElement\":[{\"@type\":\"ListItem\",\"position\":1,\"name\":\"Portada\",\"item\":\"https:\/\/escuelaespanaval.cl\/\"},{\"@type\":\"ListItem\",\"position\":2,\"name\":\"II Capacitaci\u00f3n lectoescritura Lemal\u00edn-2023\"}]},{\"@type\":\"WebSite\",\"@id\":\"https:\/\/escuelaespanaval.cl\/#website\",\"url\":\"https:\/\/escuelaespanaval.cl\/\",\"name\":\"Escuela Espa\u00f1a\",\"description\":\"Valdivia\",\"publisher\":{\"@id\":\"https:\/\/escuelaespanaval.cl\/#organization\"},\"potentialAction\":[{\"@type\":\"SearchAction\",\"target\":{\"@type\":\"EntryPoint\",\"urlTemplate\":\"https:\/\/escuelaespanaval.cl\/?s={search_term_string}\"},\"query-input\":{\"@type\":\"PropertyValueSpecification\",\"valueRequired\":true,\"valueName\":\"search_term_string\"}}],\"inLanguage\":\"es\"},{\"@type\":\"Organization\",\"@id\":\"https:\/\/escuelaespanaval.cl\/#organization\",\"name\":\"Escuela Espa\u00f1a\",\"url\":\"https:\/\/escuelaespanaval.cl\/\",\"logo\":{\"@type\":\"ImageObject\",\"inLanguage\":\"es\",\"@id\":\"https:\/\/escuelaespanaval.cl\/#\/schema\/logo\/image\/\",\"url\":\"https:\/\/escuelaespanaval.cl\/wp-content\/uploads\/2020\/12\/LOGO_ESCUELA.png\",\"contentUrl\":\"https:\/\/escuelaespanaval.cl\/wp-content\/uploads\/2020\/12\/LOGO_ESCUELA.png\",\"width\":1550,\"height\":2402,\"caption\":\"Escuela Espa\u00f1a\"},\"image\":{\"@id\":\"https:\/\/escuelaespanaval.cl\/#\/schema\/logo\/image\/\"},\"sameAs\":[\"https:\/\/www.facebook.com\/escuelaespanavald\",\"https:\/\/www.youtube.com\/@escuelaespanavaldivia97\"]},{\"@type\":\"Person\",\"@id\":\"https:\/\/escuelaespanaval.cl\/#\/schema\/person\/b8dc96fec133a948c2114bb5cba3ca1a\",\"name\":\"Administrador\",\"image\":{\"@type\":\"ImageObject\",\"inLanguage\":\"es\",\"@id\":\"https:\/\/escuelaespanaval.cl\/#\/schema\/person\/image\/\",\"url\":\"https:\/\/secure.gravatar.com\/avatar\/1a4537f0b323ae38f6776eb293038a2af5616bfe3d24bf6be540f254d895dd45?s=96&d=mm&r=g\",\"contentUrl\":\"https:\/\/secure.gravatar.com\/avatar\/1a4537f0b323ae38f6776eb293038a2af5616bfe3d24bf6be540f254d895dd45?s=96&d=mm&r=g\",\"caption\":\"Administrador\"},\"sameAs\":[\"https:\/\/escuelaespanaval.cl\/wp\"],\"url\":\"https:\/\/escuelaespanaval.cl\/?author=1\"}]}<\/script>\n<!-- \/ Yoast SEO plugin. -->","yoast_head_json":{"title":"II Capacitaci\u00f3n lectoescritura Lemal\u00edn-2023 - Escuela Espa\u00f1a","robots":{"index":"index","follow":"follow","max-snippet":"max-snippet:-1","max-image-preview":"max-image-preview:large","max-video-preview":"max-video-preview:-1"},"canonical":"https:\/\/escuelaespanaval.cl\/?p=2247","og_locale":"es_ES","og_type":"article","og_title":"II Capacitaci\u00f3n lectoescritura Lemal\u00edn-2023 - Escuela Espa\u00f1a","og_description":"La Escuela Espa\u00f1a ha estado aplicando un m\u00e9todo de lectoescritura desde el a\u00f1o 2008, que actualmente se conoce como Lemal\u00edn, y ha demostrado ser exitoso en la ense\u00f1anza de la lectura a estudiantes de primero a cuarto grado, as\u00ed como en el desarrollo del Umbral lector en el nivel parvulario. En el presente a\u00f1o, un [&hellip;]","og_url":"https:\/\/escuelaespanaval.cl\/?p=2247","og_site_name":"Escuela Espa\u00f1a","article_publisher":"https:\/\/www.facebook.com\/escuelaespanavald","article_published_time":"2023-12-01T11:01:29+00:00","article_modified_time":"2023-12-01T11:01:30+00:00","og_image":[{"width":1599,"height":899,"url":"https:\/\/escuelaespanaval.cl\/wp-content\/uploads\/2023\/12\/WhatsApp-Image-2023-11-16-at-16.46.18.jpeg","type":"image\/jpeg"}],"author":"Administrador","twitter_card":"summary_large_image","twitter_misc":{"Escrito por":"Administrador","Tiempo de lectura":"1 minuto"},"schema":{"@context":"https:\/\/schema.org","@graph":[{"@type":"Article","@id":"https:\/\/escuelaespanaval.cl\/?p=2247#article","isPartOf":{"@id":"https:\/\/escuelaespanaval.cl\/?p=2247"},"author":{"name":"Administrador","@id":"https:\/\/escuelaespanaval.cl\/#\/schema\/person\/b8dc96fec133a948c2114bb5cba3ca1a"},"headline":"II Capacitaci\u00f3n lectoescritura Lemal\u00edn-2023","datePublished":"2023-12-01T11:01:29+00:00","dateModified":"2023-12-01T11:01:30+00:00","mainEntityOfPage":{"@id":"https:\/\/escuelaespanaval.cl\/?p=2247"},"wordCount":121,"publisher":{"@id":"https:\/\/escuelaespanaval.cl\/#organization"},"image":{"@id":"https:\/\/escuelaespanaval.cl\/?p=2247#primaryimage"},"thumbnailUrl":"https:\/\/escuelaespanaval.cl\/wp-content\/uploads\/2023\/12\/WhatsApp-Image-2023-11-16-at-16.46.18.jpeg","articleSection":["Actividades"],"inLanguage":"es"},{"@type":"WebPage","@id":"https:\/\/escuelaespanaval.cl\/?p=2247","url":"https:\/\/escuelaespanaval.cl\/?p=2247","name":"II Capacitaci\u00f3n lectoescritura Lemal\u00edn-2023 - Escuela Espa\u00f1a","isPartOf":{"@id":"https:\/\/escuelaespanaval.cl\/#website"},"primaryImageOfPage":{"@id":"https:\/\/escuelaespanaval.cl\/?p=2247#primaryimage"},"image":{"@id":"https:\/\/escuelaespanaval.cl\/?p=2247#primaryimage"},"thumbnailUrl":"https:\/\/escuelaespanaval.cl\/wp-content\/uploads\/2023\/12\/WhatsApp-Image-2023-11-16-at-16.46.18.jpeg","datePublished":"2023-12-01T11:01:29+00:00","dateModified":"2023-12-01T11:01:30+00:00","breadcrumb":{"@id":"https:\/\/escuelaespanaval.cl\/?p=2247#breadcrumb"},"inLanguage":"es","potentialAction":[{"@type":"ReadAction","target":["https:\/\/escuelaespanaval.cl\/?p=2247"]}]},{"@type":"ImageObject","inLanguage":"es","@id":"https:\/\/escuelaespanaval.cl\/?p=2247#primaryimage","url":"https:\/\/escuelaespanaval.cl\/wp-content\/uploads\/2023\/12\/WhatsApp-Image-2023-11-16-at-16.46.18.jpeg","contentUrl":"https:\/\/escuelaespanaval.cl\/wp-content\/uploads\/2023\/12\/WhatsApp-Image-2023-11-16-at-16.46.18.jpeg","width":1599,"height":899},{"@type":"BreadcrumbList","@id":"https:\/\/escuelaespanaval.cl\/?p=2247#breadcrumb","itemListElement":[{"@type":"ListItem","position":1,"name":"Portada","item":"https:\/\/escuelaespanaval.cl\/"},{"@type":"ListItem","position":2,"name":"II Capacitaci\u00f3n lectoescritura Lemal\u00edn-2023"}]},{"@type":"WebSite","@id":"https:\/\/escuelaespanaval.cl\/#website","url":"https:\/\/escuelaespanaval.cl\/","name":"Escuela Espa\u00f1a","description":"Valdivia","publisher":{"@id":"https:\/\/escuelaespanaval.cl\/#organization"},"potentialAction":[{"@type":"SearchAction","target":{"@type":"EntryPoint","urlTemplate":"https:\/\/escuelaespanaval.cl\/?s={search_term_string}"},"query-input":{"@type":"PropertyValueSpecification","valueRequired":true,"valueName":"search_term_string"}}],"inLanguage":"es"},{"@type":"Organization","@id":"https:\/\/escuelaespanaval.cl\/#organization","name":"Escuela Espa\u00f1a","url":"https:\/\/escuelaespanaval.cl\/","logo":{"@type":"ImageObject","inLanguage":"es","@id":"https:\/\/escuelaespanaval.cl\/#\/schema\/logo\/image\/","url":"https:\/\/escuelaespanaval.cl\/wp-content\/uploads\/2020\/12\/LOGO_ESCUELA.png","contentUrl":"https:\/\/escuelaespanaval.cl\/wp-content\/uploads\/2020\/12\/LOGO_ESCUELA.png","width":1550,"height":2402,"caption":"Escuela Espa\u00f1a"},"image":{"@id":"https:\/\/escuelaespanaval.cl\/#\/schema\/logo\/image\/"},"sameAs":["https:\/\/www.facebook.com\/escuelaespanavald","https:\/\/www.youtube.com\/@escuelaespanavaldivia97"]},{"@type":"Person","@id":"https:\/\/escuelaespanaval.cl\/#\/schema\/person\/b8dc96fec133a948c2114bb5cba3ca1a","name":"Administrador","image":{"@type":"ImageObject","inLanguage":"es","@id":"https:\/\/escuelaespanaval.cl\/#\/schema\/person\/image\/","url":"https:\/\/secure.gravatar.com\/avatar\/1a4537f0b323ae38f6776eb293038a2af5616bfe3d24bf6be540f254d895dd45?s=96&d=mm&r=g","contentUrl":"https:\/\/secure.gravatar.com\/avatar\/1a4537f0b323ae38f6776eb293038a2af5616bfe3d24bf6be540f254d895dd45?s=96&d=mm&r=g","caption":"Administrador"},"sameAs":["https:\/\/escuelaespanaval.cl\/wp"],"url":"https:\/\/escuelaespanaval.cl\/?author=1"}]}},"_links":{"self":[{"href":"https:\/\/escuelaespanaval.cl\/index.php?rest_route=\/wp\/v2\/posts\/2247","targetHints":{"allow":["GET"]}}],"collection":[{"href":"https:\/\/escuelaespanaval.cl\/index.php?rest_route=\/wp\/v2\/posts"}],"about":[{"href":"https:\/\/escuelaespanaval.cl\/index.php?rest_route=\/wp\/v2\/types\/post"}],"author":[{"embeddable":true,"href":"https:\/\/escuelaespanaval.cl\/index.php?rest_route=\/wp\/v2\/users\/1"}],"replies":[{"embeddable":true,"href":"https:\/\/escuelaespanaval.cl\/index.php?rest_route=%2Fwp%2Fv2%2Fcomments&post=2247"}],"version-history":[{"count":1,"href":"https:\/\/escuelaespanaval.cl\/index.php?rest_route=\/wp\/v2\/posts\/2247\/revisions"}],"predecessor-version":[{"id":2251,"href":"https:\/\/escuelaespanaval.cl\/index.php?rest_route=\/wp\/v2\/posts\/2247\/revisions\/2251"}],"wp:featuredmedia":[{"embeddable":true,"href":"https:\/\/escuelaespanaval.cl\/index.php?rest_route=\/wp\/v2\/media\/2250"}],"wp:attachment":[{"href":"https:\/\/escuelaespanaval.cl\/index.php?rest_route=%2Fwp%2Fv2%2Fmedia&parent=2247"}],"wp:term":[{"taxonomy":"category","embeddable":true,"href":"https:\/\/escuelaespanaval.cl\/index.php?rest_route=%2Fwp%2Fv2%2Fcategories&post=2247"},{"taxonomy":"post_tag","embeddable":true,"href":"https:\/\/escuelaespanaval.cl\/index.php?rest_route=%2Fwp%2Fv2%2Ftags&post=2247"}],"curies":[{"name":"wp","href":"https:\/\/api.w.org\/{rel}","templated":true}]}}