{"id":2103,"date":"2023-11-08T19:33:01","date_gmt":"2023-11-08T19:33:01","guid":{"rendered":"https:\/\/escuelaespanaval.cl\/?p=2103"},"modified":"2023-11-08T19:33:02","modified_gmt":"2023-11-08T19:33:02","slug":"capacitacion-lectoescritura-lemalin","status":"publish","type":"post","link":"https:\/\/escuelaespanaval.cl\/?p=2103","title":{"rendered":"Capacitaci\u00f3n lectoescritura Lemal\u00edn"},"content":{"rendered":"\n<p>La Escuela Espa\u00f1a ha estado aplicando un m\u00e9todo de lectoescritura desde el a\u00f1o 2008, que actualmente se conoce como Lemal\u00edn, y ha demostrado ser exitoso en la ense\u00f1anza de la lectura a estudiantes de primero a cuarto grado, as\u00ed como en el desarrollo del Umbral lector en el nivel parvulario.<\/p>\n\n\n\n<p>En el presente a\u00f1o, un grupo de docentes y asistentes de educaci\u00f3n se ha capacitado en esta metodolog\u00eda a trav\u00e9s de clases virtuales, talleres presenciales, acompa\u00f1amiento en el aula y retroalimentaci\u00f3n proporcionada por la creadora del m\u00e9todo, la Se\u00f1ora Emma Ruiz de Gamboa.<\/p>\n\n\n\n<p>Como instituci\u00f3n educativa, estamos comprometidos en ofrecer a nuestros estudiantes las mejores oportunidades de aprendizaje. Durante todas las visitas de la se\u00f1ora Emma a nuestras aulas, ha encontrado que las clases est\u00e1n bien preparadas y que los estudiantes participan activamente.<\/p>\n\n\n\n<figure class=\"wp-block-gallery has-nested-images columns-default is-cropped wp-block-gallery-1 is-layout-flex wp-block-gallery-is-layout-flex\">\n<figure class=\"wp-block-image size-large\"><img loading=\"lazy\" decoding=\"async\" width=\"759\" height=\"536\" data-id=\"2104\" src=\"https:\/\/escuelaespanaval.cl\/wp-content\/uploads\/2023\/11\/1.jpg\" alt=\"\" class=\"wp-image-2104\" srcset=\"https:\/\/escuelaespanaval.cl\/wp-content\/uploads\/2023\/11\/1.jpg 759w, https:\/\/escuelaespanaval.cl\/wp-content\/uploads\/2023\/11\/1-300x212.jpg 300w\" sizes=\"auto, (max-width: 759px) 100vw, 759px\" \/><\/figure>\n\n\n\n<figure class=\"wp-block-image size-large\"><img loading=\"lazy\" decoding=\"async\" width=\"831\" height=\"539\" data-id=\"2105\" src=\"https:\/\/escuelaespanaval.cl\/wp-content\/uploads\/2023\/11\/2.jpg\" alt=\"\" class=\"wp-image-2105\" srcset=\"https:\/\/escuelaespanaval.cl\/wp-content\/uploads\/2023\/11\/2.jpg 831w, https:\/\/escuelaespanaval.cl\/wp-content\/uploads\/2023\/11\/2-300x195.jpg 300w, https:\/\/escuelaespanaval.cl\/wp-content\/uploads\/2023\/11\/2-768x498.jpg 768w\" sizes=\"auto, (max-width: 831px) 100vw, 831px\" \/><\/figure>\n\n\n\n<figure class=\"wp-block-image size-large\"><img loading=\"lazy\" decoding=\"async\" width=\"763\" height=\"551\" data-id=\"2106\" src=\"https:\/\/escuelaespanaval.cl\/wp-content\/uploads\/2023\/11\/3.jpg\" alt=\"\" class=\"wp-image-2106\" srcset=\"https:\/\/escuelaespanaval.cl\/wp-content\/uploads\/2023\/11\/3.jpg 763w, https:\/\/escuelaespanaval.cl\/wp-content\/uploads\/2023\/11\/3-300x217.jpg 300w\" sizes=\"auto, (max-width: 763px) 100vw, 763px\" \/><\/figure>\n\n\n\n<figure class=\"wp-block-image size-large\"><img loading=\"lazy\" decoding=\"async\" width=\"830\" height=\"548\" data-id=\"2107\" src=\"https:\/\/escuelaespanaval.cl\/wp-content\/uploads\/2023\/11\/4.jpg\" alt=\"\" class=\"wp-image-2107\" srcset=\"https:\/\/escuelaespanaval.cl\/wp-content\/uploads\/2023\/11\/4.jpg 830w, https:\/\/escuelaespanaval.cl\/wp-content\/uploads\/2023\/11\/4-300x198.jpg 300w, https:\/\/escuelaespanaval.cl\/wp-content\/uploads\/2023\/11\/4-768x507.jpg 768w\" sizes=\"auto, (max-width: 830px) 100vw, 830px\" \/><\/figure>\n<\/figure>\n","protected":false},"excerpt":{"rendered":"<p>La Escuela Espa\u00f1a ha estado aplicando un m\u00e9todo de lectoescritura desde el a\u00f1o 2008, que actualmente se conoce como Lemal\u00edn, y ha demostrado ser exitoso en la ense\u00f1anza de la lectura a estudiantes de primero a cuarto grado, as\u00ed como en el desarrollo del Umbral lector en el nivel parvulario. En el presente a\u00f1o, un [&hellip;]<\/p>\n","protected":false},"author":1,"featured_media":2104,"comment_status":"closed","ping_status":"open","sticky":false,"template":"","format":"standard","meta":{"_monsterinsights_skip_tracking":false,"_monsterinsights_sitenote_active":false,"_monsterinsights_sitenote_note":"","_monsterinsights_sitenote_category":0,"site-container-style":"default","site-container-layout":"default","site-sidebar-layout":"default","disable-article-header":"default","disable-site-header":"default","disable-site-footer":"default","disable-content-area-spacing":"default","footnotes":""},"categories":[7],"tags":[],"class_list":["post-2103","post","type-post","status-publish","format-standard","has-post-thumbnail","hentry","category-informacion"],"yoast_head":"<!-- This site is optimized with the Yoast SEO plugin v27.1.1 - https:\/\/yoast.com\/product\/yoast-seo-wordpress\/ -->\n<title>Capacitaci\u00f3n lectoescritura Lemal\u00edn - Escuela Espa\u00f1a<\/title>\n<meta name=\"robots\" content=\"index, follow, max-snippet:-1, max-image-preview:large, max-video-preview:-1\" \/>\n<link rel=\"canonical\" href=\"https:\/\/escuelaespanaval.cl\/?p=2103\" \/>\n<meta property=\"og:locale\" content=\"es_ES\" \/>\n<meta property=\"og:type\" content=\"article\" \/>\n<meta property=\"og:title\" content=\"Capacitaci\u00f3n lectoescritura Lemal\u00edn - Escuela Espa\u00f1a\" \/>\n<meta property=\"og:description\" content=\"La Escuela Espa\u00f1a ha estado aplicando un m\u00e9todo de lectoescritura desde el a\u00f1o 2008, que actualmente se conoce como Lemal\u00edn, y ha demostrado ser exitoso en la ense\u00f1anza de la lectura a estudiantes de primero a cuarto grado, as\u00ed como en el desarrollo del Umbral lector en el nivel parvulario. En el presente a\u00f1o, un [&hellip;]\" \/>\n<meta property=\"og:url\" content=\"https:\/\/escuelaespanaval.cl\/?p=2103\" \/>\n<meta property=\"og:site_name\" content=\"Escuela Espa\u00f1a\" \/>\n<meta property=\"article:publisher\" content=\"https:\/\/www.facebook.com\/escuelaespanavald\" \/>\n<meta property=\"article:published_time\" content=\"2023-11-08T19:33:01+00:00\" \/>\n<meta property=\"article:modified_time\" content=\"2023-11-08T19:33:02+00:00\" \/>\n<meta property=\"og:image\" content=\"https:\/\/escuelaespanaval.cl\/wp-content\/uploads\/2023\/11\/1.jpg\" \/>\n\t<meta property=\"og:image:width\" content=\"759\" \/>\n\t<meta property=\"og:image:height\" content=\"536\" \/>\n\t<meta property=\"og:image:type\" content=\"image\/jpeg\" \/>\n<meta name=\"author\" content=\"Administrador\" \/>\n<meta name=\"twitter:card\" content=\"summary_large_image\" \/>\n<meta name=\"twitter:label1\" content=\"Escrito por\" \/>\n\t<meta name=\"twitter:data1\" content=\"Administrador\" \/>\n\t<meta name=\"twitter:label2\" content=\"Tiempo de lectura\" \/>\n\t<meta name=\"twitter:data2\" content=\"2 minutos\" \/>\n<script type=\"application\/ld+json\" class=\"yoast-schema-graph\">{\"@context\":\"https:\/\/schema.org\",\"@graph\":[{\"@type\":\"Article\",\"@id\":\"https:\/\/escuelaespanaval.cl\/?p=2103#article\",\"isPartOf\":{\"@id\":\"https:\/\/escuelaespanaval.cl\/?p=2103\"},\"author\":{\"name\":\"Administrador\",\"@id\":\"https:\/\/escuelaespanaval.cl\/#\/schema\/person\/b8dc96fec133a948c2114bb5cba3ca1a\"},\"headline\":\"Capacitaci\u00f3n lectoescritura Lemal\u00edn\",\"datePublished\":\"2023-11-08T19:33:01+00:00\",\"dateModified\":\"2023-11-08T19:33:02+00:00\",\"mainEntityOfPage\":{\"@id\":\"https:\/\/escuelaespanaval.cl\/?p=2103\"},\"wordCount\":153,\"publisher\":{\"@id\":\"https:\/\/escuelaespanaval.cl\/#organization\"},\"image\":{\"@id\":\"https:\/\/escuelaespanaval.cl\/?p=2103#primaryimage\"},\"thumbnailUrl\":\"https:\/\/escuelaespanaval.cl\/wp-content\/uploads\/2023\/11\/1.jpg\",\"articleSection\":[\"Informaci\u00f3n\"],\"inLanguage\":\"es\"},{\"@type\":\"WebPage\",\"@id\":\"https:\/\/escuelaespanaval.cl\/?p=2103\",\"url\":\"https:\/\/escuelaespanaval.cl\/?p=2103\",\"name\":\"Capacitaci\u00f3n lectoescritura Lemal\u00edn - Escuela Espa\u00f1a\",\"isPartOf\":{\"@id\":\"https:\/\/escuelaespanaval.cl\/#website\"},\"primaryImageOfPage\":{\"@id\":\"https:\/\/escuelaespanaval.cl\/?p=2103#primaryimage\"},\"image\":{\"@id\":\"https:\/\/escuelaespanaval.cl\/?p=2103#primaryimage\"},\"thumbnailUrl\":\"https:\/\/escuelaespanaval.cl\/wp-content\/uploads\/2023\/11\/1.jpg\",\"datePublished\":\"2023-11-08T19:33:01+00:00\",\"dateModified\":\"2023-11-08T19:33:02+00:00\",\"breadcrumb\":{\"@id\":\"https:\/\/escuelaespanaval.cl\/?p=2103#breadcrumb\"},\"inLanguage\":\"es\",\"potentialAction\":[{\"@type\":\"ReadAction\",\"target\":[\"https:\/\/escuelaespanaval.cl\/?p=2103\"]}]},{\"@type\":\"ImageObject\",\"inLanguage\":\"es\",\"@id\":\"https:\/\/escuelaespanaval.cl\/?p=2103#primaryimage\",\"url\":\"https:\/\/escuelaespanaval.cl\/wp-content\/uploads\/2023\/11\/1.jpg\",\"contentUrl\":\"https:\/\/escuelaespanaval.cl\/wp-content\/uploads\/2023\/11\/1.jpg\",\"width\":759,\"height\":536},{\"@type\":\"BreadcrumbList\",\"@id\":\"https:\/\/escuelaespanaval.cl\/?p=2103#breadcrumb\",\"itemListElement\":[{\"@type\":\"ListItem\",\"position\":1,\"name\":\"Portada\",\"item\":\"https:\/\/escuelaespanaval.cl\/\"},{\"@type\":\"ListItem\",\"position\":2,\"name\":\"Capacitaci\u00f3n lectoescritura Lemal\u00edn\"}]},{\"@type\":\"WebSite\",\"@id\":\"https:\/\/escuelaespanaval.cl\/#website\",\"url\":\"https:\/\/escuelaespanaval.cl\/\",\"name\":\"Escuela Espa\u00f1a\",\"description\":\"Valdivia\",\"publisher\":{\"@id\":\"https:\/\/escuelaespanaval.cl\/#organization\"},\"potentialAction\":[{\"@type\":\"SearchAction\",\"target\":{\"@type\":\"EntryPoint\",\"urlTemplate\":\"https:\/\/escuelaespanaval.cl\/?s={search_term_string}\"},\"query-input\":{\"@type\":\"PropertyValueSpecification\",\"valueRequired\":true,\"valueName\":\"search_term_string\"}}],\"inLanguage\":\"es\"},{\"@type\":\"Organization\",\"@id\":\"https:\/\/escuelaespanaval.cl\/#organization\",\"name\":\"Escuela Espa\u00f1a\",\"url\":\"https:\/\/escuelaespanaval.cl\/\",\"logo\":{\"@type\":\"ImageObject\",\"inLanguage\":\"es\",\"@id\":\"https:\/\/escuelaespanaval.cl\/#\/schema\/logo\/image\/\",\"url\":\"https:\/\/escuelaespanaval.cl\/wp-content\/uploads\/2020\/12\/LOGO_ESCUELA.png\",\"contentUrl\":\"https:\/\/escuelaespanaval.cl\/wp-content\/uploads\/2020\/12\/LOGO_ESCUELA.png\",\"width\":1550,\"height\":2402,\"caption\":\"Escuela Espa\u00f1a\"},\"image\":{\"@id\":\"https:\/\/escuelaespanaval.cl\/#\/schema\/logo\/image\/\"},\"sameAs\":[\"https:\/\/www.facebook.com\/escuelaespanavald\",\"https:\/\/www.youtube.com\/@escuelaespanavaldivia97\"]},{\"@type\":\"Person\",\"@id\":\"https:\/\/escuelaespanaval.cl\/#\/schema\/person\/b8dc96fec133a948c2114bb5cba3ca1a\",\"name\":\"Administrador\",\"image\":{\"@type\":\"ImageObject\",\"inLanguage\":\"es\",\"@id\":\"https:\/\/escuelaespanaval.cl\/#\/schema\/person\/image\/\",\"url\":\"https:\/\/secure.gravatar.com\/avatar\/1a4537f0b323ae38f6776eb293038a2af5616bfe3d24bf6be540f254d895dd45?s=96&d=mm&r=g\",\"contentUrl\":\"https:\/\/secure.gravatar.com\/avatar\/1a4537f0b323ae38f6776eb293038a2af5616bfe3d24bf6be540f254d895dd45?s=96&d=mm&r=g\",\"caption\":\"Administrador\"},\"sameAs\":[\"https:\/\/escuelaespanaval.cl\/wp\"],\"url\":\"https:\/\/escuelaespanaval.cl\/?author=1\"}]}<\/script>\n<!-- \/ Yoast SEO plugin. -->","yoast_head_json":{"title":"Capacitaci\u00f3n lectoescritura Lemal\u00edn - Escuela Espa\u00f1a","robots":{"index":"index","follow":"follow","max-snippet":"max-snippet:-1","max-image-preview":"max-image-preview:large","max-video-preview":"max-video-preview:-1"},"canonical":"https:\/\/escuelaespanaval.cl\/?p=2103","og_locale":"es_ES","og_type":"article","og_title":"Capacitaci\u00f3n lectoescritura Lemal\u00edn - Escuela Espa\u00f1a","og_description":"La Escuela Espa\u00f1a ha estado aplicando un m\u00e9todo de lectoescritura desde el a\u00f1o 2008, que actualmente se conoce como Lemal\u00edn, y ha demostrado ser exitoso en la ense\u00f1anza de la lectura a estudiantes de primero a cuarto grado, as\u00ed como en el desarrollo del Umbral lector en el nivel parvulario. En el presente a\u00f1o, un [&hellip;]","og_url":"https:\/\/escuelaespanaval.cl\/?p=2103","og_site_name":"Escuela Espa\u00f1a","article_publisher":"https:\/\/www.facebook.com\/escuelaespanavald","article_published_time":"2023-11-08T19:33:01+00:00","article_modified_time":"2023-11-08T19:33:02+00:00","og_image":[{"width":759,"height":536,"url":"https:\/\/escuelaespanaval.cl\/wp-content\/uploads\/2023\/11\/1.jpg","type":"image\/jpeg"}],"author":"Administrador","twitter_card":"summary_large_image","twitter_misc":{"Escrito por":"Administrador","Tiempo de lectura":"2 minutos"},"schema":{"@context":"https:\/\/schema.org","@graph":[{"@type":"Article","@id":"https:\/\/escuelaespanaval.cl\/?p=2103#article","isPartOf":{"@id":"https:\/\/escuelaespanaval.cl\/?p=2103"},"author":{"name":"Administrador","@id":"https:\/\/escuelaespanaval.cl\/#\/schema\/person\/b8dc96fec133a948c2114bb5cba3ca1a"},"headline":"Capacitaci\u00f3n lectoescritura Lemal\u00edn","datePublished":"2023-11-08T19:33:01+00:00","dateModified":"2023-11-08T19:33:02+00:00","mainEntityOfPage":{"@id":"https:\/\/escuelaespanaval.cl\/?p=2103"},"wordCount":153,"publisher":{"@id":"https:\/\/escuelaespanaval.cl\/#organization"},"image":{"@id":"https:\/\/escuelaespanaval.cl\/?p=2103#primaryimage"},"thumbnailUrl":"https:\/\/escuelaespanaval.cl\/wp-content\/uploads\/2023\/11\/1.jpg","articleSection":["Informaci\u00f3n"],"inLanguage":"es"},{"@type":"WebPage","@id":"https:\/\/escuelaespanaval.cl\/?p=2103","url":"https:\/\/escuelaespanaval.cl\/?p=2103","name":"Capacitaci\u00f3n lectoescritura Lemal\u00edn - Escuela Espa\u00f1a","isPartOf":{"@id":"https:\/\/escuelaespanaval.cl\/#website"},"primaryImageOfPage":{"@id":"https:\/\/escuelaespanaval.cl\/?p=2103#primaryimage"},"image":{"@id":"https:\/\/escuelaespanaval.cl\/?p=2103#primaryimage"},"thumbnailUrl":"https:\/\/escuelaespanaval.cl\/wp-content\/uploads\/2023\/11\/1.jpg","datePublished":"2023-11-08T19:33:01+00:00","dateModified":"2023-11-08T19:33:02+00:00","breadcrumb":{"@id":"https:\/\/escuelaespanaval.cl\/?p=2103#breadcrumb"},"inLanguage":"es","potentialAction":[{"@type":"ReadAction","target":["https:\/\/escuelaespanaval.cl\/?p=2103"]}]},{"@type":"ImageObject","inLanguage":"es","@id":"https:\/\/escuelaespanaval.cl\/?p=2103#primaryimage","url":"https:\/\/escuelaespanaval.cl\/wp-content\/uploads\/2023\/11\/1.jpg","contentUrl":"https:\/\/escuelaespanaval.cl\/wp-content\/uploads\/2023\/11\/1.jpg","width":759,"height":536},{"@type":"BreadcrumbList","@id":"https:\/\/escuelaespanaval.cl\/?p=2103#breadcrumb","itemListElement":[{"@type":"ListItem","position":1,"name":"Portada","item":"https:\/\/escuelaespanaval.cl\/"},{"@type":"ListItem","position":2,"name":"Capacitaci\u00f3n lectoescritura Lemal\u00edn"}]},{"@type":"WebSite","@id":"https:\/\/escuelaespanaval.cl\/#website","url":"https:\/\/escuelaespanaval.cl\/","name":"Escuela Espa\u00f1a","description":"Valdivia","publisher":{"@id":"https:\/\/escuelaespanaval.cl\/#organization"},"potentialAction":[{"@type":"SearchAction","target":{"@type":"EntryPoint","urlTemplate":"https:\/\/escuelaespanaval.cl\/?s={search_term_string}"},"query-input":{"@type":"PropertyValueSpecification","valueRequired":true,"valueName":"search_term_string"}}],"inLanguage":"es"},{"@type":"Organization","@id":"https:\/\/escuelaespanaval.cl\/#organization","name":"Escuela Espa\u00f1a","url":"https:\/\/escuelaespanaval.cl\/","logo":{"@type":"ImageObject","inLanguage":"es","@id":"https:\/\/escuelaespanaval.cl\/#\/schema\/logo\/image\/","url":"https:\/\/escuelaespanaval.cl\/wp-content\/uploads\/2020\/12\/LOGO_ESCUELA.png","contentUrl":"https:\/\/escuelaespanaval.cl\/wp-content\/uploads\/2020\/12\/LOGO_ESCUELA.png","width":1550,"height":2402,"caption":"Escuela Espa\u00f1a"},"image":{"@id":"https:\/\/escuelaespanaval.cl\/#\/schema\/logo\/image\/"},"sameAs":["https:\/\/www.facebook.com\/escuelaespanavald","https:\/\/www.youtube.com\/@escuelaespanavaldivia97"]},{"@type":"Person","@id":"https:\/\/escuelaespanaval.cl\/#\/schema\/person\/b8dc96fec133a948c2114bb5cba3ca1a","name":"Administrador","image":{"@type":"ImageObject","inLanguage":"es","@id":"https:\/\/escuelaespanaval.cl\/#\/schema\/person\/image\/","url":"https:\/\/secure.gravatar.com\/avatar\/1a4537f0b323ae38f6776eb293038a2af5616bfe3d24bf6be540f254d895dd45?s=96&d=mm&r=g","contentUrl":"https:\/\/secure.gravatar.com\/avatar\/1a4537f0b323ae38f6776eb293038a2af5616bfe3d24bf6be540f254d895dd45?s=96&d=mm&r=g","caption":"Administrador"},"sameAs":["https:\/\/escuelaespanaval.cl\/wp"],"url":"https:\/\/escuelaespanaval.cl\/?author=1"}]}},"_links":{"self":[{"href":"https:\/\/escuelaespanaval.cl\/index.php?rest_route=\/wp\/v2\/posts\/2103","targetHints":{"allow":["GET"]}}],"collection":[{"href":"https:\/\/escuelaespanaval.cl\/index.php?rest_route=\/wp\/v2\/posts"}],"about":[{"href":"https:\/\/escuelaespanaval.cl\/index.php?rest_route=\/wp\/v2\/types\/post"}],"author":[{"embeddable":true,"href":"https:\/\/escuelaespanaval.cl\/index.php?rest_route=\/wp\/v2\/users\/1"}],"replies":[{"embeddable":true,"href":"https:\/\/escuelaespanaval.cl\/index.php?rest_route=%2Fwp%2Fv2%2Fcomments&post=2103"}],"version-history":[{"count":1,"href":"https:\/\/escuelaespanaval.cl\/index.php?rest_route=\/wp\/v2\/posts\/2103\/revisions"}],"predecessor-version":[{"id":2108,"href":"https:\/\/escuelaespanaval.cl\/index.php?rest_route=\/wp\/v2\/posts\/2103\/revisions\/2108"}],"wp:featuredmedia":[{"embeddable":true,"href":"https:\/\/escuelaespanaval.cl\/index.php?rest_route=\/wp\/v2\/media\/2104"}],"wp:attachment":[{"href":"https:\/\/escuelaespanaval.cl\/index.php?rest_route=%2Fwp%2Fv2%2Fmedia&parent=2103"}],"wp:term":[{"taxonomy":"category","embeddable":true,"href":"https:\/\/escuelaespanaval.cl\/index.php?rest_route=%2Fwp%2Fv2%2Fcategories&post=2103"},{"taxonomy":"post_tag","embeddable":true,"href":"https:\/\/escuelaespanaval.cl\/index.php?rest_route=%2Fwp%2Fv2%2Ftags&post=2103"}],"curies":[{"name":"wp","href":"https:\/\/api.w.org\/{rel}","templated":true}]}}