{"id":2057,"date":"2023-09-26T11:55:45","date_gmt":"2023-09-26T11:55:45","guid":{"rendered":"https:\/\/escuelaespanaval.cl\/?p=2057"},"modified":"2023-09-26T11:55:46","modified_gmt":"2023-09-26T11:55:46","slug":"salida-pedagogica-8b","status":"publish","type":"post","link":"https:\/\/escuelaespanaval.cl\/?p=2057","title":{"rendered":"Salida pedag\u00f3gica 8\u00b0B"},"content":{"rendered":"\n<p>Les compartimos im\u00e1genes de la actividad realizada por estudiantes de 8\u00b0B el d\u00eda 25 de septiembre en la Universidad Austral de Chile. El taller estuvo orientado a reflexionar en torno a la tem\u00e1tica de los Derechos Humanos a prop\u00f3sito de la conmemoraci\u00f3n de los 50 a\u00f1os del Golpe C\u00edvico-Militar. C\u00f3mo establecimiento consideramos fundamental la tarea de formar ciudadanos bajo los principios de la Democracia y la Formaci\u00f3n Ciudadana mediante el fortalecimiento de una sociedad equitativa e igualitaria.<\/p>\n\n\n\n<figure class=\"wp-block-gallery has-nested-images columns-default is-cropped wp-block-gallery-1 is-layout-flex wp-block-gallery-is-layout-flex\">\n<figure class=\"wp-block-image size-large\"><img loading=\"lazy\" decoding=\"async\" width=\"1024\" height=\"461\" data-id=\"2058\" src=\"https:\/\/escuelaespanaval.cl\/wp-content\/uploads\/2023\/09\/WhatsApp-Image-2023-09-25-at-15.05.18-2-1024x461.jpeg\" alt=\"\" class=\"wp-image-2058\" srcset=\"https:\/\/escuelaespanaval.cl\/wp-content\/uploads\/2023\/09\/WhatsApp-Image-2023-09-25-at-15.05.18-2-1024x461.jpeg 1024w, https:\/\/escuelaespanaval.cl\/wp-content\/uploads\/2023\/09\/WhatsApp-Image-2023-09-25-at-15.05.18-2-300x135.jpeg 300w, https:\/\/escuelaespanaval.cl\/wp-content\/uploads\/2023\/09\/WhatsApp-Image-2023-09-25-at-15.05.18-2-768x346.jpeg 768w, https:\/\/escuelaespanaval.cl\/wp-content\/uploads\/2023\/09\/WhatsApp-Image-2023-09-25-at-15.05.18-2-1536x691.jpeg 1536w, https:\/\/escuelaespanaval.cl\/wp-content\/uploads\/2023\/09\/WhatsApp-Image-2023-09-25-at-15.05.18-2.jpeg 1600w\" sizes=\"auto, (max-width: 1024px) 100vw, 1024px\" \/><\/figure>\n\n\n\n<figure class=\"wp-block-image size-large\"><img loading=\"lazy\" decoding=\"async\" width=\"1024\" height=\"461\" data-id=\"2064\" src=\"https:\/\/escuelaespanaval.cl\/wp-content\/uploads\/2023\/09\/WhatsApp-Image-2023-09-25-at-15.05.18-1024x461.jpeg\" alt=\"\" class=\"wp-image-2064\" srcset=\"https:\/\/escuelaespanaval.cl\/wp-content\/uploads\/2023\/09\/WhatsApp-Image-2023-09-25-at-15.05.18-1024x461.jpeg 1024w, https:\/\/escuelaespanaval.cl\/wp-content\/uploads\/2023\/09\/WhatsApp-Image-2023-09-25-at-15.05.18-300x135.jpeg 300w, https:\/\/escuelaespanaval.cl\/wp-content\/uploads\/2023\/09\/WhatsApp-Image-2023-09-25-at-15.05.18-768x346.jpeg 768w, https:\/\/escuelaespanaval.cl\/wp-content\/uploads\/2023\/09\/WhatsApp-Image-2023-09-25-at-15.05.18-1536x691.jpeg 1536w, https:\/\/escuelaespanaval.cl\/wp-content\/uploads\/2023\/09\/WhatsApp-Image-2023-09-25-at-15.05.18.jpeg 1600w\" sizes=\"auto, (max-width: 1024px) 100vw, 1024px\" \/><\/figure>\n\n\n\n<figure class=\"wp-block-image size-large\"><img loading=\"lazy\" decoding=\"async\" width=\"1024\" height=\"461\" data-id=\"2061\" src=\"https:\/\/escuelaespanaval.cl\/wp-content\/uploads\/2023\/09\/WhatsApp-Image-2023-09-25-at-15.05.19-1024x461.jpeg\" alt=\"\" class=\"wp-image-2061\" srcset=\"https:\/\/escuelaespanaval.cl\/wp-content\/uploads\/2023\/09\/WhatsApp-Image-2023-09-25-at-15.05.19-1024x461.jpeg 1024w, https:\/\/escuelaespanaval.cl\/wp-content\/uploads\/2023\/09\/WhatsApp-Image-2023-09-25-at-15.05.19-300x135.jpeg 300w, https:\/\/escuelaespanaval.cl\/wp-content\/uploads\/2023\/09\/WhatsApp-Image-2023-09-25-at-15.05.19-768x346.jpeg 768w, https:\/\/escuelaespanaval.cl\/wp-content\/uploads\/2023\/09\/WhatsApp-Image-2023-09-25-at-15.05.19-1536x691.jpeg 1536w, https:\/\/escuelaespanaval.cl\/wp-content\/uploads\/2023\/09\/WhatsApp-Image-2023-09-25-at-15.05.19.jpeg 1600w\" sizes=\"auto, (max-width: 1024px) 100vw, 1024px\" \/><\/figure>\n\n\n\n<figure class=\"wp-block-image size-large\"><img loading=\"lazy\" decoding=\"async\" width=\"1024\" height=\"768\" data-id=\"2059\" src=\"https:\/\/escuelaespanaval.cl\/wp-content\/uploads\/2023\/09\/WhatsApp-Image-2023-09-25-at-16.41.13-1024x768.jpeg\" alt=\"\" class=\"wp-image-2059\" srcset=\"https:\/\/escuelaespanaval.cl\/wp-content\/uploads\/2023\/09\/WhatsApp-Image-2023-09-25-at-16.41.13-1024x768.jpeg 1024w, https:\/\/escuelaespanaval.cl\/wp-content\/uploads\/2023\/09\/WhatsApp-Image-2023-09-25-at-16.41.13-300x225.jpeg 300w, https:\/\/escuelaespanaval.cl\/wp-content\/uploads\/2023\/09\/WhatsApp-Image-2023-09-25-at-16.41.13-768x576.jpeg 768w, https:\/\/escuelaespanaval.cl\/wp-content\/uploads\/2023\/09\/WhatsApp-Image-2023-09-25-at-16.41.13-1536x1152.jpeg 1536w, https:\/\/escuelaespanaval.cl\/wp-content\/uploads\/2023\/09\/WhatsApp-Image-2023-09-25-at-16.41.13.jpeg 1600w\" sizes=\"auto, (max-width: 1024px) 100vw, 1024px\" \/><\/figure>\n\n\n\n<figure class=\"wp-block-image size-large\"><img loading=\"lazy\" decoding=\"async\" width=\"1024\" height=\"771\" data-id=\"2060\" src=\"https:\/\/escuelaespanaval.cl\/wp-content\/uploads\/2023\/09\/WhatsApp-Image-2023-09-25-at-16.41.14-1-1024x771.jpeg\" alt=\"\" class=\"wp-image-2060\" srcset=\"https:\/\/escuelaespanaval.cl\/wp-content\/uploads\/2023\/09\/WhatsApp-Image-2023-09-25-at-16.41.14-1-1024x771.jpeg 1024w, https:\/\/escuelaespanaval.cl\/wp-content\/uploads\/2023\/09\/WhatsApp-Image-2023-09-25-at-16.41.14-1-300x226.jpeg 300w, https:\/\/escuelaespanaval.cl\/wp-content\/uploads\/2023\/09\/WhatsApp-Image-2023-09-25-at-16.41.14-1-768x578.jpeg 768w, https:\/\/escuelaespanaval.cl\/wp-content\/uploads\/2023\/09\/WhatsApp-Image-2023-09-25-at-16.41.14-1-1536x1156.jpeg 1536w, https:\/\/escuelaespanaval.cl\/wp-content\/uploads\/2023\/09\/WhatsApp-Image-2023-09-25-at-16.41.14-1.jpeg 1600w\" sizes=\"auto, (max-width: 1024px) 100vw, 1024px\" \/><\/figure>\n\n\n\n<figure class=\"wp-block-image size-large\"><img loading=\"lazy\" decoding=\"async\" width=\"1024\" height=\"771\" data-id=\"2062\" src=\"https:\/\/escuelaespanaval.cl\/wp-content\/uploads\/2023\/09\/WhatsApp-Image-2023-09-25-at-16.41.14-1024x771.jpeg\" alt=\"\" class=\"wp-image-2062\" srcset=\"https:\/\/escuelaespanaval.cl\/wp-content\/uploads\/2023\/09\/WhatsApp-Image-2023-09-25-at-16.41.14-1024x771.jpeg 1024w, https:\/\/escuelaespanaval.cl\/wp-content\/uploads\/2023\/09\/WhatsApp-Image-2023-09-25-at-16.41.14-300x226.jpeg 300w, https:\/\/escuelaespanaval.cl\/wp-content\/uploads\/2023\/09\/WhatsApp-Image-2023-09-25-at-16.41.14-768x578.jpeg 768w, https:\/\/escuelaespanaval.cl\/wp-content\/uploads\/2023\/09\/WhatsApp-Image-2023-09-25-at-16.41.14-1536x1156.jpeg 1536w, https:\/\/escuelaespanaval.cl\/wp-content\/uploads\/2023\/09\/WhatsApp-Image-2023-09-25-at-16.41.14.jpeg 1600w\" sizes=\"auto, (max-width: 1024px) 100vw, 1024px\" \/><\/figure>\n\n\n\n<figure class=\"wp-block-image size-large\"><img loading=\"lazy\" decoding=\"async\" width=\"1024\" height=\"461\" data-id=\"2065\" src=\"https:\/\/escuelaespanaval.cl\/wp-content\/uploads\/2023\/09\/WhatsApp-Image-2023-09-25-at-15.05.17-1024x461.jpeg\" alt=\"\" class=\"wp-image-2065\" srcset=\"https:\/\/escuelaespanaval.cl\/wp-content\/uploads\/2023\/09\/WhatsApp-Image-2023-09-25-at-15.05.17-1024x461.jpeg 1024w, https:\/\/escuelaespanaval.cl\/wp-content\/uploads\/2023\/09\/WhatsApp-Image-2023-09-25-at-15.05.17-300x135.jpeg 300w, https:\/\/escuelaespanaval.cl\/wp-content\/uploads\/2023\/09\/WhatsApp-Image-2023-09-25-at-15.05.17-768x346.jpeg 768w, https:\/\/escuelaespanaval.cl\/wp-content\/uploads\/2023\/09\/WhatsApp-Image-2023-09-25-at-15.05.17-1536x691.jpeg 1536w, https:\/\/escuelaespanaval.cl\/wp-content\/uploads\/2023\/09\/WhatsApp-Image-2023-09-25-at-15.05.17.jpeg 1600w\" sizes=\"auto, (max-width: 1024px) 100vw, 1024px\" \/><\/figure>\n\n\n\n<figure class=\"wp-block-image size-large\"><img loading=\"lazy\" decoding=\"async\" width=\"1024\" height=\"461\" data-id=\"2063\" src=\"https:\/\/escuelaespanaval.cl\/wp-content\/uploads\/2023\/09\/WhatsApp-Image-2023-09-25-at-15.05.18-1-1024x461.jpeg\" alt=\"\" class=\"wp-image-2063\" srcset=\"https:\/\/escuelaespanaval.cl\/wp-content\/uploads\/2023\/09\/WhatsApp-Image-2023-09-25-at-15.05.18-1-1024x461.jpeg 1024w, https:\/\/escuelaespanaval.cl\/wp-content\/uploads\/2023\/09\/WhatsApp-Image-2023-09-25-at-15.05.18-1-300x135.jpeg 300w, https:\/\/escuelaespanaval.cl\/wp-content\/uploads\/2023\/09\/WhatsApp-Image-2023-09-25-at-15.05.18-1-768x346.jpeg 768w, https:\/\/escuelaespanaval.cl\/wp-content\/uploads\/2023\/09\/WhatsApp-Image-2023-09-25-at-15.05.18-1-1536x691.jpeg 1536w, https:\/\/escuelaespanaval.cl\/wp-content\/uploads\/2023\/09\/WhatsApp-Image-2023-09-25-at-15.05.18-1.jpeg 1600w\" sizes=\"auto, (max-width: 1024px) 100vw, 1024px\" \/><\/figure>\n<\/figure>\n","protected":false},"excerpt":{"rendered":"<p>Les compartimos im\u00e1genes de la actividad realizada por estudiantes de 8\u00b0B el d\u00eda 25 de septiembre en la Universidad Austral de Chile. El taller estuvo orientado a reflexionar en torno a la tem\u00e1tica de los Derechos Humanos a prop\u00f3sito de la conmemoraci\u00f3n de los 50 a\u00f1os del Golpe C\u00edvico-Militar. C\u00f3mo establecimiento consideramos fundamental la tarea [&hellip;]<\/p>\n","protected":false},"author":1,"featured_media":2060,"comment_status":"closed","ping_status":"open","sticky":false,"template":"","format":"standard","meta":{"_monsterinsights_skip_tracking":false,"_monsterinsights_sitenote_active":false,"_monsterinsights_sitenote_note":"","_monsterinsights_sitenote_category":0,"site-container-style":"default","site-container-layout":"default","site-sidebar-layout":"default","disable-article-header":"default","disable-site-header":"default","disable-site-footer":"default","disable-content-area-spacing":"default","footnotes":""},"categories":[6],"tags":[],"class_list":["post-2057","post","type-post","status-publish","format-standard","has-post-thumbnail","hentry","category-actividades"],"yoast_head":"<!-- This site is optimized with the Yoast SEO plugin v27.1.1 - https:\/\/yoast.com\/product\/yoast-seo-wordpress\/ -->\n<title>Salida pedag\u00f3gica 8\u00b0B - Escuela Espa\u00f1a<\/title>\n<meta name=\"robots\" content=\"index, follow, max-snippet:-1, max-image-preview:large, max-video-preview:-1\" \/>\n<link rel=\"canonical\" href=\"https:\/\/escuelaespanaval.cl\/?p=2057\" \/>\n<meta property=\"og:locale\" content=\"es_ES\" \/>\n<meta property=\"og:type\" content=\"article\" \/>\n<meta property=\"og:title\" content=\"Salida pedag\u00f3gica 8\u00b0B - Escuela Espa\u00f1a\" \/>\n<meta property=\"og:description\" content=\"Les compartimos im\u00e1genes de la actividad realizada por estudiantes de 8\u00b0B el d\u00eda 25 de septiembre en la Universidad Austral de Chile. El taller estuvo orientado a reflexionar en torno a la tem\u00e1tica de los Derechos Humanos a prop\u00f3sito de la conmemoraci\u00f3n de los 50 a\u00f1os del Golpe C\u00edvico-Militar. C\u00f3mo establecimiento consideramos fundamental la tarea [&hellip;]\" \/>\n<meta property=\"og:url\" content=\"https:\/\/escuelaespanaval.cl\/?p=2057\" \/>\n<meta property=\"og:site_name\" content=\"Escuela Espa\u00f1a\" \/>\n<meta property=\"article:publisher\" content=\"https:\/\/www.facebook.com\/escuelaespanavald\" \/>\n<meta property=\"article:published_time\" content=\"2023-09-26T11:55:45+00:00\" \/>\n<meta property=\"article:modified_time\" content=\"2023-09-26T11:55:46+00:00\" \/>\n<meta property=\"og:image\" content=\"https:\/\/escuelaespanaval.cl\/wp-content\/uploads\/2023\/09\/WhatsApp-Image-2023-09-25-at-16.41.14-1.jpeg\" \/>\n\t<meta property=\"og:image:width\" content=\"1600\" \/>\n\t<meta property=\"og:image:height\" content=\"1204\" \/>\n\t<meta property=\"og:image:type\" content=\"image\/jpeg\" \/>\n<meta name=\"author\" content=\"Administrador\" \/>\n<meta name=\"twitter:card\" content=\"summary_large_image\" \/>\n<meta name=\"twitter:label1\" content=\"Escrito por\" \/>\n\t<meta name=\"twitter:data1\" content=\"Administrador\" \/>\n\t<meta name=\"twitter:label2\" content=\"Tiempo de lectura\" \/>\n\t<meta name=\"twitter:data2\" content=\"2 minutos\" \/>\n<script type=\"application\/ld+json\" class=\"yoast-schema-graph\">{\"@context\":\"https:\/\/schema.org\",\"@graph\":[{\"@type\":\"Article\",\"@id\":\"https:\/\/escuelaespanaval.cl\/?p=2057#article\",\"isPartOf\":{\"@id\":\"https:\/\/escuelaespanaval.cl\/?p=2057\"},\"author\":{\"name\":\"Administrador\",\"@id\":\"https:\/\/escuelaespanaval.cl\/#\/schema\/person\/b8dc96fec133a948c2114bb5cba3ca1a\"},\"headline\":\"Salida pedag\u00f3gica 8\u00b0B\",\"datePublished\":\"2023-09-26T11:55:45+00:00\",\"dateModified\":\"2023-09-26T11:55:46+00:00\",\"mainEntityOfPage\":{\"@id\":\"https:\/\/escuelaespanaval.cl\/?p=2057\"},\"wordCount\":88,\"publisher\":{\"@id\":\"https:\/\/escuelaespanaval.cl\/#organization\"},\"image\":{\"@id\":\"https:\/\/escuelaespanaval.cl\/?p=2057#primaryimage\"},\"thumbnailUrl\":\"https:\/\/escuelaespanaval.cl\/wp-content\/uploads\/2023\/09\/WhatsApp-Image-2023-09-25-at-16.41.14-1.jpeg\",\"articleSection\":[\"Actividades\"],\"inLanguage\":\"es\"},{\"@type\":\"WebPage\",\"@id\":\"https:\/\/escuelaespanaval.cl\/?p=2057\",\"url\":\"https:\/\/escuelaespanaval.cl\/?p=2057\",\"name\":\"Salida pedag\u00f3gica 8\u00b0B - Escuela Espa\u00f1a\",\"isPartOf\":{\"@id\":\"https:\/\/escuelaespanaval.cl\/#website\"},\"primaryImageOfPage\":{\"@id\":\"https:\/\/escuelaespanaval.cl\/?p=2057#primaryimage\"},\"image\":{\"@id\":\"https:\/\/escuelaespanaval.cl\/?p=2057#primaryimage\"},\"thumbnailUrl\":\"https:\/\/escuelaespanaval.cl\/wp-content\/uploads\/2023\/09\/WhatsApp-Image-2023-09-25-at-16.41.14-1.jpeg\",\"datePublished\":\"2023-09-26T11:55:45+00:00\",\"dateModified\":\"2023-09-26T11:55:46+00:00\",\"breadcrumb\":{\"@id\":\"https:\/\/escuelaespanaval.cl\/?p=2057#breadcrumb\"},\"inLanguage\":\"es\",\"potentialAction\":[{\"@type\":\"ReadAction\",\"target\":[\"https:\/\/escuelaespanaval.cl\/?p=2057\"]}]},{\"@type\":\"ImageObject\",\"inLanguage\":\"es\",\"@id\":\"https:\/\/escuelaespanaval.cl\/?p=2057#primaryimage\",\"url\":\"https:\/\/escuelaespanaval.cl\/wp-content\/uploads\/2023\/09\/WhatsApp-Image-2023-09-25-at-16.41.14-1.jpeg\",\"contentUrl\":\"https:\/\/escuelaespanaval.cl\/wp-content\/uploads\/2023\/09\/WhatsApp-Image-2023-09-25-at-16.41.14-1.jpeg\",\"width\":1600,\"height\":1204},{\"@type\":\"BreadcrumbList\",\"@id\":\"https:\/\/escuelaespanaval.cl\/?p=2057#breadcrumb\",\"itemListElement\":[{\"@type\":\"ListItem\",\"position\":1,\"name\":\"Portada\",\"item\":\"https:\/\/escuelaespanaval.cl\/\"},{\"@type\":\"ListItem\",\"position\":2,\"name\":\"Salida pedag\u00f3gica 8\u00b0B\"}]},{\"@type\":\"WebSite\",\"@id\":\"https:\/\/escuelaespanaval.cl\/#website\",\"url\":\"https:\/\/escuelaespanaval.cl\/\",\"name\":\"Escuela Espa\u00f1a\",\"description\":\"Valdivia\",\"publisher\":{\"@id\":\"https:\/\/escuelaespanaval.cl\/#organization\"},\"potentialAction\":[{\"@type\":\"SearchAction\",\"target\":{\"@type\":\"EntryPoint\",\"urlTemplate\":\"https:\/\/escuelaespanaval.cl\/?s={search_term_string}\"},\"query-input\":{\"@type\":\"PropertyValueSpecification\",\"valueRequired\":true,\"valueName\":\"search_term_string\"}}],\"inLanguage\":\"es\"},{\"@type\":\"Organization\",\"@id\":\"https:\/\/escuelaespanaval.cl\/#organization\",\"name\":\"Escuela Espa\u00f1a\",\"url\":\"https:\/\/escuelaespanaval.cl\/\",\"logo\":{\"@type\":\"ImageObject\",\"inLanguage\":\"es\",\"@id\":\"https:\/\/escuelaespanaval.cl\/#\/schema\/logo\/image\/\",\"url\":\"https:\/\/escuelaespanaval.cl\/wp-content\/uploads\/2020\/12\/LOGO_ESCUELA.png\",\"contentUrl\":\"https:\/\/escuelaespanaval.cl\/wp-content\/uploads\/2020\/12\/LOGO_ESCUELA.png\",\"width\":1550,\"height\":2402,\"caption\":\"Escuela Espa\u00f1a\"},\"image\":{\"@id\":\"https:\/\/escuelaespanaval.cl\/#\/schema\/logo\/image\/\"},\"sameAs\":[\"https:\/\/www.facebook.com\/escuelaespanavald\",\"https:\/\/www.youtube.com\/@escuelaespanavaldivia97\"]},{\"@type\":\"Person\",\"@id\":\"https:\/\/escuelaespanaval.cl\/#\/schema\/person\/b8dc96fec133a948c2114bb5cba3ca1a\",\"name\":\"Administrador\",\"image\":{\"@type\":\"ImageObject\",\"inLanguage\":\"es\",\"@id\":\"https:\/\/escuelaespanaval.cl\/#\/schema\/person\/image\/\",\"url\":\"https:\/\/secure.gravatar.com\/avatar\/1a4537f0b323ae38f6776eb293038a2af5616bfe3d24bf6be540f254d895dd45?s=96&d=mm&r=g\",\"contentUrl\":\"https:\/\/secure.gravatar.com\/avatar\/1a4537f0b323ae38f6776eb293038a2af5616bfe3d24bf6be540f254d895dd45?s=96&d=mm&r=g\",\"caption\":\"Administrador\"},\"sameAs\":[\"https:\/\/escuelaespanaval.cl\/wp\"],\"url\":\"https:\/\/escuelaespanaval.cl\/?author=1\"}]}<\/script>\n<!-- \/ Yoast SEO plugin. -->","yoast_head_json":{"title":"Salida pedag\u00f3gica 8\u00b0B - Escuela Espa\u00f1a","robots":{"index":"index","follow":"follow","max-snippet":"max-snippet:-1","max-image-preview":"max-image-preview:large","max-video-preview":"max-video-preview:-1"},"canonical":"https:\/\/escuelaespanaval.cl\/?p=2057","og_locale":"es_ES","og_type":"article","og_title":"Salida pedag\u00f3gica 8\u00b0B - Escuela Espa\u00f1a","og_description":"Les compartimos im\u00e1genes de la actividad realizada por estudiantes de 8\u00b0B el d\u00eda 25 de septiembre en la Universidad Austral de Chile. El taller estuvo orientado a reflexionar en torno a la tem\u00e1tica de los Derechos Humanos a prop\u00f3sito de la conmemoraci\u00f3n de los 50 a\u00f1os del Golpe C\u00edvico-Militar. C\u00f3mo establecimiento consideramos fundamental la tarea [&hellip;]","og_url":"https:\/\/escuelaespanaval.cl\/?p=2057","og_site_name":"Escuela Espa\u00f1a","article_publisher":"https:\/\/www.facebook.com\/escuelaespanavald","article_published_time":"2023-09-26T11:55:45+00:00","article_modified_time":"2023-09-26T11:55:46+00:00","og_image":[{"width":1600,"height":1204,"url":"https:\/\/escuelaespanaval.cl\/wp-content\/uploads\/2023\/09\/WhatsApp-Image-2023-09-25-at-16.41.14-1.jpeg","type":"image\/jpeg"}],"author":"Administrador","twitter_card":"summary_large_image","twitter_misc":{"Escrito por":"Administrador","Tiempo de lectura":"2 minutos"},"schema":{"@context":"https:\/\/schema.org","@graph":[{"@type":"Article","@id":"https:\/\/escuelaespanaval.cl\/?p=2057#article","isPartOf":{"@id":"https:\/\/escuelaespanaval.cl\/?p=2057"},"author":{"name":"Administrador","@id":"https:\/\/escuelaespanaval.cl\/#\/schema\/person\/b8dc96fec133a948c2114bb5cba3ca1a"},"headline":"Salida pedag\u00f3gica 8\u00b0B","datePublished":"2023-09-26T11:55:45+00:00","dateModified":"2023-09-26T11:55:46+00:00","mainEntityOfPage":{"@id":"https:\/\/escuelaespanaval.cl\/?p=2057"},"wordCount":88,"publisher":{"@id":"https:\/\/escuelaespanaval.cl\/#organization"},"image":{"@id":"https:\/\/escuelaespanaval.cl\/?p=2057#primaryimage"},"thumbnailUrl":"https:\/\/escuelaespanaval.cl\/wp-content\/uploads\/2023\/09\/WhatsApp-Image-2023-09-25-at-16.41.14-1.jpeg","articleSection":["Actividades"],"inLanguage":"es"},{"@type":"WebPage","@id":"https:\/\/escuelaespanaval.cl\/?p=2057","url":"https:\/\/escuelaespanaval.cl\/?p=2057","name":"Salida pedag\u00f3gica 8\u00b0B - Escuela Espa\u00f1a","isPartOf":{"@id":"https:\/\/escuelaespanaval.cl\/#website"},"primaryImageOfPage":{"@id":"https:\/\/escuelaespanaval.cl\/?p=2057#primaryimage"},"image":{"@id":"https:\/\/escuelaespanaval.cl\/?p=2057#primaryimage"},"thumbnailUrl":"https:\/\/escuelaespanaval.cl\/wp-content\/uploads\/2023\/09\/WhatsApp-Image-2023-09-25-at-16.41.14-1.jpeg","datePublished":"2023-09-26T11:55:45+00:00","dateModified":"2023-09-26T11:55:46+00:00","breadcrumb":{"@id":"https:\/\/escuelaespanaval.cl\/?p=2057#breadcrumb"},"inLanguage":"es","potentialAction":[{"@type":"ReadAction","target":["https:\/\/escuelaespanaval.cl\/?p=2057"]}]},{"@type":"ImageObject","inLanguage":"es","@id":"https:\/\/escuelaespanaval.cl\/?p=2057#primaryimage","url":"https:\/\/escuelaespanaval.cl\/wp-content\/uploads\/2023\/09\/WhatsApp-Image-2023-09-25-at-16.41.14-1.jpeg","contentUrl":"https:\/\/escuelaespanaval.cl\/wp-content\/uploads\/2023\/09\/WhatsApp-Image-2023-09-25-at-16.41.14-1.jpeg","width":1600,"height":1204},{"@type":"BreadcrumbList","@id":"https:\/\/escuelaespanaval.cl\/?p=2057#breadcrumb","itemListElement":[{"@type":"ListItem","position":1,"name":"Portada","item":"https:\/\/escuelaespanaval.cl\/"},{"@type":"ListItem","position":2,"name":"Salida pedag\u00f3gica 8\u00b0B"}]},{"@type":"WebSite","@id":"https:\/\/escuelaespanaval.cl\/#website","url":"https:\/\/escuelaespanaval.cl\/","name":"Escuela Espa\u00f1a","description":"Valdivia","publisher":{"@id":"https:\/\/escuelaespanaval.cl\/#organization"},"potentialAction":[{"@type":"SearchAction","target":{"@type":"EntryPoint","urlTemplate":"https:\/\/escuelaespanaval.cl\/?s={search_term_string}"},"query-input":{"@type":"PropertyValueSpecification","valueRequired":true,"valueName":"search_term_string"}}],"inLanguage":"es"},{"@type":"Organization","@id":"https:\/\/escuelaespanaval.cl\/#organization","name":"Escuela Espa\u00f1a","url":"https:\/\/escuelaespanaval.cl\/","logo":{"@type":"ImageObject","inLanguage":"es","@id":"https:\/\/escuelaespanaval.cl\/#\/schema\/logo\/image\/","url":"https:\/\/escuelaespanaval.cl\/wp-content\/uploads\/2020\/12\/LOGO_ESCUELA.png","contentUrl":"https:\/\/escuelaespanaval.cl\/wp-content\/uploads\/2020\/12\/LOGO_ESCUELA.png","width":1550,"height":2402,"caption":"Escuela Espa\u00f1a"},"image":{"@id":"https:\/\/escuelaespanaval.cl\/#\/schema\/logo\/image\/"},"sameAs":["https:\/\/www.facebook.com\/escuelaespanavald","https:\/\/www.youtube.com\/@escuelaespanavaldivia97"]},{"@type":"Person","@id":"https:\/\/escuelaespanaval.cl\/#\/schema\/person\/b8dc96fec133a948c2114bb5cba3ca1a","name":"Administrador","image":{"@type":"ImageObject","inLanguage":"es","@id":"https:\/\/escuelaespanaval.cl\/#\/schema\/person\/image\/","url":"https:\/\/secure.gravatar.com\/avatar\/1a4537f0b323ae38f6776eb293038a2af5616bfe3d24bf6be540f254d895dd45?s=96&d=mm&r=g","contentUrl":"https:\/\/secure.gravatar.com\/avatar\/1a4537f0b323ae38f6776eb293038a2af5616bfe3d24bf6be540f254d895dd45?s=96&d=mm&r=g","caption":"Administrador"},"sameAs":["https:\/\/escuelaespanaval.cl\/wp"],"url":"https:\/\/escuelaespanaval.cl\/?author=1"}]}},"_links":{"self":[{"href":"https:\/\/escuelaespanaval.cl\/index.php?rest_route=\/wp\/v2\/posts\/2057","targetHints":{"allow":["GET"]}}],"collection":[{"href":"https:\/\/escuelaespanaval.cl\/index.php?rest_route=\/wp\/v2\/posts"}],"about":[{"href":"https:\/\/escuelaespanaval.cl\/index.php?rest_route=\/wp\/v2\/types\/post"}],"author":[{"embeddable":true,"href":"https:\/\/escuelaespanaval.cl\/index.php?rest_route=\/wp\/v2\/users\/1"}],"replies":[{"embeddable":true,"href":"https:\/\/escuelaespanaval.cl\/index.php?rest_route=%2Fwp%2Fv2%2Fcomments&post=2057"}],"version-history":[{"count":1,"href":"https:\/\/escuelaespanaval.cl\/index.php?rest_route=\/wp\/v2\/posts\/2057\/revisions"}],"predecessor-version":[{"id":2066,"href":"https:\/\/escuelaespanaval.cl\/index.php?rest_route=\/wp\/v2\/posts\/2057\/revisions\/2066"}],"wp:featuredmedia":[{"embeddable":true,"href":"https:\/\/escuelaespanaval.cl\/index.php?rest_route=\/wp\/v2\/media\/2060"}],"wp:attachment":[{"href":"https:\/\/escuelaespanaval.cl\/index.php?rest_route=%2Fwp%2Fv2%2Fmedia&parent=2057"}],"wp:term":[{"taxonomy":"category","embeddable":true,"href":"https:\/\/escuelaespanaval.cl\/index.php?rest_route=%2Fwp%2Fv2%2Fcategories&post=2057"},{"taxonomy":"post_tag","embeddable":true,"href":"https:\/\/escuelaespanaval.cl\/index.php?rest_route=%2Fwp%2Fv2%2Ftags&post=2057"}],"curies":[{"name":"wp","href":"https:\/\/api.w.org\/{rel}","templated":true}]}}