{"id":1942,"date":"2023-08-09T16:59:23","date_gmt":"2023-08-09T16:59:23","guid":{"rendered":"https:\/\/escuelaespanaval.cl\/?p=1942"},"modified":"2023-08-09T16:59:23","modified_gmt":"2023-08-09T16:59:23","slug":"visita-de-macarena-rocher-coordinadora-de-la-1-muestra-de-animacion-aguacero-valdivia","status":"publish","type":"post","link":"https:\/\/escuelaespanaval.cl\/?p=1942","title":{"rendered":"Visita de Macarena Rocher coordinadora de la 1\u00b0 muestra de animaci\u00f3n \u00abAguacero Valdivia\u00bb"},"content":{"rendered":"\n<p>Nuestro establecimiento el d\u00eda 02 de agosto recibi\u00f3 la grata visita de Macarena Rocher quien es coordinadora de la 1\u00b0 muestra de animaci\u00f3n \u00abAguacero Valdivia\u00bb,que se realiz\u00f3 en la carpa cecs (centro de estudios cient\u00edficos)<\/p>\n\n\n\n<p>En esta charla informativa, participaron estudiantes del 4\u00b0A, quienes pudieron reconocer animaciones, compartir sus gustos, abordar tem\u00e1ticas hist\u00f3ricas, como la de identificar personajes que configuran parte de la identidad nacional.&nbsp;<\/p>\n\n\n\n<p>Se les invit\u00f3 a participar de la exposici\u00f3n de pel\u00edculas, talleres, muestra de animaci\u00f3n digital, etc. As\u00ed como tambi\u00e9n a ser espectadores de la feria&nbsp;del comics que se realizar\u00e1 a fin de a\u00f1o en el parque saval.&nbsp;<\/p>\n\n\n\n<p>Nos entusiasma dar acceso\u00a0 a nuestros estudiantes a los diversos aperitivos culturales, que estrechan relaciones entre las comunidades.\u00a0<\/p>\n\n\n\n<figure class=\"wp-block-gallery has-nested-images columns-default is-cropped wp-block-gallery-1 is-layout-flex wp-block-gallery-is-layout-flex\">\n<figure class=\"wp-block-image size-large\"><img loading=\"lazy\" decoding=\"async\" width=\"771\" height=\"1024\" data-id=\"1943\" src=\"https:\/\/escuelaespanaval.cl\/wp-content\/uploads\/2023\/08\/1691596116187-771x1024.jpg\" alt=\"\" class=\"wp-image-1943\" srcset=\"https:\/\/escuelaespanaval.cl\/wp-content\/uploads\/2023\/08\/1691596116187-771x1024.jpg 771w, https:\/\/escuelaespanaval.cl\/wp-content\/uploads\/2023\/08\/1691596116187-226x300.jpg 226w, https:\/\/escuelaespanaval.cl\/wp-content\/uploads\/2023\/08\/1691596116187-768x1020.jpg 768w, https:\/\/escuelaespanaval.cl\/wp-content\/uploads\/2023\/08\/1691596116187-1157x1536.jpg 1157w, https:\/\/escuelaespanaval.cl\/wp-content\/uploads\/2023\/08\/1691596116187-1542x2048.jpg 1542w, https:\/\/escuelaespanaval.cl\/wp-content\/uploads\/2023\/08\/1691596116187-scaled.jpg 1928w\" sizes=\"auto, (max-width: 771px) 100vw, 771px\" \/><\/figure>\n\n\n\n<figure class=\"wp-block-image size-large\"><img loading=\"lazy\" decoding=\"async\" width=\"1024\" height=\"771\" data-id=\"1945\" src=\"https:\/\/escuelaespanaval.cl\/wp-content\/uploads\/2023\/08\/1691596116208-1024x771.jpg\" alt=\"\" class=\"wp-image-1945\" srcset=\"https:\/\/escuelaespanaval.cl\/wp-content\/uploads\/2023\/08\/1691596116208-1024x771.jpg 1024w, https:\/\/escuelaespanaval.cl\/wp-content\/uploads\/2023\/08\/1691596116208-300x226.jpg 300w, https:\/\/escuelaespanaval.cl\/wp-content\/uploads\/2023\/08\/1691596116208-768x578.jpg 768w, https:\/\/escuelaespanaval.cl\/wp-content\/uploads\/2023\/08\/1691596116208-1536x1157.jpg 1536w, https:\/\/escuelaespanaval.cl\/wp-content\/uploads\/2023\/08\/1691596116208-2048x1542.jpg 2048w\" sizes=\"auto, (max-width: 1024px) 100vw, 1024px\" \/><\/figure>\n\n\n\n<figure class=\"wp-block-image size-large\"><img loading=\"lazy\" decoding=\"async\" width=\"771\" height=\"1024\" data-id=\"1944\" src=\"https:\/\/escuelaespanaval.cl\/wp-content\/uploads\/2023\/08\/1691596116176-771x1024.jpg\" alt=\"\" class=\"wp-image-1944\" srcset=\"https:\/\/escuelaespanaval.cl\/wp-content\/uploads\/2023\/08\/1691596116176-771x1024.jpg 771w, https:\/\/escuelaespanaval.cl\/wp-content\/uploads\/2023\/08\/1691596116176-226x300.jpg 226w, https:\/\/escuelaespanaval.cl\/wp-content\/uploads\/2023\/08\/1691596116176-768x1020.jpg 768w, https:\/\/escuelaespanaval.cl\/wp-content\/uploads\/2023\/08\/1691596116176-1157x1536.jpg 1157w, https:\/\/escuelaespanaval.cl\/wp-content\/uploads\/2023\/08\/1691596116176-1542x2048.jpg 1542w, https:\/\/escuelaespanaval.cl\/wp-content\/uploads\/2023\/08\/1691596116176-scaled.jpg 1928w\" sizes=\"auto, (max-width: 771px) 100vw, 771px\" \/><\/figure>\n\n\n\n<figure class=\"wp-block-image size-large\"><img loading=\"lazy\" decoding=\"async\" width=\"1024\" height=\"771\" data-id=\"1947\" src=\"https:\/\/escuelaespanaval.cl\/wp-content\/uploads\/2023\/08\/1691596116154-1024x771.jpg\" alt=\"\" class=\"wp-image-1947\" srcset=\"https:\/\/escuelaespanaval.cl\/wp-content\/uploads\/2023\/08\/1691596116154-1024x771.jpg 1024w, https:\/\/escuelaespanaval.cl\/wp-content\/uploads\/2023\/08\/1691596116154-300x226.jpg 300w, https:\/\/escuelaespanaval.cl\/wp-content\/uploads\/2023\/08\/1691596116154-768x578.jpg 768w, https:\/\/escuelaespanaval.cl\/wp-content\/uploads\/2023\/08\/1691596116154-1536x1157.jpg 1536w, https:\/\/escuelaespanaval.cl\/wp-content\/uploads\/2023\/08\/1691596116154-2048x1542.jpg 2048w\" sizes=\"auto, (max-width: 1024px) 100vw, 1024px\" \/><\/figure>\n\n\n\n<figure class=\"wp-block-image size-large\"><img loading=\"lazy\" decoding=\"async\" width=\"1024\" height=\"771\" data-id=\"1946\" src=\"https:\/\/escuelaespanaval.cl\/wp-content\/uploads\/2023\/08\/1691596116164-1024x771.jpg\" alt=\"\" class=\"wp-image-1946\" srcset=\"https:\/\/escuelaespanaval.cl\/wp-content\/uploads\/2023\/08\/1691596116164-1024x771.jpg 1024w, https:\/\/escuelaespanaval.cl\/wp-content\/uploads\/2023\/08\/1691596116164-300x226.jpg 300w, https:\/\/escuelaespanaval.cl\/wp-content\/uploads\/2023\/08\/1691596116164-768x578.jpg 768w, https:\/\/escuelaespanaval.cl\/wp-content\/uploads\/2023\/08\/1691596116164-1536x1157.jpg 1536w, https:\/\/escuelaespanaval.cl\/wp-content\/uploads\/2023\/08\/1691596116164-2048x1542.jpg 2048w\" sizes=\"auto, (max-width: 1024px) 100vw, 1024px\" \/><\/figure>\n<\/figure>\n","protected":false},"excerpt":{"rendered":"<p>Nuestro establecimiento el d\u00eda 02 de agosto recibi\u00f3 la grata visita de Macarena Rocher quien es coordinadora de la 1\u00b0 muestra de animaci\u00f3n \u00abAguacero Valdivia\u00bb,que se realiz\u00f3 en la carpa cecs (centro de estudios cient\u00edficos) En esta charla informativa, participaron estudiantes del 4\u00b0A, quienes pudieron reconocer animaciones, compartir sus gustos, abordar tem\u00e1ticas hist\u00f3ricas, como la [&hellip;]<\/p>\n","protected":false},"author":1,"featured_media":1947,"comment_status":"closed","ping_status":"open","sticky":false,"template":"","format":"standard","meta":{"_monsterinsights_skip_tracking":false,"_monsterinsights_sitenote_active":false,"_monsterinsights_sitenote_note":"","_monsterinsights_sitenote_category":0,"site-container-style":"default","site-container-layout":"default","site-sidebar-layout":"default","disable-article-header":"default","disable-site-header":"default","disable-site-footer":"default","disable-content-area-spacing":"default","footnotes":""},"categories":[6],"tags":[],"class_list":["post-1942","post","type-post","status-publish","format-standard","has-post-thumbnail","hentry","category-actividades"],"yoast_head":"<!-- This site is optimized with the Yoast SEO plugin v27.1.1 - https:\/\/yoast.com\/product\/yoast-seo-wordpress\/ -->\n<title>Visita de Macarena Rocher coordinadora de la 1\u00b0 muestra de animaci\u00f3n &quot;Aguacero Valdivia&quot; - Escuela Espa\u00f1a<\/title>\n<meta name=\"robots\" content=\"index, follow, max-snippet:-1, max-image-preview:large, max-video-preview:-1\" \/>\n<link rel=\"canonical\" href=\"https:\/\/escuelaespanaval.cl\/?p=1942\" \/>\n<meta property=\"og:locale\" content=\"es_ES\" \/>\n<meta property=\"og:type\" content=\"article\" \/>\n<meta property=\"og:title\" content=\"Visita de Macarena Rocher coordinadora de la 1\u00b0 muestra de animaci\u00f3n &quot;Aguacero Valdivia&quot;\" \/>\n<meta property=\"og:description\" content=\"charla informativa, participaron estudiantes del 4\u00b0A, quienes pudieron reconocer animaciones, compartir sus gustos, abordar tem\u00e1ticas hist\u00f3ricas, como la de identificar personajes que configuran parte de la identidad nacional.\u00a0\" \/>\n<meta property=\"og:url\" content=\"https:\/\/escuelaespanaval.cl\/?p=1942\" \/>\n<meta property=\"og:site_name\" content=\"Escuela Espa\u00f1a\" \/>\n<meta property=\"article:publisher\" content=\"https:\/\/www.facebook.com\/escuelaespanavald\" \/>\n<meta property=\"article:published_time\" content=\"2023-08-09T16:59:23+00:00\" \/>\n<meta property=\"og:image\" content=\"https:\/\/escuelaespanaval.cl\/wp-content\/uploads\/2023\/08\/1691596116208-scaled.jpg\" \/>\n\t<meta property=\"og:image:width\" content=\"2560\" \/>\n\t<meta property=\"og:image:height\" content=\"1928\" \/>\n\t<meta property=\"og:image:type\" content=\"image\/jpeg\" \/>\n<meta name=\"author\" content=\"Administrador\" \/>\n<meta name=\"twitter:card\" content=\"summary_large_image\" \/>\n<meta name=\"twitter:label1\" content=\"Escrito por\" \/>\n\t<meta name=\"twitter:data1\" content=\"Administrador\" \/>\n\t<meta name=\"twitter:label2\" content=\"Tiempo de lectura\" \/>\n\t<meta name=\"twitter:data2\" content=\"2 minutos\" \/>\n<script type=\"application\/ld+json\" class=\"yoast-schema-graph\">{\"@context\":\"https:\/\/schema.org\",\"@graph\":[{\"@type\":\"Article\",\"@id\":\"https:\/\/escuelaespanaval.cl\/?p=1942#article\",\"isPartOf\":{\"@id\":\"https:\/\/escuelaespanaval.cl\/?p=1942\"},\"author\":{\"name\":\"Administrador\",\"@id\":\"https:\/\/escuelaespanaval.cl\/#\/schema\/person\/b8dc96fec133a948c2114bb5cba3ca1a\"},\"headline\":\"Visita de Macarena Rocher coordinadora de la 1\u00b0 muestra de animaci\u00f3n \u00abAguacero Valdivia\u00bb\",\"datePublished\":\"2023-08-09T16:59:23+00:00\",\"mainEntityOfPage\":{\"@id\":\"https:\/\/escuelaespanaval.cl\/?p=1942\"},\"wordCount\":146,\"publisher\":{\"@id\":\"https:\/\/escuelaespanaval.cl\/#organization\"},\"image\":{\"@id\":\"https:\/\/escuelaespanaval.cl\/?p=1942#primaryimage\"},\"thumbnailUrl\":\"https:\/\/escuelaespanaval.cl\/wp-content\/uploads\/2023\/08\/1691596116154-scaled.jpg\",\"articleSection\":[\"Actividades\"],\"inLanguage\":\"es\"},{\"@type\":\"WebPage\",\"@id\":\"https:\/\/escuelaespanaval.cl\/?p=1942\",\"url\":\"https:\/\/escuelaespanaval.cl\/?p=1942\",\"name\":\"Visita de Macarena Rocher coordinadora de la 1\u00b0 muestra de animaci\u00f3n \\\"Aguacero Valdivia\\\" - Escuela Espa\u00f1a\",\"isPartOf\":{\"@id\":\"https:\/\/escuelaespanaval.cl\/#website\"},\"primaryImageOfPage\":{\"@id\":\"https:\/\/escuelaespanaval.cl\/?p=1942#primaryimage\"},\"image\":{\"@id\":\"https:\/\/escuelaespanaval.cl\/?p=1942#primaryimage\"},\"thumbnailUrl\":\"https:\/\/escuelaespanaval.cl\/wp-content\/uploads\/2023\/08\/1691596116154-scaled.jpg\",\"datePublished\":\"2023-08-09T16:59:23+00:00\",\"breadcrumb\":{\"@id\":\"https:\/\/escuelaespanaval.cl\/?p=1942#breadcrumb\"},\"inLanguage\":\"es\",\"potentialAction\":[{\"@type\":\"ReadAction\",\"target\":[\"https:\/\/escuelaespanaval.cl\/?p=1942\"]}]},{\"@type\":\"ImageObject\",\"inLanguage\":\"es\",\"@id\":\"https:\/\/escuelaespanaval.cl\/?p=1942#primaryimage\",\"url\":\"https:\/\/escuelaespanaval.cl\/wp-content\/uploads\/2023\/08\/1691596116154-scaled.jpg\",\"contentUrl\":\"https:\/\/escuelaespanaval.cl\/wp-content\/uploads\/2023\/08\/1691596116154-scaled.jpg\",\"width\":2560,\"height\":1928},{\"@type\":\"BreadcrumbList\",\"@id\":\"https:\/\/escuelaespanaval.cl\/?p=1942#breadcrumb\",\"itemListElement\":[{\"@type\":\"ListItem\",\"position\":1,\"name\":\"Portada\",\"item\":\"https:\/\/escuelaespanaval.cl\/\"},{\"@type\":\"ListItem\",\"position\":2,\"name\":\"Visita de Macarena Rocher coordinadora de la 1\u00b0 muestra de animaci\u00f3n \u00abAguacero Valdivia\u00bb\"}]},{\"@type\":\"WebSite\",\"@id\":\"https:\/\/escuelaespanaval.cl\/#website\",\"url\":\"https:\/\/escuelaespanaval.cl\/\",\"name\":\"Escuela Espa\u00f1a\",\"description\":\"Valdivia\",\"publisher\":{\"@id\":\"https:\/\/escuelaespanaval.cl\/#organization\"},\"potentialAction\":[{\"@type\":\"SearchAction\",\"target\":{\"@type\":\"EntryPoint\",\"urlTemplate\":\"https:\/\/escuelaespanaval.cl\/?s={search_term_string}\"},\"query-input\":{\"@type\":\"PropertyValueSpecification\",\"valueRequired\":true,\"valueName\":\"search_term_string\"}}],\"inLanguage\":\"es\"},{\"@type\":\"Organization\",\"@id\":\"https:\/\/escuelaespanaval.cl\/#organization\",\"name\":\"Escuela Espa\u00f1a\",\"url\":\"https:\/\/escuelaespanaval.cl\/\",\"logo\":{\"@type\":\"ImageObject\",\"inLanguage\":\"es\",\"@id\":\"https:\/\/escuelaespanaval.cl\/#\/schema\/logo\/image\/\",\"url\":\"https:\/\/escuelaespanaval.cl\/wp-content\/uploads\/2020\/12\/LOGO_ESCUELA.png\",\"contentUrl\":\"https:\/\/escuelaespanaval.cl\/wp-content\/uploads\/2020\/12\/LOGO_ESCUELA.png\",\"width\":1550,\"height\":2402,\"caption\":\"Escuela Espa\u00f1a\"},\"image\":{\"@id\":\"https:\/\/escuelaespanaval.cl\/#\/schema\/logo\/image\/\"},\"sameAs\":[\"https:\/\/www.facebook.com\/escuelaespanavald\",\"https:\/\/www.youtube.com\/@escuelaespanavaldivia97\"]},{\"@type\":\"Person\",\"@id\":\"https:\/\/escuelaespanaval.cl\/#\/schema\/person\/b8dc96fec133a948c2114bb5cba3ca1a\",\"name\":\"Administrador\",\"image\":{\"@type\":\"ImageObject\",\"inLanguage\":\"es\",\"@id\":\"https:\/\/escuelaespanaval.cl\/#\/schema\/person\/image\/\",\"url\":\"https:\/\/secure.gravatar.com\/avatar\/1a4537f0b323ae38f6776eb293038a2af5616bfe3d24bf6be540f254d895dd45?s=96&d=mm&r=g\",\"contentUrl\":\"https:\/\/secure.gravatar.com\/avatar\/1a4537f0b323ae38f6776eb293038a2af5616bfe3d24bf6be540f254d895dd45?s=96&d=mm&r=g\",\"caption\":\"Administrador\"},\"sameAs\":[\"https:\/\/escuelaespanaval.cl\/wp\"],\"url\":\"https:\/\/escuelaespanaval.cl\/?author=1\"}]}<\/script>\n<!-- \/ Yoast SEO plugin. -->","yoast_head_json":{"title":"Visita de Macarena Rocher coordinadora de la 1\u00b0 muestra de animaci\u00f3n \"Aguacero Valdivia\" - Escuela Espa\u00f1a","robots":{"index":"index","follow":"follow","max-snippet":"max-snippet:-1","max-image-preview":"max-image-preview:large","max-video-preview":"max-video-preview:-1"},"canonical":"https:\/\/escuelaespanaval.cl\/?p=1942","og_locale":"es_ES","og_type":"article","og_title":"Visita de Macarena Rocher coordinadora de la 1\u00b0 muestra de animaci\u00f3n \"Aguacero Valdivia\"","og_description":"charla informativa, participaron estudiantes del 4\u00b0A, quienes pudieron reconocer animaciones, compartir sus gustos, abordar tem\u00e1ticas hist\u00f3ricas, como la de identificar personajes que configuran parte de la identidad nacional.\u00a0","og_url":"https:\/\/escuelaespanaval.cl\/?p=1942","og_site_name":"Escuela Espa\u00f1a","article_publisher":"https:\/\/www.facebook.com\/escuelaespanavald","article_published_time":"2023-08-09T16:59:23+00:00","og_image":[{"width":2560,"height":1928,"url":"https:\/\/escuelaespanaval.cl\/wp-content\/uploads\/2023\/08\/1691596116208-scaled.jpg","type":"image\/jpeg"}],"author":"Administrador","twitter_card":"summary_large_image","twitter_misc":{"Escrito por":"Administrador","Tiempo de lectura":"2 minutos"},"schema":{"@context":"https:\/\/schema.org","@graph":[{"@type":"Article","@id":"https:\/\/escuelaespanaval.cl\/?p=1942#article","isPartOf":{"@id":"https:\/\/escuelaespanaval.cl\/?p=1942"},"author":{"name":"Administrador","@id":"https:\/\/escuelaespanaval.cl\/#\/schema\/person\/b8dc96fec133a948c2114bb5cba3ca1a"},"headline":"Visita de Macarena Rocher coordinadora de la 1\u00b0 muestra de animaci\u00f3n \u00abAguacero Valdivia\u00bb","datePublished":"2023-08-09T16:59:23+00:00","mainEntityOfPage":{"@id":"https:\/\/escuelaespanaval.cl\/?p=1942"},"wordCount":146,"publisher":{"@id":"https:\/\/escuelaespanaval.cl\/#organization"},"image":{"@id":"https:\/\/escuelaespanaval.cl\/?p=1942#primaryimage"},"thumbnailUrl":"https:\/\/escuelaespanaval.cl\/wp-content\/uploads\/2023\/08\/1691596116154-scaled.jpg","articleSection":["Actividades"],"inLanguage":"es"},{"@type":"WebPage","@id":"https:\/\/escuelaespanaval.cl\/?p=1942","url":"https:\/\/escuelaespanaval.cl\/?p=1942","name":"Visita de Macarena Rocher coordinadora de la 1\u00b0 muestra de animaci\u00f3n \"Aguacero Valdivia\" - Escuela Espa\u00f1a","isPartOf":{"@id":"https:\/\/escuelaespanaval.cl\/#website"},"primaryImageOfPage":{"@id":"https:\/\/escuelaespanaval.cl\/?p=1942#primaryimage"},"image":{"@id":"https:\/\/escuelaespanaval.cl\/?p=1942#primaryimage"},"thumbnailUrl":"https:\/\/escuelaespanaval.cl\/wp-content\/uploads\/2023\/08\/1691596116154-scaled.jpg","datePublished":"2023-08-09T16:59:23+00:00","breadcrumb":{"@id":"https:\/\/escuelaespanaval.cl\/?p=1942#breadcrumb"},"inLanguage":"es","potentialAction":[{"@type":"ReadAction","target":["https:\/\/escuelaespanaval.cl\/?p=1942"]}]},{"@type":"ImageObject","inLanguage":"es","@id":"https:\/\/escuelaespanaval.cl\/?p=1942#primaryimage","url":"https:\/\/escuelaespanaval.cl\/wp-content\/uploads\/2023\/08\/1691596116154-scaled.jpg","contentUrl":"https:\/\/escuelaespanaval.cl\/wp-content\/uploads\/2023\/08\/1691596116154-scaled.jpg","width":2560,"height":1928},{"@type":"BreadcrumbList","@id":"https:\/\/escuelaespanaval.cl\/?p=1942#breadcrumb","itemListElement":[{"@type":"ListItem","position":1,"name":"Portada","item":"https:\/\/escuelaespanaval.cl\/"},{"@type":"ListItem","position":2,"name":"Visita de Macarena Rocher coordinadora de la 1\u00b0 muestra de animaci\u00f3n \u00abAguacero Valdivia\u00bb"}]},{"@type":"WebSite","@id":"https:\/\/escuelaespanaval.cl\/#website","url":"https:\/\/escuelaespanaval.cl\/","name":"Escuela Espa\u00f1a","description":"Valdivia","publisher":{"@id":"https:\/\/escuelaespanaval.cl\/#organization"},"potentialAction":[{"@type":"SearchAction","target":{"@type":"EntryPoint","urlTemplate":"https:\/\/escuelaespanaval.cl\/?s={search_term_string}"},"query-input":{"@type":"PropertyValueSpecification","valueRequired":true,"valueName":"search_term_string"}}],"inLanguage":"es"},{"@type":"Organization","@id":"https:\/\/escuelaespanaval.cl\/#organization","name":"Escuela Espa\u00f1a","url":"https:\/\/escuelaespanaval.cl\/","logo":{"@type":"ImageObject","inLanguage":"es","@id":"https:\/\/escuelaespanaval.cl\/#\/schema\/logo\/image\/","url":"https:\/\/escuelaespanaval.cl\/wp-content\/uploads\/2020\/12\/LOGO_ESCUELA.png","contentUrl":"https:\/\/escuelaespanaval.cl\/wp-content\/uploads\/2020\/12\/LOGO_ESCUELA.png","width":1550,"height":2402,"caption":"Escuela Espa\u00f1a"},"image":{"@id":"https:\/\/escuelaespanaval.cl\/#\/schema\/logo\/image\/"},"sameAs":["https:\/\/www.facebook.com\/escuelaespanavald","https:\/\/www.youtube.com\/@escuelaespanavaldivia97"]},{"@type":"Person","@id":"https:\/\/escuelaespanaval.cl\/#\/schema\/person\/b8dc96fec133a948c2114bb5cba3ca1a","name":"Administrador","image":{"@type":"ImageObject","inLanguage":"es","@id":"https:\/\/escuelaespanaval.cl\/#\/schema\/person\/image\/","url":"https:\/\/secure.gravatar.com\/avatar\/1a4537f0b323ae38f6776eb293038a2af5616bfe3d24bf6be540f254d895dd45?s=96&d=mm&r=g","contentUrl":"https:\/\/secure.gravatar.com\/avatar\/1a4537f0b323ae38f6776eb293038a2af5616bfe3d24bf6be540f254d895dd45?s=96&d=mm&r=g","caption":"Administrador"},"sameAs":["https:\/\/escuelaespanaval.cl\/wp"],"url":"https:\/\/escuelaespanaval.cl\/?author=1"}]}},"_links":{"self":[{"href":"https:\/\/escuelaespanaval.cl\/index.php?rest_route=\/wp\/v2\/posts\/1942","targetHints":{"allow":["GET"]}}],"collection":[{"href":"https:\/\/escuelaespanaval.cl\/index.php?rest_route=\/wp\/v2\/posts"}],"about":[{"href":"https:\/\/escuelaespanaval.cl\/index.php?rest_route=\/wp\/v2\/types\/post"}],"author":[{"embeddable":true,"href":"https:\/\/escuelaespanaval.cl\/index.php?rest_route=\/wp\/v2\/users\/1"}],"replies":[{"embeddable":true,"href":"https:\/\/escuelaespanaval.cl\/index.php?rest_route=%2Fwp%2Fv2%2Fcomments&post=1942"}],"version-history":[{"count":1,"href":"https:\/\/escuelaespanaval.cl\/index.php?rest_route=\/wp\/v2\/posts\/1942\/revisions"}],"predecessor-version":[{"id":1948,"href":"https:\/\/escuelaespanaval.cl\/index.php?rest_route=\/wp\/v2\/posts\/1942\/revisions\/1948"}],"wp:featuredmedia":[{"embeddable":true,"href":"https:\/\/escuelaespanaval.cl\/index.php?rest_route=\/wp\/v2\/media\/1947"}],"wp:attachment":[{"href":"https:\/\/escuelaespanaval.cl\/index.php?rest_route=%2Fwp%2Fv2%2Fmedia&parent=1942"}],"wp:term":[{"taxonomy":"category","embeddable":true,"href":"https:\/\/escuelaespanaval.cl\/index.php?rest_route=%2Fwp%2Fv2%2Fcategories&post=1942"},{"taxonomy":"post_tag","embeddable":true,"href":"https:\/\/escuelaespanaval.cl\/index.php?rest_route=%2Fwp%2Fv2%2Ftags&post=1942"}],"curies":[{"name":"wp","href":"https:\/\/api.w.org\/{rel}","templated":true}]}}