{"id":1879,"date":"2023-06-20T16:41:38","date_gmt":"2023-06-20T16:41:38","guid":{"rendered":"https:\/\/escuelaespanaval.cl\/?p=1879"},"modified":"2023-06-20T17:00:40","modified_gmt":"2023-06-20T17:00:40","slug":"visita-pedagogica-liceo-santa-maria-la-blanca","status":"publish","type":"post","link":"https:\/\/escuelaespanaval.cl\/?p=1879","title":{"rendered":"Visita pedag\u00f3gica liceo Santa Mar\u00eda la Blanca"},"content":{"rendered":"\n<p>El d\u00eda de hoy 20\/06\/2023, tuvimos el agrado de participar en la invitaci\u00f3n que recibimos por parte de la biblioteca CRA del Liceo Santa Mar\u00eda La blanca, con el fin de conocer el plan lector en el que han estado trabajando los estudiantes de tercero medio del establecimiento<\/p>\n\n\n\n<p>La jornada expositiva de los trabajos en d\u00f3nde se encontraban cr\u00edticas literarias, transformaciones de lecturas, comics, lapbooks, booktubers entre otros instrumentos construidos por los estudiantes, acerc\u00f3 a nuestro 8\u00b0 b\u00e1sico a la lectura de una forma l\u00fadica y agradable.&nbsp;<\/p>\n\n\n\n<p>Para finalizar el establecimiento nos ofreci\u00f3 un recorrido por sus dependencias, d\u00f3nde pudimos observar como se desarrollan las clases electivas y parte de su historia.\u00a0<\/p>\n\n\n\n<p>Agradecemos la invitaci\u00f3n, comprometidos a fortalecer est\u00e1s actividades de aprendizaje para nuestra Escuela Espa\u00f1a en conjunto a las diferentes comunidades educativas de la ciudad de Valdivia.&nbsp;<\/p>\n\n\n\n<figure class=\"wp-block-gallery has-nested-images columns-default is-cropped wp-block-gallery-1 is-layout-flex wp-block-gallery-is-layout-flex\">\n<figure class=\"wp-block-image size-large\"><img loading=\"lazy\" decoding=\"async\" width=\"771\" height=\"1024\" data-id=\"1880\" src=\"https:\/\/escuelaespanaval.cl\/wp-content\/uploads\/2023\/06\/1687277921316-771x1024.jpg\" alt=\"\" class=\"wp-image-1880\" srcset=\"https:\/\/escuelaespanaval.cl\/wp-content\/uploads\/2023\/06\/1687277921316-771x1024.jpg 771w, https:\/\/escuelaespanaval.cl\/wp-content\/uploads\/2023\/06\/1687277921316-226x300.jpg 226w, https:\/\/escuelaespanaval.cl\/wp-content\/uploads\/2023\/06\/1687277921316-768x1020.jpg 768w, https:\/\/escuelaespanaval.cl\/wp-content\/uploads\/2023\/06\/1687277921316-1157x1536.jpg 1157w, https:\/\/escuelaespanaval.cl\/wp-content\/uploads\/2023\/06\/1687277921316-1542x2048.jpg 1542w, https:\/\/escuelaespanaval.cl\/wp-content\/uploads\/2023\/06\/1687277921316-scaled.jpg 1928w\" sizes=\"auto, (max-width: 771px) 100vw, 771px\" \/><\/figure>\n\n\n\n<figure class=\"wp-block-image size-large\"><img loading=\"lazy\" decoding=\"async\" width=\"771\" height=\"1024\" data-id=\"1886\" src=\"https:\/\/escuelaespanaval.cl\/wp-content\/uploads\/2023\/06\/1687277921300-771x1024.jpg\" alt=\"\" class=\"wp-image-1886\" srcset=\"https:\/\/escuelaespanaval.cl\/wp-content\/uploads\/2023\/06\/1687277921300-771x1024.jpg 771w, https:\/\/escuelaespanaval.cl\/wp-content\/uploads\/2023\/06\/1687277921300-226x300.jpg 226w, https:\/\/escuelaespanaval.cl\/wp-content\/uploads\/2023\/06\/1687277921300-768x1020.jpg 768w, https:\/\/escuelaespanaval.cl\/wp-content\/uploads\/2023\/06\/1687277921300-1157x1536.jpg 1157w, https:\/\/escuelaespanaval.cl\/wp-content\/uploads\/2023\/06\/1687277921300-1542x2048.jpg 1542w, https:\/\/escuelaespanaval.cl\/wp-content\/uploads\/2023\/06\/1687277921300-scaled.jpg 1928w\" sizes=\"auto, (max-width: 771px) 100vw, 771px\" \/><\/figure>\n\n\n\n<figure class=\"wp-block-image size-large\"><img loading=\"lazy\" decoding=\"async\" width=\"771\" height=\"1024\" data-id=\"1885\" src=\"https:\/\/escuelaespanaval.cl\/wp-content\/uploads\/2023\/06\/1687277921341-771x1024.jpg\" alt=\"\" class=\"wp-image-1885\" srcset=\"https:\/\/escuelaespanaval.cl\/wp-content\/uploads\/2023\/06\/1687277921341-771x1024.jpg 771w, https:\/\/escuelaespanaval.cl\/wp-content\/uploads\/2023\/06\/1687277921341-226x300.jpg 226w, https:\/\/escuelaespanaval.cl\/wp-content\/uploads\/2023\/06\/1687277921341-768x1020.jpg 768w, https:\/\/escuelaespanaval.cl\/wp-content\/uploads\/2023\/06\/1687277921341-1157x1536.jpg 1157w, https:\/\/escuelaespanaval.cl\/wp-content\/uploads\/2023\/06\/1687277921341-1542x2048.jpg 1542w, https:\/\/escuelaespanaval.cl\/wp-content\/uploads\/2023\/06\/1687277921341-scaled.jpg 1928w\" sizes=\"auto, (max-width: 771px) 100vw, 771px\" \/><\/figure>\n\n\n\n<figure class=\"wp-block-image size-large\"><img loading=\"lazy\" decoding=\"async\" width=\"771\" height=\"1024\" data-id=\"1882\" src=\"https:\/\/escuelaespanaval.cl\/wp-content\/uploads\/2023\/06\/1687277921307-771x1024.jpg\" alt=\"\" class=\"wp-image-1882\" srcset=\"https:\/\/escuelaespanaval.cl\/wp-content\/uploads\/2023\/06\/1687277921307-771x1024.jpg 771w, https:\/\/escuelaespanaval.cl\/wp-content\/uploads\/2023\/06\/1687277921307-226x300.jpg 226w, https:\/\/escuelaespanaval.cl\/wp-content\/uploads\/2023\/06\/1687277921307-768x1020.jpg 768w, https:\/\/escuelaespanaval.cl\/wp-content\/uploads\/2023\/06\/1687277921307-1157x1536.jpg 1157w, https:\/\/escuelaespanaval.cl\/wp-content\/uploads\/2023\/06\/1687277921307-1542x2048.jpg 1542w, https:\/\/escuelaespanaval.cl\/wp-content\/uploads\/2023\/06\/1687277921307-scaled.jpg 1928w\" sizes=\"auto, (max-width: 771px) 100vw, 771px\" \/><\/figure>\n\n\n\n<figure class=\"wp-block-image size-large\"><img loading=\"lazy\" decoding=\"async\" width=\"771\" height=\"1024\" data-id=\"1884\" src=\"https:\/\/escuelaespanaval.cl\/wp-content\/uploads\/2023\/06\/1687277921333-771x1024.jpg\" alt=\"\" class=\"wp-image-1884\" srcset=\"https:\/\/escuelaespanaval.cl\/wp-content\/uploads\/2023\/06\/1687277921333-771x1024.jpg 771w, https:\/\/escuelaespanaval.cl\/wp-content\/uploads\/2023\/06\/1687277921333-226x300.jpg 226w, https:\/\/escuelaespanaval.cl\/wp-content\/uploads\/2023\/06\/1687277921333-768x1020.jpg 768w, https:\/\/escuelaespanaval.cl\/wp-content\/uploads\/2023\/06\/1687277921333-1157x1536.jpg 1157w, https:\/\/escuelaespanaval.cl\/wp-content\/uploads\/2023\/06\/1687277921333-1542x2048.jpg 1542w, https:\/\/escuelaespanaval.cl\/wp-content\/uploads\/2023\/06\/1687277921333-scaled.jpg 1928w\" sizes=\"auto, (max-width: 771px) 100vw, 771px\" \/><\/figure>\n\n\n\n<figure class=\"wp-block-image size-large\"><img loading=\"lazy\" decoding=\"async\" width=\"771\" height=\"1024\" data-id=\"1881\" src=\"https:\/\/escuelaespanaval.cl\/wp-content\/uploads\/2023\/06\/1687277921324-771x1024.jpg\" alt=\"\" class=\"wp-image-1881\" srcset=\"https:\/\/escuelaespanaval.cl\/wp-content\/uploads\/2023\/06\/1687277921324-771x1024.jpg 771w, https:\/\/escuelaespanaval.cl\/wp-content\/uploads\/2023\/06\/1687277921324-226x300.jpg 226w, https:\/\/escuelaespanaval.cl\/wp-content\/uploads\/2023\/06\/1687277921324-768x1020.jpg 768w, https:\/\/escuelaespanaval.cl\/wp-content\/uploads\/2023\/06\/1687277921324-1157x1536.jpg 1157w, https:\/\/escuelaespanaval.cl\/wp-content\/uploads\/2023\/06\/1687277921324-1542x2048.jpg 1542w, https:\/\/escuelaespanaval.cl\/wp-content\/uploads\/2023\/06\/1687277921324-scaled.jpg 1928w\" sizes=\"auto, (max-width: 771px) 100vw, 771px\" \/><\/figure>\n<\/figure>\n","protected":false},"excerpt":{"rendered":"<p>El d\u00eda de hoy 20\/06\/2023, tuvimos el agrado de participar en la invitaci\u00f3n que recibimos por parte de la biblioteca CRA del Liceo Santa Mar\u00eda La blanca, con el fin de conocer el plan lector en el que han estado trabajando los estudiantes de tercero medio del establecimiento La jornada expositiva de los trabajos en [&hellip;]<\/p>\n","protected":false},"author":1,"featured_media":1880,"comment_status":"closed","ping_status":"open","sticky":false,"template":"","format":"standard","meta":{"_monsterinsights_skip_tracking":false,"_monsterinsights_sitenote_active":false,"_monsterinsights_sitenote_note":"","_monsterinsights_sitenote_category":0,"site-container-style":"default","site-container-layout":"default","site-sidebar-layout":"default","disable-article-header":"default","disable-site-header":"default","disable-site-footer":"default","disable-content-area-spacing":"default","footnotes":""},"categories":[6],"tags":[],"class_list":["post-1879","post","type-post","status-publish","format-standard","has-post-thumbnail","hentry","category-actividades"],"yoast_head":"<!-- This site is optimized with the Yoast SEO plugin v27.1.1 - https:\/\/yoast.com\/product\/yoast-seo-wordpress\/ -->\n<title>Visita pedag\u00f3gica liceo Santa Mar\u00eda la Blanca - Escuela Espa\u00f1a<\/title>\n<meta name=\"robots\" content=\"index, follow, max-snippet:-1, max-image-preview:large, max-video-preview:-1\" \/>\n<link rel=\"canonical\" href=\"https:\/\/escuelaespanaval.cl\/?p=1879\" \/>\n<meta property=\"og:locale\" content=\"es_ES\" \/>\n<meta property=\"og:type\" content=\"article\" \/>\n<meta property=\"og:title\" content=\"Visita pedag\u00f3gica liceo santa Mar\u00eda la blanca\" \/>\n<meta property=\"og:description\" content=\"El d\u00eda de hoy 20\/06\/2023, tuvimos el agrado de participar en la invitaci\u00f3n que recibimos por parte de la biblioteca CRA del Liceo Santa Mar\u00eda La blanca, con el fin de conocer el plan lector en el que han estado trabajando los estudiantes de tercero medio del establecimiento La jornada expositiva de los trabajos en [&hellip;]\" \/>\n<meta property=\"og:url\" content=\"https:\/\/escuelaespanaval.cl\/?p=1879\" \/>\n<meta property=\"og:site_name\" content=\"Escuela Espa\u00f1a\" \/>\n<meta property=\"article:publisher\" content=\"https:\/\/www.facebook.com\/escuelaespanavald\" \/>\n<meta property=\"article:published_time\" content=\"2023-06-20T16:41:38+00:00\" \/>\n<meta property=\"article:modified_time\" content=\"2023-06-20T17:00:40+00:00\" \/>\n<meta property=\"og:image\" content=\"https:\/\/escuelaespanaval.cl\/wp-content\/uploads\/2023\/06\/1687277921316-scaled.jpg\" \/>\n\t<meta property=\"og:image:width\" content=\"1928\" \/>\n\t<meta property=\"og:image:height\" content=\"2560\" \/>\n\t<meta property=\"og:image:type\" content=\"image\/jpeg\" \/>\n<meta name=\"author\" content=\"Administrador\" \/>\n<meta name=\"twitter:card\" content=\"summary_large_image\" \/>\n<meta name=\"twitter:label1\" content=\"Escrito por\" \/>\n\t<meta name=\"twitter:data1\" content=\"Administrador\" \/>\n\t<meta name=\"twitter:label2\" content=\"Tiempo de lectura\" \/>\n\t<meta name=\"twitter:data2\" content=\"2 minutos\" \/>\n<script type=\"application\/ld+json\" class=\"yoast-schema-graph\">{\"@context\":\"https:\/\/schema.org\",\"@graph\":[{\"@type\":\"Article\",\"@id\":\"https:\/\/escuelaespanaval.cl\/?p=1879#article\",\"isPartOf\":{\"@id\":\"https:\/\/escuelaespanaval.cl\/?p=1879\"},\"author\":{\"name\":\"Administrador\",\"@id\":\"https:\/\/escuelaespanaval.cl\/#\/schema\/person\/b8dc96fec133a948c2114bb5cba3ca1a\"},\"headline\":\"Visita pedag\u00f3gica liceo Santa Mar\u00eda la Blanca\",\"datePublished\":\"2023-06-20T16:41:38+00:00\",\"dateModified\":\"2023-06-20T17:00:40+00:00\",\"mainEntityOfPage\":{\"@id\":\"https:\/\/escuelaespanaval.cl\/?p=1879\"},\"wordCount\":158,\"publisher\":{\"@id\":\"https:\/\/escuelaespanaval.cl\/#organization\"},\"image\":{\"@id\":\"https:\/\/escuelaespanaval.cl\/?p=1879#primaryimage\"},\"thumbnailUrl\":\"https:\/\/escuelaespanaval.cl\/wp-content\/uploads\/2023\/06\/1687277921316-scaled.jpg\",\"articleSection\":[\"Actividades\"],\"inLanguage\":\"es\"},{\"@type\":\"WebPage\",\"@id\":\"https:\/\/escuelaespanaval.cl\/?p=1879\",\"url\":\"https:\/\/escuelaespanaval.cl\/?p=1879\",\"name\":\"Visita pedag\u00f3gica liceo Santa Mar\u00eda la Blanca - Escuela Espa\u00f1a\",\"isPartOf\":{\"@id\":\"https:\/\/escuelaespanaval.cl\/#website\"},\"primaryImageOfPage\":{\"@id\":\"https:\/\/escuelaespanaval.cl\/?p=1879#primaryimage\"},\"image\":{\"@id\":\"https:\/\/escuelaespanaval.cl\/?p=1879#primaryimage\"},\"thumbnailUrl\":\"https:\/\/escuelaespanaval.cl\/wp-content\/uploads\/2023\/06\/1687277921316-scaled.jpg\",\"datePublished\":\"2023-06-20T16:41:38+00:00\",\"dateModified\":\"2023-06-20T17:00:40+00:00\",\"breadcrumb\":{\"@id\":\"https:\/\/escuelaespanaval.cl\/?p=1879#breadcrumb\"},\"inLanguage\":\"es\",\"potentialAction\":[{\"@type\":\"ReadAction\",\"target\":[\"https:\/\/escuelaespanaval.cl\/?p=1879\"]}]},{\"@type\":\"ImageObject\",\"inLanguage\":\"es\",\"@id\":\"https:\/\/escuelaespanaval.cl\/?p=1879#primaryimage\",\"url\":\"https:\/\/escuelaespanaval.cl\/wp-content\/uploads\/2023\/06\/1687277921316-scaled.jpg\",\"contentUrl\":\"https:\/\/escuelaespanaval.cl\/wp-content\/uploads\/2023\/06\/1687277921316-scaled.jpg\",\"width\":1928,\"height\":2560},{\"@type\":\"BreadcrumbList\",\"@id\":\"https:\/\/escuelaespanaval.cl\/?p=1879#breadcrumb\",\"itemListElement\":[{\"@type\":\"ListItem\",\"position\":1,\"name\":\"Portada\",\"item\":\"https:\/\/escuelaespanaval.cl\/\"},{\"@type\":\"ListItem\",\"position\":2,\"name\":\"Visita pedag\u00f3gica liceo Santa Mar\u00eda la Blanca\"}]},{\"@type\":\"WebSite\",\"@id\":\"https:\/\/escuelaespanaval.cl\/#website\",\"url\":\"https:\/\/escuelaespanaval.cl\/\",\"name\":\"Escuela Espa\u00f1a\",\"description\":\"Valdivia\",\"publisher\":{\"@id\":\"https:\/\/escuelaespanaval.cl\/#organization\"},\"potentialAction\":[{\"@type\":\"SearchAction\",\"target\":{\"@type\":\"EntryPoint\",\"urlTemplate\":\"https:\/\/escuelaespanaval.cl\/?s={search_term_string}\"},\"query-input\":{\"@type\":\"PropertyValueSpecification\",\"valueRequired\":true,\"valueName\":\"search_term_string\"}}],\"inLanguage\":\"es\"},{\"@type\":\"Organization\",\"@id\":\"https:\/\/escuelaespanaval.cl\/#organization\",\"name\":\"Escuela Espa\u00f1a\",\"url\":\"https:\/\/escuelaespanaval.cl\/\",\"logo\":{\"@type\":\"ImageObject\",\"inLanguage\":\"es\",\"@id\":\"https:\/\/escuelaespanaval.cl\/#\/schema\/logo\/image\/\",\"url\":\"https:\/\/escuelaespanaval.cl\/wp-content\/uploads\/2020\/12\/LOGO_ESCUELA.png\",\"contentUrl\":\"https:\/\/escuelaespanaval.cl\/wp-content\/uploads\/2020\/12\/LOGO_ESCUELA.png\",\"width\":1550,\"height\":2402,\"caption\":\"Escuela Espa\u00f1a\"},\"image\":{\"@id\":\"https:\/\/escuelaespanaval.cl\/#\/schema\/logo\/image\/\"},\"sameAs\":[\"https:\/\/www.facebook.com\/escuelaespanavald\",\"https:\/\/www.youtube.com\/@escuelaespanavaldivia97\"]},{\"@type\":\"Person\",\"@id\":\"https:\/\/escuelaespanaval.cl\/#\/schema\/person\/b8dc96fec133a948c2114bb5cba3ca1a\",\"name\":\"Administrador\",\"image\":{\"@type\":\"ImageObject\",\"inLanguage\":\"es\",\"@id\":\"https:\/\/escuelaespanaval.cl\/#\/schema\/person\/image\/\",\"url\":\"https:\/\/secure.gravatar.com\/avatar\/1a4537f0b323ae38f6776eb293038a2af5616bfe3d24bf6be540f254d895dd45?s=96&d=mm&r=g\",\"contentUrl\":\"https:\/\/secure.gravatar.com\/avatar\/1a4537f0b323ae38f6776eb293038a2af5616bfe3d24bf6be540f254d895dd45?s=96&d=mm&r=g\",\"caption\":\"Administrador\"},\"sameAs\":[\"https:\/\/escuelaespanaval.cl\/wp\"],\"url\":\"https:\/\/escuelaespanaval.cl\/?author=1\"}]}<\/script>\n<!-- \/ Yoast SEO plugin. -->","yoast_head_json":{"title":"Visita pedag\u00f3gica liceo Santa Mar\u00eda la Blanca - Escuela Espa\u00f1a","robots":{"index":"index","follow":"follow","max-snippet":"max-snippet:-1","max-image-preview":"max-image-preview:large","max-video-preview":"max-video-preview:-1"},"canonical":"https:\/\/escuelaespanaval.cl\/?p=1879","og_locale":"es_ES","og_type":"article","og_title":"Visita pedag\u00f3gica liceo santa Mar\u00eda la blanca","og_description":"El d\u00eda de hoy 20\/06\/2023, tuvimos el agrado de participar en la invitaci\u00f3n que recibimos por parte de la biblioteca CRA del Liceo Santa Mar\u00eda La blanca, con el fin de conocer el plan lector en el que han estado trabajando los estudiantes de tercero medio del establecimiento La jornada expositiva de los trabajos en [&hellip;]","og_url":"https:\/\/escuelaespanaval.cl\/?p=1879","og_site_name":"Escuela Espa\u00f1a","article_publisher":"https:\/\/www.facebook.com\/escuelaespanavald","article_published_time":"2023-06-20T16:41:38+00:00","article_modified_time":"2023-06-20T17:00:40+00:00","og_image":[{"width":1928,"height":2560,"url":"https:\/\/escuelaespanaval.cl\/wp-content\/uploads\/2023\/06\/1687277921316-scaled.jpg","type":"image\/jpeg"}],"author":"Administrador","twitter_card":"summary_large_image","twitter_misc":{"Escrito por":"Administrador","Tiempo de lectura":"2 minutos"},"schema":{"@context":"https:\/\/schema.org","@graph":[{"@type":"Article","@id":"https:\/\/escuelaespanaval.cl\/?p=1879#article","isPartOf":{"@id":"https:\/\/escuelaespanaval.cl\/?p=1879"},"author":{"name":"Administrador","@id":"https:\/\/escuelaespanaval.cl\/#\/schema\/person\/b8dc96fec133a948c2114bb5cba3ca1a"},"headline":"Visita pedag\u00f3gica liceo Santa Mar\u00eda la Blanca","datePublished":"2023-06-20T16:41:38+00:00","dateModified":"2023-06-20T17:00:40+00:00","mainEntityOfPage":{"@id":"https:\/\/escuelaespanaval.cl\/?p=1879"},"wordCount":158,"publisher":{"@id":"https:\/\/escuelaespanaval.cl\/#organization"},"image":{"@id":"https:\/\/escuelaespanaval.cl\/?p=1879#primaryimage"},"thumbnailUrl":"https:\/\/escuelaespanaval.cl\/wp-content\/uploads\/2023\/06\/1687277921316-scaled.jpg","articleSection":["Actividades"],"inLanguage":"es"},{"@type":"WebPage","@id":"https:\/\/escuelaespanaval.cl\/?p=1879","url":"https:\/\/escuelaespanaval.cl\/?p=1879","name":"Visita pedag\u00f3gica liceo Santa Mar\u00eda la Blanca - Escuela Espa\u00f1a","isPartOf":{"@id":"https:\/\/escuelaespanaval.cl\/#website"},"primaryImageOfPage":{"@id":"https:\/\/escuelaespanaval.cl\/?p=1879#primaryimage"},"image":{"@id":"https:\/\/escuelaespanaval.cl\/?p=1879#primaryimage"},"thumbnailUrl":"https:\/\/escuelaespanaval.cl\/wp-content\/uploads\/2023\/06\/1687277921316-scaled.jpg","datePublished":"2023-06-20T16:41:38+00:00","dateModified":"2023-06-20T17:00:40+00:00","breadcrumb":{"@id":"https:\/\/escuelaespanaval.cl\/?p=1879#breadcrumb"},"inLanguage":"es","potentialAction":[{"@type":"ReadAction","target":["https:\/\/escuelaespanaval.cl\/?p=1879"]}]},{"@type":"ImageObject","inLanguage":"es","@id":"https:\/\/escuelaespanaval.cl\/?p=1879#primaryimage","url":"https:\/\/escuelaespanaval.cl\/wp-content\/uploads\/2023\/06\/1687277921316-scaled.jpg","contentUrl":"https:\/\/escuelaespanaval.cl\/wp-content\/uploads\/2023\/06\/1687277921316-scaled.jpg","width":1928,"height":2560},{"@type":"BreadcrumbList","@id":"https:\/\/escuelaespanaval.cl\/?p=1879#breadcrumb","itemListElement":[{"@type":"ListItem","position":1,"name":"Portada","item":"https:\/\/escuelaespanaval.cl\/"},{"@type":"ListItem","position":2,"name":"Visita pedag\u00f3gica liceo Santa Mar\u00eda la Blanca"}]},{"@type":"WebSite","@id":"https:\/\/escuelaespanaval.cl\/#website","url":"https:\/\/escuelaespanaval.cl\/","name":"Escuela Espa\u00f1a","description":"Valdivia","publisher":{"@id":"https:\/\/escuelaespanaval.cl\/#organization"},"potentialAction":[{"@type":"SearchAction","target":{"@type":"EntryPoint","urlTemplate":"https:\/\/escuelaespanaval.cl\/?s={search_term_string}"},"query-input":{"@type":"PropertyValueSpecification","valueRequired":true,"valueName":"search_term_string"}}],"inLanguage":"es"},{"@type":"Organization","@id":"https:\/\/escuelaespanaval.cl\/#organization","name":"Escuela Espa\u00f1a","url":"https:\/\/escuelaespanaval.cl\/","logo":{"@type":"ImageObject","inLanguage":"es","@id":"https:\/\/escuelaespanaval.cl\/#\/schema\/logo\/image\/","url":"https:\/\/escuelaespanaval.cl\/wp-content\/uploads\/2020\/12\/LOGO_ESCUELA.png","contentUrl":"https:\/\/escuelaespanaval.cl\/wp-content\/uploads\/2020\/12\/LOGO_ESCUELA.png","width":1550,"height":2402,"caption":"Escuela Espa\u00f1a"},"image":{"@id":"https:\/\/escuelaespanaval.cl\/#\/schema\/logo\/image\/"},"sameAs":["https:\/\/www.facebook.com\/escuelaespanavald","https:\/\/www.youtube.com\/@escuelaespanavaldivia97"]},{"@type":"Person","@id":"https:\/\/escuelaespanaval.cl\/#\/schema\/person\/b8dc96fec133a948c2114bb5cba3ca1a","name":"Administrador","image":{"@type":"ImageObject","inLanguage":"es","@id":"https:\/\/escuelaespanaval.cl\/#\/schema\/person\/image\/","url":"https:\/\/secure.gravatar.com\/avatar\/1a4537f0b323ae38f6776eb293038a2af5616bfe3d24bf6be540f254d895dd45?s=96&d=mm&r=g","contentUrl":"https:\/\/secure.gravatar.com\/avatar\/1a4537f0b323ae38f6776eb293038a2af5616bfe3d24bf6be540f254d895dd45?s=96&d=mm&r=g","caption":"Administrador"},"sameAs":["https:\/\/escuelaespanaval.cl\/wp"],"url":"https:\/\/escuelaespanaval.cl\/?author=1"}]}},"_links":{"self":[{"href":"https:\/\/escuelaespanaval.cl\/index.php?rest_route=\/wp\/v2\/posts\/1879","targetHints":{"allow":["GET"]}}],"collection":[{"href":"https:\/\/escuelaespanaval.cl\/index.php?rest_route=\/wp\/v2\/posts"}],"about":[{"href":"https:\/\/escuelaespanaval.cl\/index.php?rest_route=\/wp\/v2\/types\/post"}],"author":[{"embeddable":true,"href":"https:\/\/escuelaespanaval.cl\/index.php?rest_route=\/wp\/v2\/users\/1"}],"replies":[{"embeddable":true,"href":"https:\/\/escuelaespanaval.cl\/index.php?rest_route=%2Fwp%2Fv2%2Fcomments&post=1879"}],"version-history":[{"count":4,"href":"https:\/\/escuelaespanaval.cl\/index.php?rest_route=\/wp\/v2\/posts\/1879\/revisions"}],"predecessor-version":[{"id":1904,"href":"https:\/\/escuelaespanaval.cl\/index.php?rest_route=\/wp\/v2\/posts\/1879\/revisions\/1904"}],"wp:featuredmedia":[{"embeddable":true,"href":"https:\/\/escuelaespanaval.cl\/index.php?rest_route=\/wp\/v2\/media\/1880"}],"wp:attachment":[{"href":"https:\/\/escuelaespanaval.cl\/index.php?rest_route=%2Fwp%2Fv2%2Fmedia&parent=1879"}],"wp:term":[{"taxonomy":"category","embeddable":true,"href":"https:\/\/escuelaespanaval.cl\/index.php?rest_route=%2Fwp%2Fv2%2Fcategories&post=1879"},{"taxonomy":"post_tag","embeddable":true,"href":"https:\/\/escuelaespanaval.cl\/index.php?rest_route=%2Fwp%2Fv2%2Ftags&post=1879"}],"curies":[{"name":"wp","href":"https:\/\/api.w.org\/{rel}","templated":true}]}}