{"id":1840,"date":"2023-06-06T18:44:23","date_gmt":"2023-06-06T18:44:23","guid":{"rendered":"https:\/\/escuelaespanaval.cl\/?p=1840"},"modified":"2023-06-06T18:45:48","modified_gmt":"2023-06-06T18:45:48","slug":"un-dia-magico-en-la-biblioteca","status":"publish","type":"post","link":"https:\/\/escuelaespanaval.cl\/?p=1840","title":{"rendered":"Un d\u00eda m\u00e1gico en la biblioteca"},"content":{"rendered":"\n<p>El 4\u00b0A disfrut\u00f3 de una emocionante salida pedag\u00f3gica a la biblioteca municipal. Con entusiasmo, los estudiantes recorrieron los estantes llenos de libros, sumergi\u00e9ndose en un mundo de conocimiento y aventuras. Pero la diversi\u00f3n no se detuvo ah\u00ed. Todos se reunieron en un acogedor rinc\u00f3n, mientras un cuentacuentos les transportaba a tierras lejanas con sus relatos maravillosos sobre d\u00eda del medio ambiente. Fue un d\u00eda lleno de aprendizaje, imaginaci\u00f3n y risas, donde cada estudiante descubri\u00f3 el poder de la lectura y se llev\u00f3 consigo un pedacito de magia en su coraz\u00f3n.<\/p>\n\n\n\n<figure class=\"wp-block-gallery has-nested-images columns-default is-cropped wp-block-gallery-1 is-layout-flex wp-block-gallery-is-layout-flex\">\n<figure class=\"wp-block-image size-large\"><img loading=\"lazy\" decoding=\"async\" width=\"768\" height=\"1024\" data-id=\"1843\" src=\"https:\/\/escuelaespanaval.cl\/wp-content\/uploads\/2023\/06\/IMG_1335-768x1024.jpeg\" alt=\"\" class=\"wp-image-1843\" srcset=\"https:\/\/escuelaespanaval.cl\/wp-content\/uploads\/2023\/06\/IMG_1335-768x1024.jpeg 768w, https:\/\/escuelaespanaval.cl\/wp-content\/uploads\/2023\/06\/IMG_1335-225x300.jpeg 225w, https:\/\/escuelaespanaval.cl\/wp-content\/uploads\/2023\/06\/IMG_1335-1152x1536.jpeg 1152w, https:\/\/escuelaespanaval.cl\/wp-content\/uploads\/2023\/06\/IMG_1335.jpeg 1536w\" sizes=\"auto, (max-width: 768px) 100vw, 768px\" \/><\/figure>\n\n\n\n<figure class=\"wp-block-image size-large\"><img loading=\"lazy\" decoding=\"async\" width=\"1024\" height=\"768\" data-id=\"1848\" src=\"https:\/\/escuelaespanaval.cl\/wp-content\/uploads\/2023\/06\/IMG_1337-1024x768.jpeg\" alt=\"\" class=\"wp-image-1848\" srcset=\"https:\/\/escuelaespanaval.cl\/wp-content\/uploads\/2023\/06\/IMG_1337-1024x768.jpeg 1024w, https:\/\/escuelaespanaval.cl\/wp-content\/uploads\/2023\/06\/IMG_1337-300x225.jpeg 300w, https:\/\/escuelaespanaval.cl\/wp-content\/uploads\/2023\/06\/IMG_1337-768x576.jpeg 768w, https:\/\/escuelaespanaval.cl\/wp-content\/uploads\/2023\/06\/IMG_1337-1536x1152.jpeg 1536w, https:\/\/escuelaespanaval.cl\/wp-content\/uploads\/2023\/06\/IMG_1337.jpeg 2048w\" sizes=\"auto, (max-width: 1024px) 100vw, 1024px\" \/><\/figure>\n\n\n\n<figure class=\"wp-block-image size-large\"><img loading=\"lazy\" decoding=\"async\" width=\"1024\" height=\"768\" data-id=\"1846\" src=\"https:\/\/escuelaespanaval.cl\/wp-content\/uploads\/2023\/06\/IMG_1338-1024x768.jpeg\" alt=\"\" class=\"wp-image-1846\" srcset=\"https:\/\/escuelaespanaval.cl\/wp-content\/uploads\/2023\/06\/IMG_1338-1024x768.jpeg 1024w, https:\/\/escuelaespanaval.cl\/wp-content\/uploads\/2023\/06\/IMG_1338-300x225.jpeg 300w, https:\/\/escuelaespanaval.cl\/wp-content\/uploads\/2023\/06\/IMG_1338-768x576.jpeg 768w, https:\/\/escuelaespanaval.cl\/wp-content\/uploads\/2023\/06\/IMG_1338-1536x1152.jpeg 1536w, https:\/\/escuelaespanaval.cl\/wp-content\/uploads\/2023\/06\/IMG_1338.jpeg 2048w\" sizes=\"auto, (max-width: 1024px) 100vw, 1024px\" \/><\/figure>\n\n\n\n<figure class=\"wp-block-image size-large\"><img loading=\"lazy\" decoding=\"async\" width=\"768\" height=\"1024\" data-id=\"1841\" src=\"https:\/\/escuelaespanaval.cl\/wp-content\/uploads\/2023\/06\/IMG_1342-768x1024.jpeg\" alt=\"\" class=\"wp-image-1841\" srcset=\"https:\/\/escuelaespanaval.cl\/wp-content\/uploads\/2023\/06\/IMG_1342-768x1024.jpeg 768w, https:\/\/escuelaespanaval.cl\/wp-content\/uploads\/2023\/06\/IMG_1342-225x300.jpeg 225w, https:\/\/escuelaespanaval.cl\/wp-content\/uploads\/2023\/06\/IMG_1342-1152x1536.jpeg 1152w, https:\/\/escuelaespanaval.cl\/wp-content\/uploads\/2023\/06\/IMG_1342.jpeg 1536w\" sizes=\"auto, (max-width: 768px) 100vw, 768px\" \/><\/figure>\n\n\n\n<figure class=\"wp-block-image size-large\"><img loading=\"lazy\" decoding=\"async\" width=\"768\" height=\"1024\" data-id=\"1845\" src=\"https:\/\/escuelaespanaval.cl\/wp-content\/uploads\/2023\/06\/IMG_1343-768x1024.jpeg\" alt=\"\" class=\"wp-image-1845\" srcset=\"https:\/\/escuelaespanaval.cl\/wp-content\/uploads\/2023\/06\/IMG_1343-768x1024.jpeg 768w, https:\/\/escuelaespanaval.cl\/wp-content\/uploads\/2023\/06\/IMG_1343-225x300.jpeg 225w, https:\/\/escuelaespanaval.cl\/wp-content\/uploads\/2023\/06\/IMG_1343-1152x1536.jpeg 1152w, https:\/\/escuelaespanaval.cl\/wp-content\/uploads\/2023\/06\/IMG_1343.jpeg 1536w\" sizes=\"auto, (max-width: 768px) 100vw, 768px\" \/><\/figure>\n\n\n\n<figure class=\"wp-block-image size-large\"><img loading=\"lazy\" decoding=\"async\" width=\"1024\" height=\"768\" data-id=\"1854\" src=\"https:\/\/escuelaespanaval.cl\/wp-content\/uploads\/2023\/06\/IMG_1349-1024x768.jpeg\" alt=\"\" class=\"wp-image-1854\" srcset=\"https:\/\/escuelaespanaval.cl\/wp-content\/uploads\/2023\/06\/IMG_1349-1024x768.jpeg 1024w, https:\/\/escuelaespanaval.cl\/wp-content\/uploads\/2023\/06\/IMG_1349-300x225.jpeg 300w, https:\/\/escuelaespanaval.cl\/wp-content\/uploads\/2023\/06\/IMG_1349-768x576.jpeg 768w, https:\/\/escuelaespanaval.cl\/wp-content\/uploads\/2023\/06\/IMG_1349-1536x1152.jpeg 1536w, https:\/\/escuelaespanaval.cl\/wp-content\/uploads\/2023\/06\/IMG_1349.jpeg 2048w\" sizes=\"auto, (max-width: 1024px) 100vw, 1024px\" \/><\/figure>\n\n\n\n<figure class=\"wp-block-image size-large\"><img loading=\"lazy\" decoding=\"async\" width=\"768\" height=\"1024\" data-id=\"1842\" src=\"https:\/\/escuelaespanaval.cl\/wp-content\/uploads\/2023\/06\/IMG_1319-768x1024.jpeg\" alt=\"\" class=\"wp-image-1842\" srcset=\"https:\/\/escuelaespanaval.cl\/wp-content\/uploads\/2023\/06\/IMG_1319-768x1024.jpeg 768w, https:\/\/escuelaespanaval.cl\/wp-content\/uploads\/2023\/06\/IMG_1319-225x300.jpeg 225w, https:\/\/escuelaespanaval.cl\/wp-content\/uploads\/2023\/06\/IMG_1319-1152x1536.jpeg 1152w, https:\/\/escuelaespanaval.cl\/wp-content\/uploads\/2023\/06\/IMG_1319.jpeg 1536w\" sizes=\"auto, (max-width: 768px) 100vw, 768px\" \/><\/figure>\n\n\n\n<figure class=\"wp-block-image size-large\"><img loading=\"lazy\" decoding=\"async\" width=\"768\" height=\"1024\" data-id=\"1844\" src=\"https:\/\/escuelaespanaval.cl\/wp-content\/uploads\/2023\/06\/IMG_1324-768x1024.jpeg\" alt=\"\" class=\"wp-image-1844\" srcset=\"https:\/\/escuelaespanaval.cl\/wp-content\/uploads\/2023\/06\/IMG_1324-768x1024.jpeg 768w, https:\/\/escuelaespanaval.cl\/wp-content\/uploads\/2023\/06\/IMG_1324-225x300.jpeg 225w, https:\/\/escuelaespanaval.cl\/wp-content\/uploads\/2023\/06\/IMG_1324-1152x1536.jpeg 1152w, https:\/\/escuelaespanaval.cl\/wp-content\/uploads\/2023\/06\/IMG_1324.jpeg 1536w\" sizes=\"auto, (max-width: 768px) 100vw, 768px\" \/><\/figure>\n\n\n\n<figure class=\"wp-block-image size-large\"><img loading=\"lazy\" decoding=\"async\" width=\"768\" height=\"1024\" data-id=\"1852\" src=\"https:\/\/escuelaespanaval.cl\/wp-content\/uploads\/2023\/06\/IMG_1325-768x1024.jpeg\" alt=\"\" class=\"wp-image-1852\" srcset=\"https:\/\/escuelaespanaval.cl\/wp-content\/uploads\/2023\/06\/IMG_1325-768x1024.jpeg 768w, https:\/\/escuelaespanaval.cl\/wp-content\/uploads\/2023\/06\/IMG_1325-225x300.jpeg 225w, https:\/\/escuelaespanaval.cl\/wp-content\/uploads\/2023\/06\/IMG_1325-1152x1536.jpeg 1152w, https:\/\/escuelaespanaval.cl\/wp-content\/uploads\/2023\/06\/IMG_1325.jpeg 1536w\" sizes=\"auto, (max-width: 768px) 100vw, 768px\" \/><\/figure>\n\n\n\n<figure class=\"wp-block-image size-large\"><img loading=\"lazy\" decoding=\"async\" width=\"768\" height=\"1024\" data-id=\"1850\" src=\"https:\/\/escuelaespanaval.cl\/wp-content\/uploads\/2023\/06\/IMG_1326-768x1024.jpeg\" alt=\"\" class=\"wp-image-1850\" srcset=\"https:\/\/escuelaespanaval.cl\/wp-content\/uploads\/2023\/06\/IMG_1326-768x1024.jpeg 768w, https:\/\/escuelaespanaval.cl\/wp-content\/uploads\/2023\/06\/IMG_1326-225x300.jpeg 225w, https:\/\/escuelaespanaval.cl\/wp-content\/uploads\/2023\/06\/IMG_1326-1152x1536.jpeg 1152w, https:\/\/escuelaespanaval.cl\/wp-content\/uploads\/2023\/06\/IMG_1326.jpeg 1536w\" sizes=\"auto, (max-width: 768px) 100vw, 768px\" \/><\/figure>\n\n\n\n<figure class=\"wp-block-image size-large\"><img loading=\"lazy\" decoding=\"async\" width=\"768\" height=\"1024\" data-id=\"1851\" src=\"https:\/\/escuelaespanaval.cl\/wp-content\/uploads\/2023\/06\/IMG_1327-768x1024.jpeg\" alt=\"\" class=\"wp-image-1851\" srcset=\"https:\/\/escuelaespanaval.cl\/wp-content\/uploads\/2023\/06\/IMG_1327-768x1024.jpeg 768w, https:\/\/escuelaespanaval.cl\/wp-content\/uploads\/2023\/06\/IMG_1327-225x300.jpeg 225w, https:\/\/escuelaespanaval.cl\/wp-content\/uploads\/2023\/06\/IMG_1327-1152x1536.jpeg 1152w, https:\/\/escuelaespanaval.cl\/wp-content\/uploads\/2023\/06\/IMG_1327.jpeg 1536w\" sizes=\"auto, (max-width: 768px) 100vw, 768px\" \/><\/figure>\n\n\n\n<figure class=\"wp-block-image size-large\"><img loading=\"lazy\" decoding=\"async\" width=\"768\" height=\"1024\" data-id=\"1847\" src=\"https:\/\/escuelaespanaval.cl\/wp-content\/uploads\/2023\/06\/IMG_1328-768x1024.jpeg\" alt=\"\" class=\"wp-image-1847\" srcset=\"https:\/\/escuelaespanaval.cl\/wp-content\/uploads\/2023\/06\/IMG_1328-768x1024.jpeg 768w, https:\/\/escuelaespanaval.cl\/wp-content\/uploads\/2023\/06\/IMG_1328-225x300.jpeg 225w, https:\/\/escuelaespanaval.cl\/wp-content\/uploads\/2023\/06\/IMG_1328-1152x1536.jpeg 1152w, https:\/\/escuelaespanaval.cl\/wp-content\/uploads\/2023\/06\/IMG_1328.jpeg 1536w\" sizes=\"auto, (max-width: 768px) 100vw, 768px\" \/><\/figure>\n\n\n\n<figure class=\"wp-block-image size-large\"><img loading=\"lazy\" decoding=\"async\" width=\"768\" height=\"1024\" data-id=\"1853\" src=\"https:\/\/escuelaespanaval.cl\/wp-content\/uploads\/2023\/06\/IMG_1330-768x1024.jpeg\" alt=\"\" class=\"wp-image-1853\" srcset=\"https:\/\/escuelaespanaval.cl\/wp-content\/uploads\/2023\/06\/IMG_1330-768x1024.jpeg 768w, https:\/\/escuelaespanaval.cl\/wp-content\/uploads\/2023\/06\/IMG_1330-225x300.jpeg 225w, https:\/\/escuelaespanaval.cl\/wp-content\/uploads\/2023\/06\/IMG_1330-1152x1536.jpeg 1152w, https:\/\/escuelaespanaval.cl\/wp-content\/uploads\/2023\/06\/IMG_1330.jpeg 1536w\" sizes=\"auto, (max-width: 768px) 100vw, 768px\" \/><\/figure>\n\n\n\n<figure class=\"wp-block-image size-large\"><img loading=\"lazy\" decoding=\"async\" width=\"768\" height=\"1024\" data-id=\"1849\" src=\"https:\/\/escuelaespanaval.cl\/wp-content\/uploads\/2023\/06\/IMG_1334-768x1024.jpeg\" alt=\"\" class=\"wp-image-1849\" srcset=\"https:\/\/escuelaespanaval.cl\/wp-content\/uploads\/2023\/06\/IMG_1334-768x1024.jpeg 768w, https:\/\/escuelaespanaval.cl\/wp-content\/uploads\/2023\/06\/IMG_1334-225x300.jpeg 225w, https:\/\/escuelaespanaval.cl\/wp-content\/uploads\/2023\/06\/IMG_1334-1152x1536.jpeg 1152w, https:\/\/escuelaespanaval.cl\/wp-content\/uploads\/2023\/06\/IMG_1334.jpeg 1536w\" sizes=\"auto, (max-width: 768px) 100vw, 768px\" \/><\/figure>\n<\/figure>\n","protected":false},"excerpt":{"rendered":"<p>El 4\u00b0A disfrut\u00f3 de una emocionante salida pedag\u00f3gica a la biblioteca municipal. Con entusiasmo, los estudiantes recorrieron los estantes llenos de libros, sumergi\u00e9ndose en un mundo de conocimiento y aventuras. Pero la diversi\u00f3n no se detuvo ah\u00ed. Todos se reunieron en un acogedor rinc\u00f3n, mientras un cuentacuentos les transportaba a tierras lejanas con sus relatos [&hellip;]<\/p>\n","protected":false},"author":1,"featured_media":1845,"comment_status":"closed","ping_status":"open","sticky":false,"template":"","format":"standard","meta":{"_monsterinsights_skip_tracking":false,"_monsterinsights_sitenote_active":false,"_monsterinsights_sitenote_note":"","_monsterinsights_sitenote_category":0,"site-container-style":"default","site-container-layout":"default","site-sidebar-layout":"default","disable-article-header":"default","disable-site-header":"default","disable-site-footer":"default","disable-content-area-spacing":"default","footnotes":""},"categories":[6,4],"tags":[],"class_list":["post-1840","post","type-post","status-publish","format-standard","has-post-thumbnail","hentry","category-actividades","category-noticias"],"yoast_head":"<!-- This site is optimized with the Yoast SEO plugin v27.1.1 - https:\/\/yoast.com\/product\/yoast-seo-wordpress\/ -->\n<title>Un d\u00eda m\u00e1gico en la biblioteca - Escuela Espa\u00f1a<\/title>\n<meta name=\"robots\" content=\"index, follow, max-snippet:-1, max-image-preview:large, max-video-preview:-1\" \/>\n<link rel=\"canonical\" href=\"https:\/\/escuelaespanaval.cl\/?p=1840\" \/>\n<meta property=\"og:locale\" content=\"es_ES\" \/>\n<meta property=\"og:type\" content=\"article\" \/>\n<meta property=\"og:title\" content=\"Un d\u00eda m\u00e1gico en la biblioteca\" \/>\n<meta property=\"og:description\" content=\"El 4\u00b0A disfrut\u00f3 de una emocionante salida pedag\u00f3gica a la biblioteca municipal. Con entusiasmo, los estudiantes recorrieron los estantes llenos de libros, sumergi\u00e9ndose en un mundo de conocimiento y aventuras. Pero la diversi\u00f3n no se detuvo ah\u00ed. Todos se reunieron en un acogedor rinc\u00f3n, mientras un cuentacuentos les transportaba a tierras lejanas con sus relatos maravillosos sobre d\u00eda del medio ambiente. Fue un d\u00eda lleno de aprendizaje, imaginaci\u00f3n y risas, donde cada estudiante descubri\u00f3 el poder de la lectura y se llev\u00f3 consigo un pedacito de magia en su coraz\u00f3n.\" \/>\n<meta property=\"og:url\" content=\"https:\/\/escuelaespanaval.cl\/?p=1840\" \/>\n<meta property=\"og:site_name\" content=\"Escuela Espa\u00f1a\" \/>\n<meta property=\"article:publisher\" content=\"https:\/\/www.facebook.com\/escuelaespanavald\" \/>\n<meta property=\"article:published_time\" content=\"2023-06-06T18:44:23+00:00\" \/>\n<meta property=\"article:modified_time\" content=\"2023-06-06T18:45:48+00:00\" \/>\n<meta property=\"og:image\" content=\"https:\/\/escuelaespanaval.cl\/wp-content\/uploads\/2023\/06\/IMG_1330.jpeg\" \/>\n\t<meta property=\"og:image:width\" content=\"1536\" \/>\n\t<meta property=\"og:image:height\" content=\"2048\" \/>\n\t<meta property=\"og:image:type\" content=\"image\/jpeg\" \/>\n<meta name=\"author\" content=\"Administrador\" \/>\n<meta name=\"twitter:card\" content=\"summary_large_image\" \/>\n<meta name=\"twitter:label1\" content=\"Escrito por\" \/>\n\t<meta name=\"twitter:data1\" content=\"Administrador\" \/>\n\t<meta name=\"twitter:label2\" content=\"Tiempo de lectura\" \/>\n\t<meta name=\"twitter:data2\" content=\"4 minutos\" \/>\n<script type=\"application\/ld+json\" class=\"yoast-schema-graph\">{\"@context\":\"https:\/\/schema.org\",\"@graph\":[{\"@type\":\"Article\",\"@id\":\"https:\/\/escuelaespanaval.cl\/?p=1840#article\",\"isPartOf\":{\"@id\":\"https:\/\/escuelaespanaval.cl\/?p=1840\"},\"author\":{\"name\":\"Administrador\",\"@id\":\"https:\/\/escuelaespanaval.cl\/#\/schema\/person\/b8dc96fec133a948c2114bb5cba3ca1a\"},\"headline\":\"Un d\u00eda m\u00e1gico en la biblioteca\",\"datePublished\":\"2023-06-06T18:44:23+00:00\",\"dateModified\":\"2023-06-06T18:45:48+00:00\",\"mainEntityOfPage\":{\"@id\":\"https:\/\/escuelaespanaval.cl\/?p=1840\"},\"wordCount\":106,\"publisher\":{\"@id\":\"https:\/\/escuelaespanaval.cl\/#organization\"},\"image\":{\"@id\":\"https:\/\/escuelaespanaval.cl\/?p=1840#primaryimage\"},\"thumbnailUrl\":\"https:\/\/escuelaespanaval.cl\/wp-content\/uploads\/2023\/06\/IMG_1343.jpeg\",\"articleSection\":[\"Actividades\",\"Noticias\"],\"inLanguage\":\"es\"},{\"@type\":\"WebPage\",\"@id\":\"https:\/\/escuelaespanaval.cl\/?p=1840\",\"url\":\"https:\/\/escuelaespanaval.cl\/?p=1840\",\"name\":\"Un d\u00eda m\u00e1gico en la biblioteca - Escuela Espa\u00f1a\",\"isPartOf\":{\"@id\":\"https:\/\/escuelaespanaval.cl\/#website\"},\"primaryImageOfPage\":{\"@id\":\"https:\/\/escuelaespanaval.cl\/?p=1840#primaryimage\"},\"image\":{\"@id\":\"https:\/\/escuelaespanaval.cl\/?p=1840#primaryimage\"},\"thumbnailUrl\":\"https:\/\/escuelaespanaval.cl\/wp-content\/uploads\/2023\/06\/IMG_1343.jpeg\",\"datePublished\":\"2023-06-06T18:44:23+00:00\",\"dateModified\":\"2023-06-06T18:45:48+00:00\",\"breadcrumb\":{\"@id\":\"https:\/\/escuelaespanaval.cl\/?p=1840#breadcrumb\"},\"inLanguage\":\"es\",\"potentialAction\":[{\"@type\":\"ReadAction\",\"target\":[\"https:\/\/escuelaespanaval.cl\/?p=1840\"]}]},{\"@type\":\"ImageObject\",\"inLanguage\":\"es\",\"@id\":\"https:\/\/escuelaespanaval.cl\/?p=1840#primaryimage\",\"url\":\"https:\/\/escuelaespanaval.cl\/wp-content\/uploads\/2023\/06\/IMG_1343.jpeg\",\"contentUrl\":\"https:\/\/escuelaespanaval.cl\/wp-content\/uploads\/2023\/06\/IMG_1343.jpeg\",\"width\":1536,\"height\":2048},{\"@type\":\"BreadcrumbList\",\"@id\":\"https:\/\/escuelaespanaval.cl\/?p=1840#breadcrumb\",\"itemListElement\":[{\"@type\":\"ListItem\",\"position\":1,\"name\":\"Portada\",\"item\":\"https:\/\/escuelaespanaval.cl\/\"},{\"@type\":\"ListItem\",\"position\":2,\"name\":\"Un d\u00eda m\u00e1gico en la biblioteca\"}]},{\"@type\":\"WebSite\",\"@id\":\"https:\/\/escuelaespanaval.cl\/#website\",\"url\":\"https:\/\/escuelaespanaval.cl\/\",\"name\":\"Escuela Espa\u00f1a\",\"description\":\"Valdivia\",\"publisher\":{\"@id\":\"https:\/\/escuelaespanaval.cl\/#organization\"},\"potentialAction\":[{\"@type\":\"SearchAction\",\"target\":{\"@type\":\"EntryPoint\",\"urlTemplate\":\"https:\/\/escuelaespanaval.cl\/?s={search_term_string}\"},\"query-input\":{\"@type\":\"PropertyValueSpecification\",\"valueRequired\":true,\"valueName\":\"search_term_string\"}}],\"inLanguage\":\"es\"},{\"@type\":\"Organization\",\"@id\":\"https:\/\/escuelaespanaval.cl\/#organization\",\"name\":\"Escuela Espa\u00f1a\",\"url\":\"https:\/\/escuelaespanaval.cl\/\",\"logo\":{\"@type\":\"ImageObject\",\"inLanguage\":\"es\",\"@id\":\"https:\/\/escuelaespanaval.cl\/#\/schema\/logo\/image\/\",\"url\":\"https:\/\/escuelaespanaval.cl\/wp-content\/uploads\/2020\/12\/LOGO_ESCUELA.png\",\"contentUrl\":\"https:\/\/escuelaespanaval.cl\/wp-content\/uploads\/2020\/12\/LOGO_ESCUELA.png\",\"width\":1550,\"height\":2402,\"caption\":\"Escuela Espa\u00f1a\"},\"image\":{\"@id\":\"https:\/\/escuelaespanaval.cl\/#\/schema\/logo\/image\/\"},\"sameAs\":[\"https:\/\/www.facebook.com\/escuelaespanavald\",\"https:\/\/www.youtube.com\/@escuelaespanavaldivia97\"]},{\"@type\":\"Person\",\"@id\":\"https:\/\/escuelaespanaval.cl\/#\/schema\/person\/b8dc96fec133a948c2114bb5cba3ca1a\",\"name\":\"Administrador\",\"image\":{\"@type\":\"ImageObject\",\"inLanguage\":\"es\",\"@id\":\"https:\/\/escuelaespanaval.cl\/#\/schema\/person\/image\/\",\"url\":\"https:\/\/secure.gravatar.com\/avatar\/1a4537f0b323ae38f6776eb293038a2af5616bfe3d24bf6be540f254d895dd45?s=96&d=mm&r=g\",\"contentUrl\":\"https:\/\/secure.gravatar.com\/avatar\/1a4537f0b323ae38f6776eb293038a2af5616bfe3d24bf6be540f254d895dd45?s=96&d=mm&r=g\",\"caption\":\"Administrador\"},\"sameAs\":[\"https:\/\/escuelaespanaval.cl\/wp\"],\"url\":\"https:\/\/escuelaespanaval.cl\/?author=1\"}]}<\/script>\n<!-- \/ Yoast SEO plugin. -->","yoast_head_json":{"title":"Un d\u00eda m\u00e1gico en la biblioteca - Escuela Espa\u00f1a","robots":{"index":"index","follow":"follow","max-snippet":"max-snippet:-1","max-image-preview":"max-image-preview:large","max-video-preview":"max-video-preview:-1"},"canonical":"https:\/\/escuelaespanaval.cl\/?p=1840","og_locale":"es_ES","og_type":"article","og_title":"Un d\u00eda m\u00e1gico en la biblioteca","og_description":"El 4\u00b0A disfrut\u00f3 de una emocionante salida pedag\u00f3gica a la biblioteca municipal. Con entusiasmo, los estudiantes recorrieron los estantes llenos de libros, sumergi\u00e9ndose en un mundo de conocimiento y aventuras. Pero la diversi\u00f3n no se detuvo ah\u00ed. Todos se reunieron en un acogedor rinc\u00f3n, mientras un cuentacuentos les transportaba a tierras lejanas con sus relatos maravillosos sobre d\u00eda del medio ambiente. Fue un d\u00eda lleno de aprendizaje, imaginaci\u00f3n y risas, donde cada estudiante descubri\u00f3 el poder de la lectura y se llev\u00f3 consigo un pedacito de magia en su coraz\u00f3n.","og_url":"https:\/\/escuelaespanaval.cl\/?p=1840","og_site_name":"Escuela Espa\u00f1a","article_publisher":"https:\/\/www.facebook.com\/escuelaespanavald","article_published_time":"2023-06-06T18:44:23+00:00","article_modified_time":"2023-06-06T18:45:48+00:00","og_image":[{"width":1536,"height":2048,"url":"https:\/\/escuelaespanaval.cl\/wp-content\/uploads\/2023\/06\/IMG_1330.jpeg","type":"image\/jpeg"}],"author":"Administrador","twitter_card":"summary_large_image","twitter_misc":{"Escrito por":"Administrador","Tiempo de lectura":"4 minutos"},"schema":{"@context":"https:\/\/schema.org","@graph":[{"@type":"Article","@id":"https:\/\/escuelaespanaval.cl\/?p=1840#article","isPartOf":{"@id":"https:\/\/escuelaespanaval.cl\/?p=1840"},"author":{"name":"Administrador","@id":"https:\/\/escuelaespanaval.cl\/#\/schema\/person\/b8dc96fec133a948c2114bb5cba3ca1a"},"headline":"Un d\u00eda m\u00e1gico en la biblioteca","datePublished":"2023-06-06T18:44:23+00:00","dateModified":"2023-06-06T18:45:48+00:00","mainEntityOfPage":{"@id":"https:\/\/escuelaespanaval.cl\/?p=1840"},"wordCount":106,"publisher":{"@id":"https:\/\/escuelaespanaval.cl\/#organization"},"image":{"@id":"https:\/\/escuelaespanaval.cl\/?p=1840#primaryimage"},"thumbnailUrl":"https:\/\/escuelaespanaval.cl\/wp-content\/uploads\/2023\/06\/IMG_1343.jpeg","articleSection":["Actividades","Noticias"],"inLanguage":"es"},{"@type":"WebPage","@id":"https:\/\/escuelaespanaval.cl\/?p=1840","url":"https:\/\/escuelaespanaval.cl\/?p=1840","name":"Un d\u00eda m\u00e1gico en la biblioteca - Escuela Espa\u00f1a","isPartOf":{"@id":"https:\/\/escuelaespanaval.cl\/#website"},"primaryImageOfPage":{"@id":"https:\/\/escuelaespanaval.cl\/?p=1840#primaryimage"},"image":{"@id":"https:\/\/escuelaespanaval.cl\/?p=1840#primaryimage"},"thumbnailUrl":"https:\/\/escuelaespanaval.cl\/wp-content\/uploads\/2023\/06\/IMG_1343.jpeg","datePublished":"2023-06-06T18:44:23+00:00","dateModified":"2023-06-06T18:45:48+00:00","breadcrumb":{"@id":"https:\/\/escuelaespanaval.cl\/?p=1840#breadcrumb"},"inLanguage":"es","potentialAction":[{"@type":"ReadAction","target":["https:\/\/escuelaespanaval.cl\/?p=1840"]}]},{"@type":"ImageObject","inLanguage":"es","@id":"https:\/\/escuelaespanaval.cl\/?p=1840#primaryimage","url":"https:\/\/escuelaespanaval.cl\/wp-content\/uploads\/2023\/06\/IMG_1343.jpeg","contentUrl":"https:\/\/escuelaespanaval.cl\/wp-content\/uploads\/2023\/06\/IMG_1343.jpeg","width":1536,"height":2048},{"@type":"BreadcrumbList","@id":"https:\/\/escuelaespanaval.cl\/?p=1840#breadcrumb","itemListElement":[{"@type":"ListItem","position":1,"name":"Portada","item":"https:\/\/escuelaespanaval.cl\/"},{"@type":"ListItem","position":2,"name":"Un d\u00eda m\u00e1gico en la biblioteca"}]},{"@type":"WebSite","@id":"https:\/\/escuelaespanaval.cl\/#website","url":"https:\/\/escuelaespanaval.cl\/","name":"Escuela Espa\u00f1a","description":"Valdivia","publisher":{"@id":"https:\/\/escuelaespanaval.cl\/#organization"},"potentialAction":[{"@type":"SearchAction","target":{"@type":"EntryPoint","urlTemplate":"https:\/\/escuelaespanaval.cl\/?s={search_term_string}"},"query-input":{"@type":"PropertyValueSpecification","valueRequired":true,"valueName":"search_term_string"}}],"inLanguage":"es"},{"@type":"Organization","@id":"https:\/\/escuelaespanaval.cl\/#organization","name":"Escuela Espa\u00f1a","url":"https:\/\/escuelaespanaval.cl\/","logo":{"@type":"ImageObject","inLanguage":"es","@id":"https:\/\/escuelaespanaval.cl\/#\/schema\/logo\/image\/","url":"https:\/\/escuelaespanaval.cl\/wp-content\/uploads\/2020\/12\/LOGO_ESCUELA.png","contentUrl":"https:\/\/escuelaespanaval.cl\/wp-content\/uploads\/2020\/12\/LOGO_ESCUELA.png","width":1550,"height":2402,"caption":"Escuela Espa\u00f1a"},"image":{"@id":"https:\/\/escuelaespanaval.cl\/#\/schema\/logo\/image\/"},"sameAs":["https:\/\/www.facebook.com\/escuelaespanavald","https:\/\/www.youtube.com\/@escuelaespanavaldivia97"]},{"@type":"Person","@id":"https:\/\/escuelaespanaval.cl\/#\/schema\/person\/b8dc96fec133a948c2114bb5cba3ca1a","name":"Administrador","image":{"@type":"ImageObject","inLanguage":"es","@id":"https:\/\/escuelaespanaval.cl\/#\/schema\/person\/image\/","url":"https:\/\/secure.gravatar.com\/avatar\/1a4537f0b323ae38f6776eb293038a2af5616bfe3d24bf6be540f254d895dd45?s=96&d=mm&r=g","contentUrl":"https:\/\/secure.gravatar.com\/avatar\/1a4537f0b323ae38f6776eb293038a2af5616bfe3d24bf6be540f254d895dd45?s=96&d=mm&r=g","caption":"Administrador"},"sameAs":["https:\/\/escuelaespanaval.cl\/wp"],"url":"https:\/\/escuelaespanaval.cl\/?author=1"}]}},"_links":{"self":[{"href":"https:\/\/escuelaespanaval.cl\/index.php?rest_route=\/wp\/v2\/posts\/1840","targetHints":{"allow":["GET"]}}],"collection":[{"href":"https:\/\/escuelaespanaval.cl\/index.php?rest_route=\/wp\/v2\/posts"}],"about":[{"href":"https:\/\/escuelaespanaval.cl\/index.php?rest_route=\/wp\/v2\/types\/post"}],"author":[{"embeddable":true,"href":"https:\/\/escuelaespanaval.cl\/index.php?rest_route=\/wp\/v2\/users\/1"}],"replies":[{"embeddable":true,"href":"https:\/\/escuelaespanaval.cl\/index.php?rest_route=%2Fwp%2Fv2%2Fcomments&post=1840"}],"version-history":[{"count":1,"href":"https:\/\/escuelaespanaval.cl\/index.php?rest_route=\/wp\/v2\/posts\/1840\/revisions"}],"predecessor-version":[{"id":1855,"href":"https:\/\/escuelaespanaval.cl\/index.php?rest_route=\/wp\/v2\/posts\/1840\/revisions\/1855"}],"wp:featuredmedia":[{"embeddable":true,"href":"https:\/\/escuelaespanaval.cl\/index.php?rest_route=\/wp\/v2\/media\/1845"}],"wp:attachment":[{"href":"https:\/\/escuelaespanaval.cl\/index.php?rest_route=%2Fwp%2Fv2%2Fmedia&parent=1840"}],"wp:term":[{"taxonomy":"category","embeddable":true,"href":"https:\/\/escuelaespanaval.cl\/index.php?rest_route=%2Fwp%2Fv2%2Fcategories&post=1840"},{"taxonomy":"post_tag","embeddable":true,"href":"https:\/\/escuelaespanaval.cl\/index.php?rest_route=%2Fwp%2Fv2%2Ftags&post=1840"}],"curies":[{"name":"wp","href":"https:\/\/api.w.org\/{rel}","templated":true}]}}