{"id":1811,"date":"2023-05-25T20:46:06","date_gmt":"2023-05-25T20:46:06","guid":{"rendered":"https:\/\/escuelaespanaval.cl\/?p=1811"},"modified":"2023-05-25T20:46:07","modified_gmt":"2023-05-25T20:46:07","slug":"visita-armada-maritima-de-chile","status":"publish","type":"post","link":"https:\/\/escuelaespanaval.cl\/?p=1811","title":{"rendered":"Visita Armada Mar\u00edtima de Chile.\u00a0"},"content":{"rendered":"\n<p>Hoy recibimos con mucho agrado, la visita del Sargento Alexis Gonzalez, acompa\u00f1ado por el cabo Rodrigo Jimenez y cabo Luis Curilef&nbsp;de la Armada Mar\u00edtima de Chile.&nbsp;<\/p>\n\n\n\n<p>Las autoridades recorrieron el 1er ciclo del establecimiento, presentando videos interactivos de concienciaci\u00f3n medioambiental, y prevenci\u00f3n de accidentes mar\u00edtimos en la localidad,&nbsp; adem\u00e1s de recalcar la seriedad en el uso p\u00fablico del tel\u00e9fono de emergencia de la instituci\u00f3n.&nbsp;<\/p>\n\n\n\n<p>Estamos orgullosos de las opiniones y emociones que gener\u00f3 esta actividad en nuestros estudiantes, quienes disfrutaron y se informaron gracias de la colaboraci\u00f3n de la armada mar\u00edtima<\/p>\n\n\n\n<p><a href=\"https:\/\/www.youtube.com\/@CentrodeInnovacionMineduc\"><\/a><\/p>\n\n\n\n<figure class=\"wp-block-gallery has-nested-images columns-default is-cropped wp-block-gallery-1 is-layout-flex wp-block-gallery-is-layout-flex\">\n<figure class=\"wp-block-image size-large\"><img loading=\"lazy\" decoding=\"async\" width=\"771\" height=\"1024\" data-id=\"1815\" src=\"https:\/\/escuelaespanaval.cl\/wp-content\/uploads\/2023\/05\/1685031508305-771x1024.jpg\" alt=\"\" class=\"wp-image-1815\" srcset=\"https:\/\/escuelaespanaval.cl\/wp-content\/uploads\/2023\/05\/1685031508305-771x1024.jpg 771w, https:\/\/escuelaespanaval.cl\/wp-content\/uploads\/2023\/05\/1685031508305-226x300.jpg 226w, https:\/\/escuelaespanaval.cl\/wp-content\/uploads\/2023\/05\/1685031508305-768x1020.jpg 768w, https:\/\/escuelaespanaval.cl\/wp-content\/uploads\/2023\/05\/1685031508305-1157x1536.jpg 1157w, https:\/\/escuelaespanaval.cl\/wp-content\/uploads\/2023\/05\/1685031508305-1542x2048.jpg 1542w, https:\/\/escuelaespanaval.cl\/wp-content\/uploads\/2023\/05\/1685031508305-scaled.jpg 1928w\" sizes=\"auto, (max-width: 771px) 100vw, 771px\" \/><\/figure>\n\n\n\n<figure class=\"wp-block-image size-large\"><img loading=\"lazy\" decoding=\"async\" width=\"1024\" height=\"905\" data-id=\"1812\" src=\"https:\/\/escuelaespanaval.cl\/wp-content\/uploads\/2023\/05\/1685031604083-1024x905.jpg\" alt=\"\" class=\"wp-image-1812\" srcset=\"https:\/\/escuelaespanaval.cl\/wp-content\/uploads\/2023\/05\/1685031604083-1024x905.jpg 1024w, https:\/\/escuelaespanaval.cl\/wp-content\/uploads\/2023\/05\/1685031604083-300x265.jpg 300w, https:\/\/escuelaespanaval.cl\/wp-content\/uploads\/2023\/05\/1685031604083-768x678.jpg 768w, https:\/\/escuelaespanaval.cl\/wp-content\/uploads\/2023\/05\/1685031604083-1536x1357.jpg 1536w, https:\/\/escuelaespanaval.cl\/wp-content\/uploads\/2023\/05\/1685031604083-2048x1809.jpg 2048w\" sizes=\"auto, (max-width: 1024px) 100vw, 1024px\" \/><\/figure>\n\n\n\n<figure class=\"wp-block-image size-large\"><img loading=\"lazy\" decoding=\"async\" width=\"771\" height=\"1024\" data-id=\"1816\" src=\"https:\/\/escuelaespanaval.cl\/wp-content\/uploads\/2023\/05\/1685031604112-771x1024.jpg\" alt=\"\" class=\"wp-image-1816\" srcset=\"https:\/\/escuelaespanaval.cl\/wp-content\/uploads\/2023\/05\/1685031604112-771x1024.jpg 771w, https:\/\/escuelaespanaval.cl\/wp-content\/uploads\/2023\/05\/1685031604112-226x300.jpg 226w, https:\/\/escuelaespanaval.cl\/wp-content\/uploads\/2023\/05\/1685031604112-768x1020.jpg 768w, https:\/\/escuelaespanaval.cl\/wp-content\/uploads\/2023\/05\/1685031604112-1157x1536.jpg 1157w, https:\/\/escuelaespanaval.cl\/wp-content\/uploads\/2023\/05\/1685031604112-1542x2048.jpg 1542w, https:\/\/escuelaespanaval.cl\/wp-content\/uploads\/2023\/05\/1685031604112-scaled.jpg 1928w\" sizes=\"auto, (max-width: 771px) 100vw, 771px\" \/><\/figure>\n\n\n\n<figure class=\"wp-block-image size-large\"><img loading=\"lazy\" decoding=\"async\" width=\"771\" height=\"1024\" data-id=\"1814\" src=\"https:\/\/escuelaespanaval.cl\/wp-content\/uploads\/2023\/05\/1685031604124-771x1024.jpg\" alt=\"\" class=\"wp-image-1814\" srcset=\"https:\/\/escuelaespanaval.cl\/wp-content\/uploads\/2023\/05\/1685031604124-771x1024.jpg 771w, https:\/\/escuelaespanaval.cl\/wp-content\/uploads\/2023\/05\/1685031604124-226x300.jpg 226w, https:\/\/escuelaespanaval.cl\/wp-content\/uploads\/2023\/05\/1685031604124-768x1020.jpg 768w, https:\/\/escuelaespanaval.cl\/wp-content\/uploads\/2023\/05\/1685031604124-1157x1536.jpg 1157w, https:\/\/escuelaespanaval.cl\/wp-content\/uploads\/2023\/05\/1685031604124-1542x2048.jpg 1542w, https:\/\/escuelaespanaval.cl\/wp-content\/uploads\/2023\/05\/1685031604124-scaled.jpg 1928w\" sizes=\"auto, (max-width: 771px) 100vw, 771px\" \/><\/figure>\n\n\n\n<figure class=\"wp-block-image size-large\"><img loading=\"lazy\" decoding=\"async\" width=\"1024\" height=\"551\" data-id=\"1813\" src=\"https:\/\/escuelaespanaval.cl\/wp-content\/uploads\/2023\/05\/1685031709373-1024x551.jpg\" alt=\"\" class=\"wp-image-1813\" srcset=\"https:\/\/escuelaespanaval.cl\/wp-content\/uploads\/2023\/05\/1685031709373-1024x551.jpg 1024w, https:\/\/escuelaespanaval.cl\/wp-content\/uploads\/2023\/05\/1685031709373-300x161.jpg 300w, https:\/\/escuelaespanaval.cl\/wp-content\/uploads\/2023\/05\/1685031709373-768x413.jpg 768w, https:\/\/escuelaespanaval.cl\/wp-content\/uploads\/2023\/05\/1685031709373-1536x827.jpg 1536w, https:\/\/escuelaespanaval.cl\/wp-content\/uploads\/2023\/05\/1685031709373-2048x1102.jpg 2048w\" sizes=\"auto, (max-width: 1024px) 100vw, 1024px\" \/><\/figure>\n<\/figure>\n","protected":false},"excerpt":{"rendered":"<p>Hoy recibimos con mucho agrado, la visita del Sargento Alexis Gonzalez, acompa\u00f1ado por el cabo Rodrigo Jimenez y cabo Luis Curilef&nbsp;de la Armada Mar\u00edtima de Chile.&nbsp; Las autoridades recorrieron el 1er ciclo del establecimiento, presentando videos interactivos de concienciaci\u00f3n medioambiental, y prevenci\u00f3n de accidentes mar\u00edtimos en la localidad,&nbsp; adem\u00e1s de recalcar la seriedad en el [&hellip;]<\/p>\n","protected":false},"author":1,"featured_media":1815,"comment_status":"closed","ping_status":"open","sticky":false,"template":"","format":"standard","meta":{"_monsterinsights_skip_tracking":false,"_monsterinsights_sitenote_active":false,"_monsterinsights_sitenote_note":"","_monsterinsights_sitenote_category":0,"site-container-style":"default","site-container-layout":"default","site-sidebar-layout":"default","disable-article-header":"default","disable-site-header":"default","disable-site-footer":"default","disable-content-area-spacing":"default","footnotes":""},"categories":[4],"tags":[],"class_list":["post-1811","post","type-post","status-publish","format-standard","has-post-thumbnail","hentry","category-noticias"],"yoast_head":"<!-- This site is optimized with the Yoast SEO plugin v27.1.1 - https:\/\/yoast.com\/product\/yoast-seo-wordpress\/ -->\n<title>Visita Armada Mar\u00edtima de Chile.\u00a0 - Escuela Espa\u00f1a<\/title>\n<meta name=\"robots\" content=\"index, follow, max-snippet:-1, max-image-preview:large, max-video-preview:-1\" \/>\n<link rel=\"canonical\" href=\"https:\/\/escuelaespanaval.cl\/?p=1811\" \/>\n<meta property=\"og:locale\" content=\"es_ES\" \/>\n<meta property=\"og:type\" content=\"article\" \/>\n<meta property=\"og:title\" content=\"Visita Armada Mar\u00edtima de Chile.\u00a0 - Escuela Espa\u00f1a\" \/>\n<meta property=\"og:description\" content=\"Hoy recibimos con mucho agrado, la visita del Sargento Alexis Gonzalez, acompa\u00f1ado por el cabo Rodrigo Jimenez y cabo Luis Curilef&nbsp;de la Armada Mar\u00edtima de Chile.&nbsp; Las autoridades recorrieron el 1er ciclo del establecimiento, presentando videos interactivos de concienciaci\u00f3n medioambiental, y prevenci\u00f3n de accidentes mar\u00edtimos en la localidad,&nbsp; adem\u00e1s de recalcar la seriedad en el [&hellip;]\" \/>\n<meta property=\"og:url\" content=\"https:\/\/escuelaespanaval.cl\/?p=1811\" \/>\n<meta property=\"og:site_name\" content=\"Escuela Espa\u00f1a\" \/>\n<meta property=\"article:publisher\" content=\"https:\/\/www.facebook.com\/escuelaespanavald\" \/>\n<meta property=\"article:published_time\" content=\"2023-05-25T20:46:06+00:00\" \/>\n<meta property=\"article:modified_time\" content=\"2023-05-25T20:46:07+00:00\" \/>\n<meta property=\"og:image\" content=\"https:\/\/escuelaespanaval.cl\/wp-content\/uploads\/2023\/05\/1685031508305-scaled.jpg\" \/>\n\t<meta property=\"og:image:width\" content=\"1928\" \/>\n\t<meta property=\"og:image:height\" content=\"2560\" \/>\n\t<meta property=\"og:image:type\" content=\"image\/jpeg\" \/>\n<meta name=\"author\" content=\"Administrador\" \/>\n<meta name=\"twitter:card\" content=\"summary_large_image\" \/>\n<meta name=\"twitter:label1\" content=\"Escrito por\" \/>\n\t<meta name=\"twitter:data1\" content=\"Administrador\" \/>\n\t<meta name=\"twitter:label2\" content=\"Tiempo de lectura\" \/>\n\t<meta name=\"twitter:data2\" content=\"2 minutos\" \/>\n<script type=\"application\/ld+json\" class=\"yoast-schema-graph\">{\"@context\":\"https:\/\/schema.org\",\"@graph\":[{\"@type\":\"Article\",\"@id\":\"https:\/\/escuelaespanaval.cl\/?p=1811#article\",\"isPartOf\":{\"@id\":\"https:\/\/escuelaespanaval.cl\/?p=1811\"},\"author\":{\"name\":\"Administrador\",\"@id\":\"https:\/\/escuelaespanaval.cl\/#\/schema\/person\/b8dc96fec133a948c2114bb5cba3ca1a\"},\"headline\":\"Visita Armada Mar\u00edtima de Chile.\u00a0\",\"datePublished\":\"2023-05-25T20:46:06+00:00\",\"dateModified\":\"2023-05-25T20:46:07+00:00\",\"mainEntityOfPage\":{\"@id\":\"https:\/\/escuelaespanaval.cl\/?p=1811\"},\"wordCount\":113,\"publisher\":{\"@id\":\"https:\/\/escuelaespanaval.cl\/#organization\"},\"image\":{\"@id\":\"https:\/\/escuelaespanaval.cl\/?p=1811#primaryimage\"},\"thumbnailUrl\":\"https:\/\/escuelaespanaval.cl\/wp-content\/uploads\/2023\/05\/1685031508305-scaled.jpg\",\"articleSection\":[\"Noticias\"],\"inLanguage\":\"es\"},{\"@type\":\"WebPage\",\"@id\":\"https:\/\/escuelaespanaval.cl\/?p=1811\",\"url\":\"https:\/\/escuelaespanaval.cl\/?p=1811\",\"name\":\"Visita Armada Mar\u00edtima de Chile.\u00a0 - Escuela Espa\u00f1a\",\"isPartOf\":{\"@id\":\"https:\/\/escuelaespanaval.cl\/#website\"},\"primaryImageOfPage\":{\"@id\":\"https:\/\/escuelaespanaval.cl\/?p=1811#primaryimage\"},\"image\":{\"@id\":\"https:\/\/escuelaespanaval.cl\/?p=1811#primaryimage\"},\"thumbnailUrl\":\"https:\/\/escuelaespanaval.cl\/wp-content\/uploads\/2023\/05\/1685031508305-scaled.jpg\",\"datePublished\":\"2023-05-25T20:46:06+00:00\",\"dateModified\":\"2023-05-25T20:46:07+00:00\",\"breadcrumb\":{\"@id\":\"https:\/\/escuelaespanaval.cl\/?p=1811#breadcrumb\"},\"inLanguage\":\"es\",\"potentialAction\":[{\"@type\":\"ReadAction\",\"target\":[\"https:\/\/escuelaespanaval.cl\/?p=1811\"]}]},{\"@type\":\"ImageObject\",\"inLanguage\":\"es\",\"@id\":\"https:\/\/escuelaespanaval.cl\/?p=1811#primaryimage\",\"url\":\"https:\/\/escuelaespanaval.cl\/wp-content\/uploads\/2023\/05\/1685031508305-scaled.jpg\",\"contentUrl\":\"https:\/\/escuelaespanaval.cl\/wp-content\/uploads\/2023\/05\/1685031508305-scaled.jpg\",\"width\":1928,\"height\":2560},{\"@type\":\"BreadcrumbList\",\"@id\":\"https:\/\/escuelaespanaval.cl\/?p=1811#breadcrumb\",\"itemListElement\":[{\"@type\":\"ListItem\",\"position\":1,\"name\":\"Portada\",\"item\":\"https:\/\/escuelaespanaval.cl\/\"},{\"@type\":\"ListItem\",\"position\":2,\"name\":\"Visita Armada Mar\u00edtima de Chile.\u00a0\"}]},{\"@type\":\"WebSite\",\"@id\":\"https:\/\/escuelaespanaval.cl\/#website\",\"url\":\"https:\/\/escuelaespanaval.cl\/\",\"name\":\"Escuela Espa\u00f1a\",\"description\":\"Valdivia\",\"publisher\":{\"@id\":\"https:\/\/escuelaespanaval.cl\/#organization\"},\"potentialAction\":[{\"@type\":\"SearchAction\",\"target\":{\"@type\":\"EntryPoint\",\"urlTemplate\":\"https:\/\/escuelaespanaval.cl\/?s={search_term_string}\"},\"query-input\":{\"@type\":\"PropertyValueSpecification\",\"valueRequired\":true,\"valueName\":\"search_term_string\"}}],\"inLanguage\":\"es\"},{\"@type\":\"Organization\",\"@id\":\"https:\/\/escuelaespanaval.cl\/#organization\",\"name\":\"Escuela Espa\u00f1a\",\"url\":\"https:\/\/escuelaespanaval.cl\/\",\"logo\":{\"@type\":\"ImageObject\",\"inLanguage\":\"es\",\"@id\":\"https:\/\/escuelaespanaval.cl\/#\/schema\/logo\/image\/\",\"url\":\"https:\/\/escuelaespanaval.cl\/wp-content\/uploads\/2020\/12\/LOGO_ESCUELA.png\",\"contentUrl\":\"https:\/\/escuelaespanaval.cl\/wp-content\/uploads\/2020\/12\/LOGO_ESCUELA.png\",\"width\":1550,\"height\":2402,\"caption\":\"Escuela Espa\u00f1a\"},\"image\":{\"@id\":\"https:\/\/escuelaespanaval.cl\/#\/schema\/logo\/image\/\"},\"sameAs\":[\"https:\/\/www.facebook.com\/escuelaespanavald\",\"https:\/\/www.youtube.com\/@escuelaespanavaldivia97\"]},{\"@type\":\"Person\",\"@id\":\"https:\/\/escuelaespanaval.cl\/#\/schema\/person\/b8dc96fec133a948c2114bb5cba3ca1a\",\"name\":\"Administrador\",\"image\":{\"@type\":\"ImageObject\",\"inLanguage\":\"es\",\"@id\":\"https:\/\/escuelaespanaval.cl\/#\/schema\/person\/image\/\",\"url\":\"https:\/\/secure.gravatar.com\/avatar\/1a4537f0b323ae38f6776eb293038a2af5616bfe3d24bf6be540f254d895dd45?s=96&d=mm&r=g\",\"contentUrl\":\"https:\/\/secure.gravatar.com\/avatar\/1a4537f0b323ae38f6776eb293038a2af5616bfe3d24bf6be540f254d895dd45?s=96&d=mm&r=g\",\"caption\":\"Administrador\"},\"sameAs\":[\"https:\/\/escuelaespanaval.cl\/wp\"],\"url\":\"https:\/\/escuelaespanaval.cl\/?author=1\"}]}<\/script>\n<!-- \/ Yoast SEO plugin. -->","yoast_head_json":{"title":"Visita Armada Mar\u00edtima de Chile.\u00a0 - Escuela Espa\u00f1a","robots":{"index":"index","follow":"follow","max-snippet":"max-snippet:-1","max-image-preview":"max-image-preview:large","max-video-preview":"max-video-preview:-1"},"canonical":"https:\/\/escuelaespanaval.cl\/?p=1811","og_locale":"es_ES","og_type":"article","og_title":"Visita Armada Mar\u00edtima de Chile.\u00a0 - Escuela Espa\u00f1a","og_description":"Hoy recibimos con mucho agrado, la visita del Sargento Alexis Gonzalez, acompa\u00f1ado por el cabo Rodrigo Jimenez y cabo Luis Curilef&nbsp;de la Armada Mar\u00edtima de Chile.&nbsp; Las autoridades recorrieron el 1er ciclo del establecimiento, presentando videos interactivos de concienciaci\u00f3n medioambiental, y prevenci\u00f3n de accidentes mar\u00edtimos en la localidad,&nbsp; adem\u00e1s de recalcar la seriedad en el [&hellip;]","og_url":"https:\/\/escuelaespanaval.cl\/?p=1811","og_site_name":"Escuela Espa\u00f1a","article_publisher":"https:\/\/www.facebook.com\/escuelaespanavald","article_published_time":"2023-05-25T20:46:06+00:00","article_modified_time":"2023-05-25T20:46:07+00:00","og_image":[{"width":1928,"height":2560,"url":"https:\/\/escuelaespanaval.cl\/wp-content\/uploads\/2023\/05\/1685031508305-scaled.jpg","type":"image\/jpeg"}],"author":"Administrador","twitter_card":"summary_large_image","twitter_misc":{"Escrito por":"Administrador","Tiempo de lectura":"2 minutos"},"schema":{"@context":"https:\/\/schema.org","@graph":[{"@type":"Article","@id":"https:\/\/escuelaespanaval.cl\/?p=1811#article","isPartOf":{"@id":"https:\/\/escuelaespanaval.cl\/?p=1811"},"author":{"name":"Administrador","@id":"https:\/\/escuelaespanaval.cl\/#\/schema\/person\/b8dc96fec133a948c2114bb5cba3ca1a"},"headline":"Visita Armada Mar\u00edtima de Chile.\u00a0","datePublished":"2023-05-25T20:46:06+00:00","dateModified":"2023-05-25T20:46:07+00:00","mainEntityOfPage":{"@id":"https:\/\/escuelaespanaval.cl\/?p=1811"},"wordCount":113,"publisher":{"@id":"https:\/\/escuelaespanaval.cl\/#organization"},"image":{"@id":"https:\/\/escuelaespanaval.cl\/?p=1811#primaryimage"},"thumbnailUrl":"https:\/\/escuelaespanaval.cl\/wp-content\/uploads\/2023\/05\/1685031508305-scaled.jpg","articleSection":["Noticias"],"inLanguage":"es"},{"@type":"WebPage","@id":"https:\/\/escuelaespanaval.cl\/?p=1811","url":"https:\/\/escuelaespanaval.cl\/?p=1811","name":"Visita Armada Mar\u00edtima de Chile.\u00a0 - Escuela Espa\u00f1a","isPartOf":{"@id":"https:\/\/escuelaespanaval.cl\/#website"},"primaryImageOfPage":{"@id":"https:\/\/escuelaespanaval.cl\/?p=1811#primaryimage"},"image":{"@id":"https:\/\/escuelaespanaval.cl\/?p=1811#primaryimage"},"thumbnailUrl":"https:\/\/escuelaespanaval.cl\/wp-content\/uploads\/2023\/05\/1685031508305-scaled.jpg","datePublished":"2023-05-25T20:46:06+00:00","dateModified":"2023-05-25T20:46:07+00:00","breadcrumb":{"@id":"https:\/\/escuelaespanaval.cl\/?p=1811#breadcrumb"},"inLanguage":"es","potentialAction":[{"@type":"ReadAction","target":["https:\/\/escuelaespanaval.cl\/?p=1811"]}]},{"@type":"ImageObject","inLanguage":"es","@id":"https:\/\/escuelaespanaval.cl\/?p=1811#primaryimage","url":"https:\/\/escuelaespanaval.cl\/wp-content\/uploads\/2023\/05\/1685031508305-scaled.jpg","contentUrl":"https:\/\/escuelaespanaval.cl\/wp-content\/uploads\/2023\/05\/1685031508305-scaled.jpg","width":1928,"height":2560},{"@type":"BreadcrumbList","@id":"https:\/\/escuelaespanaval.cl\/?p=1811#breadcrumb","itemListElement":[{"@type":"ListItem","position":1,"name":"Portada","item":"https:\/\/escuelaespanaval.cl\/"},{"@type":"ListItem","position":2,"name":"Visita Armada Mar\u00edtima de Chile.\u00a0"}]},{"@type":"WebSite","@id":"https:\/\/escuelaespanaval.cl\/#website","url":"https:\/\/escuelaespanaval.cl\/","name":"Escuela Espa\u00f1a","description":"Valdivia","publisher":{"@id":"https:\/\/escuelaespanaval.cl\/#organization"},"potentialAction":[{"@type":"SearchAction","target":{"@type":"EntryPoint","urlTemplate":"https:\/\/escuelaespanaval.cl\/?s={search_term_string}"},"query-input":{"@type":"PropertyValueSpecification","valueRequired":true,"valueName":"search_term_string"}}],"inLanguage":"es"},{"@type":"Organization","@id":"https:\/\/escuelaespanaval.cl\/#organization","name":"Escuela Espa\u00f1a","url":"https:\/\/escuelaespanaval.cl\/","logo":{"@type":"ImageObject","inLanguage":"es","@id":"https:\/\/escuelaespanaval.cl\/#\/schema\/logo\/image\/","url":"https:\/\/escuelaespanaval.cl\/wp-content\/uploads\/2020\/12\/LOGO_ESCUELA.png","contentUrl":"https:\/\/escuelaespanaval.cl\/wp-content\/uploads\/2020\/12\/LOGO_ESCUELA.png","width":1550,"height":2402,"caption":"Escuela Espa\u00f1a"},"image":{"@id":"https:\/\/escuelaespanaval.cl\/#\/schema\/logo\/image\/"},"sameAs":["https:\/\/www.facebook.com\/escuelaespanavald","https:\/\/www.youtube.com\/@escuelaespanavaldivia97"]},{"@type":"Person","@id":"https:\/\/escuelaespanaval.cl\/#\/schema\/person\/b8dc96fec133a948c2114bb5cba3ca1a","name":"Administrador","image":{"@type":"ImageObject","inLanguage":"es","@id":"https:\/\/escuelaespanaval.cl\/#\/schema\/person\/image\/","url":"https:\/\/secure.gravatar.com\/avatar\/1a4537f0b323ae38f6776eb293038a2af5616bfe3d24bf6be540f254d895dd45?s=96&d=mm&r=g","contentUrl":"https:\/\/secure.gravatar.com\/avatar\/1a4537f0b323ae38f6776eb293038a2af5616bfe3d24bf6be540f254d895dd45?s=96&d=mm&r=g","caption":"Administrador"},"sameAs":["https:\/\/escuelaespanaval.cl\/wp"],"url":"https:\/\/escuelaespanaval.cl\/?author=1"}]}},"_links":{"self":[{"href":"https:\/\/escuelaespanaval.cl\/index.php?rest_route=\/wp\/v2\/posts\/1811","targetHints":{"allow":["GET"]}}],"collection":[{"href":"https:\/\/escuelaespanaval.cl\/index.php?rest_route=\/wp\/v2\/posts"}],"about":[{"href":"https:\/\/escuelaespanaval.cl\/index.php?rest_route=\/wp\/v2\/types\/post"}],"author":[{"embeddable":true,"href":"https:\/\/escuelaespanaval.cl\/index.php?rest_route=\/wp\/v2\/users\/1"}],"replies":[{"embeddable":true,"href":"https:\/\/escuelaespanaval.cl\/index.php?rest_route=%2Fwp%2Fv2%2Fcomments&post=1811"}],"version-history":[{"count":1,"href":"https:\/\/escuelaespanaval.cl\/index.php?rest_route=\/wp\/v2\/posts\/1811\/revisions"}],"predecessor-version":[{"id":1817,"href":"https:\/\/escuelaespanaval.cl\/index.php?rest_route=\/wp\/v2\/posts\/1811\/revisions\/1817"}],"wp:featuredmedia":[{"embeddable":true,"href":"https:\/\/escuelaespanaval.cl\/index.php?rest_route=\/wp\/v2\/media\/1815"}],"wp:attachment":[{"href":"https:\/\/escuelaespanaval.cl\/index.php?rest_route=%2Fwp%2Fv2%2Fmedia&parent=1811"}],"wp:term":[{"taxonomy":"category","embeddable":true,"href":"https:\/\/escuelaespanaval.cl\/index.php?rest_route=%2Fwp%2Fv2%2Fcategories&post=1811"},{"taxonomy":"post_tag","embeddable":true,"href":"https:\/\/escuelaespanaval.cl\/index.php?rest_route=%2Fwp%2Fv2%2Ftags&post=1811"}],"curies":[{"name":"wp","href":"https:\/\/api.w.org\/{rel}","templated":true}]}}