{"id":1707,"date":"2023-05-04T18:04:58","date_gmt":"2023-05-04T18:04:58","guid":{"rendered":"https:\/\/escuelaespanaval.cl\/?p=1707"},"modified":"2023-05-04T18:04:58","modified_gmt":"2023-05-04T18:04:58","slug":"alta-convocatoria-para-conformar-las-listas-para-el-centro-de-alumnos","status":"publish","type":"post","link":"https:\/\/escuelaespanaval.cl\/?p=1707","title":{"rendered":"Alta Convocatoria para conformar las listas para el centro de alumnos"},"content":{"rendered":"\n<p>Estamos muy contentos de ver el gran inter\u00e9s que han mostrado los estudiantes en esta convocatoria. Ya se han formado varias listas para hacer sus campa\u00f1as, cada una con su propia visi\u00f3n y propuestas para mejorar la experiencia de los estudiantes en nuestra escuela.<\/p>\n\n\n\n<p>Es importante destacar que este es un proceso democr\u00e1tico, en el cual cada estudiante tiene derecho a participar y a votar por la lista que m\u00e1s les represente. Queremos incentivar a todos los estudiantes a informarse bien sobre las propuestas de cada lista, para que puedan tomar una decisi\u00f3n informada y consciente.<\/p>\n\n\n\n<p>Desde la direcci\u00f3n del colegio, queremos felicitar a los estudiantes por su entusiasmo y compromiso en este proceso. Estamos seguros de que el Centro de Alumnos 2023 ser\u00e1 un espacio de participaci\u00f3n activa y representaci\u00f3n efectiva de los estudiantes de nuestra escuela.<\/p>\n\n\n\n<p>\u00a1Les deseamos a todas las listas mucho \u00e9xito en sus campa\u00f1as, y esperamos ver una gran participaci\u00f3n de todos los estudiantes en las elecciones!<\/p>\n\n\n\n<figure class=\"wp-block-gallery has-nested-images columns-default is-cropped wp-block-gallery-1 is-layout-flex wp-block-gallery-is-layout-flex\">\n<figure class=\"wp-block-image size-large\"><img loading=\"lazy\" decoding=\"async\" width=\"1024\" height=\"768\" data-id=\"1710\" src=\"https:\/\/escuelaespanaval.cl\/wp-content\/uploads\/2023\/05\/IMG_6236-1024x768.jpeg\" alt=\"\" class=\"wp-image-1710\" srcset=\"https:\/\/escuelaespanaval.cl\/wp-content\/uploads\/2023\/05\/IMG_6236-1024x768.jpeg 1024w, https:\/\/escuelaespanaval.cl\/wp-content\/uploads\/2023\/05\/IMG_6236-300x225.jpeg 300w, https:\/\/escuelaespanaval.cl\/wp-content\/uploads\/2023\/05\/IMG_6236-768x576.jpeg 768w, https:\/\/escuelaespanaval.cl\/wp-content\/uploads\/2023\/05\/IMG_6236-1536x1152.jpeg 1536w, https:\/\/escuelaespanaval.cl\/wp-content\/uploads\/2023\/05\/IMG_6236.jpeg 2048w\" sizes=\"auto, (max-width: 1024px) 100vw, 1024px\" \/><\/figure>\n\n\n\n<figure class=\"wp-block-image size-large\"><img loading=\"lazy\" decoding=\"async\" width=\"1024\" height=\"768\" data-id=\"1709\" src=\"https:\/\/escuelaespanaval.cl\/wp-content\/uploads\/2023\/05\/IMG_6229-1024x768.jpeg\" alt=\"\" class=\"wp-image-1709\" srcset=\"https:\/\/escuelaespanaval.cl\/wp-content\/uploads\/2023\/05\/IMG_6229-1024x768.jpeg 1024w, https:\/\/escuelaespanaval.cl\/wp-content\/uploads\/2023\/05\/IMG_6229-300x225.jpeg 300w, https:\/\/escuelaespanaval.cl\/wp-content\/uploads\/2023\/05\/IMG_6229-768x576.jpeg 768w, https:\/\/escuelaespanaval.cl\/wp-content\/uploads\/2023\/05\/IMG_6229-1536x1152.jpeg 1536w, https:\/\/escuelaespanaval.cl\/wp-content\/uploads\/2023\/05\/IMG_6229.jpeg 2048w\" sizes=\"auto, (max-width: 1024px) 100vw, 1024px\" \/><\/figure>\n\n\n\n<figure class=\"wp-block-image size-large\"><img loading=\"lazy\" decoding=\"async\" width=\"1024\" height=\"768\" data-id=\"1708\" src=\"https:\/\/escuelaespanaval.cl\/wp-content\/uploads\/2023\/05\/IMG_6233-1024x768.jpeg\" alt=\"\" class=\"wp-image-1708\" srcset=\"https:\/\/escuelaespanaval.cl\/wp-content\/uploads\/2023\/05\/IMG_6233-1024x768.jpeg 1024w, https:\/\/escuelaespanaval.cl\/wp-content\/uploads\/2023\/05\/IMG_6233-300x225.jpeg 300w, https:\/\/escuelaespanaval.cl\/wp-content\/uploads\/2023\/05\/IMG_6233-768x576.jpeg 768w, https:\/\/escuelaespanaval.cl\/wp-content\/uploads\/2023\/05\/IMG_6233-1536x1152.jpeg 1536w, https:\/\/escuelaespanaval.cl\/wp-content\/uploads\/2023\/05\/IMG_6233.jpeg 2048w\" sizes=\"auto, (max-width: 1024px) 100vw, 1024px\" \/><\/figure>\n<\/figure>\n","protected":false},"excerpt":{"rendered":"<p>Estamos muy contentos de ver el gran inter\u00e9s que han mostrado los estudiantes en esta convocatoria. Ya se han formado varias listas para hacer sus campa\u00f1as, cada una con su propia visi\u00f3n y propuestas para mejorar la experiencia de los estudiantes en nuestra escuela. Es importante destacar que este es un proceso democr\u00e1tico, en el [&hellip;]<\/p>\n","protected":false},"author":1,"featured_media":1710,"comment_status":"closed","ping_status":"open","sticky":false,"template":"","format":"standard","meta":{"_monsterinsights_skip_tracking":false,"_monsterinsights_sitenote_active":false,"_monsterinsights_sitenote_note":"","_monsterinsights_sitenote_category":0,"site-container-style":"default","site-container-layout":"default","site-sidebar-layout":"default","disable-article-header":"default","disable-site-header":"default","disable-site-footer":"default","disable-content-area-spacing":"default","footnotes":""},"categories":[4],"tags":[],"class_list":["post-1707","post","type-post","status-publish","format-standard","has-post-thumbnail","hentry","category-noticias"],"yoast_head":"<!-- This site is optimized with the Yoast SEO plugin v27.1.1 - https:\/\/yoast.com\/product\/yoast-seo-wordpress\/ -->\n<title>Alta Convocatoria para conformar las listas para el centro de alumnos - Escuela Espa\u00f1a<\/title>\n<meta name=\"robots\" content=\"index, follow, max-snippet:-1, max-image-preview:large, max-video-preview:-1\" \/>\n<link rel=\"canonical\" href=\"https:\/\/escuelaespanaval.cl\/?p=1707\" \/>\n<meta property=\"og:locale\" content=\"es_ES\" \/>\n<meta property=\"og:type\" content=\"article\" \/>\n<meta property=\"og:title\" content=\"Alta Convocatoria para conformar las listas para el centro de alumnos - Escuela Espa\u00f1a\" \/>\n<meta property=\"og:description\" content=\"Estamos muy contentos de ver el gran inter\u00e9s que han mostrado los estudiantes en esta convocatoria. Ya se han formado varias listas para hacer sus campa\u00f1as, cada una con su propia visi\u00f3n y propuestas para mejorar la experiencia de los estudiantes en nuestra escuela. Es importante destacar que este es un proceso democr\u00e1tico, en el [&hellip;]\" \/>\n<meta property=\"og:url\" content=\"https:\/\/escuelaespanaval.cl\/?p=1707\" \/>\n<meta property=\"og:site_name\" content=\"Escuela Espa\u00f1a\" \/>\n<meta property=\"article:publisher\" content=\"https:\/\/www.facebook.com\/escuelaespanavald\" \/>\n<meta property=\"article:published_time\" content=\"2023-05-04T18:04:58+00:00\" \/>\n<meta property=\"og:image\" content=\"https:\/\/escuelaespanaval.cl\/wp-content\/uploads\/2023\/05\/IMG_6236.jpeg\" \/>\n\t<meta property=\"og:image:width\" content=\"2048\" \/>\n\t<meta property=\"og:image:height\" content=\"1536\" \/>\n\t<meta property=\"og:image:type\" content=\"image\/jpeg\" \/>\n<meta name=\"author\" content=\"Administrador\" \/>\n<meta name=\"twitter:card\" content=\"summary_large_image\" \/>\n<meta name=\"twitter:label1\" content=\"Escrito por\" \/>\n\t<meta name=\"twitter:data1\" content=\"Administrador\" \/>\n\t<meta name=\"twitter:label2\" content=\"Tiempo de lectura\" \/>\n\t<meta name=\"twitter:data2\" content=\"2 minutos\" \/>\n<script type=\"application\/ld+json\" class=\"yoast-schema-graph\">{\"@context\":\"https:\/\/schema.org\",\"@graph\":[{\"@type\":\"Article\",\"@id\":\"https:\/\/escuelaespanaval.cl\/?p=1707#article\",\"isPartOf\":{\"@id\":\"https:\/\/escuelaespanaval.cl\/?p=1707\"},\"author\":{\"name\":\"Administrador\",\"@id\":\"https:\/\/escuelaespanaval.cl\/#\/schema\/person\/b8dc96fec133a948c2114bb5cba3ca1a\"},\"headline\":\"Alta Convocatoria para conformar las listas para el centro de alumnos\",\"datePublished\":\"2023-05-04T18:04:58+00:00\",\"mainEntityOfPage\":{\"@id\":\"https:\/\/escuelaespanaval.cl\/?p=1707\"},\"wordCount\":183,\"publisher\":{\"@id\":\"https:\/\/escuelaespanaval.cl\/#organization\"},\"image\":{\"@id\":\"https:\/\/escuelaespanaval.cl\/?p=1707#primaryimage\"},\"thumbnailUrl\":\"https:\/\/escuelaespanaval.cl\/wp-content\/uploads\/2023\/05\/IMG_6236.jpeg\",\"articleSection\":[\"Noticias\"],\"inLanguage\":\"es\"},{\"@type\":\"WebPage\",\"@id\":\"https:\/\/escuelaespanaval.cl\/?p=1707\",\"url\":\"https:\/\/escuelaespanaval.cl\/?p=1707\",\"name\":\"Alta Convocatoria para conformar las listas para el centro de alumnos - Escuela Espa\u00f1a\",\"isPartOf\":{\"@id\":\"https:\/\/escuelaespanaval.cl\/#website\"},\"primaryImageOfPage\":{\"@id\":\"https:\/\/escuelaespanaval.cl\/?p=1707#primaryimage\"},\"image\":{\"@id\":\"https:\/\/escuelaespanaval.cl\/?p=1707#primaryimage\"},\"thumbnailUrl\":\"https:\/\/escuelaespanaval.cl\/wp-content\/uploads\/2023\/05\/IMG_6236.jpeg\",\"datePublished\":\"2023-05-04T18:04:58+00:00\",\"breadcrumb\":{\"@id\":\"https:\/\/escuelaespanaval.cl\/?p=1707#breadcrumb\"},\"inLanguage\":\"es\",\"potentialAction\":[{\"@type\":\"ReadAction\",\"target\":[\"https:\/\/escuelaespanaval.cl\/?p=1707\"]}]},{\"@type\":\"ImageObject\",\"inLanguage\":\"es\",\"@id\":\"https:\/\/escuelaespanaval.cl\/?p=1707#primaryimage\",\"url\":\"https:\/\/escuelaespanaval.cl\/wp-content\/uploads\/2023\/05\/IMG_6236.jpeg\",\"contentUrl\":\"https:\/\/escuelaespanaval.cl\/wp-content\/uploads\/2023\/05\/IMG_6236.jpeg\",\"width\":2048,\"height\":1536},{\"@type\":\"BreadcrumbList\",\"@id\":\"https:\/\/escuelaespanaval.cl\/?p=1707#breadcrumb\",\"itemListElement\":[{\"@type\":\"ListItem\",\"position\":1,\"name\":\"Portada\",\"item\":\"https:\/\/escuelaespanaval.cl\/\"},{\"@type\":\"ListItem\",\"position\":2,\"name\":\"Alta Convocatoria para conformar las listas para el centro de alumnos\"}]},{\"@type\":\"WebSite\",\"@id\":\"https:\/\/escuelaespanaval.cl\/#website\",\"url\":\"https:\/\/escuelaespanaval.cl\/\",\"name\":\"Escuela Espa\u00f1a\",\"description\":\"Valdivia\",\"publisher\":{\"@id\":\"https:\/\/escuelaespanaval.cl\/#organization\"},\"potentialAction\":[{\"@type\":\"SearchAction\",\"target\":{\"@type\":\"EntryPoint\",\"urlTemplate\":\"https:\/\/escuelaespanaval.cl\/?s={search_term_string}\"},\"query-input\":{\"@type\":\"PropertyValueSpecification\",\"valueRequired\":true,\"valueName\":\"search_term_string\"}}],\"inLanguage\":\"es\"},{\"@type\":\"Organization\",\"@id\":\"https:\/\/escuelaespanaval.cl\/#organization\",\"name\":\"Escuela Espa\u00f1a\",\"url\":\"https:\/\/escuelaespanaval.cl\/\",\"logo\":{\"@type\":\"ImageObject\",\"inLanguage\":\"es\",\"@id\":\"https:\/\/escuelaespanaval.cl\/#\/schema\/logo\/image\/\",\"url\":\"https:\/\/escuelaespanaval.cl\/wp-content\/uploads\/2020\/12\/LOGO_ESCUELA.png\",\"contentUrl\":\"https:\/\/escuelaespanaval.cl\/wp-content\/uploads\/2020\/12\/LOGO_ESCUELA.png\",\"width\":1550,\"height\":2402,\"caption\":\"Escuela Espa\u00f1a\"},\"image\":{\"@id\":\"https:\/\/escuelaespanaval.cl\/#\/schema\/logo\/image\/\"},\"sameAs\":[\"https:\/\/www.facebook.com\/escuelaespanavald\",\"https:\/\/www.youtube.com\/@escuelaespanavaldivia97\"]},{\"@type\":\"Person\",\"@id\":\"https:\/\/escuelaespanaval.cl\/#\/schema\/person\/b8dc96fec133a948c2114bb5cba3ca1a\",\"name\":\"Administrador\",\"image\":{\"@type\":\"ImageObject\",\"inLanguage\":\"es\",\"@id\":\"https:\/\/escuelaespanaval.cl\/#\/schema\/person\/image\/\",\"url\":\"https:\/\/secure.gravatar.com\/avatar\/1a4537f0b323ae38f6776eb293038a2af5616bfe3d24bf6be540f254d895dd45?s=96&d=mm&r=g\",\"contentUrl\":\"https:\/\/secure.gravatar.com\/avatar\/1a4537f0b323ae38f6776eb293038a2af5616bfe3d24bf6be540f254d895dd45?s=96&d=mm&r=g\",\"caption\":\"Administrador\"},\"sameAs\":[\"https:\/\/escuelaespanaval.cl\/wp\"],\"url\":\"https:\/\/escuelaespanaval.cl\/?author=1\"}]}<\/script>\n<!-- \/ Yoast SEO plugin. -->","yoast_head_json":{"title":"Alta Convocatoria para conformar las listas para el centro de alumnos - Escuela Espa\u00f1a","robots":{"index":"index","follow":"follow","max-snippet":"max-snippet:-1","max-image-preview":"max-image-preview:large","max-video-preview":"max-video-preview:-1"},"canonical":"https:\/\/escuelaespanaval.cl\/?p=1707","og_locale":"es_ES","og_type":"article","og_title":"Alta Convocatoria para conformar las listas para el centro de alumnos - Escuela Espa\u00f1a","og_description":"Estamos muy contentos de ver el gran inter\u00e9s que han mostrado los estudiantes en esta convocatoria. Ya se han formado varias listas para hacer sus campa\u00f1as, cada una con su propia visi\u00f3n y propuestas para mejorar la experiencia de los estudiantes en nuestra escuela. Es importante destacar que este es un proceso democr\u00e1tico, en el [&hellip;]","og_url":"https:\/\/escuelaespanaval.cl\/?p=1707","og_site_name":"Escuela Espa\u00f1a","article_publisher":"https:\/\/www.facebook.com\/escuelaespanavald","article_published_time":"2023-05-04T18:04:58+00:00","og_image":[{"width":2048,"height":1536,"url":"https:\/\/escuelaespanaval.cl\/wp-content\/uploads\/2023\/05\/IMG_6236.jpeg","type":"image\/jpeg"}],"author":"Administrador","twitter_card":"summary_large_image","twitter_misc":{"Escrito por":"Administrador","Tiempo de lectura":"2 minutos"},"schema":{"@context":"https:\/\/schema.org","@graph":[{"@type":"Article","@id":"https:\/\/escuelaespanaval.cl\/?p=1707#article","isPartOf":{"@id":"https:\/\/escuelaespanaval.cl\/?p=1707"},"author":{"name":"Administrador","@id":"https:\/\/escuelaespanaval.cl\/#\/schema\/person\/b8dc96fec133a948c2114bb5cba3ca1a"},"headline":"Alta Convocatoria para conformar las listas para el centro de alumnos","datePublished":"2023-05-04T18:04:58+00:00","mainEntityOfPage":{"@id":"https:\/\/escuelaespanaval.cl\/?p=1707"},"wordCount":183,"publisher":{"@id":"https:\/\/escuelaespanaval.cl\/#organization"},"image":{"@id":"https:\/\/escuelaespanaval.cl\/?p=1707#primaryimage"},"thumbnailUrl":"https:\/\/escuelaespanaval.cl\/wp-content\/uploads\/2023\/05\/IMG_6236.jpeg","articleSection":["Noticias"],"inLanguage":"es"},{"@type":"WebPage","@id":"https:\/\/escuelaespanaval.cl\/?p=1707","url":"https:\/\/escuelaespanaval.cl\/?p=1707","name":"Alta Convocatoria para conformar las listas para el centro de alumnos - Escuela Espa\u00f1a","isPartOf":{"@id":"https:\/\/escuelaespanaval.cl\/#website"},"primaryImageOfPage":{"@id":"https:\/\/escuelaespanaval.cl\/?p=1707#primaryimage"},"image":{"@id":"https:\/\/escuelaespanaval.cl\/?p=1707#primaryimage"},"thumbnailUrl":"https:\/\/escuelaespanaval.cl\/wp-content\/uploads\/2023\/05\/IMG_6236.jpeg","datePublished":"2023-05-04T18:04:58+00:00","breadcrumb":{"@id":"https:\/\/escuelaespanaval.cl\/?p=1707#breadcrumb"},"inLanguage":"es","potentialAction":[{"@type":"ReadAction","target":["https:\/\/escuelaespanaval.cl\/?p=1707"]}]},{"@type":"ImageObject","inLanguage":"es","@id":"https:\/\/escuelaespanaval.cl\/?p=1707#primaryimage","url":"https:\/\/escuelaespanaval.cl\/wp-content\/uploads\/2023\/05\/IMG_6236.jpeg","contentUrl":"https:\/\/escuelaespanaval.cl\/wp-content\/uploads\/2023\/05\/IMG_6236.jpeg","width":2048,"height":1536},{"@type":"BreadcrumbList","@id":"https:\/\/escuelaespanaval.cl\/?p=1707#breadcrumb","itemListElement":[{"@type":"ListItem","position":1,"name":"Portada","item":"https:\/\/escuelaespanaval.cl\/"},{"@type":"ListItem","position":2,"name":"Alta Convocatoria para conformar las listas para el centro de alumnos"}]},{"@type":"WebSite","@id":"https:\/\/escuelaespanaval.cl\/#website","url":"https:\/\/escuelaespanaval.cl\/","name":"Escuela Espa\u00f1a","description":"Valdivia","publisher":{"@id":"https:\/\/escuelaespanaval.cl\/#organization"},"potentialAction":[{"@type":"SearchAction","target":{"@type":"EntryPoint","urlTemplate":"https:\/\/escuelaespanaval.cl\/?s={search_term_string}"},"query-input":{"@type":"PropertyValueSpecification","valueRequired":true,"valueName":"search_term_string"}}],"inLanguage":"es"},{"@type":"Organization","@id":"https:\/\/escuelaespanaval.cl\/#organization","name":"Escuela Espa\u00f1a","url":"https:\/\/escuelaespanaval.cl\/","logo":{"@type":"ImageObject","inLanguage":"es","@id":"https:\/\/escuelaespanaval.cl\/#\/schema\/logo\/image\/","url":"https:\/\/escuelaespanaval.cl\/wp-content\/uploads\/2020\/12\/LOGO_ESCUELA.png","contentUrl":"https:\/\/escuelaespanaval.cl\/wp-content\/uploads\/2020\/12\/LOGO_ESCUELA.png","width":1550,"height":2402,"caption":"Escuela Espa\u00f1a"},"image":{"@id":"https:\/\/escuelaespanaval.cl\/#\/schema\/logo\/image\/"},"sameAs":["https:\/\/www.facebook.com\/escuelaespanavald","https:\/\/www.youtube.com\/@escuelaespanavaldivia97"]},{"@type":"Person","@id":"https:\/\/escuelaespanaval.cl\/#\/schema\/person\/b8dc96fec133a948c2114bb5cba3ca1a","name":"Administrador","image":{"@type":"ImageObject","inLanguage":"es","@id":"https:\/\/escuelaespanaval.cl\/#\/schema\/person\/image\/","url":"https:\/\/secure.gravatar.com\/avatar\/1a4537f0b323ae38f6776eb293038a2af5616bfe3d24bf6be540f254d895dd45?s=96&d=mm&r=g","contentUrl":"https:\/\/secure.gravatar.com\/avatar\/1a4537f0b323ae38f6776eb293038a2af5616bfe3d24bf6be540f254d895dd45?s=96&d=mm&r=g","caption":"Administrador"},"sameAs":["https:\/\/escuelaespanaval.cl\/wp"],"url":"https:\/\/escuelaespanaval.cl\/?author=1"}]}},"_links":{"self":[{"href":"https:\/\/escuelaespanaval.cl\/index.php?rest_route=\/wp\/v2\/posts\/1707","targetHints":{"allow":["GET"]}}],"collection":[{"href":"https:\/\/escuelaespanaval.cl\/index.php?rest_route=\/wp\/v2\/posts"}],"about":[{"href":"https:\/\/escuelaespanaval.cl\/index.php?rest_route=\/wp\/v2\/types\/post"}],"author":[{"embeddable":true,"href":"https:\/\/escuelaespanaval.cl\/index.php?rest_route=\/wp\/v2\/users\/1"}],"replies":[{"embeddable":true,"href":"https:\/\/escuelaespanaval.cl\/index.php?rest_route=%2Fwp%2Fv2%2Fcomments&post=1707"}],"version-history":[{"count":1,"href":"https:\/\/escuelaespanaval.cl\/index.php?rest_route=\/wp\/v2\/posts\/1707\/revisions"}],"predecessor-version":[{"id":1711,"href":"https:\/\/escuelaespanaval.cl\/index.php?rest_route=\/wp\/v2\/posts\/1707\/revisions\/1711"}],"wp:featuredmedia":[{"embeddable":true,"href":"https:\/\/escuelaespanaval.cl\/index.php?rest_route=\/wp\/v2\/media\/1710"}],"wp:attachment":[{"href":"https:\/\/escuelaespanaval.cl\/index.php?rest_route=%2Fwp%2Fv2%2Fmedia&parent=1707"}],"wp:term":[{"taxonomy":"category","embeddable":true,"href":"https:\/\/escuelaespanaval.cl\/index.php?rest_route=%2Fwp%2Fv2%2Fcategories&post=1707"},{"taxonomy":"post_tag","embeddable":true,"href":"https:\/\/escuelaespanaval.cl\/index.php?rest_route=%2Fwp%2Fv2%2Ftags&post=1707"}],"curies":[{"name":"wp","href":"https:\/\/api.w.org\/{rel}","templated":true}]}}