{"id":1696,"date":"2023-05-03T17:54:24","date_gmt":"2023-05-03T17:54:24","guid":{"rendered":"https:\/\/escuelaespanaval.cl\/?p=1696"},"modified":"2023-05-03T17:54:25","modified_gmt":"2023-05-03T17:54:25","slug":"salida-estudiantes-jueves-04-de-mayo","status":"publish","type":"post","link":"https:\/\/escuelaespanaval.cl\/?p=1696","title":{"rendered":"Salida estudiantes jueves 04 de mayo"},"content":{"rendered":"\n<p>Estimados apoderados,<\/p>\n\n\n\n<p>Junto con saludarles, les informamos que ma\u00f1ana jueves 4 de mayo, la salida de los estudiantes se realizar\u00e1 en los siguientes horarios: p\u00e1rvulos a las 12:50 horas, primer ciclo a las 13:00 horas y segundo ciclo a las 13:10 horas.<\/p>\n\n\n\n<p>Les recordamos que, debido a la entrega de nuestro establecimiento a las fuerzas armadas que lo custodiar\u00e1n durante las elecciones de Consejo Constitucional 2023, quedan suspendidos adem\u00e1s los talleres de b\u00e1squetbol y danza del jueves.<\/p>\n\n\n\n<p>Informamos que las clases se retomar\u00e1n en horario normal, incluidos talleres, el d\u00eda martes 09 de mayo.<\/p>\n\n\n\n<p>Agradecemos su comprensi\u00f3n y colaboraci\u00f3n en esta situaci\u00f3n. Cualquier duda o consulta, por favor no dude en comunicarse con nosotros.<\/p>\n\n\n\n<p>Saludos cordiales,<\/p>\n\n\n\n<p>El equipo directivo.<\/p>\n","protected":false},"excerpt":{"rendered":"<p>Estimados apoderados, Junto con saludarles, les informamos que ma\u00f1ana jueves 4 de mayo, la salida de los estudiantes se realizar\u00e1 en los siguientes horarios: p\u00e1rvulos a las 12:50 horas, primer ciclo a las 13:00 horas y segundo ciclo a las 13:10 horas. Les recordamos que, debido a la entrega de nuestro establecimiento a las fuerzas [&hellip;]<\/p>\n","protected":false},"author":1,"featured_media":1598,"comment_status":"closed","ping_status":"open","sticky":false,"template":"","format":"standard","meta":{"_monsterinsights_skip_tracking":false,"_monsterinsights_sitenote_active":false,"_monsterinsights_sitenote_note":"","_monsterinsights_sitenote_category":0,"site-container-style":"default","site-container-layout":"default","site-sidebar-layout":"default","disable-article-header":"default","disable-site-header":"default","disable-site-footer":"default","disable-content-area-spacing":"default","footnotes":""},"categories":[7],"tags":[],"class_list":["post-1696","post","type-post","status-publish","format-standard","has-post-thumbnail","hentry","category-informacion"],"yoast_head":"<!-- This site is optimized with the Yoast SEO plugin v27.1.1 - https:\/\/yoast.com\/product\/yoast-seo-wordpress\/ -->\n<title>Salida estudiantes jueves 04 de mayo - Escuela Espa\u00f1a<\/title>\n<meta name=\"robots\" content=\"index, follow, max-snippet:-1, max-image-preview:large, max-video-preview:-1\" \/>\n<link rel=\"canonical\" href=\"https:\/\/escuelaespanaval.cl\/?p=1696\" \/>\n<meta property=\"og:locale\" content=\"es_ES\" \/>\n<meta property=\"og:type\" content=\"article\" \/>\n<meta property=\"og:title\" content=\"Salida estudiantes jueves 04 de mayo\" \/>\n<meta property=\"og:description\" content=\"Estimados apoderados, Junto con saludarles, les informamos que ma\u00f1ana jueves 4 de mayo, la salida de los estudiantes se realizar\u00e1 en los siguientes horarios: p\u00e1rvulos a las 12:50 horas, primer ciclo a las 13:00 horas y segundo ciclo a las 13:10 horas. Les recordamos que, debido a la entrega de nuestro establecimiento a las fuerzas [&hellip;]\" \/>\n<meta property=\"og:url\" content=\"https:\/\/escuelaespanaval.cl\/?p=1696\" \/>\n<meta property=\"og:site_name\" content=\"Escuela Espa\u00f1a\" \/>\n<meta property=\"article:publisher\" content=\"https:\/\/www.facebook.com\/escuelaespanavald\" \/>\n<meta property=\"article:published_time\" content=\"2023-05-03T17:54:24+00:00\" \/>\n<meta property=\"article:modified_time\" content=\"2023-05-03T17:54:25+00:00\" \/>\n<meta property=\"og:image\" content=\"https:\/\/escuelaespanaval.cl\/wp-content\/uploads\/2023\/04\/5b6b40d742816_img-portada_20180808_13_13.jpeg\" \/>\n\t<meta property=\"og:image:width\" content=\"500\" \/>\n\t<meta property=\"og:image:height\" content=\"181\" \/>\n\t<meta property=\"og:image:type\" content=\"image\/jpeg\" \/>\n<meta name=\"author\" content=\"Administrador\" \/>\n<meta name=\"twitter:card\" content=\"summary_large_image\" \/>\n<meta name=\"twitter:label1\" content=\"Escrito por\" \/>\n\t<meta name=\"twitter:data1\" content=\"Administrador\" \/>\n\t<meta name=\"twitter:label2\" content=\"Tiempo de lectura\" \/>\n\t<meta name=\"twitter:data2\" content=\"1 minuto\" \/>\n<script type=\"application\/ld+json\" class=\"yoast-schema-graph\">{\"@context\":\"https:\/\/schema.org\",\"@graph\":[{\"@type\":\"Article\",\"@id\":\"https:\/\/escuelaespanaval.cl\/?p=1696#article\",\"isPartOf\":{\"@id\":\"https:\/\/escuelaespanaval.cl\/?p=1696\"},\"author\":{\"name\":\"Administrador\",\"@id\":\"https:\/\/escuelaespanaval.cl\/#\/schema\/person\/b8dc96fec133a948c2114bb5cba3ca1a\"},\"headline\":\"Salida estudiantes jueves 04 de mayo\",\"datePublished\":\"2023-05-03T17:54:24+00:00\",\"dateModified\":\"2023-05-03T17:54:25+00:00\",\"mainEntityOfPage\":{\"@id\":\"https:\/\/escuelaespanaval.cl\/?p=1696\"},\"wordCount\":128,\"publisher\":{\"@id\":\"https:\/\/escuelaespanaval.cl\/#organization\"},\"image\":{\"@id\":\"https:\/\/escuelaespanaval.cl\/?p=1696#primaryimage\"},\"thumbnailUrl\":\"https:\/\/escuelaespanaval.cl\/wp-content\/uploads\/2023\/04\/5b6b40d742816_img-portada_20180808_13_13.jpeg\",\"articleSection\":[\"Informaci\u00f3n\"],\"inLanguage\":\"es\"},{\"@type\":\"WebPage\",\"@id\":\"https:\/\/escuelaespanaval.cl\/?p=1696\",\"url\":\"https:\/\/escuelaespanaval.cl\/?p=1696\",\"name\":\"Salida estudiantes jueves 04 de mayo - Escuela Espa\u00f1a\",\"isPartOf\":{\"@id\":\"https:\/\/escuelaespanaval.cl\/#website\"},\"primaryImageOfPage\":{\"@id\":\"https:\/\/escuelaespanaval.cl\/?p=1696#primaryimage\"},\"image\":{\"@id\":\"https:\/\/escuelaespanaval.cl\/?p=1696#primaryimage\"},\"thumbnailUrl\":\"https:\/\/escuelaespanaval.cl\/wp-content\/uploads\/2023\/04\/5b6b40d742816_img-portada_20180808_13_13.jpeg\",\"datePublished\":\"2023-05-03T17:54:24+00:00\",\"dateModified\":\"2023-05-03T17:54:25+00:00\",\"breadcrumb\":{\"@id\":\"https:\/\/escuelaespanaval.cl\/?p=1696#breadcrumb\"},\"inLanguage\":\"es\",\"potentialAction\":[{\"@type\":\"ReadAction\",\"target\":[\"https:\/\/escuelaespanaval.cl\/?p=1696\"]}]},{\"@type\":\"ImageObject\",\"inLanguage\":\"es\",\"@id\":\"https:\/\/escuelaespanaval.cl\/?p=1696#primaryimage\",\"url\":\"https:\/\/escuelaespanaval.cl\/wp-content\/uploads\/2023\/04\/5b6b40d742816_img-portada_20180808_13_13.jpeg\",\"contentUrl\":\"https:\/\/escuelaespanaval.cl\/wp-content\/uploads\/2023\/04\/5b6b40d742816_img-portada_20180808_13_13.jpeg\",\"width\":500,\"height\":181},{\"@type\":\"BreadcrumbList\",\"@id\":\"https:\/\/escuelaespanaval.cl\/?p=1696#breadcrumb\",\"itemListElement\":[{\"@type\":\"ListItem\",\"position\":1,\"name\":\"Portada\",\"item\":\"https:\/\/escuelaespanaval.cl\/\"},{\"@type\":\"ListItem\",\"position\":2,\"name\":\"Salida estudiantes jueves 04 de mayo\"}]},{\"@type\":\"WebSite\",\"@id\":\"https:\/\/escuelaespanaval.cl\/#website\",\"url\":\"https:\/\/escuelaespanaval.cl\/\",\"name\":\"Escuela Espa\u00f1a\",\"description\":\"Valdivia\",\"publisher\":{\"@id\":\"https:\/\/escuelaespanaval.cl\/#organization\"},\"potentialAction\":[{\"@type\":\"SearchAction\",\"target\":{\"@type\":\"EntryPoint\",\"urlTemplate\":\"https:\/\/escuelaespanaval.cl\/?s={search_term_string}\"},\"query-input\":{\"@type\":\"PropertyValueSpecification\",\"valueRequired\":true,\"valueName\":\"search_term_string\"}}],\"inLanguage\":\"es\"},{\"@type\":\"Organization\",\"@id\":\"https:\/\/escuelaespanaval.cl\/#organization\",\"name\":\"Escuela Espa\u00f1a\",\"url\":\"https:\/\/escuelaespanaval.cl\/\",\"logo\":{\"@type\":\"ImageObject\",\"inLanguage\":\"es\",\"@id\":\"https:\/\/escuelaespanaval.cl\/#\/schema\/logo\/image\/\",\"url\":\"https:\/\/escuelaespanaval.cl\/wp-content\/uploads\/2020\/12\/LOGO_ESCUELA.png\",\"contentUrl\":\"https:\/\/escuelaespanaval.cl\/wp-content\/uploads\/2020\/12\/LOGO_ESCUELA.png\",\"width\":1550,\"height\":2402,\"caption\":\"Escuela Espa\u00f1a\"},\"image\":{\"@id\":\"https:\/\/escuelaespanaval.cl\/#\/schema\/logo\/image\/\"},\"sameAs\":[\"https:\/\/www.facebook.com\/escuelaespanavald\",\"https:\/\/www.youtube.com\/@escuelaespanavaldivia97\"]},{\"@type\":\"Person\",\"@id\":\"https:\/\/escuelaespanaval.cl\/#\/schema\/person\/b8dc96fec133a948c2114bb5cba3ca1a\",\"name\":\"Administrador\",\"image\":{\"@type\":\"ImageObject\",\"inLanguage\":\"es\",\"@id\":\"https:\/\/escuelaespanaval.cl\/#\/schema\/person\/image\/\",\"url\":\"https:\/\/secure.gravatar.com\/avatar\/1a4537f0b323ae38f6776eb293038a2af5616bfe3d24bf6be540f254d895dd45?s=96&d=mm&r=g\",\"contentUrl\":\"https:\/\/secure.gravatar.com\/avatar\/1a4537f0b323ae38f6776eb293038a2af5616bfe3d24bf6be540f254d895dd45?s=96&d=mm&r=g\",\"caption\":\"Administrador\"},\"sameAs\":[\"https:\/\/escuelaespanaval.cl\/wp\"],\"url\":\"https:\/\/escuelaespanaval.cl\/?author=1\"}]}<\/script>\n<!-- \/ Yoast SEO plugin. -->","yoast_head_json":{"title":"Salida estudiantes jueves 04 de mayo - Escuela Espa\u00f1a","robots":{"index":"index","follow":"follow","max-snippet":"max-snippet:-1","max-image-preview":"max-image-preview:large","max-video-preview":"max-video-preview:-1"},"canonical":"https:\/\/escuelaespanaval.cl\/?p=1696","og_locale":"es_ES","og_type":"article","og_title":"Salida estudiantes jueves 04 de mayo","og_description":"Estimados apoderados, Junto con saludarles, les informamos que ma\u00f1ana jueves 4 de mayo, la salida de los estudiantes se realizar\u00e1 en los siguientes horarios: p\u00e1rvulos a las 12:50 horas, primer ciclo a las 13:00 horas y segundo ciclo a las 13:10 horas. Les recordamos que, debido a la entrega de nuestro establecimiento a las fuerzas [&hellip;]","og_url":"https:\/\/escuelaespanaval.cl\/?p=1696","og_site_name":"Escuela Espa\u00f1a","article_publisher":"https:\/\/www.facebook.com\/escuelaespanavald","article_published_time":"2023-05-03T17:54:24+00:00","article_modified_time":"2023-05-03T17:54:25+00:00","og_image":[{"width":500,"height":181,"url":"https:\/\/escuelaespanaval.cl\/wp-content\/uploads\/2023\/04\/5b6b40d742816_img-portada_20180808_13_13.jpeg","type":"image\/jpeg"}],"author":"Administrador","twitter_card":"summary_large_image","twitter_misc":{"Escrito por":"Administrador","Tiempo de lectura":"1 minuto"},"schema":{"@context":"https:\/\/schema.org","@graph":[{"@type":"Article","@id":"https:\/\/escuelaespanaval.cl\/?p=1696#article","isPartOf":{"@id":"https:\/\/escuelaespanaval.cl\/?p=1696"},"author":{"name":"Administrador","@id":"https:\/\/escuelaespanaval.cl\/#\/schema\/person\/b8dc96fec133a948c2114bb5cba3ca1a"},"headline":"Salida estudiantes jueves 04 de mayo","datePublished":"2023-05-03T17:54:24+00:00","dateModified":"2023-05-03T17:54:25+00:00","mainEntityOfPage":{"@id":"https:\/\/escuelaespanaval.cl\/?p=1696"},"wordCount":128,"publisher":{"@id":"https:\/\/escuelaespanaval.cl\/#organization"},"image":{"@id":"https:\/\/escuelaespanaval.cl\/?p=1696#primaryimage"},"thumbnailUrl":"https:\/\/escuelaespanaval.cl\/wp-content\/uploads\/2023\/04\/5b6b40d742816_img-portada_20180808_13_13.jpeg","articleSection":["Informaci\u00f3n"],"inLanguage":"es"},{"@type":"WebPage","@id":"https:\/\/escuelaespanaval.cl\/?p=1696","url":"https:\/\/escuelaespanaval.cl\/?p=1696","name":"Salida estudiantes jueves 04 de mayo - Escuela Espa\u00f1a","isPartOf":{"@id":"https:\/\/escuelaespanaval.cl\/#website"},"primaryImageOfPage":{"@id":"https:\/\/escuelaespanaval.cl\/?p=1696#primaryimage"},"image":{"@id":"https:\/\/escuelaespanaval.cl\/?p=1696#primaryimage"},"thumbnailUrl":"https:\/\/escuelaespanaval.cl\/wp-content\/uploads\/2023\/04\/5b6b40d742816_img-portada_20180808_13_13.jpeg","datePublished":"2023-05-03T17:54:24+00:00","dateModified":"2023-05-03T17:54:25+00:00","breadcrumb":{"@id":"https:\/\/escuelaespanaval.cl\/?p=1696#breadcrumb"},"inLanguage":"es","potentialAction":[{"@type":"ReadAction","target":["https:\/\/escuelaespanaval.cl\/?p=1696"]}]},{"@type":"ImageObject","inLanguage":"es","@id":"https:\/\/escuelaespanaval.cl\/?p=1696#primaryimage","url":"https:\/\/escuelaespanaval.cl\/wp-content\/uploads\/2023\/04\/5b6b40d742816_img-portada_20180808_13_13.jpeg","contentUrl":"https:\/\/escuelaespanaval.cl\/wp-content\/uploads\/2023\/04\/5b6b40d742816_img-portada_20180808_13_13.jpeg","width":500,"height":181},{"@type":"BreadcrumbList","@id":"https:\/\/escuelaespanaval.cl\/?p=1696#breadcrumb","itemListElement":[{"@type":"ListItem","position":1,"name":"Portada","item":"https:\/\/escuelaespanaval.cl\/"},{"@type":"ListItem","position":2,"name":"Salida estudiantes jueves 04 de mayo"}]},{"@type":"WebSite","@id":"https:\/\/escuelaespanaval.cl\/#website","url":"https:\/\/escuelaespanaval.cl\/","name":"Escuela Espa\u00f1a","description":"Valdivia","publisher":{"@id":"https:\/\/escuelaespanaval.cl\/#organization"},"potentialAction":[{"@type":"SearchAction","target":{"@type":"EntryPoint","urlTemplate":"https:\/\/escuelaespanaval.cl\/?s={search_term_string}"},"query-input":{"@type":"PropertyValueSpecification","valueRequired":true,"valueName":"search_term_string"}}],"inLanguage":"es"},{"@type":"Organization","@id":"https:\/\/escuelaespanaval.cl\/#organization","name":"Escuela Espa\u00f1a","url":"https:\/\/escuelaespanaval.cl\/","logo":{"@type":"ImageObject","inLanguage":"es","@id":"https:\/\/escuelaespanaval.cl\/#\/schema\/logo\/image\/","url":"https:\/\/escuelaespanaval.cl\/wp-content\/uploads\/2020\/12\/LOGO_ESCUELA.png","contentUrl":"https:\/\/escuelaespanaval.cl\/wp-content\/uploads\/2020\/12\/LOGO_ESCUELA.png","width":1550,"height":2402,"caption":"Escuela Espa\u00f1a"},"image":{"@id":"https:\/\/escuelaespanaval.cl\/#\/schema\/logo\/image\/"},"sameAs":["https:\/\/www.facebook.com\/escuelaespanavald","https:\/\/www.youtube.com\/@escuelaespanavaldivia97"]},{"@type":"Person","@id":"https:\/\/escuelaespanaval.cl\/#\/schema\/person\/b8dc96fec133a948c2114bb5cba3ca1a","name":"Administrador","image":{"@type":"ImageObject","inLanguage":"es","@id":"https:\/\/escuelaespanaval.cl\/#\/schema\/person\/image\/","url":"https:\/\/secure.gravatar.com\/avatar\/1a4537f0b323ae38f6776eb293038a2af5616bfe3d24bf6be540f254d895dd45?s=96&d=mm&r=g","contentUrl":"https:\/\/secure.gravatar.com\/avatar\/1a4537f0b323ae38f6776eb293038a2af5616bfe3d24bf6be540f254d895dd45?s=96&d=mm&r=g","caption":"Administrador"},"sameAs":["https:\/\/escuelaespanaval.cl\/wp"],"url":"https:\/\/escuelaespanaval.cl\/?author=1"}]}},"_links":{"self":[{"href":"https:\/\/escuelaespanaval.cl\/index.php?rest_route=\/wp\/v2\/posts\/1696","targetHints":{"allow":["GET"]}}],"collection":[{"href":"https:\/\/escuelaespanaval.cl\/index.php?rest_route=\/wp\/v2\/posts"}],"about":[{"href":"https:\/\/escuelaespanaval.cl\/index.php?rest_route=\/wp\/v2\/types\/post"}],"author":[{"embeddable":true,"href":"https:\/\/escuelaespanaval.cl\/index.php?rest_route=\/wp\/v2\/users\/1"}],"replies":[{"embeddable":true,"href":"https:\/\/escuelaespanaval.cl\/index.php?rest_route=%2Fwp%2Fv2%2Fcomments&post=1696"}],"version-history":[{"count":1,"href":"https:\/\/escuelaespanaval.cl\/index.php?rest_route=\/wp\/v2\/posts\/1696\/revisions"}],"predecessor-version":[{"id":1697,"href":"https:\/\/escuelaespanaval.cl\/index.php?rest_route=\/wp\/v2\/posts\/1696\/revisions\/1697"}],"wp:featuredmedia":[{"embeddable":true,"href":"https:\/\/escuelaespanaval.cl\/index.php?rest_route=\/wp\/v2\/media\/1598"}],"wp:attachment":[{"href":"https:\/\/escuelaespanaval.cl\/index.php?rest_route=%2Fwp%2Fv2%2Fmedia&parent=1696"}],"wp:term":[{"taxonomy":"category","embeddable":true,"href":"https:\/\/escuelaespanaval.cl\/index.php?rest_route=%2Fwp%2Fv2%2Fcategories&post=1696"},{"taxonomy":"post_tag","embeddable":true,"href":"https:\/\/escuelaespanaval.cl\/index.php?rest_route=%2Fwp%2Fv2%2Ftags&post=1696"}],"curies":[{"name":"wp","href":"https:\/\/api.w.org\/{rel}","templated":true}]}}