{"id":1583,"date":"2023-04-17T16:50:08","date_gmt":"2023-04-17T16:50:08","guid":{"rendered":"https:\/\/escuelaespanaval.cl\/?p=1583"},"modified":"2023-04-17T16:50:08","modified_gmt":"2023-04-17T16:50:08","slug":"actividad-mes-del-libro","status":"publish","type":"post","link":"https:\/\/escuelaespanaval.cl\/?p=1583","title":{"rendered":"ACTIVIDAD \u201cMES DEL LIBRO\u201d"},"content":{"rendered":"\n<ol class=\"wp-block-list\" type=\"1\">\n<li><strong>Descripci\u00f3n de la Actividad:<\/strong><\/li>\n\n\n\n<li>Este a\u00f1o 2023 convocamos a la comunidad Educativa a conmemorar el d\u00eda del libro (23 de abril), y para ello realizaremos una actividad, que tiene como objetivo principal, articular la lectoescritura de los estudiantes, con el cuidado del medioambiente, considerando el mes de abril como representante, tanto del fomento lector como del cuidado del planeta tierra.<\/li>\n\n\n\n<li>Para ello se sugiere que los docentes presenten 3 textos de la tem\u00e1tica descrita anteriormente al grupo curso, del cual los estudiantes elijan 1 para producir un texto. El profesor jefe, ser\u00e1 el encargado de seleccionar 5 textos realizados que cumplan con el requisito que describiremos a continuaci\u00f3n:<\/li>\n\n\n\n<li><strong>PREKINDER\/KINDER\/1\u00b0 y 2\u00b0a\u00f1o B\u00e1sico<\/strong>: Los estudiantes, escuchar\u00e1n la lectura de 1 texto, y representar\u00e1n a trav\u00e9s de un dibujo, la importancia del cuidado del medioambiente como medio para un entorno sustentable, que en consecuencia proporciona una vida saludable. (por ejemplo, la importancia del cuidado del agua), adem\u00e1s \u00e9sta representaci\u00f3n gr\u00e1fica, tiene que incluir una frase motivadora y creativa que le comprenda.<\/li>\n\n\n\n<li><strong>3\u00b0 y 4\u00b0 B\u00e1sico:<\/strong> Los estudiantes leer\u00e1n 3 textos cortos, con la tem\u00e1tica descrita, y posteriormente crear\u00e1n un cuento de una plana tama\u00f1o oficio.&nbsp;<\/li>\n<\/ol>\n\n\n\n<ul class=\"wp-block-list\">\n<li><strong>5\u00b0 y 8\u00b0 B\u00e1sico:<\/strong>&nbsp; Los estudiantes Seleccionar\u00e1n de 3 textos, el que consideren apropiado para producir un texto de 3 p\u00e1ginas el cual debe incluir, apreciaci\u00f3n por el respeto y el cuidado del medio ambiente, y que acciones pueden ejercer dentro del aula para mantener la sustentabilidad.<\/li>\n\n\n\n<li><strong>Fecha de recepci\u00f3n de trabajos:<\/strong> <strong>jueves 20 de abril.<\/strong><\/li>\n\n\n\n<li><strong>Fecha de Evaluaci\u00f3n de trabajos:<\/strong> <strong>lunes 24 de abril (jornada ma\u00f1ana\/ tarde)<\/strong><\/li>\n\n\n\n<li><strong>Profesores evaluadores de trabajos ( pre- k\u00ednder \/k\u00ednder 1\u00b0y 2\u00b0 b\u00e1sico<\/strong>): Adriana C\u00e1rdenas, Patricia Cur\u00edn, Mar\u00eda Bel\u00e9n.<br><strong>Profesores evaluadores de trabajos de 5\u00b0 y 8\u00b0 B\u00e1sico<\/strong>: Mar\u00eda Cristina Torres, Ximena Cris\u00f3stomo y Martina Caama\u00f1o.<br><strong>Profesores evaluadores de trabajos 3\u00b0 y 4\u00b0 B\u00e1sico<\/strong>: Evelyn Riquelme, Ana Jaramillo y Leyla Arias.<\/li>\n\n\n\n<li><strong><em>Dato Importante: Es primordial, para realizar la actividad, que cada trabajo, est\u00e9 con Nombre completo y Curso en el reverso de su \u00faltima hoja de trabajo, adem\u00e1s de cumplir con la fecha otorgada de entrega de su trabajo, que tendr\u00e1 consideraci\u00f3n al momento de la evaluaci\u00f3n.<\/em><\/strong><\/li>\n\n\n\n<li>El premio a los mejores trabajos, acorde a cada nivel ser\u00e1 una distinci\u00f3n al autor\/a, as\u00ed como tambi\u00e9n a todo su curso.<\/li>\n<\/ul>\n","protected":false},"excerpt":{"rendered":"","protected":false},"author":1,"featured_media":1584,"comment_status":"closed","ping_status":"open","sticky":false,"template":"","format":"standard","meta":{"_monsterinsights_skip_tracking":false,"_monsterinsights_sitenote_active":false,"_monsterinsights_sitenote_note":"","_monsterinsights_sitenote_category":0,"site-container-style":"default","site-container-layout":"default","site-sidebar-layout":"default","disable-article-header":"default","disable-site-header":"default","disable-site-footer":"default","disable-content-area-spacing":"default","footnotes":""},"categories":[6],"tags":[],"class_list":["post-1583","post","type-post","status-publish","format-standard","has-post-thumbnail","hentry","category-actividades"],"yoast_head":"<!-- This site is optimized with the Yoast SEO plugin v27.1.1 - https:\/\/yoast.com\/product\/yoast-seo-wordpress\/ -->\n<title>ACTIVIDAD \u201cMES DEL LIBRO\u201d - Escuela Espa\u00f1a<\/title>\n<meta name=\"robots\" content=\"index, follow, max-snippet:-1, max-image-preview:large, max-video-preview:-1\" \/>\n<link rel=\"canonical\" href=\"https:\/\/escuelaespanaval.cl\/?p=1583\" \/>\n<meta property=\"og:locale\" content=\"es_ES\" \/>\n<meta property=\"og:type\" content=\"article\" \/>\n<meta property=\"og:title\" content=\"ACTIVIDAD \u201cMES DEL LIBRO\u201d\" \/>\n<meta property=\"og:url\" content=\"https:\/\/escuelaespanaval.cl\/?p=1583\" \/>\n<meta property=\"og:site_name\" content=\"Escuela Espa\u00f1a\" \/>\n<meta property=\"article:publisher\" content=\"https:\/\/www.facebook.com\/escuelaespanavald\" \/>\n<meta property=\"article:published_time\" content=\"2023-04-17T16:50:08+00:00\" \/>\n<meta property=\"og:image\" content=\"https:\/\/escuelaespanaval.cl\/wp-content\/uploads\/2023\/04\/libro-del-mes.jpg\" \/>\n\t<meta property=\"og:image:width\" content=\"600\" \/>\n\t<meta property=\"og:image:height\" content=\"400\" \/>\n\t<meta property=\"og:image:type\" content=\"image\/jpeg\" \/>\n<meta name=\"author\" content=\"Administrador\" \/>\n<meta name=\"twitter:card\" content=\"summary_large_image\" \/>\n<meta name=\"twitter:label1\" content=\"Escrito por\" \/>\n\t<meta name=\"twitter:data1\" content=\"Administrador\" \/>\n\t<meta name=\"twitter:label2\" content=\"Tiempo de lectura\" \/>\n\t<meta name=\"twitter:data2\" content=\"2 minutos\" \/>\n<script type=\"application\/ld+json\" class=\"yoast-schema-graph\">{\"@context\":\"https:\/\/schema.org\",\"@graph\":[{\"@type\":\"Article\",\"@id\":\"https:\/\/escuelaespanaval.cl\/?p=1583#article\",\"isPartOf\":{\"@id\":\"https:\/\/escuelaespanaval.cl\/?p=1583\"},\"author\":{\"name\":\"Administrador\",\"@id\":\"https:\/\/escuelaespanaval.cl\/#\/schema\/person\/b8dc96fec133a948c2114bb5cba3ca1a\"},\"headline\":\"ACTIVIDAD \u201cMES DEL LIBRO\u201d\",\"datePublished\":\"2023-04-17T16:50:08+00:00\",\"mainEntityOfPage\":{\"@id\":\"https:\/\/escuelaespanaval.cl\/?p=1583\"},\"wordCount\":407,\"publisher\":{\"@id\":\"https:\/\/escuelaespanaval.cl\/#organization\"},\"image\":{\"@id\":\"https:\/\/escuelaespanaval.cl\/?p=1583#primaryimage\"},\"thumbnailUrl\":\"https:\/\/escuelaespanaval.cl\/wp-content\/uploads\/2023\/04\/libro-del-mes.jpg\",\"articleSection\":[\"Actividades\"],\"inLanguage\":\"es\"},{\"@type\":\"WebPage\",\"@id\":\"https:\/\/escuelaespanaval.cl\/?p=1583\",\"url\":\"https:\/\/escuelaespanaval.cl\/?p=1583\",\"name\":\"ACTIVIDAD \u201cMES DEL LIBRO\u201d - Escuela Espa\u00f1a\",\"isPartOf\":{\"@id\":\"https:\/\/escuelaespanaval.cl\/#website\"},\"primaryImageOfPage\":{\"@id\":\"https:\/\/escuelaespanaval.cl\/?p=1583#primaryimage\"},\"image\":{\"@id\":\"https:\/\/escuelaespanaval.cl\/?p=1583#primaryimage\"},\"thumbnailUrl\":\"https:\/\/escuelaespanaval.cl\/wp-content\/uploads\/2023\/04\/libro-del-mes.jpg\",\"datePublished\":\"2023-04-17T16:50:08+00:00\",\"breadcrumb\":{\"@id\":\"https:\/\/escuelaespanaval.cl\/?p=1583#breadcrumb\"},\"inLanguage\":\"es\",\"potentialAction\":[{\"@type\":\"ReadAction\",\"target\":[\"https:\/\/escuelaespanaval.cl\/?p=1583\"]}]},{\"@type\":\"ImageObject\",\"inLanguage\":\"es\",\"@id\":\"https:\/\/escuelaespanaval.cl\/?p=1583#primaryimage\",\"url\":\"https:\/\/escuelaespanaval.cl\/wp-content\/uploads\/2023\/04\/libro-del-mes.jpg\",\"contentUrl\":\"https:\/\/escuelaespanaval.cl\/wp-content\/uploads\/2023\/04\/libro-del-mes.jpg\",\"width\":600,\"height\":400},{\"@type\":\"BreadcrumbList\",\"@id\":\"https:\/\/escuelaespanaval.cl\/?p=1583#breadcrumb\",\"itemListElement\":[{\"@type\":\"ListItem\",\"position\":1,\"name\":\"Portada\",\"item\":\"https:\/\/escuelaespanaval.cl\/\"},{\"@type\":\"ListItem\",\"position\":2,\"name\":\"ACTIVIDAD \u201cMES DEL LIBRO\u201d\"}]},{\"@type\":\"WebSite\",\"@id\":\"https:\/\/escuelaespanaval.cl\/#website\",\"url\":\"https:\/\/escuelaespanaval.cl\/\",\"name\":\"Escuela Espa\u00f1a\",\"description\":\"Valdivia\",\"publisher\":{\"@id\":\"https:\/\/escuelaespanaval.cl\/#organization\"},\"potentialAction\":[{\"@type\":\"SearchAction\",\"target\":{\"@type\":\"EntryPoint\",\"urlTemplate\":\"https:\/\/escuelaespanaval.cl\/?s={search_term_string}\"},\"query-input\":{\"@type\":\"PropertyValueSpecification\",\"valueRequired\":true,\"valueName\":\"search_term_string\"}}],\"inLanguage\":\"es\"},{\"@type\":\"Organization\",\"@id\":\"https:\/\/escuelaespanaval.cl\/#organization\",\"name\":\"Escuela Espa\u00f1a\",\"url\":\"https:\/\/escuelaespanaval.cl\/\",\"logo\":{\"@type\":\"ImageObject\",\"inLanguage\":\"es\",\"@id\":\"https:\/\/escuelaespanaval.cl\/#\/schema\/logo\/image\/\",\"url\":\"https:\/\/escuelaespanaval.cl\/wp-content\/uploads\/2020\/12\/LOGO_ESCUELA.png\",\"contentUrl\":\"https:\/\/escuelaespanaval.cl\/wp-content\/uploads\/2020\/12\/LOGO_ESCUELA.png\",\"width\":1550,\"height\":2402,\"caption\":\"Escuela Espa\u00f1a\"},\"image\":{\"@id\":\"https:\/\/escuelaespanaval.cl\/#\/schema\/logo\/image\/\"},\"sameAs\":[\"https:\/\/www.facebook.com\/escuelaespanavald\",\"https:\/\/www.youtube.com\/@escuelaespanavaldivia97\"]},{\"@type\":\"Person\",\"@id\":\"https:\/\/escuelaespanaval.cl\/#\/schema\/person\/b8dc96fec133a948c2114bb5cba3ca1a\",\"name\":\"Administrador\",\"image\":{\"@type\":\"ImageObject\",\"inLanguage\":\"es\",\"@id\":\"https:\/\/escuelaespanaval.cl\/#\/schema\/person\/image\/\",\"url\":\"https:\/\/secure.gravatar.com\/avatar\/1a4537f0b323ae38f6776eb293038a2af5616bfe3d24bf6be540f254d895dd45?s=96&d=mm&r=g\",\"contentUrl\":\"https:\/\/secure.gravatar.com\/avatar\/1a4537f0b323ae38f6776eb293038a2af5616bfe3d24bf6be540f254d895dd45?s=96&d=mm&r=g\",\"caption\":\"Administrador\"},\"sameAs\":[\"https:\/\/escuelaespanaval.cl\/wp\"],\"url\":\"https:\/\/escuelaespanaval.cl\/?author=1\"}]}<\/script>\n<!-- \/ Yoast SEO plugin. -->","yoast_head_json":{"title":"ACTIVIDAD \u201cMES DEL LIBRO\u201d - Escuela Espa\u00f1a","robots":{"index":"index","follow":"follow","max-snippet":"max-snippet:-1","max-image-preview":"max-image-preview:large","max-video-preview":"max-video-preview:-1"},"canonical":"https:\/\/escuelaespanaval.cl\/?p=1583","og_locale":"es_ES","og_type":"article","og_title":"ACTIVIDAD \u201cMES DEL LIBRO\u201d","og_url":"https:\/\/escuelaespanaval.cl\/?p=1583","og_site_name":"Escuela Espa\u00f1a","article_publisher":"https:\/\/www.facebook.com\/escuelaespanavald","article_published_time":"2023-04-17T16:50:08+00:00","og_image":[{"width":600,"height":400,"url":"https:\/\/escuelaespanaval.cl\/wp-content\/uploads\/2023\/04\/libro-del-mes.jpg","type":"image\/jpeg"}],"author":"Administrador","twitter_card":"summary_large_image","twitter_misc":{"Escrito por":"Administrador","Tiempo de lectura":"2 minutos"},"schema":{"@context":"https:\/\/schema.org","@graph":[{"@type":"Article","@id":"https:\/\/escuelaespanaval.cl\/?p=1583#article","isPartOf":{"@id":"https:\/\/escuelaespanaval.cl\/?p=1583"},"author":{"name":"Administrador","@id":"https:\/\/escuelaespanaval.cl\/#\/schema\/person\/b8dc96fec133a948c2114bb5cba3ca1a"},"headline":"ACTIVIDAD \u201cMES DEL LIBRO\u201d","datePublished":"2023-04-17T16:50:08+00:00","mainEntityOfPage":{"@id":"https:\/\/escuelaespanaval.cl\/?p=1583"},"wordCount":407,"publisher":{"@id":"https:\/\/escuelaespanaval.cl\/#organization"},"image":{"@id":"https:\/\/escuelaespanaval.cl\/?p=1583#primaryimage"},"thumbnailUrl":"https:\/\/escuelaespanaval.cl\/wp-content\/uploads\/2023\/04\/libro-del-mes.jpg","articleSection":["Actividades"],"inLanguage":"es"},{"@type":"WebPage","@id":"https:\/\/escuelaespanaval.cl\/?p=1583","url":"https:\/\/escuelaespanaval.cl\/?p=1583","name":"ACTIVIDAD \u201cMES DEL LIBRO\u201d - Escuela Espa\u00f1a","isPartOf":{"@id":"https:\/\/escuelaespanaval.cl\/#website"},"primaryImageOfPage":{"@id":"https:\/\/escuelaespanaval.cl\/?p=1583#primaryimage"},"image":{"@id":"https:\/\/escuelaespanaval.cl\/?p=1583#primaryimage"},"thumbnailUrl":"https:\/\/escuelaespanaval.cl\/wp-content\/uploads\/2023\/04\/libro-del-mes.jpg","datePublished":"2023-04-17T16:50:08+00:00","breadcrumb":{"@id":"https:\/\/escuelaespanaval.cl\/?p=1583#breadcrumb"},"inLanguage":"es","potentialAction":[{"@type":"ReadAction","target":["https:\/\/escuelaespanaval.cl\/?p=1583"]}]},{"@type":"ImageObject","inLanguage":"es","@id":"https:\/\/escuelaespanaval.cl\/?p=1583#primaryimage","url":"https:\/\/escuelaespanaval.cl\/wp-content\/uploads\/2023\/04\/libro-del-mes.jpg","contentUrl":"https:\/\/escuelaespanaval.cl\/wp-content\/uploads\/2023\/04\/libro-del-mes.jpg","width":600,"height":400},{"@type":"BreadcrumbList","@id":"https:\/\/escuelaespanaval.cl\/?p=1583#breadcrumb","itemListElement":[{"@type":"ListItem","position":1,"name":"Portada","item":"https:\/\/escuelaespanaval.cl\/"},{"@type":"ListItem","position":2,"name":"ACTIVIDAD \u201cMES DEL LIBRO\u201d"}]},{"@type":"WebSite","@id":"https:\/\/escuelaespanaval.cl\/#website","url":"https:\/\/escuelaespanaval.cl\/","name":"Escuela Espa\u00f1a","description":"Valdivia","publisher":{"@id":"https:\/\/escuelaespanaval.cl\/#organization"},"potentialAction":[{"@type":"SearchAction","target":{"@type":"EntryPoint","urlTemplate":"https:\/\/escuelaespanaval.cl\/?s={search_term_string}"},"query-input":{"@type":"PropertyValueSpecification","valueRequired":true,"valueName":"search_term_string"}}],"inLanguage":"es"},{"@type":"Organization","@id":"https:\/\/escuelaespanaval.cl\/#organization","name":"Escuela Espa\u00f1a","url":"https:\/\/escuelaespanaval.cl\/","logo":{"@type":"ImageObject","inLanguage":"es","@id":"https:\/\/escuelaespanaval.cl\/#\/schema\/logo\/image\/","url":"https:\/\/escuelaespanaval.cl\/wp-content\/uploads\/2020\/12\/LOGO_ESCUELA.png","contentUrl":"https:\/\/escuelaespanaval.cl\/wp-content\/uploads\/2020\/12\/LOGO_ESCUELA.png","width":1550,"height":2402,"caption":"Escuela Espa\u00f1a"},"image":{"@id":"https:\/\/escuelaespanaval.cl\/#\/schema\/logo\/image\/"},"sameAs":["https:\/\/www.facebook.com\/escuelaespanavald","https:\/\/www.youtube.com\/@escuelaespanavaldivia97"]},{"@type":"Person","@id":"https:\/\/escuelaespanaval.cl\/#\/schema\/person\/b8dc96fec133a948c2114bb5cba3ca1a","name":"Administrador","image":{"@type":"ImageObject","inLanguage":"es","@id":"https:\/\/escuelaespanaval.cl\/#\/schema\/person\/image\/","url":"https:\/\/secure.gravatar.com\/avatar\/1a4537f0b323ae38f6776eb293038a2af5616bfe3d24bf6be540f254d895dd45?s=96&d=mm&r=g","contentUrl":"https:\/\/secure.gravatar.com\/avatar\/1a4537f0b323ae38f6776eb293038a2af5616bfe3d24bf6be540f254d895dd45?s=96&d=mm&r=g","caption":"Administrador"},"sameAs":["https:\/\/escuelaespanaval.cl\/wp"],"url":"https:\/\/escuelaespanaval.cl\/?author=1"}]}},"_links":{"self":[{"href":"https:\/\/escuelaespanaval.cl\/index.php?rest_route=\/wp\/v2\/posts\/1583","targetHints":{"allow":["GET"]}}],"collection":[{"href":"https:\/\/escuelaespanaval.cl\/index.php?rest_route=\/wp\/v2\/posts"}],"about":[{"href":"https:\/\/escuelaespanaval.cl\/index.php?rest_route=\/wp\/v2\/types\/post"}],"author":[{"embeddable":true,"href":"https:\/\/escuelaespanaval.cl\/index.php?rest_route=\/wp\/v2\/users\/1"}],"replies":[{"embeddable":true,"href":"https:\/\/escuelaespanaval.cl\/index.php?rest_route=%2Fwp%2Fv2%2Fcomments&post=1583"}],"version-history":[{"count":1,"href":"https:\/\/escuelaespanaval.cl\/index.php?rest_route=\/wp\/v2\/posts\/1583\/revisions"}],"predecessor-version":[{"id":1585,"href":"https:\/\/escuelaespanaval.cl\/index.php?rest_route=\/wp\/v2\/posts\/1583\/revisions\/1585"}],"wp:featuredmedia":[{"embeddable":true,"href":"https:\/\/escuelaespanaval.cl\/index.php?rest_route=\/wp\/v2\/media\/1584"}],"wp:attachment":[{"href":"https:\/\/escuelaespanaval.cl\/index.php?rest_route=%2Fwp%2Fv2%2Fmedia&parent=1583"}],"wp:term":[{"taxonomy":"category","embeddable":true,"href":"https:\/\/escuelaespanaval.cl\/index.php?rest_route=%2Fwp%2Fv2%2Fcategories&post=1583"},{"taxonomy":"post_tag","embeddable":true,"href":"https:\/\/escuelaespanaval.cl\/index.php?rest_route=%2Fwp%2Fv2%2Ftags&post=1583"}],"curies":[{"name":"wp","href":"https:\/\/api.w.org\/{rel}","templated":true}]}}