{"id":1466,"date":"2023-04-04T18:11:56","date_gmt":"2023-04-04T18:11:56","guid":{"rendered":"https:\/\/escuelaespanaval.cl\/?p=1466"},"modified":"2023-04-04T18:11:56","modified_gmt":"2023-04-04T18:11:56","slug":"dia-mundial-de-la-actividad-fisica","status":"publish","type":"post","link":"https:\/\/escuelaespanaval.cl\/?p=1466","title":{"rendered":"D\u00eda mundial de la actividad f\u00edsica"},"content":{"rendered":"\n<p>Ven con tu buzo del colegio y \u00fanete a nosotros en nuestras actividades. El mi\u00e9rcoles ser\u00e1 para preb\u00e1sica y primer ciclo, mientras que el jueves ser\u00e1 para el segundo ciclo. Mu\u00e9vete y disfruta de los beneficios de la actividad f\u00edsica. \u00a1Tu cuerpo y mente te lo agradecer\u00e1n! #D\u00edaDeLaActividadF\u00edsica #MueveTuCuerpo #VidaActiva #Ejercicio #Bienestar #SaludF\u00edsica #SaludMental<\/p>\n\n\n\n<figure class=\"wp-block-image size-large\"><img loading=\"lazy\" decoding=\"async\" width=\"1024\" height=\"688\" src=\"https:\/\/escuelaespanaval.cl\/wp-content\/uploads\/2023\/04\/diaactividadfisica-1024x688.jpg\" alt=\"\" class=\"wp-image-1467\" srcset=\"https:\/\/escuelaespanaval.cl\/wp-content\/uploads\/2023\/04\/diaactividadfisica-1024x688.jpg 1024w, https:\/\/escuelaespanaval.cl\/wp-content\/uploads\/2023\/04\/diaactividadfisica-300x202.jpg 300w, https:\/\/escuelaespanaval.cl\/wp-content\/uploads\/2023\/04\/diaactividadfisica-768x516.jpg 768w, https:\/\/escuelaespanaval.cl\/wp-content\/uploads\/2023\/04\/diaactividadfisica.jpg 1191w\" sizes=\"auto, (max-width: 1024px) 100vw, 1024px\" \/><\/figure>\n","protected":false},"excerpt":{"rendered":"<p>Ven con tu buzo del colegio y \u00fanete a nosotros en nuestras actividades. El mi\u00e9rcoles ser\u00e1 para preb\u00e1sica y primer ciclo, mientras que el jueves ser\u00e1 para el segundo ciclo. Mu\u00e9vete y disfruta de los beneficios de la actividad f\u00edsica. \u00a1Tu cuerpo y mente te lo agradecer\u00e1n! #D\u00edaDeLaActividadF\u00edsica #MueveTuCuerpo #VidaActiva #Ejercicio #Bienestar #SaludF\u00edsica #SaludMental<\/p>\n","protected":false},"author":1,"featured_media":1467,"comment_status":"closed","ping_status":"open","sticky":false,"template":"","format":"standard","meta":{"_monsterinsights_skip_tracking":false,"_monsterinsights_sitenote_active":false,"_monsterinsights_sitenote_note":"","_monsterinsights_sitenote_category":0,"site-container-style":"default","site-container-layout":"default","site-sidebar-layout":"default","disable-article-header":"default","disable-site-header":"default","disable-site-footer":"default","disable-content-area-spacing":"default","footnotes":""},"categories":[6],"tags":[],"class_list":["post-1466","post","type-post","status-publish","format-standard","has-post-thumbnail","hentry","category-actividades"],"yoast_head":"<!-- This site is optimized with the Yoast SEO plugin v27.1.1 - https:\/\/yoast.com\/product\/yoast-seo-wordpress\/ -->\n<title>D\u00eda mundial de la actividad f\u00edsica - Escuela Espa\u00f1a<\/title>\n<meta name=\"robots\" content=\"index, follow, max-snippet:-1, max-image-preview:large, max-video-preview:-1\" \/>\n<link rel=\"canonical\" href=\"https:\/\/escuelaespanaval.cl\/?p=1466\" \/>\n<meta property=\"og:locale\" content=\"es_ES\" \/>\n<meta property=\"og:type\" content=\"article\" \/>\n<meta property=\"og:title\" content=\"D\u00eda mundial de la actividad f\u00edsica - Escuela Espa\u00f1a\" \/>\n<meta property=\"og:description\" content=\"Ven con tu buzo del colegio y \u00fanete a nosotros en nuestras actividades. El mi\u00e9rcoles ser\u00e1 para preb\u00e1sica y primer ciclo, mientras que el jueves ser\u00e1 para el segundo ciclo. Mu\u00e9vete y disfruta de los beneficios de la actividad f\u00edsica. \u00a1Tu cuerpo y mente te lo agradecer\u00e1n! #D\u00edaDeLaActividadF\u00edsica #MueveTuCuerpo #VidaActiva #Ejercicio #Bienestar #SaludF\u00edsica #SaludMental\" \/>\n<meta property=\"og:url\" content=\"https:\/\/escuelaespanaval.cl\/?p=1466\" \/>\n<meta property=\"og:site_name\" content=\"Escuela Espa\u00f1a\" \/>\n<meta property=\"article:publisher\" content=\"https:\/\/www.facebook.com\/escuelaespanavald\" \/>\n<meta property=\"article:published_time\" content=\"2023-04-04T18:11:56+00:00\" \/>\n<meta property=\"og:image\" content=\"https:\/\/escuelaespanaval.cl\/wp-content\/uploads\/2023\/04\/diaactividadfisica.jpg\" \/>\n\t<meta property=\"og:image:width\" content=\"1191\" \/>\n\t<meta property=\"og:image:height\" content=\"800\" \/>\n\t<meta property=\"og:image:type\" content=\"image\/jpeg\" \/>\n<meta name=\"author\" content=\"Administrador\" \/>\n<meta name=\"twitter:card\" content=\"summary_large_image\" \/>\n<meta name=\"twitter:label1\" content=\"Escrito por\" \/>\n\t<meta name=\"twitter:data1\" content=\"Administrador\" \/>\n<script type=\"application\/ld+json\" class=\"yoast-schema-graph\">{\"@context\":\"https:\/\/schema.org\",\"@graph\":[{\"@type\":\"Article\",\"@id\":\"https:\/\/escuelaespanaval.cl\/?p=1466#article\",\"isPartOf\":{\"@id\":\"https:\/\/escuelaespanaval.cl\/?p=1466\"},\"author\":{\"name\":\"Administrador\",\"@id\":\"https:\/\/escuelaespanaval.cl\/#\/schema\/person\/b8dc96fec133a948c2114bb5cba3ca1a\"},\"headline\":\"D\u00eda mundial de la actividad f\u00edsica\",\"datePublished\":\"2023-04-04T18:11:56+00:00\",\"mainEntityOfPage\":{\"@id\":\"https:\/\/escuelaespanaval.cl\/?p=1466\"},\"wordCount\":70,\"publisher\":{\"@id\":\"https:\/\/escuelaespanaval.cl\/#organization\"},\"image\":{\"@id\":\"https:\/\/escuelaespanaval.cl\/?p=1466#primaryimage\"},\"thumbnailUrl\":\"https:\/\/escuelaespanaval.cl\/wp-content\/uploads\/2023\/04\/diaactividadfisica.jpg\",\"articleSection\":[\"Actividades\"],\"inLanguage\":\"es\"},{\"@type\":\"WebPage\",\"@id\":\"https:\/\/escuelaespanaval.cl\/?p=1466\",\"url\":\"https:\/\/escuelaespanaval.cl\/?p=1466\",\"name\":\"D\u00eda mundial de la actividad f\u00edsica - Escuela Espa\u00f1a\",\"isPartOf\":{\"@id\":\"https:\/\/escuelaespanaval.cl\/#website\"},\"primaryImageOfPage\":{\"@id\":\"https:\/\/escuelaespanaval.cl\/?p=1466#primaryimage\"},\"image\":{\"@id\":\"https:\/\/escuelaespanaval.cl\/?p=1466#primaryimage\"},\"thumbnailUrl\":\"https:\/\/escuelaespanaval.cl\/wp-content\/uploads\/2023\/04\/diaactividadfisica.jpg\",\"datePublished\":\"2023-04-04T18:11:56+00:00\",\"breadcrumb\":{\"@id\":\"https:\/\/escuelaespanaval.cl\/?p=1466#breadcrumb\"},\"inLanguage\":\"es\",\"potentialAction\":[{\"@type\":\"ReadAction\",\"target\":[\"https:\/\/escuelaespanaval.cl\/?p=1466\"]}]},{\"@type\":\"ImageObject\",\"inLanguage\":\"es\",\"@id\":\"https:\/\/escuelaespanaval.cl\/?p=1466#primaryimage\",\"url\":\"https:\/\/escuelaespanaval.cl\/wp-content\/uploads\/2023\/04\/diaactividadfisica.jpg\",\"contentUrl\":\"https:\/\/escuelaespanaval.cl\/wp-content\/uploads\/2023\/04\/diaactividadfisica.jpg\",\"width\":1191,\"height\":800},{\"@type\":\"BreadcrumbList\",\"@id\":\"https:\/\/escuelaespanaval.cl\/?p=1466#breadcrumb\",\"itemListElement\":[{\"@type\":\"ListItem\",\"position\":1,\"name\":\"Portada\",\"item\":\"https:\/\/escuelaespanaval.cl\/\"},{\"@type\":\"ListItem\",\"position\":2,\"name\":\"D\u00eda mundial de la actividad f\u00edsica\"}]},{\"@type\":\"WebSite\",\"@id\":\"https:\/\/escuelaespanaval.cl\/#website\",\"url\":\"https:\/\/escuelaespanaval.cl\/\",\"name\":\"Escuela Espa\u00f1a\",\"description\":\"Valdivia\",\"publisher\":{\"@id\":\"https:\/\/escuelaespanaval.cl\/#organization\"},\"potentialAction\":[{\"@type\":\"SearchAction\",\"target\":{\"@type\":\"EntryPoint\",\"urlTemplate\":\"https:\/\/escuelaespanaval.cl\/?s={search_term_string}\"},\"query-input\":{\"@type\":\"PropertyValueSpecification\",\"valueRequired\":true,\"valueName\":\"search_term_string\"}}],\"inLanguage\":\"es\"},{\"@type\":\"Organization\",\"@id\":\"https:\/\/escuelaespanaval.cl\/#organization\",\"name\":\"Escuela Espa\u00f1a\",\"url\":\"https:\/\/escuelaespanaval.cl\/\",\"logo\":{\"@type\":\"ImageObject\",\"inLanguage\":\"es\",\"@id\":\"https:\/\/escuelaespanaval.cl\/#\/schema\/logo\/image\/\",\"url\":\"https:\/\/escuelaespanaval.cl\/wp-content\/uploads\/2020\/12\/LOGO_ESCUELA.png\",\"contentUrl\":\"https:\/\/escuelaespanaval.cl\/wp-content\/uploads\/2020\/12\/LOGO_ESCUELA.png\",\"width\":1550,\"height\":2402,\"caption\":\"Escuela Espa\u00f1a\"},\"image\":{\"@id\":\"https:\/\/escuelaespanaval.cl\/#\/schema\/logo\/image\/\"},\"sameAs\":[\"https:\/\/www.facebook.com\/escuelaespanavald\",\"https:\/\/www.youtube.com\/@escuelaespanavaldivia97\"]},{\"@type\":\"Person\",\"@id\":\"https:\/\/escuelaespanaval.cl\/#\/schema\/person\/b8dc96fec133a948c2114bb5cba3ca1a\",\"name\":\"Administrador\",\"image\":{\"@type\":\"ImageObject\",\"inLanguage\":\"es\",\"@id\":\"https:\/\/escuelaespanaval.cl\/#\/schema\/person\/image\/\",\"url\":\"https:\/\/secure.gravatar.com\/avatar\/1a4537f0b323ae38f6776eb293038a2af5616bfe3d24bf6be540f254d895dd45?s=96&d=mm&r=g\",\"contentUrl\":\"https:\/\/secure.gravatar.com\/avatar\/1a4537f0b323ae38f6776eb293038a2af5616bfe3d24bf6be540f254d895dd45?s=96&d=mm&r=g\",\"caption\":\"Administrador\"},\"sameAs\":[\"https:\/\/escuelaespanaval.cl\/wp\"],\"url\":\"https:\/\/escuelaespanaval.cl\/?author=1\"}]}<\/script>\n<!-- \/ Yoast SEO plugin. -->","yoast_head_json":{"title":"D\u00eda mundial de la actividad f\u00edsica - Escuela Espa\u00f1a","robots":{"index":"index","follow":"follow","max-snippet":"max-snippet:-1","max-image-preview":"max-image-preview:large","max-video-preview":"max-video-preview:-1"},"canonical":"https:\/\/escuelaespanaval.cl\/?p=1466","og_locale":"es_ES","og_type":"article","og_title":"D\u00eda mundial de la actividad f\u00edsica - Escuela Espa\u00f1a","og_description":"Ven con tu buzo del colegio y \u00fanete a nosotros en nuestras actividades. El mi\u00e9rcoles ser\u00e1 para preb\u00e1sica y primer ciclo, mientras que el jueves ser\u00e1 para el segundo ciclo. Mu\u00e9vete y disfruta de los beneficios de la actividad f\u00edsica. \u00a1Tu cuerpo y mente te lo agradecer\u00e1n! #D\u00edaDeLaActividadF\u00edsica #MueveTuCuerpo #VidaActiva #Ejercicio #Bienestar #SaludF\u00edsica #SaludMental","og_url":"https:\/\/escuelaespanaval.cl\/?p=1466","og_site_name":"Escuela Espa\u00f1a","article_publisher":"https:\/\/www.facebook.com\/escuelaespanavald","article_published_time":"2023-04-04T18:11:56+00:00","og_image":[{"width":1191,"height":800,"url":"https:\/\/escuelaespanaval.cl\/wp-content\/uploads\/2023\/04\/diaactividadfisica.jpg","type":"image\/jpeg"}],"author":"Administrador","twitter_card":"summary_large_image","twitter_misc":{"Escrito por":"Administrador"},"schema":{"@context":"https:\/\/schema.org","@graph":[{"@type":"Article","@id":"https:\/\/escuelaespanaval.cl\/?p=1466#article","isPartOf":{"@id":"https:\/\/escuelaespanaval.cl\/?p=1466"},"author":{"name":"Administrador","@id":"https:\/\/escuelaespanaval.cl\/#\/schema\/person\/b8dc96fec133a948c2114bb5cba3ca1a"},"headline":"D\u00eda mundial de la actividad f\u00edsica","datePublished":"2023-04-04T18:11:56+00:00","mainEntityOfPage":{"@id":"https:\/\/escuelaespanaval.cl\/?p=1466"},"wordCount":70,"publisher":{"@id":"https:\/\/escuelaespanaval.cl\/#organization"},"image":{"@id":"https:\/\/escuelaespanaval.cl\/?p=1466#primaryimage"},"thumbnailUrl":"https:\/\/escuelaespanaval.cl\/wp-content\/uploads\/2023\/04\/diaactividadfisica.jpg","articleSection":["Actividades"],"inLanguage":"es"},{"@type":"WebPage","@id":"https:\/\/escuelaespanaval.cl\/?p=1466","url":"https:\/\/escuelaespanaval.cl\/?p=1466","name":"D\u00eda mundial de la actividad f\u00edsica - Escuela Espa\u00f1a","isPartOf":{"@id":"https:\/\/escuelaespanaval.cl\/#website"},"primaryImageOfPage":{"@id":"https:\/\/escuelaespanaval.cl\/?p=1466#primaryimage"},"image":{"@id":"https:\/\/escuelaespanaval.cl\/?p=1466#primaryimage"},"thumbnailUrl":"https:\/\/escuelaespanaval.cl\/wp-content\/uploads\/2023\/04\/diaactividadfisica.jpg","datePublished":"2023-04-04T18:11:56+00:00","breadcrumb":{"@id":"https:\/\/escuelaespanaval.cl\/?p=1466#breadcrumb"},"inLanguage":"es","potentialAction":[{"@type":"ReadAction","target":["https:\/\/escuelaespanaval.cl\/?p=1466"]}]},{"@type":"ImageObject","inLanguage":"es","@id":"https:\/\/escuelaespanaval.cl\/?p=1466#primaryimage","url":"https:\/\/escuelaespanaval.cl\/wp-content\/uploads\/2023\/04\/diaactividadfisica.jpg","contentUrl":"https:\/\/escuelaespanaval.cl\/wp-content\/uploads\/2023\/04\/diaactividadfisica.jpg","width":1191,"height":800},{"@type":"BreadcrumbList","@id":"https:\/\/escuelaespanaval.cl\/?p=1466#breadcrumb","itemListElement":[{"@type":"ListItem","position":1,"name":"Portada","item":"https:\/\/escuelaespanaval.cl\/"},{"@type":"ListItem","position":2,"name":"D\u00eda mundial de la actividad f\u00edsica"}]},{"@type":"WebSite","@id":"https:\/\/escuelaespanaval.cl\/#website","url":"https:\/\/escuelaespanaval.cl\/","name":"Escuela Espa\u00f1a","description":"Valdivia","publisher":{"@id":"https:\/\/escuelaespanaval.cl\/#organization"},"potentialAction":[{"@type":"SearchAction","target":{"@type":"EntryPoint","urlTemplate":"https:\/\/escuelaespanaval.cl\/?s={search_term_string}"},"query-input":{"@type":"PropertyValueSpecification","valueRequired":true,"valueName":"search_term_string"}}],"inLanguage":"es"},{"@type":"Organization","@id":"https:\/\/escuelaespanaval.cl\/#organization","name":"Escuela Espa\u00f1a","url":"https:\/\/escuelaespanaval.cl\/","logo":{"@type":"ImageObject","inLanguage":"es","@id":"https:\/\/escuelaespanaval.cl\/#\/schema\/logo\/image\/","url":"https:\/\/escuelaespanaval.cl\/wp-content\/uploads\/2020\/12\/LOGO_ESCUELA.png","contentUrl":"https:\/\/escuelaespanaval.cl\/wp-content\/uploads\/2020\/12\/LOGO_ESCUELA.png","width":1550,"height":2402,"caption":"Escuela Espa\u00f1a"},"image":{"@id":"https:\/\/escuelaespanaval.cl\/#\/schema\/logo\/image\/"},"sameAs":["https:\/\/www.facebook.com\/escuelaespanavald","https:\/\/www.youtube.com\/@escuelaespanavaldivia97"]},{"@type":"Person","@id":"https:\/\/escuelaespanaval.cl\/#\/schema\/person\/b8dc96fec133a948c2114bb5cba3ca1a","name":"Administrador","image":{"@type":"ImageObject","inLanguage":"es","@id":"https:\/\/escuelaespanaval.cl\/#\/schema\/person\/image\/","url":"https:\/\/secure.gravatar.com\/avatar\/1a4537f0b323ae38f6776eb293038a2af5616bfe3d24bf6be540f254d895dd45?s=96&d=mm&r=g","contentUrl":"https:\/\/secure.gravatar.com\/avatar\/1a4537f0b323ae38f6776eb293038a2af5616bfe3d24bf6be540f254d895dd45?s=96&d=mm&r=g","caption":"Administrador"},"sameAs":["https:\/\/escuelaespanaval.cl\/wp"],"url":"https:\/\/escuelaespanaval.cl\/?author=1"}]}},"_links":{"self":[{"href":"https:\/\/escuelaespanaval.cl\/index.php?rest_route=\/wp\/v2\/posts\/1466","targetHints":{"allow":["GET"]}}],"collection":[{"href":"https:\/\/escuelaespanaval.cl\/index.php?rest_route=\/wp\/v2\/posts"}],"about":[{"href":"https:\/\/escuelaespanaval.cl\/index.php?rest_route=\/wp\/v2\/types\/post"}],"author":[{"embeddable":true,"href":"https:\/\/escuelaespanaval.cl\/index.php?rest_route=\/wp\/v2\/users\/1"}],"replies":[{"embeddable":true,"href":"https:\/\/escuelaespanaval.cl\/index.php?rest_route=%2Fwp%2Fv2%2Fcomments&post=1466"}],"version-history":[{"count":1,"href":"https:\/\/escuelaespanaval.cl\/index.php?rest_route=\/wp\/v2\/posts\/1466\/revisions"}],"predecessor-version":[{"id":1468,"href":"https:\/\/escuelaespanaval.cl\/index.php?rest_route=\/wp\/v2\/posts\/1466\/revisions\/1468"}],"wp:featuredmedia":[{"embeddable":true,"href":"https:\/\/escuelaespanaval.cl\/index.php?rest_route=\/wp\/v2\/media\/1467"}],"wp:attachment":[{"href":"https:\/\/escuelaespanaval.cl\/index.php?rest_route=%2Fwp%2Fv2%2Fmedia&parent=1466"}],"wp:term":[{"taxonomy":"category","embeddable":true,"href":"https:\/\/escuelaespanaval.cl\/index.php?rest_route=%2Fwp%2Fv2%2Fcategories&post=1466"},{"taxonomy":"post_tag","embeddable":true,"href":"https:\/\/escuelaespanaval.cl\/index.php?rest_route=%2Fwp%2Fv2%2Ftags&post=1466"}],"curies":[{"name":"wp","href":"https:\/\/api.w.org\/{rel}","templated":true}]}}