{"id":1458,"date":"2023-03-22T16:40:41","date_gmt":"2023-03-22T16:40:41","guid":{"rendered":"https:\/\/escuelaespanaval.cl\/?p=1458"},"modified":"2023-04-04T16:44:37","modified_gmt":"2023-04-04T16:44:37","slug":"dia-del-sindrome-de-down","status":"publish","type":"post","link":"https:\/\/escuelaespanaval.cl\/?p=1458","title":{"rendered":"D\u00eda del S\u00edndrome de Down"},"content":{"rendered":"\n<p><span style=\"color: var(--yuki-content-base-color); font-size: revert;\">En el D\u00eda del S\u00edndrome de Down, celebremos la diversidad de nuestra comunidad y trabajemos juntos para eliminar los estigmas y las barreras que enfrentan las personas con s\u00edndrome de Down. Juntos podemos construir un mundo m\u00e1s justo y equitativo para todos.<\/span><\/p>\n\n\n\n<p>Las educadoras Gabriela y Victoria visitaron algunas aulas para relatar la historia\u2026<\/p>\n\n\n\n<figure class=\"wp-block-image\"><img decoding=\"async\" src=\"https:\/\/static.xx.fbcdn.net\/images\/emoji.php\/v9\/t9c\/1\/16\/1f4d4.png\" alt=\"\ud83d\udcd4\"\/><\/figure>\n\n\n\n<p>No <a><\/a>somos angelitos es la historia de un ni\u00f1o con un cromosoma de m\u00e1s que llega a un nuevo hogar. All\u00ed recibe cumplidos de los familiares, amigos, conocidos y extra\u00f1os: \u201c\u00a1Es un sol!\u201d, \u201c\u00a1Es un tesoro!\u201d, \u201c\u00a1Maravilloso!\u201d, dicen una y otra vez: \u201c\u00a1\u00a1Es un angelito!!\u201d. \u00bfAngelito? Esta es la pregunta que se hace Gustavo Ariel Rosemffet \u2013Gusti\u2013, autor e ilustrador argentino, en su m\u00e1s reciente libro.<\/p>\n\n\n\n<p>No somos angelitos es una historia que rebate los estereotipos y las formas con que las personas se refieren a los ni\u00f1os con s\u00edndrome de Down. Apoy\u00e1ndose en el humor, Gusti va revelando la complejidad de un ni\u00f1o que a ratos es muy cari\u00f1oso y en otros momentos es furioso, feliz, o irritable: no como un angelito, sino, m\u00e1s bien, como cualquier ni\u00f1o.<\/p>\n\n\n\n<div class=\"wp-block-group is-layout-constrained wp-block-group-is-layout-constrained\">\n<div class=\"wp-block-columns is-layout-flex wp-container-core-columns-is-layout-28f84493 wp-block-columns-is-layout-flex\">\n<div class=\"wp-block-column is-layout-flow wp-block-column-is-layout-flow\" style=\"flex-basis:100%\">\n<figure class=\"wp-block-gallery has-nested-images columns-default is-cropped wp-block-gallery-1 is-layout-flex wp-block-gallery-is-layout-flex\">\n<figure class=\"wp-block-image size-large\"><img loading=\"lazy\" decoding=\"async\" width=\"648\" height=\"1024\" data-id=\"1459\" src=\"https:\/\/escuelaespanaval.cl\/wp-content\/uploads\/2023\/04\/336881184_601776208177533_4297764501773924463_n-648x1024.jpg\" alt=\"\" class=\"wp-image-1459\" srcset=\"https:\/\/escuelaespanaval.cl\/wp-content\/uploads\/2023\/04\/336881184_601776208177533_4297764501773924463_n-648x1024.jpg 648w, https:\/\/escuelaespanaval.cl\/wp-content\/uploads\/2023\/04\/336881184_601776208177533_4297764501773924463_n-190x300.jpg 190w, https:\/\/escuelaespanaval.cl\/wp-content\/uploads\/2023\/04\/336881184_601776208177533_4297764501773924463_n-768x1214.jpg 768w, https:\/\/escuelaespanaval.cl\/wp-content\/uploads\/2023\/04\/336881184_601776208177533_4297764501773924463_n-972x1536.jpg 972w, https:\/\/escuelaespanaval.cl\/wp-content\/uploads\/2023\/04\/336881184_601776208177533_4297764501773924463_n.jpg 1012w\" sizes=\"auto, (max-width: 648px) 100vw, 648px\" \/><\/figure>\n<\/figure>\n<\/div>\n<\/div>\n<\/div>\n\n\n\n<figure class=\"wp-block-image size-large\"><img loading=\"lazy\" decoding=\"async\" width=\"1024\" height=\"1024\" src=\"https:\/\/escuelaespanaval.cl\/wp-content\/uploads\/2023\/04\/337243098_963543265059010_1685215045268604016_n-1024x1024.jpg\" alt=\"\" class=\"wp-image-1460\" srcset=\"https:\/\/escuelaespanaval.cl\/wp-content\/uploads\/2023\/04\/337243098_963543265059010_1685215045268604016_n-1024x1024.jpg 1024w, https:\/\/escuelaespanaval.cl\/wp-content\/uploads\/2023\/04\/337243098_963543265059010_1685215045268604016_n-300x300.jpg 300w, https:\/\/escuelaespanaval.cl\/wp-content\/uploads\/2023\/04\/337243098_963543265059010_1685215045268604016_n-150x150.jpg 150w, https:\/\/escuelaespanaval.cl\/wp-content\/uploads\/2023\/04\/337243098_963543265059010_1685215045268604016_n-768x768.jpg 768w, https:\/\/escuelaespanaval.cl\/wp-content\/uploads\/2023\/04\/337243098_963543265059010_1685215045268604016_n.jpg 1080w\" sizes=\"auto, (max-width: 1024px) 100vw, 1024px\" \/><\/figure>\n","protected":false},"excerpt":{"rendered":"<p>En el D\u00eda del S\u00edndrome de Down, celebremos la diversidad de nuestra comunidad y trabajemos juntos para eliminar los estigmas y las barreras que enfrentan las personas con s\u00edndrome de Down. Juntos podemos construir un mundo m\u00e1s justo y equitativo para todos. Las educadoras Gabriela y Victoria visitaron algunas aulas para relatar la historia\u2026 No [&hellip;]<\/p>\n","protected":false},"author":1,"featured_media":1459,"comment_status":"closed","ping_status":"open","sticky":false,"template":"","format":"standard","meta":{"_monsterinsights_skip_tracking":false,"_monsterinsights_sitenote_active":false,"_monsterinsights_sitenote_note":"","_monsterinsights_sitenote_category":0,"site-container-style":"default","site-container-layout":"default","site-sidebar-layout":"default","disable-article-header":"default","disable-site-header":"default","disable-site-footer":"default","disable-content-area-spacing":"default","footnotes":""},"categories":[4],"tags":[],"class_list":["post-1458","post","type-post","status-publish","format-standard","has-post-thumbnail","hentry","category-noticias"],"yoast_head":"<!-- This site is optimized with the Yoast SEO plugin v27.1.1 - https:\/\/yoast.com\/product\/yoast-seo-wordpress\/ -->\n<title>D\u00eda del S\u00edndrome de Down - Escuela Espa\u00f1a<\/title>\n<meta name=\"robots\" content=\"index, follow, max-snippet:-1, max-image-preview:large, max-video-preview:-1\" \/>\n<link rel=\"canonical\" href=\"https:\/\/escuelaespanaval.cl\/?p=1458\" \/>\n<meta property=\"og:locale\" content=\"es_ES\" \/>\n<meta property=\"og:type\" content=\"article\" \/>\n<meta property=\"og:title\" content=\"D\u00eda del S\u00edndrome de Down - Escuela Espa\u00f1a\" \/>\n<meta property=\"og:description\" content=\"En el D\u00eda del S\u00edndrome de Down, celebremos la diversidad de nuestra comunidad y trabajemos juntos para eliminar los estigmas y las barreras que enfrentan las personas con s\u00edndrome de Down. Juntos podemos construir un mundo m\u00e1s justo y equitativo para todos. Las educadoras Gabriela y Victoria visitaron algunas aulas para relatar la historia\u2026 No [&hellip;]\" \/>\n<meta property=\"og:url\" content=\"https:\/\/escuelaespanaval.cl\/?p=1458\" \/>\n<meta property=\"og:site_name\" content=\"Escuela Espa\u00f1a\" \/>\n<meta property=\"article:publisher\" content=\"https:\/\/www.facebook.com\/escuelaespanavald\" \/>\n<meta property=\"article:published_time\" content=\"2023-03-22T16:40:41+00:00\" \/>\n<meta property=\"article:modified_time\" content=\"2023-04-04T16:44:37+00:00\" \/>\n<meta property=\"og:image\" content=\"https:\/\/escuelaespanaval.cl\/wp-content\/uploads\/2023\/04\/336881184_601776208177533_4297764501773924463_n.jpg\" \/>\n\t<meta property=\"og:image:width\" content=\"1012\" \/>\n\t<meta property=\"og:image:height\" content=\"1600\" \/>\n\t<meta property=\"og:image:type\" content=\"image\/jpeg\" \/>\n<meta name=\"author\" content=\"Administrador\" \/>\n<meta name=\"twitter:card\" content=\"summary_large_image\" \/>\n<meta name=\"twitter:label1\" content=\"Escrito por\" \/>\n\t<meta name=\"twitter:data1\" content=\"Administrador\" \/>\n\t<meta name=\"twitter:label2\" content=\"Tiempo de lectura\" \/>\n\t<meta name=\"twitter:data2\" content=\"1 minuto\" \/>\n<script type=\"application\/ld+json\" class=\"yoast-schema-graph\">{\"@context\":\"https:\/\/schema.org\",\"@graph\":[{\"@type\":\"Article\",\"@id\":\"https:\/\/escuelaespanaval.cl\/?p=1458#article\",\"isPartOf\":{\"@id\":\"https:\/\/escuelaespanaval.cl\/?p=1458\"},\"author\":{\"name\":\"Administrador\",\"@id\":\"https:\/\/escuelaespanaval.cl\/#\/schema\/person\/b8dc96fec133a948c2114bb5cba3ca1a\"},\"headline\":\"D\u00eda del S\u00edndrome de Down\",\"datePublished\":\"2023-03-22T16:40:41+00:00\",\"dateModified\":\"2023-04-04T16:44:37+00:00\",\"mainEntityOfPage\":{\"@id\":\"https:\/\/escuelaespanaval.cl\/?p=1458\"},\"wordCount\":205,\"publisher\":{\"@id\":\"https:\/\/escuelaespanaval.cl\/#organization\"},\"image\":{\"@id\":\"https:\/\/escuelaespanaval.cl\/?p=1458#primaryimage\"},\"thumbnailUrl\":\"https:\/\/escuelaespanaval.cl\/wp-content\/uploads\/2023\/04\/336881184_601776208177533_4297764501773924463_n.jpg\",\"articleSection\":[\"Noticias\"],\"inLanguage\":\"es\"},{\"@type\":\"WebPage\",\"@id\":\"https:\/\/escuelaespanaval.cl\/?p=1458\",\"url\":\"https:\/\/escuelaespanaval.cl\/?p=1458\",\"name\":\"D\u00eda del S\u00edndrome de Down - Escuela Espa\u00f1a\",\"isPartOf\":{\"@id\":\"https:\/\/escuelaespanaval.cl\/#website\"},\"primaryImageOfPage\":{\"@id\":\"https:\/\/escuelaespanaval.cl\/?p=1458#primaryimage\"},\"image\":{\"@id\":\"https:\/\/escuelaespanaval.cl\/?p=1458#primaryimage\"},\"thumbnailUrl\":\"https:\/\/escuelaespanaval.cl\/wp-content\/uploads\/2023\/04\/336881184_601776208177533_4297764501773924463_n.jpg\",\"datePublished\":\"2023-03-22T16:40:41+00:00\",\"dateModified\":\"2023-04-04T16:44:37+00:00\",\"breadcrumb\":{\"@id\":\"https:\/\/escuelaespanaval.cl\/?p=1458#breadcrumb\"},\"inLanguage\":\"es\",\"potentialAction\":[{\"@type\":\"ReadAction\",\"target\":[\"https:\/\/escuelaespanaval.cl\/?p=1458\"]}]},{\"@type\":\"ImageObject\",\"inLanguage\":\"es\",\"@id\":\"https:\/\/escuelaespanaval.cl\/?p=1458#primaryimage\",\"url\":\"https:\/\/escuelaespanaval.cl\/wp-content\/uploads\/2023\/04\/336881184_601776208177533_4297764501773924463_n.jpg\",\"contentUrl\":\"https:\/\/escuelaespanaval.cl\/wp-content\/uploads\/2023\/04\/336881184_601776208177533_4297764501773924463_n.jpg\",\"width\":1012,\"height\":1600},{\"@type\":\"BreadcrumbList\",\"@id\":\"https:\/\/escuelaespanaval.cl\/?p=1458#breadcrumb\",\"itemListElement\":[{\"@type\":\"ListItem\",\"position\":1,\"name\":\"Portada\",\"item\":\"https:\/\/escuelaespanaval.cl\/\"},{\"@type\":\"ListItem\",\"position\":2,\"name\":\"D\u00eda del S\u00edndrome de Down\"}]},{\"@type\":\"WebSite\",\"@id\":\"https:\/\/escuelaespanaval.cl\/#website\",\"url\":\"https:\/\/escuelaespanaval.cl\/\",\"name\":\"Escuela Espa\u00f1a\",\"description\":\"Valdivia\",\"publisher\":{\"@id\":\"https:\/\/escuelaespanaval.cl\/#organization\"},\"potentialAction\":[{\"@type\":\"SearchAction\",\"target\":{\"@type\":\"EntryPoint\",\"urlTemplate\":\"https:\/\/escuelaespanaval.cl\/?s={search_term_string}\"},\"query-input\":{\"@type\":\"PropertyValueSpecification\",\"valueRequired\":true,\"valueName\":\"search_term_string\"}}],\"inLanguage\":\"es\"},{\"@type\":\"Organization\",\"@id\":\"https:\/\/escuelaespanaval.cl\/#organization\",\"name\":\"Escuela Espa\u00f1a\",\"url\":\"https:\/\/escuelaespanaval.cl\/\",\"logo\":{\"@type\":\"ImageObject\",\"inLanguage\":\"es\",\"@id\":\"https:\/\/escuelaespanaval.cl\/#\/schema\/logo\/image\/\",\"url\":\"https:\/\/escuelaespanaval.cl\/wp-content\/uploads\/2020\/12\/LOGO_ESCUELA.png\",\"contentUrl\":\"https:\/\/escuelaespanaval.cl\/wp-content\/uploads\/2020\/12\/LOGO_ESCUELA.png\",\"width\":1550,\"height\":2402,\"caption\":\"Escuela Espa\u00f1a\"},\"image\":{\"@id\":\"https:\/\/escuelaespanaval.cl\/#\/schema\/logo\/image\/\"},\"sameAs\":[\"https:\/\/www.facebook.com\/escuelaespanavald\",\"https:\/\/www.youtube.com\/@escuelaespanavaldivia97\"]},{\"@type\":\"Person\",\"@id\":\"https:\/\/escuelaespanaval.cl\/#\/schema\/person\/b8dc96fec133a948c2114bb5cba3ca1a\",\"name\":\"Administrador\",\"image\":{\"@type\":\"ImageObject\",\"inLanguage\":\"es\",\"@id\":\"https:\/\/escuelaespanaval.cl\/#\/schema\/person\/image\/\",\"url\":\"https:\/\/secure.gravatar.com\/avatar\/1a4537f0b323ae38f6776eb293038a2af5616bfe3d24bf6be540f254d895dd45?s=96&d=mm&r=g\",\"contentUrl\":\"https:\/\/secure.gravatar.com\/avatar\/1a4537f0b323ae38f6776eb293038a2af5616bfe3d24bf6be540f254d895dd45?s=96&d=mm&r=g\",\"caption\":\"Administrador\"},\"sameAs\":[\"https:\/\/escuelaespanaval.cl\/wp\"],\"url\":\"https:\/\/escuelaespanaval.cl\/?author=1\"}]}<\/script>\n<!-- \/ Yoast SEO plugin. -->","yoast_head_json":{"title":"D\u00eda del S\u00edndrome de Down - Escuela Espa\u00f1a","robots":{"index":"index","follow":"follow","max-snippet":"max-snippet:-1","max-image-preview":"max-image-preview:large","max-video-preview":"max-video-preview:-1"},"canonical":"https:\/\/escuelaespanaval.cl\/?p=1458","og_locale":"es_ES","og_type":"article","og_title":"D\u00eda del S\u00edndrome de Down - Escuela Espa\u00f1a","og_description":"En el D\u00eda del S\u00edndrome de Down, celebremos la diversidad de nuestra comunidad y trabajemos juntos para eliminar los estigmas y las barreras que enfrentan las personas con s\u00edndrome de Down. Juntos podemos construir un mundo m\u00e1s justo y equitativo para todos. Las educadoras Gabriela y Victoria visitaron algunas aulas para relatar la historia\u2026 No [&hellip;]","og_url":"https:\/\/escuelaespanaval.cl\/?p=1458","og_site_name":"Escuela Espa\u00f1a","article_publisher":"https:\/\/www.facebook.com\/escuelaespanavald","article_published_time":"2023-03-22T16:40:41+00:00","article_modified_time":"2023-04-04T16:44:37+00:00","og_image":[{"width":1012,"height":1600,"url":"https:\/\/escuelaespanaval.cl\/wp-content\/uploads\/2023\/04\/336881184_601776208177533_4297764501773924463_n.jpg","type":"image\/jpeg"}],"author":"Administrador","twitter_card":"summary_large_image","twitter_misc":{"Escrito por":"Administrador","Tiempo de lectura":"1 minuto"},"schema":{"@context":"https:\/\/schema.org","@graph":[{"@type":"Article","@id":"https:\/\/escuelaespanaval.cl\/?p=1458#article","isPartOf":{"@id":"https:\/\/escuelaespanaval.cl\/?p=1458"},"author":{"name":"Administrador","@id":"https:\/\/escuelaespanaval.cl\/#\/schema\/person\/b8dc96fec133a948c2114bb5cba3ca1a"},"headline":"D\u00eda del S\u00edndrome de Down","datePublished":"2023-03-22T16:40:41+00:00","dateModified":"2023-04-04T16:44:37+00:00","mainEntityOfPage":{"@id":"https:\/\/escuelaespanaval.cl\/?p=1458"},"wordCount":205,"publisher":{"@id":"https:\/\/escuelaespanaval.cl\/#organization"},"image":{"@id":"https:\/\/escuelaespanaval.cl\/?p=1458#primaryimage"},"thumbnailUrl":"https:\/\/escuelaespanaval.cl\/wp-content\/uploads\/2023\/04\/336881184_601776208177533_4297764501773924463_n.jpg","articleSection":["Noticias"],"inLanguage":"es"},{"@type":"WebPage","@id":"https:\/\/escuelaespanaval.cl\/?p=1458","url":"https:\/\/escuelaespanaval.cl\/?p=1458","name":"D\u00eda del S\u00edndrome de Down - Escuela Espa\u00f1a","isPartOf":{"@id":"https:\/\/escuelaespanaval.cl\/#website"},"primaryImageOfPage":{"@id":"https:\/\/escuelaespanaval.cl\/?p=1458#primaryimage"},"image":{"@id":"https:\/\/escuelaespanaval.cl\/?p=1458#primaryimage"},"thumbnailUrl":"https:\/\/escuelaespanaval.cl\/wp-content\/uploads\/2023\/04\/336881184_601776208177533_4297764501773924463_n.jpg","datePublished":"2023-03-22T16:40:41+00:00","dateModified":"2023-04-04T16:44:37+00:00","breadcrumb":{"@id":"https:\/\/escuelaespanaval.cl\/?p=1458#breadcrumb"},"inLanguage":"es","potentialAction":[{"@type":"ReadAction","target":["https:\/\/escuelaespanaval.cl\/?p=1458"]}]},{"@type":"ImageObject","inLanguage":"es","@id":"https:\/\/escuelaespanaval.cl\/?p=1458#primaryimage","url":"https:\/\/escuelaespanaval.cl\/wp-content\/uploads\/2023\/04\/336881184_601776208177533_4297764501773924463_n.jpg","contentUrl":"https:\/\/escuelaespanaval.cl\/wp-content\/uploads\/2023\/04\/336881184_601776208177533_4297764501773924463_n.jpg","width":1012,"height":1600},{"@type":"BreadcrumbList","@id":"https:\/\/escuelaespanaval.cl\/?p=1458#breadcrumb","itemListElement":[{"@type":"ListItem","position":1,"name":"Portada","item":"https:\/\/escuelaespanaval.cl\/"},{"@type":"ListItem","position":2,"name":"D\u00eda del S\u00edndrome de Down"}]},{"@type":"WebSite","@id":"https:\/\/escuelaespanaval.cl\/#website","url":"https:\/\/escuelaespanaval.cl\/","name":"Escuela Espa\u00f1a","description":"Valdivia","publisher":{"@id":"https:\/\/escuelaespanaval.cl\/#organization"},"potentialAction":[{"@type":"SearchAction","target":{"@type":"EntryPoint","urlTemplate":"https:\/\/escuelaespanaval.cl\/?s={search_term_string}"},"query-input":{"@type":"PropertyValueSpecification","valueRequired":true,"valueName":"search_term_string"}}],"inLanguage":"es"},{"@type":"Organization","@id":"https:\/\/escuelaespanaval.cl\/#organization","name":"Escuela Espa\u00f1a","url":"https:\/\/escuelaespanaval.cl\/","logo":{"@type":"ImageObject","inLanguage":"es","@id":"https:\/\/escuelaespanaval.cl\/#\/schema\/logo\/image\/","url":"https:\/\/escuelaespanaval.cl\/wp-content\/uploads\/2020\/12\/LOGO_ESCUELA.png","contentUrl":"https:\/\/escuelaespanaval.cl\/wp-content\/uploads\/2020\/12\/LOGO_ESCUELA.png","width":1550,"height":2402,"caption":"Escuela Espa\u00f1a"},"image":{"@id":"https:\/\/escuelaespanaval.cl\/#\/schema\/logo\/image\/"},"sameAs":["https:\/\/www.facebook.com\/escuelaespanavald","https:\/\/www.youtube.com\/@escuelaespanavaldivia97"]},{"@type":"Person","@id":"https:\/\/escuelaespanaval.cl\/#\/schema\/person\/b8dc96fec133a948c2114bb5cba3ca1a","name":"Administrador","image":{"@type":"ImageObject","inLanguage":"es","@id":"https:\/\/escuelaespanaval.cl\/#\/schema\/person\/image\/","url":"https:\/\/secure.gravatar.com\/avatar\/1a4537f0b323ae38f6776eb293038a2af5616bfe3d24bf6be540f254d895dd45?s=96&d=mm&r=g","contentUrl":"https:\/\/secure.gravatar.com\/avatar\/1a4537f0b323ae38f6776eb293038a2af5616bfe3d24bf6be540f254d895dd45?s=96&d=mm&r=g","caption":"Administrador"},"sameAs":["https:\/\/escuelaespanaval.cl\/wp"],"url":"https:\/\/escuelaespanaval.cl\/?author=1"}]}},"_links":{"self":[{"href":"https:\/\/escuelaespanaval.cl\/index.php?rest_route=\/wp\/v2\/posts\/1458","targetHints":{"allow":["GET"]}}],"collection":[{"href":"https:\/\/escuelaespanaval.cl\/index.php?rest_route=\/wp\/v2\/posts"}],"about":[{"href":"https:\/\/escuelaespanaval.cl\/index.php?rest_route=\/wp\/v2\/types\/post"}],"author":[{"embeddable":true,"href":"https:\/\/escuelaespanaval.cl\/index.php?rest_route=\/wp\/v2\/users\/1"}],"replies":[{"embeddable":true,"href":"https:\/\/escuelaespanaval.cl\/index.php?rest_route=%2Fwp%2Fv2%2Fcomments&post=1458"}],"version-history":[{"count":1,"href":"https:\/\/escuelaespanaval.cl\/index.php?rest_route=\/wp\/v2\/posts\/1458\/revisions"}],"predecessor-version":[{"id":1461,"href":"https:\/\/escuelaespanaval.cl\/index.php?rest_route=\/wp\/v2\/posts\/1458\/revisions\/1461"}],"wp:featuredmedia":[{"embeddable":true,"href":"https:\/\/escuelaespanaval.cl\/index.php?rest_route=\/wp\/v2\/media\/1459"}],"wp:attachment":[{"href":"https:\/\/escuelaespanaval.cl\/index.php?rest_route=%2Fwp%2Fv2%2Fmedia&parent=1458"}],"wp:term":[{"taxonomy":"category","embeddable":true,"href":"https:\/\/escuelaespanaval.cl\/index.php?rest_route=%2Fwp%2Fv2%2Fcategories&post=1458"},{"taxonomy":"post_tag","embeddable":true,"href":"https:\/\/escuelaespanaval.cl\/index.php?rest_route=%2Fwp%2Fv2%2Ftags&post=1458"}],"curies":[{"name":"wp","href":"https:\/\/api.w.org\/{rel}","templated":true}]}}