{"id":145,"date":"2019-03-06T19:35:00","date_gmt":"2019-03-06T19:35:00","guid":{"rendered":"https:\/\/escuelaespanaval.cl\/wp\/?p=145"},"modified":"2020-12-12T19:48:56","modified_gmt":"2020-12-12T19:48:56","slug":"inicio-ano-escolar-2019","status":"publish","type":"post","link":"https:\/\/escuelaespanaval.cl\/?p=145","title":{"rendered":"Inicio A\u00f1o Escolar 2019"},"content":{"rendered":"\n<p>05 de Marzo dimos inicio al a\u00f1o escolar 2019<\/p>\n\n\n\n<figure class=\"wp-block-gallery columns-3 is-cropped wp-block-gallery-1 is-layout-flex wp-block-gallery-is-layout-flex\"><ul class=\"blocks-gallery-grid\"><li class=\"blocks-gallery-item\"><figure><img loading=\"lazy\" decoding=\"async\" width=\"1024\" height=\"576\" src=\"https:\/\/escuelaespanaval.cl\/wp\/wp-content\/uploads\/2020\/12\/IMG_1971-1024x576.jpg\" alt=\"\" data-id=\"146\" data-full-url=\"https:\/\/escuelaespanaval.cl\/wp\/wp-content\/uploads\/2020\/12\/IMG_1971.jpg\" data-link=\"https:\/\/escuelaespanaval.cl\/wp\/?attachment_id=146\" class=\"wp-image-146\" srcset=\"https:\/\/escuelaespanaval.cl\/wp-content\/uploads\/2020\/12\/IMG_1971-1024x576.jpg 1024w, https:\/\/escuelaespanaval.cl\/wp-content\/uploads\/2020\/12\/IMG_1971-300x169.jpg 300w, https:\/\/escuelaespanaval.cl\/wp-content\/uploads\/2020\/12\/IMG_1971-768x432.jpg 768w, https:\/\/escuelaespanaval.cl\/wp-content\/uploads\/2020\/12\/IMG_1971-1536x864.jpg 1536w, https:\/\/escuelaespanaval.cl\/wp-content\/uploads\/2020\/12\/IMG_1971-1080x608.jpg 1080w, https:\/\/escuelaespanaval.cl\/wp-content\/uploads\/2020\/12\/IMG_1971-1280x720.jpg 1280w, https:\/\/escuelaespanaval.cl\/wp-content\/uploads\/2020\/12\/IMG_1971-980x551.jpg 980w, https:\/\/escuelaespanaval.cl\/wp-content\/uploads\/2020\/12\/IMG_1971-480x270.jpg 480w, https:\/\/escuelaespanaval.cl\/wp-content\/uploads\/2020\/12\/IMG_1971.jpg 1920w\" sizes=\"auto, (max-width: 1024px) 100vw, 1024px\" \/><\/figure><\/li><li class=\"blocks-gallery-item\"><figure><img loading=\"lazy\" decoding=\"async\" width=\"1024\" height=\"576\" src=\"https:\/\/escuelaespanaval.cl\/wp\/wp-content\/uploads\/2020\/12\/IMG_1974-1024x576.jpg\" alt=\"\" data-id=\"147\" data-full-url=\"https:\/\/escuelaespanaval.cl\/wp\/wp-content\/uploads\/2020\/12\/IMG_1974.jpg\" data-link=\"https:\/\/escuelaespanaval.cl\/wp\/?attachment_id=147\" class=\"wp-image-147\" srcset=\"https:\/\/escuelaespanaval.cl\/wp-content\/uploads\/2020\/12\/IMG_1974-1024x576.jpg 1024w, https:\/\/escuelaespanaval.cl\/wp-content\/uploads\/2020\/12\/IMG_1974-300x169.jpg 300w, https:\/\/escuelaespanaval.cl\/wp-content\/uploads\/2020\/12\/IMG_1974-768x432.jpg 768w, https:\/\/escuelaespanaval.cl\/wp-content\/uploads\/2020\/12\/IMG_1974-1536x864.jpg 1536w, https:\/\/escuelaespanaval.cl\/wp-content\/uploads\/2020\/12\/IMG_1974-1080x608.jpg 1080w, https:\/\/escuelaespanaval.cl\/wp-content\/uploads\/2020\/12\/IMG_1974-1280x720.jpg 1280w, https:\/\/escuelaespanaval.cl\/wp-content\/uploads\/2020\/12\/IMG_1974-980x551.jpg 980w, https:\/\/escuelaespanaval.cl\/wp-content\/uploads\/2020\/12\/IMG_1974-480x270.jpg 480w, https:\/\/escuelaespanaval.cl\/wp-content\/uploads\/2020\/12\/IMG_1974.jpg 1920w\" sizes=\"auto, (max-width: 1024px) 100vw, 1024px\" \/><\/figure><\/li><li class=\"blocks-gallery-item\"><figure><img loading=\"lazy\" decoding=\"async\" width=\"1024\" height=\"576\" src=\"https:\/\/escuelaespanaval.cl\/wp\/wp-content\/uploads\/2020\/12\/IMG_2002-1024x576.jpg\" alt=\"\" data-id=\"148\" data-full-url=\"https:\/\/escuelaespanaval.cl\/wp\/wp-content\/uploads\/2020\/12\/IMG_2002.jpg\" data-link=\"https:\/\/escuelaespanaval.cl\/wp\/?attachment_id=148\" class=\"wp-image-148\" srcset=\"https:\/\/escuelaespanaval.cl\/wp-content\/uploads\/2020\/12\/IMG_2002-1024x576.jpg 1024w, https:\/\/escuelaespanaval.cl\/wp-content\/uploads\/2020\/12\/IMG_2002-300x169.jpg 300w, https:\/\/escuelaespanaval.cl\/wp-content\/uploads\/2020\/12\/IMG_2002-768x432.jpg 768w, https:\/\/escuelaespanaval.cl\/wp-content\/uploads\/2020\/12\/IMG_2002-1536x864.jpg 1536w, https:\/\/escuelaespanaval.cl\/wp-content\/uploads\/2020\/12\/IMG_2002-1080x608.jpg 1080w, https:\/\/escuelaespanaval.cl\/wp-content\/uploads\/2020\/12\/IMG_2002-1280x720.jpg 1280w, https:\/\/escuelaespanaval.cl\/wp-content\/uploads\/2020\/12\/IMG_2002-980x551.jpg 980w, https:\/\/escuelaespanaval.cl\/wp-content\/uploads\/2020\/12\/IMG_2002-480x270.jpg 480w, https:\/\/escuelaespanaval.cl\/wp-content\/uploads\/2020\/12\/IMG_2002.jpg 1920w\" sizes=\"auto, (max-width: 1024px) 100vw, 1024px\" \/><\/figure><\/li><li class=\"blocks-gallery-item\"><figure><img loading=\"lazy\" decoding=\"async\" width=\"1024\" height=\"576\" src=\"https:\/\/escuelaespanaval.cl\/wp\/wp-content\/uploads\/2020\/12\/IMG_2010-1024x576.jpg\" alt=\"\" data-id=\"149\" data-full-url=\"https:\/\/escuelaespanaval.cl\/wp\/wp-content\/uploads\/2020\/12\/IMG_2010.jpg\" data-link=\"https:\/\/escuelaespanaval.cl\/wp\/?attachment_id=149\" class=\"wp-image-149\" srcset=\"https:\/\/escuelaespanaval.cl\/wp-content\/uploads\/2020\/12\/IMG_2010-1024x576.jpg 1024w, https:\/\/escuelaespanaval.cl\/wp-content\/uploads\/2020\/12\/IMG_2010-300x169.jpg 300w, https:\/\/escuelaespanaval.cl\/wp-content\/uploads\/2020\/12\/IMG_2010-768x432.jpg 768w, https:\/\/escuelaespanaval.cl\/wp-content\/uploads\/2020\/12\/IMG_2010-1536x864.jpg 1536w, https:\/\/escuelaespanaval.cl\/wp-content\/uploads\/2020\/12\/IMG_2010-1080x608.jpg 1080w, https:\/\/escuelaespanaval.cl\/wp-content\/uploads\/2020\/12\/IMG_2010-1280x720.jpg 1280w, https:\/\/escuelaespanaval.cl\/wp-content\/uploads\/2020\/12\/IMG_2010-980x551.jpg 980w, https:\/\/escuelaespanaval.cl\/wp-content\/uploads\/2020\/12\/IMG_2010-480x270.jpg 480w, https:\/\/escuelaespanaval.cl\/wp-content\/uploads\/2020\/12\/IMG_2010.jpg 1920w\" sizes=\"auto, (max-width: 1024px) 100vw, 1024px\" \/><\/figure><\/li><li class=\"blocks-gallery-item\"><figure><img loading=\"lazy\" decoding=\"async\" width=\"1024\" height=\"576\" src=\"https:\/\/escuelaespanaval.cl\/wp\/wp-content\/uploads\/2020\/12\/IMG_2011-1024x576.jpg\" alt=\"\" data-id=\"150\" data-full-url=\"https:\/\/escuelaespanaval.cl\/wp\/wp-content\/uploads\/2020\/12\/IMG_2011.jpg\" data-link=\"https:\/\/escuelaespanaval.cl\/wp\/?attachment_id=150\" class=\"wp-image-150\" srcset=\"https:\/\/escuelaespanaval.cl\/wp-content\/uploads\/2020\/12\/IMG_2011-1024x576.jpg 1024w, https:\/\/escuelaespanaval.cl\/wp-content\/uploads\/2020\/12\/IMG_2011-300x169.jpg 300w, https:\/\/escuelaespanaval.cl\/wp-content\/uploads\/2020\/12\/IMG_2011-768x432.jpg 768w, https:\/\/escuelaespanaval.cl\/wp-content\/uploads\/2020\/12\/IMG_2011-1536x864.jpg 1536w, https:\/\/escuelaespanaval.cl\/wp-content\/uploads\/2020\/12\/IMG_2011-1080x608.jpg 1080w, https:\/\/escuelaespanaval.cl\/wp-content\/uploads\/2020\/12\/IMG_2011-1280x720.jpg 1280w, https:\/\/escuelaespanaval.cl\/wp-content\/uploads\/2020\/12\/IMG_2011-980x551.jpg 980w, https:\/\/escuelaespanaval.cl\/wp-content\/uploads\/2020\/12\/IMG_2011-480x270.jpg 480w, https:\/\/escuelaespanaval.cl\/wp-content\/uploads\/2020\/12\/IMG_2011.jpg 1920w\" sizes=\"auto, (max-width: 1024px) 100vw, 1024px\" \/><\/figure><\/li><li class=\"blocks-gallery-item\"><figure><img loading=\"lazy\" decoding=\"async\" width=\"1024\" height=\"576\" src=\"https:\/\/escuelaespanaval.cl\/wp\/wp-content\/uploads\/2020\/12\/IMG_2020-1024x576.jpg\" alt=\"\" data-id=\"151\" data-full-url=\"https:\/\/escuelaespanaval.cl\/wp\/wp-content\/uploads\/2020\/12\/IMG_2020.jpg\" data-link=\"https:\/\/escuelaespanaval.cl\/wp\/?attachment_id=151\" class=\"wp-image-151\" srcset=\"https:\/\/escuelaespanaval.cl\/wp-content\/uploads\/2020\/12\/IMG_2020-1024x576.jpg 1024w, https:\/\/escuelaespanaval.cl\/wp-content\/uploads\/2020\/12\/IMG_2020-300x169.jpg 300w, https:\/\/escuelaespanaval.cl\/wp-content\/uploads\/2020\/12\/IMG_2020-768x432.jpg 768w, https:\/\/escuelaespanaval.cl\/wp-content\/uploads\/2020\/12\/IMG_2020-1536x864.jpg 1536w, https:\/\/escuelaespanaval.cl\/wp-content\/uploads\/2020\/12\/IMG_2020-1080x608.jpg 1080w, https:\/\/escuelaespanaval.cl\/wp-content\/uploads\/2020\/12\/IMG_2020-1280x720.jpg 1280w, https:\/\/escuelaespanaval.cl\/wp-content\/uploads\/2020\/12\/IMG_2020-980x551.jpg 980w, https:\/\/escuelaespanaval.cl\/wp-content\/uploads\/2020\/12\/IMG_2020-480x270.jpg 480w, https:\/\/escuelaespanaval.cl\/wp-content\/uploads\/2020\/12\/IMG_2020.jpg 1920w\" sizes=\"auto, (max-width: 1024px) 100vw, 1024px\" \/><\/figure><\/li><li class=\"blocks-gallery-item\"><figure><img loading=\"lazy\" decoding=\"async\" width=\"1024\" height=\"576\" src=\"https:\/\/escuelaespanaval.cl\/wp\/wp-content\/uploads\/2020\/12\/IMG_2023-1024x576.jpg\" alt=\"\" data-id=\"152\" data-full-url=\"https:\/\/escuelaespanaval.cl\/wp\/wp-content\/uploads\/2020\/12\/IMG_2023.jpg\" data-link=\"https:\/\/escuelaespanaval.cl\/wp\/?attachment_id=152\" class=\"wp-image-152\" srcset=\"https:\/\/escuelaespanaval.cl\/wp-content\/uploads\/2020\/12\/IMG_2023-1024x576.jpg 1024w, https:\/\/escuelaespanaval.cl\/wp-content\/uploads\/2020\/12\/IMG_2023-300x169.jpg 300w, https:\/\/escuelaespanaval.cl\/wp-content\/uploads\/2020\/12\/IMG_2023-768x432.jpg 768w, https:\/\/escuelaespanaval.cl\/wp-content\/uploads\/2020\/12\/IMG_2023-1536x864.jpg 1536w, https:\/\/escuelaespanaval.cl\/wp-content\/uploads\/2020\/12\/IMG_2023-1080x608.jpg 1080w, https:\/\/escuelaespanaval.cl\/wp-content\/uploads\/2020\/12\/IMG_2023-1280x720.jpg 1280w, https:\/\/escuelaespanaval.cl\/wp-content\/uploads\/2020\/12\/IMG_2023-980x551.jpg 980w, https:\/\/escuelaespanaval.cl\/wp-content\/uploads\/2020\/12\/IMG_2023-480x270.jpg 480w, https:\/\/escuelaespanaval.cl\/wp-content\/uploads\/2020\/12\/IMG_2023.jpg 1920w\" sizes=\"auto, (max-width: 1024px) 100vw, 1024px\" \/><\/figure><\/li><li class=\"blocks-gallery-item\"><figure><img loading=\"lazy\" decoding=\"async\" width=\"1024\" height=\"576\" src=\"https:\/\/escuelaespanaval.cl\/wp\/wp-content\/uploads\/2020\/12\/IMG_2031-1024x576.jpg\" alt=\"\" data-id=\"153\" data-full-url=\"https:\/\/escuelaespanaval.cl\/wp\/wp-content\/uploads\/2020\/12\/IMG_2031.jpg\" data-link=\"https:\/\/escuelaespanaval.cl\/wp\/?attachment_id=153\" class=\"wp-image-153\" srcset=\"https:\/\/escuelaespanaval.cl\/wp-content\/uploads\/2020\/12\/IMG_2031-1024x576.jpg 1024w, https:\/\/escuelaespanaval.cl\/wp-content\/uploads\/2020\/12\/IMG_2031-300x169.jpg 300w, https:\/\/escuelaespanaval.cl\/wp-content\/uploads\/2020\/12\/IMG_2031-768x432.jpg 768w, https:\/\/escuelaespanaval.cl\/wp-content\/uploads\/2020\/12\/IMG_2031-1536x864.jpg 1536w, https:\/\/escuelaespanaval.cl\/wp-content\/uploads\/2020\/12\/IMG_2031-1080x608.jpg 1080w, https:\/\/escuelaespanaval.cl\/wp-content\/uploads\/2020\/12\/IMG_2031-1280x720.jpg 1280w, https:\/\/escuelaespanaval.cl\/wp-content\/uploads\/2020\/12\/IMG_2031-980x551.jpg 980w, https:\/\/escuelaespanaval.cl\/wp-content\/uploads\/2020\/12\/IMG_2031-480x270.jpg 480w, https:\/\/escuelaespanaval.cl\/wp-content\/uploads\/2020\/12\/IMG_2031.jpg 1920w\" sizes=\"auto, (max-width: 1024px) 100vw, 1024px\" \/><\/figure><\/li><li class=\"blocks-gallery-item\"><figure><img loading=\"lazy\" decoding=\"async\" width=\"1024\" height=\"768\" src=\"https:\/\/escuelaespanaval.cl\/wp\/wp-content\/uploads\/2020\/12\/IMG_2038-1024x768.jpg\" alt=\"\" data-id=\"154\" data-full-url=\"https:\/\/escuelaespanaval.cl\/wp\/wp-content\/uploads\/2020\/12\/IMG_2038.jpg\" data-link=\"https:\/\/escuelaespanaval.cl\/wp\/?attachment_id=154\" class=\"wp-image-154\" srcset=\"https:\/\/escuelaespanaval.cl\/wp-content\/uploads\/2020\/12\/IMG_2038-1024x768.jpg 1024w, https:\/\/escuelaespanaval.cl\/wp-content\/uploads\/2020\/12\/IMG_2038-300x225.jpg 300w, https:\/\/escuelaespanaval.cl\/wp-content\/uploads\/2020\/12\/IMG_2038-768x576.jpg 768w, https:\/\/escuelaespanaval.cl\/wp-content\/uploads\/2020\/12\/IMG_2038-510x382.jpg 510w, https:\/\/escuelaespanaval.cl\/wp-content\/uploads\/2020\/12\/IMG_2038-1080x810.jpg 1080w, https:\/\/escuelaespanaval.cl\/wp-content\/uploads\/2020\/12\/IMG_2038-1280x960.jpg 1280w, https:\/\/escuelaespanaval.cl\/wp-content\/uploads\/2020\/12\/IMG_2038-980x735.jpg 980w, https:\/\/escuelaespanaval.cl\/wp-content\/uploads\/2020\/12\/IMG_2038-480x360.jpg 480w, https:\/\/escuelaespanaval.cl\/wp-content\/uploads\/2020\/12\/IMG_2038.jpg 1440w\" sizes=\"auto, (max-width: 1024px) 100vw, 1024px\" \/><\/figure><\/li><li class=\"blocks-gallery-item\"><figure><img loading=\"lazy\" decoding=\"async\" width=\"1024\" height=\"576\" src=\"https:\/\/escuelaespanaval.cl\/wp\/wp-content\/uploads\/2020\/12\/IMG_2074-1024x576.jpg\" alt=\"\" data-id=\"155\" data-full-url=\"https:\/\/escuelaespanaval.cl\/wp\/wp-content\/uploads\/2020\/12\/IMG_2074.jpg\" data-link=\"https:\/\/escuelaespanaval.cl\/wp\/?attachment_id=155\" class=\"wp-image-155\" srcset=\"https:\/\/escuelaespanaval.cl\/wp-content\/uploads\/2020\/12\/IMG_2074-1024x576.jpg 1024w, https:\/\/escuelaespanaval.cl\/wp-content\/uploads\/2020\/12\/IMG_2074-300x169.jpg 300w, https:\/\/escuelaespanaval.cl\/wp-content\/uploads\/2020\/12\/IMG_2074-768x432.jpg 768w, https:\/\/escuelaespanaval.cl\/wp-content\/uploads\/2020\/12\/IMG_2074-1536x864.jpg 1536w, https:\/\/escuelaespanaval.cl\/wp-content\/uploads\/2020\/12\/IMG_2074-1080x608.jpg 1080w, https:\/\/escuelaespanaval.cl\/wp-content\/uploads\/2020\/12\/IMG_2074-1280x720.jpg 1280w, https:\/\/escuelaespanaval.cl\/wp-content\/uploads\/2020\/12\/IMG_2074-980x551.jpg 980w, https:\/\/escuelaespanaval.cl\/wp-content\/uploads\/2020\/12\/IMG_2074-480x270.jpg 480w, https:\/\/escuelaespanaval.cl\/wp-content\/uploads\/2020\/12\/IMG_2074.jpg 1920w\" sizes=\"auto, (max-width: 1024px) 100vw, 1024px\" \/><\/figure><\/li><li class=\"blocks-gallery-item\"><figure><img loading=\"lazy\" decoding=\"async\" width=\"1024\" height=\"576\" src=\"https:\/\/escuelaespanaval.cl\/wp\/wp-content\/uploads\/2020\/12\/IMG_2076-1024x576.jpg\" alt=\"\" data-id=\"156\" data-full-url=\"https:\/\/escuelaespanaval.cl\/wp\/wp-content\/uploads\/2020\/12\/IMG_2076.jpg\" data-link=\"https:\/\/escuelaespanaval.cl\/wp\/?attachment_id=156\" class=\"wp-image-156\" srcset=\"https:\/\/escuelaespanaval.cl\/wp-content\/uploads\/2020\/12\/IMG_2076-1024x576.jpg 1024w, https:\/\/escuelaespanaval.cl\/wp-content\/uploads\/2020\/12\/IMG_2076-300x169.jpg 300w, https:\/\/escuelaespanaval.cl\/wp-content\/uploads\/2020\/12\/IMG_2076-768x432.jpg 768w, https:\/\/escuelaespanaval.cl\/wp-content\/uploads\/2020\/12\/IMG_2076-1536x864.jpg 1536w, https:\/\/escuelaespanaval.cl\/wp-content\/uploads\/2020\/12\/IMG_2076-1080x608.jpg 1080w, https:\/\/escuelaespanaval.cl\/wp-content\/uploads\/2020\/12\/IMG_2076-1280x720.jpg 1280w, https:\/\/escuelaespanaval.cl\/wp-content\/uploads\/2020\/12\/IMG_2076-980x551.jpg 980w, https:\/\/escuelaespanaval.cl\/wp-content\/uploads\/2020\/12\/IMG_2076-480x270.jpg 480w, https:\/\/escuelaespanaval.cl\/wp-content\/uploads\/2020\/12\/IMG_2076.jpg 1920w\" sizes=\"auto, (max-width: 1024px) 100vw, 1024px\" \/><\/figure><\/li><li class=\"blocks-gallery-item\"><figure><img loading=\"lazy\" decoding=\"async\" width=\"1024\" height=\"576\" src=\"https:\/\/escuelaespanaval.cl\/wp\/wp-content\/uploads\/2020\/12\/IMG_2083-1024x576.jpg\" alt=\"\" data-id=\"157\" data-full-url=\"https:\/\/escuelaespanaval.cl\/wp\/wp-content\/uploads\/2020\/12\/IMG_2083.jpg\" data-link=\"https:\/\/escuelaespanaval.cl\/wp\/?attachment_id=157\" class=\"wp-image-157\" srcset=\"https:\/\/escuelaespanaval.cl\/wp-content\/uploads\/2020\/12\/IMG_2083-1024x576.jpg 1024w, https:\/\/escuelaespanaval.cl\/wp-content\/uploads\/2020\/12\/IMG_2083-300x169.jpg 300w, https:\/\/escuelaespanaval.cl\/wp-content\/uploads\/2020\/12\/IMG_2083-768x432.jpg 768w, https:\/\/escuelaespanaval.cl\/wp-content\/uploads\/2020\/12\/IMG_2083-1536x864.jpg 1536w, https:\/\/escuelaespanaval.cl\/wp-content\/uploads\/2020\/12\/IMG_2083-1080x608.jpg 1080w, https:\/\/escuelaespanaval.cl\/wp-content\/uploads\/2020\/12\/IMG_2083-1280x720.jpg 1280w, https:\/\/escuelaespanaval.cl\/wp-content\/uploads\/2020\/12\/IMG_2083-980x551.jpg 980w, https:\/\/escuelaespanaval.cl\/wp-content\/uploads\/2020\/12\/IMG_2083-480x270.jpg 480w, https:\/\/escuelaespanaval.cl\/wp-content\/uploads\/2020\/12\/IMG_2083.jpg 1920w\" sizes=\"auto, (max-width: 1024px) 100vw, 1024px\" \/><\/figure><\/li><li class=\"blocks-gallery-item\"><figure><img loading=\"lazy\" decoding=\"async\" width=\"1024\" height=\"576\" src=\"https:\/\/escuelaespanaval.cl\/wp\/wp-content\/uploads\/2020\/12\/IMG_2085-1024x576.jpg\" alt=\"\" data-id=\"158\" data-full-url=\"https:\/\/escuelaespanaval.cl\/wp\/wp-content\/uploads\/2020\/12\/IMG_2085.jpg\" data-link=\"https:\/\/escuelaespanaval.cl\/wp\/?attachment_id=158\" class=\"wp-image-158\" srcset=\"https:\/\/escuelaespanaval.cl\/wp-content\/uploads\/2020\/12\/IMG_2085-1024x576.jpg 1024w, https:\/\/escuelaespanaval.cl\/wp-content\/uploads\/2020\/12\/IMG_2085-300x169.jpg 300w, https:\/\/escuelaespanaval.cl\/wp-content\/uploads\/2020\/12\/IMG_2085-768x432.jpg 768w, https:\/\/escuelaespanaval.cl\/wp-content\/uploads\/2020\/12\/IMG_2085-1536x864.jpg 1536w, https:\/\/escuelaespanaval.cl\/wp-content\/uploads\/2020\/12\/IMG_2085-1080x608.jpg 1080w, https:\/\/escuelaespanaval.cl\/wp-content\/uploads\/2020\/12\/IMG_2085-1280x720.jpg 1280w, https:\/\/escuelaespanaval.cl\/wp-content\/uploads\/2020\/12\/IMG_2085-980x551.jpg 980w, https:\/\/escuelaespanaval.cl\/wp-content\/uploads\/2020\/12\/IMG_2085-480x270.jpg 480w, https:\/\/escuelaespanaval.cl\/wp-content\/uploads\/2020\/12\/IMG_2085.jpg 1920w\" sizes=\"auto, (max-width: 1024px) 100vw, 1024px\" \/><\/figure><\/li><li class=\"blocks-gallery-item\"><figure><img loading=\"lazy\" decoding=\"async\" width=\"1024\" height=\"576\" src=\"https:\/\/escuelaespanaval.cl\/wp\/wp-content\/uploads\/2020\/12\/IMG_2089-1024x576.jpg\" alt=\"\" data-id=\"159\" data-full-url=\"https:\/\/escuelaespanaval.cl\/wp\/wp-content\/uploads\/2020\/12\/IMG_2089.jpg\" data-link=\"https:\/\/escuelaespanaval.cl\/wp\/?attachment_id=159\" class=\"wp-image-159\" srcset=\"https:\/\/escuelaespanaval.cl\/wp-content\/uploads\/2020\/12\/IMG_2089-1024x576.jpg 1024w, https:\/\/escuelaespanaval.cl\/wp-content\/uploads\/2020\/12\/IMG_2089-300x169.jpg 300w, https:\/\/escuelaespanaval.cl\/wp-content\/uploads\/2020\/12\/IMG_2089-768x432.jpg 768w, https:\/\/escuelaespanaval.cl\/wp-content\/uploads\/2020\/12\/IMG_2089-1536x864.jpg 1536w, https:\/\/escuelaespanaval.cl\/wp-content\/uploads\/2020\/12\/IMG_2089-1080x608.jpg 1080w, https:\/\/escuelaespanaval.cl\/wp-content\/uploads\/2020\/12\/IMG_2089-1280x720.jpg 1280w, https:\/\/escuelaespanaval.cl\/wp-content\/uploads\/2020\/12\/IMG_2089-980x551.jpg 980w, https:\/\/escuelaespanaval.cl\/wp-content\/uploads\/2020\/12\/IMG_2089-480x270.jpg 480w, https:\/\/escuelaespanaval.cl\/wp-content\/uploads\/2020\/12\/IMG_2089.jpg 1920w\" sizes=\"auto, (max-width: 1024px) 100vw, 1024px\" \/><\/figure><\/li><li class=\"blocks-gallery-item\"><figure><img loading=\"lazy\" decoding=\"async\" width=\"1024\" height=\"576\" src=\"https:\/\/escuelaespanaval.cl\/wp\/wp-content\/uploads\/2020\/12\/IMG_2090-1024x576.jpg\" alt=\"\" data-id=\"160\" data-full-url=\"https:\/\/escuelaespanaval.cl\/wp\/wp-content\/uploads\/2020\/12\/IMG_2090.jpg\" data-link=\"https:\/\/escuelaespanaval.cl\/wp\/?attachment_id=160\" class=\"wp-image-160\" srcset=\"https:\/\/escuelaespanaval.cl\/wp-content\/uploads\/2020\/12\/IMG_2090-1024x576.jpg 1024w, https:\/\/escuelaespanaval.cl\/wp-content\/uploads\/2020\/12\/IMG_2090-300x169.jpg 300w, https:\/\/escuelaespanaval.cl\/wp-content\/uploads\/2020\/12\/IMG_2090-768x432.jpg 768w, https:\/\/escuelaespanaval.cl\/wp-content\/uploads\/2020\/12\/IMG_2090-1536x864.jpg 1536w, https:\/\/escuelaespanaval.cl\/wp-content\/uploads\/2020\/12\/IMG_2090-1080x608.jpg 1080w, https:\/\/escuelaespanaval.cl\/wp-content\/uploads\/2020\/12\/IMG_2090-1280x720.jpg 1280w, https:\/\/escuelaespanaval.cl\/wp-content\/uploads\/2020\/12\/IMG_2090-980x551.jpg 980w, https:\/\/escuelaespanaval.cl\/wp-content\/uploads\/2020\/12\/IMG_2090-480x270.jpg 480w, https:\/\/escuelaespanaval.cl\/wp-content\/uploads\/2020\/12\/IMG_2090.jpg 1920w\" sizes=\"auto, (max-width: 1024px) 100vw, 1024px\" \/><\/figure><\/li><\/ul><\/figure>\n","protected":false},"excerpt":{"rendered":"<p>05 de Marzo dimos inicio al a\u00f1o escolar 2019<\/p>\n","protected":false},"author":1,"featured_media":161,"comment_status":"open","ping_status":"open","sticky":false,"template":"","format":"standard","meta":{"_monsterinsights_skip_tracking":false,"_monsterinsights_sitenote_active":false,"_monsterinsights_sitenote_note":"","_monsterinsights_sitenote_category":0,"site-container-style":"default","site-container-layout":"default","site-sidebar-layout":"default","disable-article-header":"default","disable-site-header":"default","disable-site-footer":"default","disable-content-area-spacing":"default","footnotes":""},"categories":[1],"tags":[],"class_list":["post-145","post","type-post","status-publish","format-standard","has-post-thumbnail","hentry","category-uncategorized"],"yoast_head":"<!-- This site is optimized with the Yoast SEO plugin v27.1.1 - https:\/\/yoast.com\/product\/yoast-seo-wordpress\/ -->\n<title>Inicio A\u00f1o Escolar 2019 - Escuela Espa\u00f1a<\/title>\n<meta name=\"robots\" content=\"index, follow, max-snippet:-1, max-image-preview:large, max-video-preview:-1\" \/>\n<link rel=\"canonical\" href=\"https:\/\/escuelaespanaval.cl\/?p=145\" \/>\n<meta property=\"og:locale\" content=\"es_ES\" \/>\n<meta property=\"og:type\" content=\"article\" \/>\n<meta property=\"og:title\" content=\"Inicio A\u00f1o Escolar 2019 - Escuela Espa\u00f1a\" \/>\n<meta property=\"og:description\" content=\"05 de Marzo dimos inicio al a\u00f1o escolar 2019\" \/>\n<meta property=\"og:url\" content=\"https:\/\/escuelaespanaval.cl\/?p=145\" \/>\n<meta property=\"og:site_name\" content=\"Escuela Espa\u00f1a\" \/>\n<meta property=\"article:publisher\" content=\"https:\/\/www.facebook.com\/escuelaespanavald\" \/>\n<meta property=\"article:published_time\" content=\"2019-03-06T19:35:00+00:00\" \/>\n<meta property=\"article:modified_time\" content=\"2020-12-12T19:48:56+00:00\" \/>\n<meta property=\"og:image\" content=\"https:\/\/escuelaespanaval.cl\/wp-content\/uploads\/2020\/12\/IMG_2074-1.jpg\" \/>\n\t<meta property=\"og:image:width\" content=\"1920\" \/>\n\t<meta property=\"og:image:height\" content=\"1080\" \/>\n\t<meta property=\"og:image:type\" content=\"image\/jpeg\" \/>\n<meta name=\"author\" content=\"Administrador\" \/>\n<meta name=\"twitter:card\" content=\"summary_large_image\" \/>\n<meta name=\"twitter:label1\" content=\"Escrito por\" \/>\n\t<meta name=\"twitter:data1\" content=\"Administrador\" \/>\n<script type=\"application\/ld+json\" class=\"yoast-schema-graph\">{\"@context\":\"https:\/\/schema.org\",\"@graph\":[{\"@type\":\"Article\",\"@id\":\"https:\/\/escuelaespanaval.cl\/?p=145#article\",\"isPartOf\":{\"@id\":\"https:\/\/escuelaespanaval.cl\/?p=145\"},\"author\":{\"name\":\"Administrador\",\"@id\":\"https:\/\/escuelaespanaval.cl\/#\/schema\/person\/b8dc96fec133a948c2114bb5cba3ca1a\"},\"headline\":\"Inicio A\u00f1o Escolar 2019\",\"datePublished\":\"2019-03-06T19:35:00+00:00\",\"dateModified\":\"2020-12-12T19:48:56+00:00\",\"mainEntityOfPage\":{\"@id\":\"https:\/\/escuelaespanaval.cl\/?p=145\"},\"wordCount\":12,\"commentCount\":0,\"publisher\":{\"@id\":\"https:\/\/escuelaespanaval.cl\/#organization\"},\"image\":{\"@id\":\"https:\/\/escuelaespanaval.cl\/?p=145#primaryimage\"},\"thumbnailUrl\":\"https:\/\/escuelaespanaval.cl\/wp-content\/uploads\/2020\/12\/IMG_2074-1.jpg\",\"articleSection\":[\"Uncategorized\"],\"inLanguage\":\"es\",\"potentialAction\":[{\"@type\":\"CommentAction\",\"name\":\"Comment\",\"target\":[\"https:\/\/escuelaespanaval.cl\/?p=145#respond\"]}]},{\"@type\":\"WebPage\",\"@id\":\"https:\/\/escuelaespanaval.cl\/?p=145\",\"url\":\"https:\/\/escuelaespanaval.cl\/?p=145\",\"name\":\"Inicio A\u00f1o Escolar 2019 - Escuela Espa\u00f1a\",\"isPartOf\":{\"@id\":\"https:\/\/escuelaespanaval.cl\/#website\"},\"primaryImageOfPage\":{\"@id\":\"https:\/\/escuelaespanaval.cl\/?p=145#primaryimage\"},\"image\":{\"@id\":\"https:\/\/escuelaespanaval.cl\/?p=145#primaryimage\"},\"thumbnailUrl\":\"https:\/\/escuelaespanaval.cl\/wp-content\/uploads\/2020\/12\/IMG_2074-1.jpg\",\"datePublished\":\"2019-03-06T19:35:00+00:00\",\"dateModified\":\"2020-12-12T19:48:56+00:00\",\"breadcrumb\":{\"@id\":\"https:\/\/escuelaespanaval.cl\/?p=145#breadcrumb\"},\"inLanguage\":\"es\",\"potentialAction\":[{\"@type\":\"ReadAction\",\"target\":[\"https:\/\/escuelaespanaval.cl\/?p=145\"]}]},{\"@type\":\"ImageObject\",\"inLanguage\":\"es\",\"@id\":\"https:\/\/escuelaespanaval.cl\/?p=145#primaryimage\",\"url\":\"https:\/\/escuelaespanaval.cl\/wp-content\/uploads\/2020\/12\/IMG_2074-1.jpg\",\"contentUrl\":\"https:\/\/escuelaespanaval.cl\/wp-content\/uploads\/2020\/12\/IMG_2074-1.jpg\",\"width\":1920,\"height\":1080},{\"@type\":\"BreadcrumbList\",\"@id\":\"https:\/\/escuelaespanaval.cl\/?p=145#breadcrumb\",\"itemListElement\":[{\"@type\":\"ListItem\",\"position\":1,\"name\":\"Portada\",\"item\":\"https:\/\/escuelaespanaval.cl\/\"},{\"@type\":\"ListItem\",\"position\":2,\"name\":\"Inicio A\u00f1o Escolar 2019\"}]},{\"@type\":\"WebSite\",\"@id\":\"https:\/\/escuelaespanaval.cl\/#website\",\"url\":\"https:\/\/escuelaespanaval.cl\/\",\"name\":\"Escuela Espa\u00f1a\",\"description\":\"Valdivia\",\"publisher\":{\"@id\":\"https:\/\/escuelaespanaval.cl\/#organization\"},\"potentialAction\":[{\"@type\":\"SearchAction\",\"target\":{\"@type\":\"EntryPoint\",\"urlTemplate\":\"https:\/\/escuelaespanaval.cl\/?s={search_term_string}\"},\"query-input\":{\"@type\":\"PropertyValueSpecification\",\"valueRequired\":true,\"valueName\":\"search_term_string\"}}],\"inLanguage\":\"es\"},{\"@type\":\"Organization\",\"@id\":\"https:\/\/escuelaespanaval.cl\/#organization\",\"name\":\"Escuela Espa\u00f1a\",\"url\":\"https:\/\/escuelaespanaval.cl\/\",\"logo\":{\"@type\":\"ImageObject\",\"inLanguage\":\"es\",\"@id\":\"https:\/\/escuelaespanaval.cl\/#\/schema\/logo\/image\/\",\"url\":\"https:\/\/escuelaespanaval.cl\/wp-content\/uploads\/2020\/12\/LOGO_ESCUELA.png\",\"contentUrl\":\"https:\/\/escuelaespanaval.cl\/wp-content\/uploads\/2020\/12\/LOGO_ESCUELA.png\",\"width\":1550,\"height\":2402,\"caption\":\"Escuela Espa\u00f1a\"},\"image\":{\"@id\":\"https:\/\/escuelaespanaval.cl\/#\/schema\/logo\/image\/\"},\"sameAs\":[\"https:\/\/www.facebook.com\/escuelaespanavald\",\"https:\/\/www.youtube.com\/@escuelaespanavaldivia97\"]},{\"@type\":\"Person\",\"@id\":\"https:\/\/escuelaespanaval.cl\/#\/schema\/person\/b8dc96fec133a948c2114bb5cba3ca1a\",\"name\":\"Administrador\",\"image\":{\"@type\":\"ImageObject\",\"inLanguage\":\"es\",\"@id\":\"https:\/\/escuelaespanaval.cl\/#\/schema\/person\/image\/\",\"url\":\"https:\/\/secure.gravatar.com\/avatar\/1a4537f0b323ae38f6776eb293038a2af5616bfe3d24bf6be540f254d895dd45?s=96&d=mm&r=g\",\"contentUrl\":\"https:\/\/secure.gravatar.com\/avatar\/1a4537f0b323ae38f6776eb293038a2af5616bfe3d24bf6be540f254d895dd45?s=96&d=mm&r=g\",\"caption\":\"Administrador\"},\"sameAs\":[\"https:\/\/escuelaespanaval.cl\/wp\"],\"url\":\"https:\/\/escuelaespanaval.cl\/?author=1\"}]}<\/script>\n<!-- \/ Yoast SEO plugin. -->","yoast_head_json":{"title":"Inicio A\u00f1o Escolar 2019 - Escuela Espa\u00f1a","robots":{"index":"index","follow":"follow","max-snippet":"max-snippet:-1","max-image-preview":"max-image-preview:large","max-video-preview":"max-video-preview:-1"},"canonical":"https:\/\/escuelaespanaval.cl\/?p=145","og_locale":"es_ES","og_type":"article","og_title":"Inicio A\u00f1o Escolar 2019 - Escuela Espa\u00f1a","og_description":"05 de Marzo dimos inicio al a\u00f1o escolar 2019","og_url":"https:\/\/escuelaespanaval.cl\/?p=145","og_site_name":"Escuela Espa\u00f1a","article_publisher":"https:\/\/www.facebook.com\/escuelaespanavald","article_published_time":"2019-03-06T19:35:00+00:00","article_modified_time":"2020-12-12T19:48:56+00:00","og_image":[{"width":1920,"height":1080,"url":"https:\/\/escuelaespanaval.cl\/wp-content\/uploads\/2020\/12\/IMG_2074-1.jpg","type":"image\/jpeg"}],"author":"Administrador","twitter_card":"summary_large_image","twitter_misc":{"Escrito por":"Administrador"},"schema":{"@context":"https:\/\/schema.org","@graph":[{"@type":"Article","@id":"https:\/\/escuelaespanaval.cl\/?p=145#article","isPartOf":{"@id":"https:\/\/escuelaespanaval.cl\/?p=145"},"author":{"name":"Administrador","@id":"https:\/\/escuelaespanaval.cl\/#\/schema\/person\/b8dc96fec133a948c2114bb5cba3ca1a"},"headline":"Inicio A\u00f1o Escolar 2019","datePublished":"2019-03-06T19:35:00+00:00","dateModified":"2020-12-12T19:48:56+00:00","mainEntityOfPage":{"@id":"https:\/\/escuelaespanaval.cl\/?p=145"},"wordCount":12,"commentCount":0,"publisher":{"@id":"https:\/\/escuelaespanaval.cl\/#organization"},"image":{"@id":"https:\/\/escuelaespanaval.cl\/?p=145#primaryimage"},"thumbnailUrl":"https:\/\/escuelaespanaval.cl\/wp-content\/uploads\/2020\/12\/IMG_2074-1.jpg","articleSection":["Uncategorized"],"inLanguage":"es","potentialAction":[{"@type":"CommentAction","name":"Comment","target":["https:\/\/escuelaespanaval.cl\/?p=145#respond"]}]},{"@type":"WebPage","@id":"https:\/\/escuelaespanaval.cl\/?p=145","url":"https:\/\/escuelaespanaval.cl\/?p=145","name":"Inicio A\u00f1o Escolar 2019 - Escuela Espa\u00f1a","isPartOf":{"@id":"https:\/\/escuelaespanaval.cl\/#website"},"primaryImageOfPage":{"@id":"https:\/\/escuelaespanaval.cl\/?p=145#primaryimage"},"image":{"@id":"https:\/\/escuelaespanaval.cl\/?p=145#primaryimage"},"thumbnailUrl":"https:\/\/escuelaespanaval.cl\/wp-content\/uploads\/2020\/12\/IMG_2074-1.jpg","datePublished":"2019-03-06T19:35:00+00:00","dateModified":"2020-12-12T19:48:56+00:00","breadcrumb":{"@id":"https:\/\/escuelaespanaval.cl\/?p=145#breadcrumb"},"inLanguage":"es","potentialAction":[{"@type":"ReadAction","target":["https:\/\/escuelaespanaval.cl\/?p=145"]}]},{"@type":"ImageObject","inLanguage":"es","@id":"https:\/\/escuelaespanaval.cl\/?p=145#primaryimage","url":"https:\/\/escuelaespanaval.cl\/wp-content\/uploads\/2020\/12\/IMG_2074-1.jpg","contentUrl":"https:\/\/escuelaespanaval.cl\/wp-content\/uploads\/2020\/12\/IMG_2074-1.jpg","width":1920,"height":1080},{"@type":"BreadcrumbList","@id":"https:\/\/escuelaespanaval.cl\/?p=145#breadcrumb","itemListElement":[{"@type":"ListItem","position":1,"name":"Portada","item":"https:\/\/escuelaespanaval.cl\/"},{"@type":"ListItem","position":2,"name":"Inicio A\u00f1o Escolar 2019"}]},{"@type":"WebSite","@id":"https:\/\/escuelaespanaval.cl\/#website","url":"https:\/\/escuelaespanaval.cl\/","name":"Escuela Espa\u00f1a","description":"Valdivia","publisher":{"@id":"https:\/\/escuelaespanaval.cl\/#organization"},"potentialAction":[{"@type":"SearchAction","target":{"@type":"EntryPoint","urlTemplate":"https:\/\/escuelaespanaval.cl\/?s={search_term_string}"},"query-input":{"@type":"PropertyValueSpecification","valueRequired":true,"valueName":"search_term_string"}}],"inLanguage":"es"},{"@type":"Organization","@id":"https:\/\/escuelaespanaval.cl\/#organization","name":"Escuela Espa\u00f1a","url":"https:\/\/escuelaespanaval.cl\/","logo":{"@type":"ImageObject","inLanguage":"es","@id":"https:\/\/escuelaespanaval.cl\/#\/schema\/logo\/image\/","url":"https:\/\/escuelaespanaval.cl\/wp-content\/uploads\/2020\/12\/LOGO_ESCUELA.png","contentUrl":"https:\/\/escuelaespanaval.cl\/wp-content\/uploads\/2020\/12\/LOGO_ESCUELA.png","width":1550,"height":2402,"caption":"Escuela Espa\u00f1a"},"image":{"@id":"https:\/\/escuelaespanaval.cl\/#\/schema\/logo\/image\/"},"sameAs":["https:\/\/www.facebook.com\/escuelaespanavald","https:\/\/www.youtube.com\/@escuelaespanavaldivia97"]},{"@type":"Person","@id":"https:\/\/escuelaespanaval.cl\/#\/schema\/person\/b8dc96fec133a948c2114bb5cba3ca1a","name":"Administrador","image":{"@type":"ImageObject","inLanguage":"es","@id":"https:\/\/escuelaespanaval.cl\/#\/schema\/person\/image\/","url":"https:\/\/secure.gravatar.com\/avatar\/1a4537f0b323ae38f6776eb293038a2af5616bfe3d24bf6be540f254d895dd45?s=96&d=mm&r=g","contentUrl":"https:\/\/secure.gravatar.com\/avatar\/1a4537f0b323ae38f6776eb293038a2af5616bfe3d24bf6be540f254d895dd45?s=96&d=mm&r=g","caption":"Administrador"},"sameAs":["https:\/\/escuelaespanaval.cl\/wp"],"url":"https:\/\/escuelaespanaval.cl\/?author=1"}]}},"_links":{"self":[{"href":"https:\/\/escuelaespanaval.cl\/index.php?rest_route=\/wp\/v2\/posts\/145","targetHints":{"allow":["GET"]}}],"collection":[{"href":"https:\/\/escuelaespanaval.cl\/index.php?rest_route=\/wp\/v2\/posts"}],"about":[{"href":"https:\/\/escuelaespanaval.cl\/index.php?rest_route=\/wp\/v2\/types\/post"}],"author":[{"embeddable":true,"href":"https:\/\/escuelaespanaval.cl\/index.php?rest_route=\/wp\/v2\/users\/1"}],"replies":[{"embeddable":true,"href":"https:\/\/escuelaespanaval.cl\/index.php?rest_route=%2Fwp%2Fv2%2Fcomments&post=145"}],"version-history":[{"count":1,"href":"https:\/\/escuelaespanaval.cl\/index.php?rest_route=\/wp\/v2\/posts\/145\/revisions"}],"predecessor-version":[{"id":162,"href":"https:\/\/escuelaespanaval.cl\/index.php?rest_route=\/wp\/v2\/posts\/145\/revisions\/162"}],"wp:featuredmedia":[{"embeddable":true,"href":"https:\/\/escuelaespanaval.cl\/index.php?rest_route=\/wp\/v2\/media\/161"}],"wp:attachment":[{"href":"https:\/\/escuelaespanaval.cl\/index.php?rest_route=%2Fwp%2Fv2%2Fmedia&parent=145"}],"wp:term":[{"taxonomy":"category","embeddable":true,"href":"https:\/\/escuelaespanaval.cl\/index.php?rest_route=%2Fwp%2Fv2%2Fcategories&post=145"},{"taxonomy":"post_tag","embeddable":true,"href":"https:\/\/escuelaespanaval.cl\/index.php?rest_route=%2Fwp%2Fv2%2Ftags&post=145"}],"curies":[{"name":"wp","href":"https:\/\/api.w.org\/{rel}","templated":true}]}}