{"id":1314,"date":"2022-08-10T14:28:27","date_gmt":"2022-08-10T14:28:27","guid":{"rendered":"https:\/\/escuelaespanaval.cl\/?p=1314"},"modified":"2022-10-18T20:01:26","modified_gmt":"2022-10-18T20:01:26","slug":"apoyan-a-docentes-y-profesionales-de-la-escuela-espana-con-capacitaciones-sobre-el-trastorno-del-espectro-autista","status":"publish","type":"post","link":"https:\/\/escuelaespanaval.cl\/?p=1314","title":{"rendered":"Apoyan a docentes y profesionales de la Escuela Espa\u00f1a con capacitaciones sobre el Trastorno del Espectro Autista"},"content":{"rendered":"\n<p>Dotar de conocimientos y herramientas que contribuyan al abordaje de ni\u00f1os y ni\u00f1as con Trastorno del Espectro Autista, TEA, fue uno de los principales objetivos de un taller realizado por el Programa Comunal de Atenci\u00f3n a la Discapacidad de la Municipalidad de Valdivia en la Escuela Espa\u00f1a, en el cual participaron un total de 25 docentes y profesionales de las \u00e1reas de convivencia escolar y del Plan de Integraci\u00f3n Escolar, PIE.<\/p>\n\n\n\n<p>En la actividad que estuvo a cargo de la fonoaudi\u00f3loga del Consultorio Externo Valdivia, Cecilia Saba, se abordaron tem\u00e1ticas que van desde comunicaci\u00f3n con los alumnos y alumnas con TEA, como tambi\u00e9n favorecer su desempe\u00f1o escolar, enfrentar conductas desafiantes y estrategias en el aula.<\/p>\n\n\n\n<p>Al respecto la jefa del Programa Comunal de Atenci\u00f3n a la Discapacidad del municipio, Corina Mart\u00ednez, manifest\u00f3 que \u201cestamos super contentos de poder apoyar esta iniciativa que surge desde el mismo establecimiento educacional, y nuestra idea es ayudar en la entrega de herramientas y conocimientos respecto a ni\u00f1os y ni\u00f1as con trastorno del espectro autista. Este es un primer acercamiento, ya se vienen m\u00e1s actividades con la Escuela Espa\u00f1a, siempre pensando en poder entregarle una mejor atenci\u00f3n a ni\u00f1os y ni\u00f1as con TEA\u201d.<\/p>\n\n\n\n<p>Mart\u00ednez, adem\u00e1s, a\u00f1adi\u00f3 que desde marzo de este a\u00f1o el programa se encuentra trabajando en forma coordinada con el \u00e1rea de Convivencia Escolar del establecimiento educacional, desarrollando actividades que van de acuerdo a necesidades y requerimientos manifestados en el \u00e1mbito de discapacidad. En tanto, los talleres sobre trastorno de espectro autista se realizar\u00e1n en un total de tres sesiones, de las cuales dos quedan pendientes de realizarse durante el presente mes.<\/p>\n\n\n\n<p>En cuanto a la capacitaci\u00f3n, la encargada de Convivencia Escolar de la Escuela Espa\u00f1a, Ang\u00e9lica Orme\u00f1o, sostuvo que \u201caprendimos m\u00e1s sobre el diagn\u00f3stico de ni\u00f1os y ni\u00f1as TEA, aclarando dudas y fomentando la participaci\u00f3n e inclusi\u00f3n. Cecilia Saba, en una charla muy entretenida nos ense\u00f1\u00f3 a facilitar la comprensi\u00f3n de las caracter\u00edsticas generales de los ni\u00f1os y ni\u00f1as con TEA, dando estrategias para facilitar la inclusi\u00f3n y promoviendo un clima de respeto e igualdad en el aula, sensibilizando sobre las dificultades ante las que se encuentran las personas con TEA en la vida cotidiana\u201d.<\/p>\n\n\n\n<p>Orme\u00f1o agreg\u00f3 que \u201cel \u00e1rea de Inclusi\u00f3n Social de la Municipalidad de Valdivia es nuestra nueva red. Carol Sol\u00eds, Asistente Social del programa, nos da apoyo en procesos de asesor\u00eda y nos permite entregar capacitaci\u00f3n a nuestros docentes, equipo PIE, convivencia escolar, asistentes de la educaci\u00f3n, y con el tiempo a toda nuestra comunidad educativa, otorgando herramientas para que cada uno de ellos, que cumple un rol sumamente importante en el desarrollo acad\u00e9mico nuestros alumnos y alumnas, puedan tener el conocimiento de c\u00f3mo trabajar en aula con estudiantes con necesidades educativas\u201d, concluy\u00f3.<\/p>\n\n\n\n<p><a href=\"https:\/\/www.munivaldivia.cl\/web\/index.php\/component\/content\/article\/9-noticias\/1284-apoyan-a-docentes-y-profesionales-de-la-escuela-espana-con-capacitaciones-sobre-el-trastorno-del-espectro-autista?Itemid=101\">https:\/\/www.munivaldivia.cl\/web\/index.php\/component\/content\/article\/9-noticias\/1284-apoyan-a-docentes-y-profesionales-de-la-escuela-espana-con-capacitaciones-sobre-el-trastorno-del-espectro-autista?Itemid=101<\/a><\/p>\n","protected":false},"excerpt":{"rendered":"<p>Dotar de conocimientos y herramientas que contribuyan al abordaje de ni\u00f1os y ni\u00f1as con Trastorno del Espectro Autista, TEA, fue uno de los principales objetivos de un taller realizado por el Programa Comunal de Atenci\u00f3n a la Discapacidad de la Municipalidad de Valdivia en la Escuela Espa\u00f1a, en el cual participaron un total de 25 [&hellip;]<\/p>\n","protected":false},"author":1,"featured_media":0,"comment_status":"closed","ping_status":"open","sticky":false,"template":"","format":"standard","meta":{"_monsterinsights_skip_tracking":false,"_monsterinsights_sitenote_active":false,"_monsterinsights_sitenote_note":"","_monsterinsights_sitenote_category":0,"site-container-style":"default","site-container-layout":"default","site-sidebar-layout":"default","disable-article-header":"default","disable-site-header":"default","disable-site-footer":"default","disable-content-area-spacing":"default","footnotes":""},"categories":[4],"tags":[],"class_list":["post-1314","post","type-post","status-publish","format-standard","hentry","category-noticias"],"yoast_head":"<!-- This site is optimized with the Yoast SEO plugin v27.1.1 - https:\/\/yoast.com\/product\/yoast-seo-wordpress\/ -->\n<title>Apoyan a docentes y profesionales de la Escuela Espa\u00f1a con capacitaciones sobre el Trastorno del Espectro Autista - Escuela Espa\u00f1a<\/title>\n<meta name=\"robots\" content=\"index, follow, max-snippet:-1, max-image-preview:large, max-video-preview:-1\" \/>\n<link rel=\"canonical\" href=\"https:\/\/escuelaespanaval.cl\/?p=1314\" \/>\n<meta property=\"og:locale\" content=\"es_ES\" \/>\n<meta property=\"og:type\" content=\"article\" \/>\n<meta property=\"og:title\" content=\"Apoyan a docentes y profesionales de la Escuela Espa\u00f1a con capacitaciones sobre el Trastorno del Espectro Autista - Escuela Espa\u00f1a\" \/>\n<meta property=\"og:description\" content=\"Dotar de conocimientos y herramientas que contribuyan al abordaje de ni\u00f1os y ni\u00f1as con Trastorno del Espectro Autista, TEA, fue uno de los principales objetivos de un taller realizado por el Programa Comunal de Atenci\u00f3n a la Discapacidad de la Municipalidad de Valdivia en la Escuela Espa\u00f1a, en el cual participaron un total de 25 [&hellip;]\" \/>\n<meta property=\"og:url\" content=\"https:\/\/escuelaespanaval.cl\/?p=1314\" \/>\n<meta property=\"og:site_name\" content=\"Escuela Espa\u00f1a\" \/>\n<meta property=\"article:publisher\" content=\"https:\/\/www.facebook.com\/escuelaespanavald\" \/>\n<meta property=\"article:published_time\" content=\"2022-08-10T14:28:27+00:00\" \/>\n<meta property=\"article:modified_time\" content=\"2022-10-18T20:01:26+00:00\" \/>\n<meta name=\"author\" content=\"Administrador\" \/>\n<meta name=\"twitter:card\" content=\"summary_large_image\" \/>\n<meta name=\"twitter:label1\" content=\"Escrito por\" \/>\n\t<meta name=\"twitter:data1\" content=\"Administrador\" \/>\n\t<meta name=\"twitter:label2\" content=\"Tiempo de lectura\" \/>\n\t<meta name=\"twitter:data2\" content=\"3 minutos\" \/>\n<script type=\"application\/ld+json\" class=\"yoast-schema-graph\">{\"@context\":\"https:\/\/schema.org\",\"@graph\":[{\"@type\":\"Article\",\"@id\":\"https:\/\/escuelaespanaval.cl\/?p=1314#article\",\"isPartOf\":{\"@id\":\"https:\/\/escuelaespanaval.cl\/?p=1314\"},\"author\":{\"name\":\"Administrador\",\"@id\":\"https:\/\/escuelaespanaval.cl\/#\/schema\/person\/b8dc96fec133a948c2114bb5cba3ca1a\"},\"headline\":\"Apoyan a docentes y profesionales de la Escuela Espa\u00f1a con capacitaciones sobre el Trastorno del Espectro Autista\",\"datePublished\":\"2022-08-10T14:28:27+00:00\",\"dateModified\":\"2022-10-18T20:01:26+00:00\",\"mainEntityOfPage\":{\"@id\":\"https:\/\/escuelaespanaval.cl\/?p=1314\"},\"wordCount\":532,\"publisher\":{\"@id\":\"https:\/\/escuelaespanaval.cl\/#organization\"},\"articleSection\":[\"Noticias\"],\"inLanguage\":\"es\"},{\"@type\":\"WebPage\",\"@id\":\"https:\/\/escuelaespanaval.cl\/?p=1314\",\"url\":\"https:\/\/escuelaespanaval.cl\/?p=1314\",\"name\":\"Apoyan a docentes y profesionales de la Escuela Espa\u00f1a con capacitaciones sobre el Trastorno del Espectro Autista - Escuela Espa\u00f1a\",\"isPartOf\":{\"@id\":\"https:\/\/escuelaespanaval.cl\/#website\"},\"datePublished\":\"2022-08-10T14:28:27+00:00\",\"dateModified\":\"2022-10-18T20:01:26+00:00\",\"breadcrumb\":{\"@id\":\"https:\/\/escuelaespanaval.cl\/?p=1314#breadcrumb\"},\"inLanguage\":\"es\",\"potentialAction\":[{\"@type\":\"ReadAction\",\"target\":[\"https:\/\/escuelaespanaval.cl\/?p=1314\"]}]},{\"@type\":\"BreadcrumbList\",\"@id\":\"https:\/\/escuelaespanaval.cl\/?p=1314#breadcrumb\",\"itemListElement\":[{\"@type\":\"ListItem\",\"position\":1,\"name\":\"Portada\",\"item\":\"https:\/\/escuelaespanaval.cl\/\"},{\"@type\":\"ListItem\",\"position\":2,\"name\":\"Apoyan a docentes y profesionales de la Escuela Espa\u00f1a con capacitaciones sobre el Trastorno del Espectro Autista\"}]},{\"@type\":\"WebSite\",\"@id\":\"https:\/\/escuelaespanaval.cl\/#website\",\"url\":\"https:\/\/escuelaespanaval.cl\/\",\"name\":\"Escuela Espa\u00f1a\",\"description\":\"Valdivia\",\"publisher\":{\"@id\":\"https:\/\/escuelaespanaval.cl\/#organization\"},\"potentialAction\":[{\"@type\":\"SearchAction\",\"target\":{\"@type\":\"EntryPoint\",\"urlTemplate\":\"https:\/\/escuelaespanaval.cl\/?s={search_term_string}\"},\"query-input\":{\"@type\":\"PropertyValueSpecification\",\"valueRequired\":true,\"valueName\":\"search_term_string\"}}],\"inLanguage\":\"es\"},{\"@type\":\"Organization\",\"@id\":\"https:\/\/escuelaespanaval.cl\/#organization\",\"name\":\"Escuela Espa\u00f1a\",\"url\":\"https:\/\/escuelaespanaval.cl\/\",\"logo\":{\"@type\":\"ImageObject\",\"inLanguage\":\"es\",\"@id\":\"https:\/\/escuelaespanaval.cl\/#\/schema\/logo\/image\/\",\"url\":\"https:\/\/escuelaespanaval.cl\/wp-content\/uploads\/2020\/12\/LOGO_ESCUELA.png\",\"contentUrl\":\"https:\/\/escuelaespanaval.cl\/wp-content\/uploads\/2020\/12\/LOGO_ESCUELA.png\",\"width\":1550,\"height\":2402,\"caption\":\"Escuela Espa\u00f1a\"},\"image\":{\"@id\":\"https:\/\/escuelaespanaval.cl\/#\/schema\/logo\/image\/\"},\"sameAs\":[\"https:\/\/www.facebook.com\/escuelaespanavald\",\"https:\/\/www.youtube.com\/@escuelaespanavaldivia97\"]},{\"@type\":\"Person\",\"@id\":\"https:\/\/escuelaespanaval.cl\/#\/schema\/person\/b8dc96fec133a948c2114bb5cba3ca1a\",\"name\":\"Administrador\",\"image\":{\"@type\":\"ImageObject\",\"inLanguage\":\"es\",\"@id\":\"https:\/\/escuelaespanaval.cl\/#\/schema\/person\/image\/\",\"url\":\"https:\/\/secure.gravatar.com\/avatar\/1a4537f0b323ae38f6776eb293038a2af5616bfe3d24bf6be540f254d895dd45?s=96&d=mm&r=g\",\"contentUrl\":\"https:\/\/secure.gravatar.com\/avatar\/1a4537f0b323ae38f6776eb293038a2af5616bfe3d24bf6be540f254d895dd45?s=96&d=mm&r=g\",\"caption\":\"Administrador\"},\"sameAs\":[\"https:\/\/escuelaespanaval.cl\/wp\"],\"url\":\"https:\/\/escuelaespanaval.cl\/?author=1\"}]}<\/script>\n<!-- \/ Yoast SEO plugin. -->","yoast_head_json":{"title":"Apoyan a docentes y profesionales de la Escuela Espa\u00f1a con capacitaciones sobre el Trastorno del Espectro Autista - Escuela Espa\u00f1a","robots":{"index":"index","follow":"follow","max-snippet":"max-snippet:-1","max-image-preview":"max-image-preview:large","max-video-preview":"max-video-preview:-1"},"canonical":"https:\/\/escuelaespanaval.cl\/?p=1314","og_locale":"es_ES","og_type":"article","og_title":"Apoyan a docentes y profesionales de la Escuela Espa\u00f1a con capacitaciones sobre el Trastorno del Espectro Autista - Escuela Espa\u00f1a","og_description":"Dotar de conocimientos y herramientas que contribuyan al abordaje de ni\u00f1os y ni\u00f1as con Trastorno del Espectro Autista, TEA, fue uno de los principales objetivos de un taller realizado por el Programa Comunal de Atenci\u00f3n a la Discapacidad de la Municipalidad de Valdivia en la Escuela Espa\u00f1a, en el cual participaron un total de 25 [&hellip;]","og_url":"https:\/\/escuelaespanaval.cl\/?p=1314","og_site_name":"Escuela Espa\u00f1a","article_publisher":"https:\/\/www.facebook.com\/escuelaespanavald","article_published_time":"2022-08-10T14:28:27+00:00","article_modified_time":"2022-10-18T20:01:26+00:00","author":"Administrador","twitter_card":"summary_large_image","twitter_misc":{"Escrito por":"Administrador","Tiempo de lectura":"3 minutos"},"schema":{"@context":"https:\/\/schema.org","@graph":[{"@type":"Article","@id":"https:\/\/escuelaespanaval.cl\/?p=1314#article","isPartOf":{"@id":"https:\/\/escuelaespanaval.cl\/?p=1314"},"author":{"name":"Administrador","@id":"https:\/\/escuelaespanaval.cl\/#\/schema\/person\/b8dc96fec133a948c2114bb5cba3ca1a"},"headline":"Apoyan a docentes y profesionales de la Escuela Espa\u00f1a con capacitaciones sobre el Trastorno del Espectro Autista","datePublished":"2022-08-10T14:28:27+00:00","dateModified":"2022-10-18T20:01:26+00:00","mainEntityOfPage":{"@id":"https:\/\/escuelaespanaval.cl\/?p=1314"},"wordCount":532,"publisher":{"@id":"https:\/\/escuelaespanaval.cl\/#organization"},"articleSection":["Noticias"],"inLanguage":"es"},{"@type":"WebPage","@id":"https:\/\/escuelaespanaval.cl\/?p=1314","url":"https:\/\/escuelaespanaval.cl\/?p=1314","name":"Apoyan a docentes y profesionales de la Escuela Espa\u00f1a con capacitaciones sobre el Trastorno del Espectro Autista - Escuela Espa\u00f1a","isPartOf":{"@id":"https:\/\/escuelaespanaval.cl\/#website"},"datePublished":"2022-08-10T14:28:27+00:00","dateModified":"2022-10-18T20:01:26+00:00","breadcrumb":{"@id":"https:\/\/escuelaespanaval.cl\/?p=1314#breadcrumb"},"inLanguage":"es","potentialAction":[{"@type":"ReadAction","target":["https:\/\/escuelaespanaval.cl\/?p=1314"]}]},{"@type":"BreadcrumbList","@id":"https:\/\/escuelaespanaval.cl\/?p=1314#breadcrumb","itemListElement":[{"@type":"ListItem","position":1,"name":"Portada","item":"https:\/\/escuelaespanaval.cl\/"},{"@type":"ListItem","position":2,"name":"Apoyan a docentes y profesionales de la Escuela Espa\u00f1a con capacitaciones sobre el Trastorno del Espectro Autista"}]},{"@type":"WebSite","@id":"https:\/\/escuelaespanaval.cl\/#website","url":"https:\/\/escuelaespanaval.cl\/","name":"Escuela Espa\u00f1a","description":"Valdivia","publisher":{"@id":"https:\/\/escuelaespanaval.cl\/#organization"},"potentialAction":[{"@type":"SearchAction","target":{"@type":"EntryPoint","urlTemplate":"https:\/\/escuelaespanaval.cl\/?s={search_term_string}"},"query-input":{"@type":"PropertyValueSpecification","valueRequired":true,"valueName":"search_term_string"}}],"inLanguage":"es"},{"@type":"Organization","@id":"https:\/\/escuelaespanaval.cl\/#organization","name":"Escuela Espa\u00f1a","url":"https:\/\/escuelaespanaval.cl\/","logo":{"@type":"ImageObject","inLanguage":"es","@id":"https:\/\/escuelaespanaval.cl\/#\/schema\/logo\/image\/","url":"https:\/\/escuelaespanaval.cl\/wp-content\/uploads\/2020\/12\/LOGO_ESCUELA.png","contentUrl":"https:\/\/escuelaespanaval.cl\/wp-content\/uploads\/2020\/12\/LOGO_ESCUELA.png","width":1550,"height":2402,"caption":"Escuela Espa\u00f1a"},"image":{"@id":"https:\/\/escuelaespanaval.cl\/#\/schema\/logo\/image\/"},"sameAs":["https:\/\/www.facebook.com\/escuelaespanavald","https:\/\/www.youtube.com\/@escuelaespanavaldivia97"]},{"@type":"Person","@id":"https:\/\/escuelaespanaval.cl\/#\/schema\/person\/b8dc96fec133a948c2114bb5cba3ca1a","name":"Administrador","image":{"@type":"ImageObject","inLanguage":"es","@id":"https:\/\/escuelaespanaval.cl\/#\/schema\/person\/image\/","url":"https:\/\/secure.gravatar.com\/avatar\/1a4537f0b323ae38f6776eb293038a2af5616bfe3d24bf6be540f254d895dd45?s=96&d=mm&r=g","contentUrl":"https:\/\/secure.gravatar.com\/avatar\/1a4537f0b323ae38f6776eb293038a2af5616bfe3d24bf6be540f254d895dd45?s=96&d=mm&r=g","caption":"Administrador"},"sameAs":["https:\/\/escuelaespanaval.cl\/wp"],"url":"https:\/\/escuelaespanaval.cl\/?author=1"}]}},"_links":{"self":[{"href":"https:\/\/escuelaespanaval.cl\/index.php?rest_route=\/wp\/v2\/posts\/1314","targetHints":{"allow":["GET"]}}],"collection":[{"href":"https:\/\/escuelaespanaval.cl\/index.php?rest_route=\/wp\/v2\/posts"}],"about":[{"href":"https:\/\/escuelaespanaval.cl\/index.php?rest_route=\/wp\/v2\/types\/post"}],"author":[{"embeddable":true,"href":"https:\/\/escuelaespanaval.cl\/index.php?rest_route=\/wp\/v2\/users\/1"}],"replies":[{"embeddable":true,"href":"https:\/\/escuelaespanaval.cl\/index.php?rest_route=%2Fwp%2Fv2%2Fcomments&post=1314"}],"version-history":[{"count":1,"href":"https:\/\/escuelaespanaval.cl\/index.php?rest_route=\/wp\/v2\/posts\/1314\/revisions"}],"predecessor-version":[{"id":1315,"href":"https:\/\/escuelaespanaval.cl\/index.php?rest_route=\/wp\/v2\/posts\/1314\/revisions\/1315"}],"wp:attachment":[{"href":"https:\/\/escuelaespanaval.cl\/index.php?rest_route=%2Fwp%2Fv2%2Fmedia&parent=1314"}],"wp:term":[{"taxonomy":"category","embeddable":true,"href":"https:\/\/escuelaespanaval.cl\/index.php?rest_route=%2Fwp%2Fv2%2Fcategories&post=1314"},{"taxonomy":"post_tag","embeddable":true,"href":"https:\/\/escuelaespanaval.cl\/index.php?rest_route=%2Fwp%2Fv2%2Ftags&post=1314"}],"curies":[{"name":"wp","href":"https:\/\/api.w.org\/{rel}","templated":true}]}}