{"id":1306,"date":"2022-07-18T08:05:00","date_gmt":"2022-07-18T08:05:00","guid":{"rendered":"https:\/\/escuelaespanaval.cl\/?p=1306"},"modified":"2022-10-18T20:01:55","modified_gmt":"2022-10-18T20:01:55","slug":"comunicado-de-director","status":"publish","type":"post","link":"https:\/\/escuelaespanaval.cl\/?p=1306","title":{"rendered":"COMUNICADO DE DIRECTOR"},"content":{"rendered":"\n<p><\/p>\n\n\n\n<p>Estimada Comunidad Escolar:<\/p>\n\n\n\n<p>Junto con saludarles muy cordialmente, y esperando que todos se encuentren muy bien, informo lo siguiente:<\/p>\n\n\n\n<p>Como ya es de p\u00fablico conocimiento, la autoridad educacional derog\u00f3 el decreto que permit\u00eda a los establecimientos educacionales que hab\u00edan solicitado originalmente 3 semanas de vacaciones, mantenerlas en conformidad al calendario escolar inicial.<\/p>\n\n\n\n<p>Habi\u00e9ndose agotado las gestiones para mantener el calendario inicial, es un deber informar a la comunidad educativa, que el retorno a las aulas durante el segundo semestre se realizar\u00e1 el 25 de Julio pr\u00f3ximo, junto con todos los establecimientos del pa\u00eds, y manteniendo los mismos horarios del primer semestre.<\/p>\n\n\n\n<p>Lamentando los inconvenientes que se pudieran generar, debemos recordar que la pandemia y sus efectos siguen vigentes y han recrudecido, obligando a la autoridad a actuar en consecuencia.<\/p>\n\n\n\n<p>No quisiera despedirme sin antes reiterar el llamado a mantener las medidas de protecci\u00f3n por Covid19 y e instar a la vacunaci\u00f3n. Recuerden que si la familia est\u00e1 protegida, tambi\u00e9n toda nuestra comunidad educativa estar\u00e1 m\u00e1s segura.<\/p>\n\n\n\n<p>Un saludo muy afectuoso para cada uno de ustedes.<\/p>\n\n\n\n<p>CARLOS ALBERTO JELVES ORTIZ <\/p>\n\n\n\n<p>Director Escuela Espa\u00f1a<\/p>\n\n\n\n<div data-wp-interactive=\"core\/file\" class=\"wp-block-file alignwide\"><object data-wp-bind--hidden=\"!state.hasPdfPreview\" hidden class=\"wp-block-file__embed\" data=\"https:\/\/escuelaespanaval.cl\/wp-content\/uploads\/2022\/07\/2022-07-14-comunicado-inicio-segundo-semestre.pdf\" type=\"application\/pdf\" style=\"width:100%;height:600px\" aria-label=\"Incrustado de Incrustado de 2022-07-14-comunicado-inicio-segundo-semestre..\"><\/object><a id=\"wp-block-file--media-ecc38c74-7b7d-4610-b8d4-b8b66cc4f340\" href=\"https:\/\/escuelaespanaval.cl\/wp-content\/uploads\/2022\/07\/2022-07-14-comunicado-inicio-segundo-semestre.pdf\">2022-07-14-comunicado-inicio-segundo-semestre<\/a><a href=\"https:\/\/escuelaespanaval.cl\/wp-content\/uploads\/2022\/07\/2022-07-14-comunicado-inicio-segundo-semestre.pdf\" class=\"wp-block-file__button\" download aria-describedby=\"wp-block-file--media-ecc38c74-7b7d-4610-b8d4-b8b66cc4f340\">Descarga<\/a><\/div>\n","protected":false},"excerpt":{"rendered":"<p>Estimada Comunidad Escolar: Junto con saludarles muy cordialmente, y esperando que todos se encuentren muy bien, informo lo siguiente: Como ya es de p\u00fablico conocimiento, la autoridad educacional derog\u00f3 el decreto que permit\u00eda a los establecimientos educacionales que hab\u00edan solicitado originalmente 3 semanas de vacaciones, mantenerlas en conformidad al calendario escolar inicial. Habi\u00e9ndose agotado las [&hellip;]<\/p>\n","protected":false},"author":1,"featured_media":0,"comment_status":"closed","ping_status":"open","sticky":false,"template":"","format":"standard","meta":{"_monsterinsights_skip_tracking":false,"_monsterinsights_sitenote_active":false,"_monsterinsights_sitenote_note":"","_monsterinsights_sitenote_category":0,"site-container-style":"default","site-container-layout":"default","site-sidebar-layout":"default","disable-article-header":"default","disable-site-header":"default","disable-site-footer":"default","disable-content-area-spacing":"default","footnotes":""},"categories":[4],"tags":[],"class_list":["post-1306","post","type-post","status-publish","format-standard","hentry","category-noticias"],"yoast_head":"<!-- This site is optimized with the Yoast SEO plugin v27.1.1 - https:\/\/yoast.com\/product\/yoast-seo-wordpress\/ -->\n<title>COMUNICADO DE DIRECTOR - Escuela Espa\u00f1a<\/title>\n<meta name=\"robots\" content=\"index, follow, max-snippet:-1, max-image-preview:large, max-video-preview:-1\" \/>\n<link rel=\"canonical\" href=\"https:\/\/escuelaespanaval.cl\/?p=1306\" \/>\n<meta property=\"og:locale\" content=\"es_ES\" \/>\n<meta property=\"og:type\" content=\"article\" \/>\n<meta property=\"og:title\" content=\"COMUNICADO DE DIRECTOR - Escuela Espa\u00f1a\" \/>\n<meta property=\"og:description\" content=\"Estimada Comunidad Escolar: Junto con saludarles muy cordialmente, y esperando que todos se encuentren muy bien, informo lo siguiente: Como ya es de p\u00fablico conocimiento, la autoridad educacional derog\u00f3 el decreto que permit\u00eda a los establecimientos educacionales que hab\u00edan solicitado originalmente 3 semanas de vacaciones, mantenerlas en conformidad al calendario escolar inicial. Habi\u00e9ndose agotado las [&hellip;]\" \/>\n<meta property=\"og:url\" content=\"https:\/\/escuelaespanaval.cl\/?p=1306\" \/>\n<meta property=\"og:site_name\" content=\"Escuela Espa\u00f1a\" \/>\n<meta property=\"article:publisher\" content=\"https:\/\/www.facebook.com\/escuelaespanavald\" \/>\n<meta property=\"article:published_time\" content=\"2022-07-18T08:05:00+00:00\" \/>\n<meta property=\"article:modified_time\" content=\"2022-10-18T20:01:55+00:00\" \/>\n<meta name=\"author\" content=\"Administrador\" \/>\n<meta name=\"twitter:card\" content=\"summary_large_image\" \/>\n<meta name=\"twitter:label1\" content=\"Escrito por\" \/>\n\t<meta name=\"twitter:data1\" content=\"Administrador\" \/>\n\t<meta name=\"twitter:label2\" content=\"Tiempo de lectura\" \/>\n\t<meta name=\"twitter:data2\" content=\"1 minuto\" \/>\n<script type=\"application\/ld+json\" class=\"yoast-schema-graph\">{\"@context\":\"https:\/\/schema.org\",\"@graph\":[{\"@type\":\"Article\",\"@id\":\"https:\/\/escuelaespanaval.cl\/?p=1306#article\",\"isPartOf\":{\"@id\":\"https:\/\/escuelaespanaval.cl\/?p=1306\"},\"author\":{\"name\":\"Administrador\",\"@id\":\"https:\/\/escuelaespanaval.cl\/#\/schema\/person\/b8dc96fec133a948c2114bb5cba3ca1a\"},\"headline\":\"COMUNICADO DE DIRECTOR\",\"datePublished\":\"2022-07-18T08:05:00+00:00\",\"dateModified\":\"2022-10-18T20:01:55+00:00\",\"mainEntityOfPage\":{\"@id\":\"https:\/\/escuelaespanaval.cl\/?p=1306\"},\"wordCount\":198,\"publisher\":{\"@id\":\"https:\/\/escuelaespanaval.cl\/#organization\"},\"articleSection\":[\"Noticias\"],\"inLanguage\":\"es\"},{\"@type\":\"WebPage\",\"@id\":\"https:\/\/escuelaespanaval.cl\/?p=1306\",\"url\":\"https:\/\/escuelaespanaval.cl\/?p=1306\",\"name\":\"COMUNICADO DE DIRECTOR - Escuela Espa\u00f1a\",\"isPartOf\":{\"@id\":\"https:\/\/escuelaespanaval.cl\/#website\"},\"datePublished\":\"2022-07-18T08:05:00+00:00\",\"dateModified\":\"2022-10-18T20:01:55+00:00\",\"breadcrumb\":{\"@id\":\"https:\/\/escuelaespanaval.cl\/?p=1306#breadcrumb\"},\"inLanguage\":\"es\",\"potentialAction\":[{\"@type\":\"ReadAction\",\"target\":[\"https:\/\/escuelaespanaval.cl\/?p=1306\"]}]},{\"@type\":\"BreadcrumbList\",\"@id\":\"https:\/\/escuelaespanaval.cl\/?p=1306#breadcrumb\",\"itemListElement\":[{\"@type\":\"ListItem\",\"position\":1,\"name\":\"Portada\",\"item\":\"https:\/\/escuelaespanaval.cl\/\"},{\"@type\":\"ListItem\",\"position\":2,\"name\":\"COMUNICADO DE DIRECTOR\"}]},{\"@type\":\"WebSite\",\"@id\":\"https:\/\/escuelaespanaval.cl\/#website\",\"url\":\"https:\/\/escuelaespanaval.cl\/\",\"name\":\"Escuela Espa\u00f1a\",\"description\":\"Valdivia\",\"publisher\":{\"@id\":\"https:\/\/escuelaespanaval.cl\/#organization\"},\"potentialAction\":[{\"@type\":\"SearchAction\",\"target\":{\"@type\":\"EntryPoint\",\"urlTemplate\":\"https:\/\/escuelaespanaval.cl\/?s={search_term_string}\"},\"query-input\":{\"@type\":\"PropertyValueSpecification\",\"valueRequired\":true,\"valueName\":\"search_term_string\"}}],\"inLanguage\":\"es\"},{\"@type\":\"Organization\",\"@id\":\"https:\/\/escuelaespanaval.cl\/#organization\",\"name\":\"Escuela Espa\u00f1a\",\"url\":\"https:\/\/escuelaespanaval.cl\/\",\"logo\":{\"@type\":\"ImageObject\",\"inLanguage\":\"es\",\"@id\":\"https:\/\/escuelaespanaval.cl\/#\/schema\/logo\/image\/\",\"url\":\"https:\/\/escuelaespanaval.cl\/wp-content\/uploads\/2020\/12\/LOGO_ESCUELA.png\",\"contentUrl\":\"https:\/\/escuelaespanaval.cl\/wp-content\/uploads\/2020\/12\/LOGO_ESCUELA.png\",\"width\":1550,\"height\":2402,\"caption\":\"Escuela Espa\u00f1a\"},\"image\":{\"@id\":\"https:\/\/escuelaespanaval.cl\/#\/schema\/logo\/image\/\"},\"sameAs\":[\"https:\/\/www.facebook.com\/escuelaespanavald\",\"https:\/\/www.youtube.com\/@escuelaespanavaldivia97\"]},{\"@type\":\"Person\",\"@id\":\"https:\/\/escuelaespanaval.cl\/#\/schema\/person\/b8dc96fec133a948c2114bb5cba3ca1a\",\"name\":\"Administrador\",\"image\":{\"@type\":\"ImageObject\",\"inLanguage\":\"es\",\"@id\":\"https:\/\/escuelaespanaval.cl\/#\/schema\/person\/image\/\",\"url\":\"https:\/\/secure.gravatar.com\/avatar\/1a4537f0b323ae38f6776eb293038a2af5616bfe3d24bf6be540f254d895dd45?s=96&d=mm&r=g\",\"contentUrl\":\"https:\/\/secure.gravatar.com\/avatar\/1a4537f0b323ae38f6776eb293038a2af5616bfe3d24bf6be540f254d895dd45?s=96&d=mm&r=g\",\"caption\":\"Administrador\"},\"sameAs\":[\"https:\/\/escuelaespanaval.cl\/wp\"],\"url\":\"https:\/\/escuelaespanaval.cl\/?author=1\"}]}<\/script>\n<!-- \/ Yoast SEO plugin. -->","yoast_head_json":{"title":"COMUNICADO DE DIRECTOR - Escuela Espa\u00f1a","robots":{"index":"index","follow":"follow","max-snippet":"max-snippet:-1","max-image-preview":"max-image-preview:large","max-video-preview":"max-video-preview:-1"},"canonical":"https:\/\/escuelaespanaval.cl\/?p=1306","og_locale":"es_ES","og_type":"article","og_title":"COMUNICADO DE DIRECTOR - Escuela Espa\u00f1a","og_description":"Estimada Comunidad Escolar: Junto con saludarles muy cordialmente, y esperando que todos se encuentren muy bien, informo lo siguiente: Como ya es de p\u00fablico conocimiento, la autoridad educacional derog\u00f3 el decreto que permit\u00eda a los establecimientos educacionales que hab\u00edan solicitado originalmente 3 semanas de vacaciones, mantenerlas en conformidad al calendario escolar inicial. Habi\u00e9ndose agotado las [&hellip;]","og_url":"https:\/\/escuelaespanaval.cl\/?p=1306","og_site_name":"Escuela Espa\u00f1a","article_publisher":"https:\/\/www.facebook.com\/escuelaespanavald","article_published_time":"2022-07-18T08:05:00+00:00","article_modified_time":"2022-10-18T20:01:55+00:00","author":"Administrador","twitter_card":"summary_large_image","twitter_misc":{"Escrito por":"Administrador","Tiempo de lectura":"1 minuto"},"schema":{"@context":"https:\/\/schema.org","@graph":[{"@type":"Article","@id":"https:\/\/escuelaespanaval.cl\/?p=1306#article","isPartOf":{"@id":"https:\/\/escuelaespanaval.cl\/?p=1306"},"author":{"name":"Administrador","@id":"https:\/\/escuelaespanaval.cl\/#\/schema\/person\/b8dc96fec133a948c2114bb5cba3ca1a"},"headline":"COMUNICADO DE DIRECTOR","datePublished":"2022-07-18T08:05:00+00:00","dateModified":"2022-10-18T20:01:55+00:00","mainEntityOfPage":{"@id":"https:\/\/escuelaespanaval.cl\/?p=1306"},"wordCount":198,"publisher":{"@id":"https:\/\/escuelaespanaval.cl\/#organization"},"articleSection":["Noticias"],"inLanguage":"es"},{"@type":"WebPage","@id":"https:\/\/escuelaespanaval.cl\/?p=1306","url":"https:\/\/escuelaespanaval.cl\/?p=1306","name":"COMUNICADO DE DIRECTOR - Escuela Espa\u00f1a","isPartOf":{"@id":"https:\/\/escuelaespanaval.cl\/#website"},"datePublished":"2022-07-18T08:05:00+00:00","dateModified":"2022-10-18T20:01:55+00:00","breadcrumb":{"@id":"https:\/\/escuelaespanaval.cl\/?p=1306#breadcrumb"},"inLanguage":"es","potentialAction":[{"@type":"ReadAction","target":["https:\/\/escuelaespanaval.cl\/?p=1306"]}]},{"@type":"BreadcrumbList","@id":"https:\/\/escuelaespanaval.cl\/?p=1306#breadcrumb","itemListElement":[{"@type":"ListItem","position":1,"name":"Portada","item":"https:\/\/escuelaespanaval.cl\/"},{"@type":"ListItem","position":2,"name":"COMUNICADO DE DIRECTOR"}]},{"@type":"WebSite","@id":"https:\/\/escuelaespanaval.cl\/#website","url":"https:\/\/escuelaespanaval.cl\/","name":"Escuela Espa\u00f1a","description":"Valdivia","publisher":{"@id":"https:\/\/escuelaespanaval.cl\/#organization"},"potentialAction":[{"@type":"SearchAction","target":{"@type":"EntryPoint","urlTemplate":"https:\/\/escuelaespanaval.cl\/?s={search_term_string}"},"query-input":{"@type":"PropertyValueSpecification","valueRequired":true,"valueName":"search_term_string"}}],"inLanguage":"es"},{"@type":"Organization","@id":"https:\/\/escuelaespanaval.cl\/#organization","name":"Escuela Espa\u00f1a","url":"https:\/\/escuelaespanaval.cl\/","logo":{"@type":"ImageObject","inLanguage":"es","@id":"https:\/\/escuelaespanaval.cl\/#\/schema\/logo\/image\/","url":"https:\/\/escuelaespanaval.cl\/wp-content\/uploads\/2020\/12\/LOGO_ESCUELA.png","contentUrl":"https:\/\/escuelaespanaval.cl\/wp-content\/uploads\/2020\/12\/LOGO_ESCUELA.png","width":1550,"height":2402,"caption":"Escuela Espa\u00f1a"},"image":{"@id":"https:\/\/escuelaespanaval.cl\/#\/schema\/logo\/image\/"},"sameAs":["https:\/\/www.facebook.com\/escuelaespanavald","https:\/\/www.youtube.com\/@escuelaespanavaldivia97"]},{"@type":"Person","@id":"https:\/\/escuelaespanaval.cl\/#\/schema\/person\/b8dc96fec133a948c2114bb5cba3ca1a","name":"Administrador","image":{"@type":"ImageObject","inLanguage":"es","@id":"https:\/\/escuelaespanaval.cl\/#\/schema\/person\/image\/","url":"https:\/\/secure.gravatar.com\/avatar\/1a4537f0b323ae38f6776eb293038a2af5616bfe3d24bf6be540f254d895dd45?s=96&d=mm&r=g","contentUrl":"https:\/\/secure.gravatar.com\/avatar\/1a4537f0b323ae38f6776eb293038a2af5616bfe3d24bf6be540f254d895dd45?s=96&d=mm&r=g","caption":"Administrador"},"sameAs":["https:\/\/escuelaespanaval.cl\/wp"],"url":"https:\/\/escuelaespanaval.cl\/?author=1"}]}},"_links":{"self":[{"href":"https:\/\/escuelaespanaval.cl\/index.php?rest_route=\/wp\/v2\/posts\/1306","targetHints":{"allow":["GET"]}}],"collection":[{"href":"https:\/\/escuelaespanaval.cl\/index.php?rest_route=\/wp\/v2\/posts"}],"about":[{"href":"https:\/\/escuelaespanaval.cl\/index.php?rest_route=\/wp\/v2\/types\/post"}],"author":[{"embeddable":true,"href":"https:\/\/escuelaespanaval.cl\/index.php?rest_route=\/wp\/v2\/users\/1"}],"replies":[{"embeddable":true,"href":"https:\/\/escuelaespanaval.cl\/index.php?rest_route=%2Fwp%2Fv2%2Fcomments&post=1306"}],"version-history":[{"count":1,"href":"https:\/\/escuelaespanaval.cl\/index.php?rest_route=\/wp\/v2\/posts\/1306\/revisions"}],"predecessor-version":[{"id":1308,"href":"https:\/\/escuelaespanaval.cl\/index.php?rest_route=\/wp\/v2\/posts\/1306\/revisions\/1308"}],"wp:attachment":[{"href":"https:\/\/escuelaespanaval.cl\/index.php?rest_route=%2Fwp%2Fv2%2Fmedia&parent=1306"}],"wp:term":[{"taxonomy":"category","embeddable":true,"href":"https:\/\/escuelaespanaval.cl\/index.php?rest_route=%2Fwp%2Fv2%2Fcategories&post=1306"},{"taxonomy":"post_tag","embeddable":true,"href":"https:\/\/escuelaespanaval.cl\/index.php?rest_route=%2Fwp%2Fv2%2Ftags&post=1306"}],"curies":[{"name":"wp","href":"https:\/\/api.w.org\/{rel}","templated":true}]}}