{"id":1148,"date":"2022-04-11T13:17:02","date_gmt":"2022-04-11T13:17:02","guid":{"rendered":"https:\/\/escuelaespanaval.cl\/?p=1148"},"modified":"2022-04-11T16:24:09","modified_gmt":"2022-04-11T16:24:09","slug":"nuevo-ano-en-la-escuela","status":"publish","type":"post","link":"https:\/\/escuelaespanaval.cl\/?p=1148","title":{"rendered":"Nuevo a\u00f1o en la escuela"},"content":{"rendered":"\n<p>El 01 de marzo, d\u00eda en que todo el personal comenz\u00f3 el nuevo a\u00f1o en la escuela tuvimos la visita del Sr. Andoni Olazar\u00e1n, en representaci\u00f3n de Daem de Valdivia, quien no present\u00f3 formalmente al nuevo Director de nuestro establecimiento, Sr Carlos Jelves. Damos la bienvenida a nuestro nuevo director dese\u00e1ndole que este a\u00f1o traiga nuevos logros y experiencias junto a esta comunidad educativa llamada Escuela Espa\u00f1a.<\/p>\n\n\n\n<figure class=\"wp-block-gallery has-nested-images columns-default is-cropped wp-block-gallery-1 is-layout-flex wp-block-gallery-is-layout-flex\">\n<figure class=\"wp-block-image size-large\"><img loading=\"lazy\" decoding=\"async\" width=\"575\" height=\"1024\" data-id=\"1151\" src=\"https:\/\/escuelaespanaval.cl\/wp-content\/uploads\/2022\/04\/IMG_1118-575x1024.jpg\" alt=\"\" class=\"wp-image-1151\" srcset=\"https:\/\/escuelaespanaval.cl\/wp-content\/uploads\/2022\/04\/IMG_1118-575x1024.jpg 575w, https:\/\/escuelaespanaval.cl\/wp-content\/uploads\/2022\/04\/IMG_1118-168x300.jpg 168w, https:\/\/escuelaespanaval.cl\/wp-content\/uploads\/2022\/04\/IMG_1118-768x1368.jpg 768w, https:\/\/escuelaespanaval.cl\/wp-content\/uploads\/2022\/04\/IMG_1118-862x1536.jpg 862w, https:\/\/escuelaespanaval.cl\/wp-content\/uploads\/2022\/04\/IMG_1118-1150x2048.jpg 1150w, https:\/\/escuelaespanaval.cl\/wp-content\/uploads\/2022\/04\/IMG_1118-1080x1924.jpg 1080w, https:\/\/escuelaespanaval.cl\/wp-content\/uploads\/2022\/04\/IMG_1118-1280x2280.jpg 1280w, https:\/\/escuelaespanaval.cl\/wp-content\/uploads\/2022\/04\/IMG_1118-980x1746.jpg 980w, https:\/\/escuelaespanaval.cl\/wp-content\/uploads\/2022\/04\/IMG_1118-480x855.jpg 480w, https:\/\/escuelaespanaval.cl\/wp-content\/uploads\/2022\/04\/IMG_1118-scaled.jpg 1437w\" sizes=\"auto, (max-width: 575px) 100vw, 575px\" \/><\/figure>\n\n\n\n<figure class=\"wp-block-image size-large\"><img loading=\"lazy\" decoding=\"async\" width=\"575\" height=\"1024\" data-id=\"1152\" src=\"https:\/\/escuelaespanaval.cl\/wp-content\/uploads\/2022\/04\/IMG_1120-575x1024.jpg\" alt=\"\" class=\"wp-image-1152\" srcset=\"https:\/\/escuelaespanaval.cl\/wp-content\/uploads\/2022\/04\/IMG_1120-575x1024.jpg 575w, https:\/\/escuelaespanaval.cl\/wp-content\/uploads\/2022\/04\/IMG_1120-168x300.jpg 168w, https:\/\/escuelaespanaval.cl\/wp-content\/uploads\/2022\/04\/IMG_1120-768x1368.jpg 768w, https:\/\/escuelaespanaval.cl\/wp-content\/uploads\/2022\/04\/IMG_1120-862x1536.jpg 862w, https:\/\/escuelaespanaval.cl\/wp-content\/uploads\/2022\/04\/IMG_1120-1150x2048.jpg 1150w, https:\/\/escuelaespanaval.cl\/wp-content\/uploads\/2022\/04\/IMG_1120-1080x1924.jpg 1080w, https:\/\/escuelaespanaval.cl\/wp-content\/uploads\/2022\/04\/IMG_1120-1280x2280.jpg 1280w, https:\/\/escuelaespanaval.cl\/wp-content\/uploads\/2022\/04\/IMG_1120-980x1746.jpg 980w, https:\/\/escuelaespanaval.cl\/wp-content\/uploads\/2022\/04\/IMG_1120-480x855.jpg 480w, https:\/\/escuelaespanaval.cl\/wp-content\/uploads\/2022\/04\/IMG_1120-scaled.jpg 1437w\" sizes=\"auto, (max-width: 575px) 100vw, 575px\" \/><\/figure>\n\n\n\n<figure class=\"wp-block-image size-large\"><img loading=\"lazy\" decoding=\"async\" width=\"1024\" height=\"575\" data-id=\"1150\" src=\"https:\/\/escuelaespanaval.cl\/wp-content\/uploads\/2022\/04\/IMG_1122-1024x575.jpg\" alt=\"\" class=\"wp-image-1150\" srcset=\"https:\/\/escuelaespanaval.cl\/wp-content\/uploads\/2022\/04\/IMG_1122-1024x575.jpg 1024w, https:\/\/escuelaespanaval.cl\/wp-content\/uploads\/2022\/04\/IMG_1122-300x168.jpg 300w, https:\/\/escuelaespanaval.cl\/wp-content\/uploads\/2022\/04\/IMG_1122-768x431.jpg 768w, https:\/\/escuelaespanaval.cl\/wp-content\/uploads\/2022\/04\/IMG_1122-1536x862.jpg 1536w, https:\/\/escuelaespanaval.cl\/wp-content\/uploads\/2022\/04\/IMG_1122-2048x1150.jpg 2048w, https:\/\/escuelaespanaval.cl\/wp-content\/uploads\/2022\/04\/IMG_1122-1080x606.jpg 1080w, https:\/\/escuelaespanaval.cl\/wp-content\/uploads\/2022\/04\/IMG_1122-1280x719.jpg 1280w, https:\/\/escuelaespanaval.cl\/wp-content\/uploads\/2022\/04\/IMG_1122-980x550.jpg 980w, https:\/\/escuelaespanaval.cl\/wp-content\/uploads\/2022\/04\/IMG_1122-480x269.jpg 480w\" sizes=\"auto, (max-width: 1024px) 100vw, 1024px\" \/><\/figure>\n\n\n\n<figure class=\"wp-block-image size-large\"><img loading=\"lazy\" decoding=\"async\" width=\"1024\" height=\"575\" data-id=\"1153\" src=\"https:\/\/escuelaespanaval.cl\/wp-content\/uploads\/2022\/04\/IMG_1125-1024x575.jpg\" alt=\"\" class=\"wp-image-1153\" srcset=\"https:\/\/escuelaespanaval.cl\/wp-content\/uploads\/2022\/04\/IMG_1125-1024x575.jpg 1024w, https:\/\/escuelaespanaval.cl\/wp-content\/uploads\/2022\/04\/IMG_1125-300x168.jpg 300w, https:\/\/escuelaespanaval.cl\/wp-content\/uploads\/2022\/04\/IMG_1125-768x431.jpg 768w, https:\/\/escuelaespanaval.cl\/wp-content\/uploads\/2022\/04\/IMG_1125-1536x862.jpg 1536w, https:\/\/escuelaespanaval.cl\/wp-content\/uploads\/2022\/04\/IMG_1125-2048x1150.jpg 2048w, https:\/\/escuelaespanaval.cl\/wp-content\/uploads\/2022\/04\/IMG_1125-1080x606.jpg 1080w, https:\/\/escuelaespanaval.cl\/wp-content\/uploads\/2022\/04\/IMG_1125-1280x719.jpg 1280w, https:\/\/escuelaespanaval.cl\/wp-content\/uploads\/2022\/04\/IMG_1125-980x550.jpg 980w, https:\/\/escuelaespanaval.cl\/wp-content\/uploads\/2022\/04\/IMG_1125-480x269.jpg 480w\" sizes=\"auto, (max-width: 1024px) 100vw, 1024px\" \/><\/figure>\n\n\n\n<figure class=\"wp-block-image size-large\"><img loading=\"lazy\" decoding=\"async\" width=\"1024\" height=\"575\" data-id=\"1155\" src=\"https:\/\/escuelaespanaval.cl\/wp-content\/uploads\/2022\/04\/IMG_1127-1024x575.jpg\" alt=\"\" class=\"wp-image-1155\" srcset=\"https:\/\/escuelaespanaval.cl\/wp-content\/uploads\/2022\/04\/IMG_1127-1024x575.jpg 1024w, https:\/\/escuelaespanaval.cl\/wp-content\/uploads\/2022\/04\/IMG_1127-300x168.jpg 300w, https:\/\/escuelaespanaval.cl\/wp-content\/uploads\/2022\/04\/IMG_1127-768x431.jpg 768w, https:\/\/escuelaespanaval.cl\/wp-content\/uploads\/2022\/04\/IMG_1127-1536x862.jpg 1536w, https:\/\/escuelaespanaval.cl\/wp-content\/uploads\/2022\/04\/IMG_1127-2048x1150.jpg 2048w, https:\/\/escuelaespanaval.cl\/wp-content\/uploads\/2022\/04\/IMG_1127-1080x606.jpg 1080w, https:\/\/escuelaespanaval.cl\/wp-content\/uploads\/2022\/04\/IMG_1127-1280x719.jpg 1280w, https:\/\/escuelaespanaval.cl\/wp-content\/uploads\/2022\/04\/IMG_1127-980x550.jpg 980w, https:\/\/escuelaespanaval.cl\/wp-content\/uploads\/2022\/04\/IMG_1127-480x269.jpg 480w\" sizes=\"auto, (max-width: 1024px) 100vw, 1024px\" \/><\/figure>\n\n\n\n<figure class=\"wp-block-image size-large\"><img loading=\"lazy\" decoding=\"async\" width=\"1024\" height=\"575\" data-id=\"1149\" src=\"https:\/\/escuelaespanaval.cl\/wp-content\/uploads\/2022\/04\/IMG_1128-1024x575.jpg\" alt=\"\" class=\"wp-image-1149\" srcset=\"https:\/\/escuelaespanaval.cl\/wp-content\/uploads\/2022\/04\/IMG_1128-1024x575.jpg 1024w, https:\/\/escuelaespanaval.cl\/wp-content\/uploads\/2022\/04\/IMG_1128-300x168.jpg 300w, https:\/\/escuelaespanaval.cl\/wp-content\/uploads\/2022\/04\/IMG_1128-768x431.jpg 768w, https:\/\/escuelaespanaval.cl\/wp-content\/uploads\/2022\/04\/IMG_1128-1536x862.jpg 1536w, https:\/\/escuelaespanaval.cl\/wp-content\/uploads\/2022\/04\/IMG_1128-2048x1150.jpg 2048w, https:\/\/escuelaespanaval.cl\/wp-content\/uploads\/2022\/04\/IMG_1128-1080x606.jpg 1080w, https:\/\/escuelaespanaval.cl\/wp-content\/uploads\/2022\/04\/IMG_1128-1280x719.jpg 1280w, https:\/\/escuelaespanaval.cl\/wp-content\/uploads\/2022\/04\/IMG_1128-980x550.jpg 980w, https:\/\/escuelaespanaval.cl\/wp-content\/uploads\/2022\/04\/IMG_1128-480x269.jpg 480w\" sizes=\"auto, (max-width: 1024px) 100vw, 1024px\" \/><\/figure>\n\n\n\n<figure class=\"wp-block-image size-large\"><img loading=\"lazy\" decoding=\"async\" width=\"576\" height=\"1024\" data-id=\"1156\" src=\"https:\/\/escuelaespanaval.cl\/wp-content\/uploads\/2022\/04\/IMG_1136-576x1024.jpg\" alt=\"\" class=\"wp-image-1156\" srcset=\"https:\/\/escuelaespanaval.cl\/wp-content\/uploads\/2022\/04\/IMG_1136-576x1024.jpg 576w, https:\/\/escuelaespanaval.cl\/wp-content\/uploads\/2022\/04\/IMG_1136-169x300.jpg 169w, https:\/\/escuelaespanaval.cl\/wp-content\/uploads\/2022\/04\/IMG_1136-768x1366.jpg 768w, https:\/\/escuelaespanaval.cl\/wp-content\/uploads\/2022\/04\/IMG_1136-863x1536.jpg 863w, https:\/\/escuelaespanaval.cl\/wp-content\/uploads\/2022\/04\/IMG_1136-1151x2048.jpg 1151w, https:\/\/escuelaespanaval.cl\/wp-content\/uploads\/2022\/04\/IMG_1136-1080x1921.jpg 1080w, https:\/\/escuelaespanaval.cl\/wp-content\/uploads\/2022\/04\/IMG_1136-1280x2277.jpg 1280w, https:\/\/escuelaespanaval.cl\/wp-content\/uploads\/2022\/04\/IMG_1136-980x1743.jpg 980w, https:\/\/escuelaespanaval.cl\/wp-content\/uploads\/2022\/04\/IMG_1136-480x854.jpg 480w, https:\/\/escuelaespanaval.cl\/wp-content\/uploads\/2022\/04\/IMG_1136-scaled.jpg 1439w\" sizes=\"auto, (max-width: 576px) 100vw, 576px\" \/><\/figure>\n<\/figure>\n","protected":false},"excerpt":{"rendered":"<p>El 01 de marzo, d\u00eda en que todo el personal comenz\u00f3 el nuevo a\u00f1o en la escuela tuvimos la visita del Sr. Andoni Olazar\u00e1n, en representaci\u00f3n de Daem de Valdivia, quien no present\u00f3 formalmente al nuevo Director de nuestro establecimiento, Sr Carlos Jelves. Damos la bienvenida a nuestro nuevo director dese\u00e1ndole que este a\u00f1o traiga [&hellip;]<\/p>\n","protected":false},"author":1,"featured_media":1153,"comment_status":"closed","ping_status":"open","sticky":false,"template":"","format":"standard","meta":{"_monsterinsights_skip_tracking":false,"_monsterinsights_sitenote_active":false,"_monsterinsights_sitenote_note":"","_monsterinsights_sitenote_category":0,"site-container-style":"default","site-container-layout":"default","site-sidebar-layout":"default","disable-article-header":"default","disable-site-header":"default","disable-site-footer":"default","disable-content-area-spacing":"default","footnotes":""},"categories":[4],"tags":[],"class_list":["post-1148","post","type-post","status-publish","format-standard","has-post-thumbnail","hentry","category-noticias"],"yoast_head":"<!-- This site is optimized with the Yoast SEO plugin v27.1.1 - https:\/\/yoast.com\/product\/yoast-seo-wordpress\/ -->\n<title>Nuevo a\u00f1o en la escuela - Escuela Espa\u00f1a<\/title>\n<meta name=\"robots\" content=\"index, follow, max-snippet:-1, max-image-preview:large, max-video-preview:-1\" \/>\n<link rel=\"canonical\" href=\"https:\/\/escuelaespanaval.cl\/?p=1148\" \/>\n<meta property=\"og:locale\" content=\"es_ES\" \/>\n<meta property=\"og:type\" content=\"article\" \/>\n<meta property=\"og:title\" content=\"Nuevo a\u00f1o en la escuela - Escuela Espa\u00f1a\" \/>\n<meta property=\"og:description\" content=\"El 01 de marzo, d\u00eda en que todo el personal comenz\u00f3 el nuevo a\u00f1o en la escuela tuvimos la visita del Sr. Andoni Olazar\u00e1n, en representaci\u00f3n de Daem de Valdivia, quien no present\u00f3 formalmente al nuevo Director de nuestro establecimiento, Sr Carlos Jelves. Damos la bienvenida a nuestro nuevo director dese\u00e1ndole que este a\u00f1o traiga [&hellip;]\" \/>\n<meta property=\"og:url\" content=\"https:\/\/escuelaespanaval.cl\/?p=1148\" \/>\n<meta property=\"og:site_name\" content=\"Escuela Espa\u00f1a\" \/>\n<meta property=\"article:publisher\" content=\"https:\/\/www.facebook.com\/escuelaespanavald\" \/>\n<meta property=\"article:published_time\" content=\"2022-04-11T13:17:02+00:00\" \/>\n<meta property=\"article:modified_time\" content=\"2022-04-11T16:24:09+00:00\" \/>\n<meta property=\"og:image\" content=\"https:\/\/escuelaespanaval.cl\/wp-content\/uploads\/2022\/04\/IMG_1125-scaled.jpg\" \/>\n\t<meta property=\"og:image:width\" content=\"2560\" \/>\n\t<meta property=\"og:image:height\" content=\"1437\" \/>\n\t<meta property=\"og:image:type\" content=\"image\/jpeg\" \/>\n<meta name=\"author\" content=\"Administrador\" \/>\n<meta name=\"twitter:card\" content=\"summary_large_image\" \/>\n<meta name=\"twitter:label1\" content=\"Escrito por\" \/>\n\t<meta name=\"twitter:data1\" content=\"Administrador\" \/>\n<script type=\"application\/ld+json\" class=\"yoast-schema-graph\">{\"@context\":\"https:\/\/schema.org\",\"@graph\":[{\"@type\":\"Article\",\"@id\":\"https:\/\/escuelaespanaval.cl\/?p=1148#article\",\"isPartOf\":{\"@id\":\"https:\/\/escuelaespanaval.cl\/?p=1148\"},\"author\":{\"name\":\"Administrador\",\"@id\":\"https:\/\/escuelaespanaval.cl\/#\/schema\/person\/b8dc96fec133a948c2114bb5cba3ca1a\"},\"headline\":\"Nuevo a\u00f1o en la escuela\",\"datePublished\":\"2022-04-11T13:17:02+00:00\",\"dateModified\":\"2022-04-11T16:24:09+00:00\",\"mainEntityOfPage\":{\"@id\":\"https:\/\/escuelaespanaval.cl\/?p=1148\"},\"wordCount\":79,\"publisher\":{\"@id\":\"https:\/\/escuelaespanaval.cl\/#organization\"},\"image\":{\"@id\":\"https:\/\/escuelaespanaval.cl\/?p=1148#primaryimage\"},\"thumbnailUrl\":\"https:\/\/escuelaespanaval.cl\/wp-content\/uploads\/2022\/04\/IMG_1125-scaled.jpg\",\"articleSection\":[\"Noticias\"],\"inLanguage\":\"es\"},{\"@type\":\"WebPage\",\"@id\":\"https:\/\/escuelaespanaval.cl\/?p=1148\",\"url\":\"https:\/\/escuelaespanaval.cl\/?p=1148\",\"name\":\"Nuevo a\u00f1o en la escuela - Escuela Espa\u00f1a\",\"isPartOf\":{\"@id\":\"https:\/\/escuelaespanaval.cl\/#website\"},\"primaryImageOfPage\":{\"@id\":\"https:\/\/escuelaespanaval.cl\/?p=1148#primaryimage\"},\"image\":{\"@id\":\"https:\/\/escuelaespanaval.cl\/?p=1148#primaryimage\"},\"thumbnailUrl\":\"https:\/\/escuelaespanaval.cl\/wp-content\/uploads\/2022\/04\/IMG_1125-scaled.jpg\",\"datePublished\":\"2022-04-11T13:17:02+00:00\",\"dateModified\":\"2022-04-11T16:24:09+00:00\",\"breadcrumb\":{\"@id\":\"https:\/\/escuelaespanaval.cl\/?p=1148#breadcrumb\"},\"inLanguage\":\"es\",\"potentialAction\":[{\"@type\":\"ReadAction\",\"target\":[\"https:\/\/escuelaespanaval.cl\/?p=1148\"]}]},{\"@type\":\"ImageObject\",\"inLanguage\":\"es\",\"@id\":\"https:\/\/escuelaespanaval.cl\/?p=1148#primaryimage\",\"url\":\"https:\/\/escuelaespanaval.cl\/wp-content\/uploads\/2022\/04\/IMG_1125-scaled.jpg\",\"contentUrl\":\"https:\/\/escuelaespanaval.cl\/wp-content\/uploads\/2022\/04\/IMG_1125-scaled.jpg\",\"width\":2560,\"height\":1437},{\"@type\":\"BreadcrumbList\",\"@id\":\"https:\/\/escuelaespanaval.cl\/?p=1148#breadcrumb\",\"itemListElement\":[{\"@type\":\"ListItem\",\"position\":1,\"name\":\"Portada\",\"item\":\"https:\/\/escuelaespanaval.cl\/\"},{\"@type\":\"ListItem\",\"position\":2,\"name\":\"Nuevo a\u00f1o en la escuela\"}]},{\"@type\":\"WebSite\",\"@id\":\"https:\/\/escuelaespanaval.cl\/#website\",\"url\":\"https:\/\/escuelaespanaval.cl\/\",\"name\":\"Escuela Espa\u00f1a\",\"description\":\"Valdivia\",\"publisher\":{\"@id\":\"https:\/\/escuelaespanaval.cl\/#organization\"},\"potentialAction\":[{\"@type\":\"SearchAction\",\"target\":{\"@type\":\"EntryPoint\",\"urlTemplate\":\"https:\/\/escuelaespanaval.cl\/?s={search_term_string}\"},\"query-input\":{\"@type\":\"PropertyValueSpecification\",\"valueRequired\":true,\"valueName\":\"search_term_string\"}}],\"inLanguage\":\"es\"},{\"@type\":\"Organization\",\"@id\":\"https:\/\/escuelaespanaval.cl\/#organization\",\"name\":\"Escuela Espa\u00f1a\",\"url\":\"https:\/\/escuelaespanaval.cl\/\",\"logo\":{\"@type\":\"ImageObject\",\"inLanguage\":\"es\",\"@id\":\"https:\/\/escuelaespanaval.cl\/#\/schema\/logo\/image\/\",\"url\":\"https:\/\/escuelaespanaval.cl\/wp-content\/uploads\/2020\/12\/LOGO_ESCUELA.png\",\"contentUrl\":\"https:\/\/escuelaespanaval.cl\/wp-content\/uploads\/2020\/12\/LOGO_ESCUELA.png\",\"width\":1550,\"height\":2402,\"caption\":\"Escuela Espa\u00f1a\"},\"image\":{\"@id\":\"https:\/\/escuelaespanaval.cl\/#\/schema\/logo\/image\/\"},\"sameAs\":[\"https:\/\/www.facebook.com\/escuelaespanavald\",\"https:\/\/www.youtube.com\/@escuelaespanavaldivia97\"]},{\"@type\":\"Person\",\"@id\":\"https:\/\/escuelaespanaval.cl\/#\/schema\/person\/b8dc96fec133a948c2114bb5cba3ca1a\",\"name\":\"Administrador\",\"image\":{\"@type\":\"ImageObject\",\"inLanguage\":\"es\",\"@id\":\"https:\/\/escuelaespanaval.cl\/#\/schema\/person\/image\/\",\"url\":\"https:\/\/secure.gravatar.com\/avatar\/1a4537f0b323ae38f6776eb293038a2af5616bfe3d24bf6be540f254d895dd45?s=96&d=mm&r=g\",\"contentUrl\":\"https:\/\/secure.gravatar.com\/avatar\/1a4537f0b323ae38f6776eb293038a2af5616bfe3d24bf6be540f254d895dd45?s=96&d=mm&r=g\",\"caption\":\"Administrador\"},\"sameAs\":[\"https:\/\/escuelaespanaval.cl\/wp\"],\"url\":\"https:\/\/escuelaespanaval.cl\/?author=1\"}]}<\/script>\n<!-- \/ Yoast SEO plugin. -->","yoast_head_json":{"title":"Nuevo a\u00f1o en la escuela - Escuela Espa\u00f1a","robots":{"index":"index","follow":"follow","max-snippet":"max-snippet:-1","max-image-preview":"max-image-preview:large","max-video-preview":"max-video-preview:-1"},"canonical":"https:\/\/escuelaespanaval.cl\/?p=1148","og_locale":"es_ES","og_type":"article","og_title":"Nuevo a\u00f1o en la escuela - Escuela Espa\u00f1a","og_description":"El 01 de marzo, d\u00eda en que todo el personal comenz\u00f3 el nuevo a\u00f1o en la escuela tuvimos la visita del Sr. Andoni Olazar\u00e1n, en representaci\u00f3n de Daem de Valdivia, quien no present\u00f3 formalmente al nuevo Director de nuestro establecimiento, Sr Carlos Jelves. Damos la bienvenida a nuestro nuevo director dese\u00e1ndole que este a\u00f1o traiga [&hellip;]","og_url":"https:\/\/escuelaespanaval.cl\/?p=1148","og_site_name":"Escuela Espa\u00f1a","article_publisher":"https:\/\/www.facebook.com\/escuelaespanavald","article_published_time":"2022-04-11T13:17:02+00:00","article_modified_time":"2022-04-11T16:24:09+00:00","og_image":[{"width":2560,"height":1437,"url":"https:\/\/escuelaespanaval.cl\/wp-content\/uploads\/2022\/04\/IMG_1125-scaled.jpg","type":"image\/jpeg"}],"author":"Administrador","twitter_card":"summary_large_image","twitter_misc":{"Escrito por":"Administrador"},"schema":{"@context":"https:\/\/schema.org","@graph":[{"@type":"Article","@id":"https:\/\/escuelaespanaval.cl\/?p=1148#article","isPartOf":{"@id":"https:\/\/escuelaespanaval.cl\/?p=1148"},"author":{"name":"Administrador","@id":"https:\/\/escuelaespanaval.cl\/#\/schema\/person\/b8dc96fec133a948c2114bb5cba3ca1a"},"headline":"Nuevo a\u00f1o en la escuela","datePublished":"2022-04-11T13:17:02+00:00","dateModified":"2022-04-11T16:24:09+00:00","mainEntityOfPage":{"@id":"https:\/\/escuelaespanaval.cl\/?p=1148"},"wordCount":79,"publisher":{"@id":"https:\/\/escuelaespanaval.cl\/#organization"},"image":{"@id":"https:\/\/escuelaespanaval.cl\/?p=1148#primaryimage"},"thumbnailUrl":"https:\/\/escuelaespanaval.cl\/wp-content\/uploads\/2022\/04\/IMG_1125-scaled.jpg","articleSection":["Noticias"],"inLanguage":"es"},{"@type":"WebPage","@id":"https:\/\/escuelaespanaval.cl\/?p=1148","url":"https:\/\/escuelaespanaval.cl\/?p=1148","name":"Nuevo a\u00f1o en la escuela - Escuela Espa\u00f1a","isPartOf":{"@id":"https:\/\/escuelaespanaval.cl\/#website"},"primaryImageOfPage":{"@id":"https:\/\/escuelaespanaval.cl\/?p=1148#primaryimage"},"image":{"@id":"https:\/\/escuelaespanaval.cl\/?p=1148#primaryimage"},"thumbnailUrl":"https:\/\/escuelaespanaval.cl\/wp-content\/uploads\/2022\/04\/IMG_1125-scaled.jpg","datePublished":"2022-04-11T13:17:02+00:00","dateModified":"2022-04-11T16:24:09+00:00","breadcrumb":{"@id":"https:\/\/escuelaespanaval.cl\/?p=1148#breadcrumb"},"inLanguage":"es","potentialAction":[{"@type":"ReadAction","target":["https:\/\/escuelaespanaval.cl\/?p=1148"]}]},{"@type":"ImageObject","inLanguage":"es","@id":"https:\/\/escuelaespanaval.cl\/?p=1148#primaryimage","url":"https:\/\/escuelaespanaval.cl\/wp-content\/uploads\/2022\/04\/IMG_1125-scaled.jpg","contentUrl":"https:\/\/escuelaespanaval.cl\/wp-content\/uploads\/2022\/04\/IMG_1125-scaled.jpg","width":2560,"height":1437},{"@type":"BreadcrumbList","@id":"https:\/\/escuelaespanaval.cl\/?p=1148#breadcrumb","itemListElement":[{"@type":"ListItem","position":1,"name":"Portada","item":"https:\/\/escuelaespanaval.cl\/"},{"@type":"ListItem","position":2,"name":"Nuevo a\u00f1o en la escuela"}]},{"@type":"WebSite","@id":"https:\/\/escuelaespanaval.cl\/#website","url":"https:\/\/escuelaespanaval.cl\/","name":"Escuela Espa\u00f1a","description":"Valdivia","publisher":{"@id":"https:\/\/escuelaespanaval.cl\/#organization"},"potentialAction":[{"@type":"SearchAction","target":{"@type":"EntryPoint","urlTemplate":"https:\/\/escuelaespanaval.cl\/?s={search_term_string}"},"query-input":{"@type":"PropertyValueSpecification","valueRequired":true,"valueName":"search_term_string"}}],"inLanguage":"es"},{"@type":"Organization","@id":"https:\/\/escuelaespanaval.cl\/#organization","name":"Escuela Espa\u00f1a","url":"https:\/\/escuelaespanaval.cl\/","logo":{"@type":"ImageObject","inLanguage":"es","@id":"https:\/\/escuelaespanaval.cl\/#\/schema\/logo\/image\/","url":"https:\/\/escuelaespanaval.cl\/wp-content\/uploads\/2020\/12\/LOGO_ESCUELA.png","contentUrl":"https:\/\/escuelaespanaval.cl\/wp-content\/uploads\/2020\/12\/LOGO_ESCUELA.png","width":1550,"height":2402,"caption":"Escuela Espa\u00f1a"},"image":{"@id":"https:\/\/escuelaespanaval.cl\/#\/schema\/logo\/image\/"},"sameAs":["https:\/\/www.facebook.com\/escuelaespanavald","https:\/\/www.youtube.com\/@escuelaespanavaldivia97"]},{"@type":"Person","@id":"https:\/\/escuelaespanaval.cl\/#\/schema\/person\/b8dc96fec133a948c2114bb5cba3ca1a","name":"Administrador","image":{"@type":"ImageObject","inLanguage":"es","@id":"https:\/\/escuelaespanaval.cl\/#\/schema\/person\/image\/","url":"https:\/\/secure.gravatar.com\/avatar\/1a4537f0b323ae38f6776eb293038a2af5616bfe3d24bf6be540f254d895dd45?s=96&d=mm&r=g","contentUrl":"https:\/\/secure.gravatar.com\/avatar\/1a4537f0b323ae38f6776eb293038a2af5616bfe3d24bf6be540f254d895dd45?s=96&d=mm&r=g","caption":"Administrador"},"sameAs":["https:\/\/escuelaespanaval.cl\/wp"],"url":"https:\/\/escuelaespanaval.cl\/?author=1"}]}},"_links":{"self":[{"href":"https:\/\/escuelaespanaval.cl\/index.php?rest_route=\/wp\/v2\/posts\/1148","targetHints":{"allow":["GET"]}}],"collection":[{"href":"https:\/\/escuelaespanaval.cl\/index.php?rest_route=\/wp\/v2\/posts"}],"about":[{"href":"https:\/\/escuelaespanaval.cl\/index.php?rest_route=\/wp\/v2\/types\/post"}],"author":[{"embeddable":true,"href":"https:\/\/escuelaespanaval.cl\/index.php?rest_route=\/wp\/v2\/users\/1"}],"replies":[{"embeddable":true,"href":"https:\/\/escuelaespanaval.cl\/index.php?rest_route=%2Fwp%2Fv2%2Fcomments&post=1148"}],"version-history":[{"count":2,"href":"https:\/\/escuelaespanaval.cl\/index.php?rest_route=\/wp\/v2\/posts\/1148\/revisions"}],"predecessor-version":[{"id":1236,"href":"https:\/\/escuelaespanaval.cl\/index.php?rest_route=\/wp\/v2\/posts\/1148\/revisions\/1236"}],"wp:featuredmedia":[{"embeddable":true,"href":"https:\/\/escuelaespanaval.cl\/index.php?rest_route=\/wp\/v2\/media\/1153"}],"wp:attachment":[{"href":"https:\/\/escuelaespanaval.cl\/index.php?rest_route=%2Fwp%2Fv2%2Fmedia&parent=1148"}],"wp:term":[{"taxonomy":"category","embeddable":true,"href":"https:\/\/escuelaespanaval.cl\/index.php?rest_route=%2Fwp%2Fv2%2Fcategories&post=1148"},{"taxonomy":"post_tag","embeddable":true,"href":"https:\/\/escuelaespanaval.cl\/index.php?rest_route=%2Fwp%2Fv2%2Ftags&post=1148"}],"curies":[{"name":"wp","href":"https:\/\/api.w.org\/{rel}","templated":true}]}}