{"id":1136,"date":"2022-04-01T15:21:50","date_gmt":"2022-04-01T15:21:50","guid":{"rendered":"https:\/\/escuelaespanaval.cl\/?p=1136"},"modified":"2022-04-11T13:31:28","modified_gmt":"2022-04-11T13:31:28","slug":"orientaciones-para-el-reencuentro-educativo","status":"publish","type":"post","link":"https:\/\/escuelaespanaval.cl\/?p=1136","title":{"rendered":"ORIENTACIONES PARA EL REENCUENTRO EDUCATIVO"},"content":{"rendered":"\n<p>Estas orientaciones responden al inter\u00e9s del Gobierno por garantizar el derecho a la educaci\u00f3n y el respeto de medidas sanitarias de toda la poblaci\u00f3n, para que ni\u00f1os, ni\u00f1as, adolescentes, j\u00f3venes y adultos, puedan continuar con sus aprendizajes y ser asistidos de manera integral, en cada una de sus necesidades educativas. Asimismo, son fruto del trabajo de los equipos de los Ministerios de Salud y Educaci\u00f3n, de las propuestas de la Comisi\u00f3n Nacional de Respuesta Pand\u00e9mica, y de las diversas instancias de di\u00e1logo que llev\u00f3 adelante el ministro de Educaci\u00f3n con representantes de las comunidades educativas, como el Colegio de Profesores, el Colegio de Educadoras de P\u00e1rvulos, gremios como Aprojunji, Confemuch, Movimiento VTF, las asociaciones de municipios, la Asociaci\u00f3n de Municipios Rurales, la Coordinaci\u00f3n de Colegios Particulares Subvencionados, Conaech y Afaep, entre otros.<\/p>\n\n\n\n<p>Revise las orientaciones:<\/p>\n\n\n\n<p><a href=\"https:\/\/www.mineduc.cl\/wp-content\/uploads\/sites\/19\/2022\/03\/OrientacionesReencuentroEducativo.pdf\">https:\/\/www.mineduc.cl\/wp-content\/uploads\/sites\/19\/2022\/03\/OrientacionesReencuentroEducativo.pdf<\/a><\/p>\n\n\n\n<p>M\u00c1S INFORMACI\u00d3N<\/p>\n\n\n\n<p>Revise el protocolo de MINEDUC :<\/p>\n\n\n\n<p><a href=\"https:\/\/sigamosaprendiendo.mineduc.cl\/wp-content\/uploads\/2022\/02\/ProtocoloMedidasSanitariasEE-2022.pdf\">Protocolo actualizado Medidas Sanitarias EE 2022<\/a><\/p>\n\n\n\n<p><br>Llame al call center Ayuda Mineduc 600 600 2626<\/p>\n","protected":false},"excerpt":{"rendered":"<p>Estas orientaciones responden al inter\u00e9s del Gobierno por garantizar el derecho a la educaci\u00f3n y el respeto de medidas sanitarias de toda la poblaci\u00f3n, para que ni\u00f1os, ni\u00f1as, adolescentes, j\u00f3venes y adultos, puedan continuar con sus aprendizajes y ser asistidos de manera integral, en cada una de sus necesidades educativas. Asimismo, son fruto del trabajo [&hellip;]<\/p>\n","protected":false},"author":1,"featured_media":1137,"comment_status":"closed","ping_status":"open","sticky":false,"template":"","format":"standard","meta":{"_monsterinsights_skip_tracking":false,"_monsterinsights_sitenote_active":false,"_monsterinsights_sitenote_note":"","_monsterinsights_sitenote_category":0,"site-container-style":"default","site-container-layout":"default","site-sidebar-layout":"default","disable-article-header":"default","disable-site-header":"default","disable-site-footer":"default","disable-content-area-spacing":"default","footnotes":""},"categories":[4],"tags":[],"class_list":["post-1136","post","type-post","status-publish","format-standard","has-post-thumbnail","hentry","category-noticias"],"yoast_head":"<!-- This site is optimized with the Yoast SEO plugin v27.1.1 - https:\/\/yoast.com\/product\/yoast-seo-wordpress\/ -->\n<title>ORIENTACIONES PARA EL REENCUENTRO EDUCATIVO - Escuela Espa\u00f1a<\/title>\n<meta name=\"robots\" content=\"index, follow, max-snippet:-1, max-image-preview:large, max-video-preview:-1\" \/>\n<link rel=\"canonical\" href=\"https:\/\/escuelaespanaval.cl\/?p=1136\" \/>\n<meta property=\"og:locale\" content=\"es_ES\" \/>\n<meta property=\"og:type\" content=\"article\" \/>\n<meta property=\"og:title\" content=\"ORIENTACIONES PARA EL REENCUENTRO EDUCATIVO - Escuela Espa\u00f1a\" \/>\n<meta property=\"og:description\" content=\"Estas orientaciones responden al inter\u00e9s del Gobierno por garantizar el derecho a la educaci\u00f3n y el respeto de medidas sanitarias de toda la poblaci\u00f3n, para que ni\u00f1os, ni\u00f1as, adolescentes, j\u00f3venes y adultos, puedan continuar con sus aprendizajes y ser asistidos de manera integral, en cada una de sus necesidades educativas. Asimismo, son fruto del trabajo [&hellip;]\" \/>\n<meta property=\"og:url\" content=\"https:\/\/escuelaespanaval.cl\/?p=1136\" \/>\n<meta property=\"og:site_name\" content=\"Escuela Espa\u00f1a\" \/>\n<meta property=\"article:publisher\" content=\"https:\/\/www.facebook.com\/escuelaespanavald\" \/>\n<meta property=\"article:published_time\" content=\"2022-04-01T15:21:50+00:00\" \/>\n<meta property=\"article:modified_time\" content=\"2022-04-11T13:31:28+00:00\" \/>\n<meta property=\"og:image\" content=\"https:\/\/escuelaespanaval.cl\/wp-content\/uploads\/2022\/04\/ORIENTACIONES-PARA-EL-REENCUENTRO-EDUCATIVO-660x249-1.png\" \/>\n\t<meta property=\"og:image:width\" content=\"660\" \/>\n\t<meta property=\"og:image:height\" content=\"249\" \/>\n\t<meta property=\"og:image:type\" content=\"image\/png\" \/>\n<meta name=\"author\" content=\"Administrador\" \/>\n<meta name=\"twitter:card\" content=\"summary_large_image\" \/>\n<meta name=\"twitter:label1\" content=\"Escrito por\" \/>\n\t<meta name=\"twitter:data1\" content=\"Administrador\" \/>\n\t<meta name=\"twitter:label2\" content=\"Tiempo de lectura\" \/>\n\t<meta name=\"twitter:data2\" content=\"1 minuto\" \/>\n<script type=\"application\/ld+json\" class=\"yoast-schema-graph\">{\"@context\":\"https:\/\/schema.org\",\"@graph\":[{\"@type\":\"Article\",\"@id\":\"https:\/\/escuelaespanaval.cl\/?p=1136#article\",\"isPartOf\":{\"@id\":\"https:\/\/escuelaespanaval.cl\/?p=1136\"},\"author\":{\"name\":\"Administrador\",\"@id\":\"https:\/\/escuelaespanaval.cl\/#\/schema\/person\/b8dc96fec133a948c2114bb5cba3ca1a\"},\"headline\":\"ORIENTACIONES PARA EL REENCUENTRO EDUCATIVO\",\"datePublished\":\"2022-04-01T15:21:50+00:00\",\"dateModified\":\"2022-04-11T13:31:28+00:00\",\"mainEntityOfPage\":{\"@id\":\"https:\/\/escuelaespanaval.cl\/?p=1136\"},\"wordCount\":183,\"publisher\":{\"@id\":\"https:\/\/escuelaespanaval.cl\/#organization\"},\"image\":{\"@id\":\"https:\/\/escuelaespanaval.cl\/?p=1136#primaryimage\"},\"thumbnailUrl\":\"https:\/\/escuelaespanaval.cl\/wp-content\/uploads\/2022\/04\/ORIENTACIONES-PARA-EL-REENCUENTRO-EDUCATIVO-660x249-1.png\",\"articleSection\":[\"Noticias\"],\"inLanguage\":\"es\"},{\"@type\":\"WebPage\",\"@id\":\"https:\/\/escuelaespanaval.cl\/?p=1136\",\"url\":\"https:\/\/escuelaespanaval.cl\/?p=1136\",\"name\":\"ORIENTACIONES PARA EL REENCUENTRO EDUCATIVO - Escuela Espa\u00f1a\",\"isPartOf\":{\"@id\":\"https:\/\/escuelaespanaval.cl\/#website\"},\"primaryImageOfPage\":{\"@id\":\"https:\/\/escuelaespanaval.cl\/?p=1136#primaryimage\"},\"image\":{\"@id\":\"https:\/\/escuelaespanaval.cl\/?p=1136#primaryimage\"},\"thumbnailUrl\":\"https:\/\/escuelaespanaval.cl\/wp-content\/uploads\/2022\/04\/ORIENTACIONES-PARA-EL-REENCUENTRO-EDUCATIVO-660x249-1.png\",\"datePublished\":\"2022-04-01T15:21:50+00:00\",\"dateModified\":\"2022-04-11T13:31:28+00:00\",\"breadcrumb\":{\"@id\":\"https:\/\/escuelaespanaval.cl\/?p=1136#breadcrumb\"},\"inLanguage\":\"es\",\"potentialAction\":[{\"@type\":\"ReadAction\",\"target\":[\"https:\/\/escuelaespanaval.cl\/?p=1136\"]}]},{\"@type\":\"ImageObject\",\"inLanguage\":\"es\",\"@id\":\"https:\/\/escuelaespanaval.cl\/?p=1136#primaryimage\",\"url\":\"https:\/\/escuelaespanaval.cl\/wp-content\/uploads\/2022\/04\/ORIENTACIONES-PARA-EL-REENCUENTRO-EDUCATIVO-660x249-1.png\",\"contentUrl\":\"https:\/\/escuelaespanaval.cl\/wp-content\/uploads\/2022\/04\/ORIENTACIONES-PARA-EL-REENCUENTRO-EDUCATIVO-660x249-1.png\",\"width\":660,\"height\":249},{\"@type\":\"BreadcrumbList\",\"@id\":\"https:\/\/escuelaespanaval.cl\/?p=1136#breadcrumb\",\"itemListElement\":[{\"@type\":\"ListItem\",\"position\":1,\"name\":\"Portada\",\"item\":\"https:\/\/escuelaespanaval.cl\/\"},{\"@type\":\"ListItem\",\"position\":2,\"name\":\"ORIENTACIONES PARA EL REENCUENTRO EDUCATIVO\"}]},{\"@type\":\"WebSite\",\"@id\":\"https:\/\/escuelaespanaval.cl\/#website\",\"url\":\"https:\/\/escuelaespanaval.cl\/\",\"name\":\"Escuela Espa\u00f1a\",\"description\":\"Valdivia\",\"publisher\":{\"@id\":\"https:\/\/escuelaespanaval.cl\/#organization\"},\"potentialAction\":[{\"@type\":\"SearchAction\",\"target\":{\"@type\":\"EntryPoint\",\"urlTemplate\":\"https:\/\/escuelaespanaval.cl\/?s={search_term_string}\"},\"query-input\":{\"@type\":\"PropertyValueSpecification\",\"valueRequired\":true,\"valueName\":\"search_term_string\"}}],\"inLanguage\":\"es\"},{\"@type\":\"Organization\",\"@id\":\"https:\/\/escuelaespanaval.cl\/#organization\",\"name\":\"Escuela Espa\u00f1a\",\"url\":\"https:\/\/escuelaespanaval.cl\/\",\"logo\":{\"@type\":\"ImageObject\",\"inLanguage\":\"es\",\"@id\":\"https:\/\/escuelaespanaval.cl\/#\/schema\/logo\/image\/\",\"url\":\"https:\/\/escuelaespanaval.cl\/wp-content\/uploads\/2020\/12\/LOGO_ESCUELA.png\",\"contentUrl\":\"https:\/\/escuelaespanaval.cl\/wp-content\/uploads\/2020\/12\/LOGO_ESCUELA.png\",\"width\":1550,\"height\":2402,\"caption\":\"Escuela Espa\u00f1a\"},\"image\":{\"@id\":\"https:\/\/escuelaespanaval.cl\/#\/schema\/logo\/image\/\"},\"sameAs\":[\"https:\/\/www.facebook.com\/escuelaespanavald\",\"https:\/\/www.youtube.com\/@escuelaespanavaldivia97\"]},{\"@type\":\"Person\",\"@id\":\"https:\/\/escuelaespanaval.cl\/#\/schema\/person\/b8dc96fec133a948c2114bb5cba3ca1a\",\"name\":\"Administrador\",\"image\":{\"@type\":\"ImageObject\",\"inLanguage\":\"es\",\"@id\":\"https:\/\/escuelaespanaval.cl\/#\/schema\/person\/image\/\",\"url\":\"https:\/\/secure.gravatar.com\/avatar\/1a4537f0b323ae38f6776eb293038a2af5616bfe3d24bf6be540f254d895dd45?s=96&d=mm&r=g\",\"contentUrl\":\"https:\/\/secure.gravatar.com\/avatar\/1a4537f0b323ae38f6776eb293038a2af5616bfe3d24bf6be540f254d895dd45?s=96&d=mm&r=g\",\"caption\":\"Administrador\"},\"sameAs\":[\"https:\/\/escuelaespanaval.cl\/wp\"],\"url\":\"https:\/\/escuelaespanaval.cl\/?author=1\"}]}<\/script>\n<!-- \/ Yoast SEO plugin. -->","yoast_head_json":{"title":"ORIENTACIONES PARA EL REENCUENTRO EDUCATIVO - Escuela Espa\u00f1a","robots":{"index":"index","follow":"follow","max-snippet":"max-snippet:-1","max-image-preview":"max-image-preview:large","max-video-preview":"max-video-preview:-1"},"canonical":"https:\/\/escuelaespanaval.cl\/?p=1136","og_locale":"es_ES","og_type":"article","og_title":"ORIENTACIONES PARA EL REENCUENTRO EDUCATIVO - Escuela Espa\u00f1a","og_description":"Estas orientaciones responden al inter\u00e9s del Gobierno por garantizar el derecho a la educaci\u00f3n y el respeto de medidas sanitarias de toda la poblaci\u00f3n, para que ni\u00f1os, ni\u00f1as, adolescentes, j\u00f3venes y adultos, puedan continuar con sus aprendizajes y ser asistidos de manera integral, en cada una de sus necesidades educativas. Asimismo, son fruto del trabajo [&hellip;]","og_url":"https:\/\/escuelaespanaval.cl\/?p=1136","og_site_name":"Escuela Espa\u00f1a","article_publisher":"https:\/\/www.facebook.com\/escuelaespanavald","article_published_time":"2022-04-01T15:21:50+00:00","article_modified_time":"2022-04-11T13:31:28+00:00","og_image":[{"width":660,"height":249,"url":"https:\/\/escuelaespanaval.cl\/wp-content\/uploads\/2022\/04\/ORIENTACIONES-PARA-EL-REENCUENTRO-EDUCATIVO-660x249-1.png","type":"image\/png"}],"author":"Administrador","twitter_card":"summary_large_image","twitter_misc":{"Escrito por":"Administrador","Tiempo de lectura":"1 minuto"},"schema":{"@context":"https:\/\/schema.org","@graph":[{"@type":"Article","@id":"https:\/\/escuelaespanaval.cl\/?p=1136#article","isPartOf":{"@id":"https:\/\/escuelaespanaval.cl\/?p=1136"},"author":{"name":"Administrador","@id":"https:\/\/escuelaespanaval.cl\/#\/schema\/person\/b8dc96fec133a948c2114bb5cba3ca1a"},"headline":"ORIENTACIONES PARA EL REENCUENTRO EDUCATIVO","datePublished":"2022-04-01T15:21:50+00:00","dateModified":"2022-04-11T13:31:28+00:00","mainEntityOfPage":{"@id":"https:\/\/escuelaespanaval.cl\/?p=1136"},"wordCount":183,"publisher":{"@id":"https:\/\/escuelaespanaval.cl\/#organization"},"image":{"@id":"https:\/\/escuelaespanaval.cl\/?p=1136#primaryimage"},"thumbnailUrl":"https:\/\/escuelaespanaval.cl\/wp-content\/uploads\/2022\/04\/ORIENTACIONES-PARA-EL-REENCUENTRO-EDUCATIVO-660x249-1.png","articleSection":["Noticias"],"inLanguage":"es"},{"@type":"WebPage","@id":"https:\/\/escuelaespanaval.cl\/?p=1136","url":"https:\/\/escuelaespanaval.cl\/?p=1136","name":"ORIENTACIONES PARA EL REENCUENTRO EDUCATIVO - Escuela Espa\u00f1a","isPartOf":{"@id":"https:\/\/escuelaespanaval.cl\/#website"},"primaryImageOfPage":{"@id":"https:\/\/escuelaespanaval.cl\/?p=1136#primaryimage"},"image":{"@id":"https:\/\/escuelaespanaval.cl\/?p=1136#primaryimage"},"thumbnailUrl":"https:\/\/escuelaespanaval.cl\/wp-content\/uploads\/2022\/04\/ORIENTACIONES-PARA-EL-REENCUENTRO-EDUCATIVO-660x249-1.png","datePublished":"2022-04-01T15:21:50+00:00","dateModified":"2022-04-11T13:31:28+00:00","breadcrumb":{"@id":"https:\/\/escuelaespanaval.cl\/?p=1136#breadcrumb"},"inLanguage":"es","potentialAction":[{"@type":"ReadAction","target":["https:\/\/escuelaespanaval.cl\/?p=1136"]}]},{"@type":"ImageObject","inLanguage":"es","@id":"https:\/\/escuelaespanaval.cl\/?p=1136#primaryimage","url":"https:\/\/escuelaespanaval.cl\/wp-content\/uploads\/2022\/04\/ORIENTACIONES-PARA-EL-REENCUENTRO-EDUCATIVO-660x249-1.png","contentUrl":"https:\/\/escuelaespanaval.cl\/wp-content\/uploads\/2022\/04\/ORIENTACIONES-PARA-EL-REENCUENTRO-EDUCATIVO-660x249-1.png","width":660,"height":249},{"@type":"BreadcrumbList","@id":"https:\/\/escuelaespanaval.cl\/?p=1136#breadcrumb","itemListElement":[{"@type":"ListItem","position":1,"name":"Portada","item":"https:\/\/escuelaespanaval.cl\/"},{"@type":"ListItem","position":2,"name":"ORIENTACIONES PARA EL REENCUENTRO EDUCATIVO"}]},{"@type":"WebSite","@id":"https:\/\/escuelaespanaval.cl\/#website","url":"https:\/\/escuelaespanaval.cl\/","name":"Escuela Espa\u00f1a","description":"Valdivia","publisher":{"@id":"https:\/\/escuelaespanaval.cl\/#organization"},"potentialAction":[{"@type":"SearchAction","target":{"@type":"EntryPoint","urlTemplate":"https:\/\/escuelaespanaval.cl\/?s={search_term_string}"},"query-input":{"@type":"PropertyValueSpecification","valueRequired":true,"valueName":"search_term_string"}}],"inLanguage":"es"},{"@type":"Organization","@id":"https:\/\/escuelaespanaval.cl\/#organization","name":"Escuela Espa\u00f1a","url":"https:\/\/escuelaespanaval.cl\/","logo":{"@type":"ImageObject","inLanguage":"es","@id":"https:\/\/escuelaespanaval.cl\/#\/schema\/logo\/image\/","url":"https:\/\/escuelaespanaval.cl\/wp-content\/uploads\/2020\/12\/LOGO_ESCUELA.png","contentUrl":"https:\/\/escuelaespanaval.cl\/wp-content\/uploads\/2020\/12\/LOGO_ESCUELA.png","width":1550,"height":2402,"caption":"Escuela Espa\u00f1a"},"image":{"@id":"https:\/\/escuelaespanaval.cl\/#\/schema\/logo\/image\/"},"sameAs":["https:\/\/www.facebook.com\/escuelaespanavald","https:\/\/www.youtube.com\/@escuelaespanavaldivia97"]},{"@type":"Person","@id":"https:\/\/escuelaespanaval.cl\/#\/schema\/person\/b8dc96fec133a948c2114bb5cba3ca1a","name":"Administrador","image":{"@type":"ImageObject","inLanguage":"es","@id":"https:\/\/escuelaespanaval.cl\/#\/schema\/person\/image\/","url":"https:\/\/secure.gravatar.com\/avatar\/1a4537f0b323ae38f6776eb293038a2af5616bfe3d24bf6be540f254d895dd45?s=96&d=mm&r=g","contentUrl":"https:\/\/secure.gravatar.com\/avatar\/1a4537f0b323ae38f6776eb293038a2af5616bfe3d24bf6be540f254d895dd45?s=96&d=mm&r=g","caption":"Administrador"},"sameAs":["https:\/\/escuelaespanaval.cl\/wp"],"url":"https:\/\/escuelaespanaval.cl\/?author=1"}]}},"_links":{"self":[{"href":"https:\/\/escuelaespanaval.cl\/index.php?rest_route=\/wp\/v2\/posts\/1136","targetHints":{"allow":["GET"]}}],"collection":[{"href":"https:\/\/escuelaespanaval.cl\/index.php?rest_route=\/wp\/v2\/posts"}],"about":[{"href":"https:\/\/escuelaespanaval.cl\/index.php?rest_route=\/wp\/v2\/types\/post"}],"author":[{"embeddable":true,"href":"https:\/\/escuelaespanaval.cl\/index.php?rest_route=\/wp\/v2\/users\/1"}],"replies":[{"embeddable":true,"href":"https:\/\/escuelaespanaval.cl\/index.php?rest_route=%2Fwp%2Fv2%2Fcomments&post=1136"}],"version-history":[{"count":1,"href":"https:\/\/escuelaespanaval.cl\/index.php?rest_route=\/wp\/v2\/posts\/1136\/revisions"}],"predecessor-version":[{"id":1138,"href":"https:\/\/escuelaespanaval.cl\/index.php?rest_route=\/wp\/v2\/posts\/1136\/revisions\/1138"}],"wp:featuredmedia":[{"embeddable":true,"href":"https:\/\/escuelaespanaval.cl\/index.php?rest_route=\/wp\/v2\/media\/1137"}],"wp:attachment":[{"href":"https:\/\/escuelaespanaval.cl\/index.php?rest_route=%2Fwp%2Fv2%2Fmedia&parent=1136"}],"wp:term":[{"taxonomy":"category","embeddable":true,"href":"https:\/\/escuelaespanaval.cl\/index.php?rest_route=%2Fwp%2Fv2%2Fcategories&post=1136"},{"taxonomy":"post_tag","embeddable":true,"href":"https:\/\/escuelaespanaval.cl\/index.php?rest_route=%2Fwp%2Fv2%2Ftags&post=1136"}],"curies":[{"name":"wp","href":"https:\/\/api.w.org\/{rel}","templated":true}]}}