{"id":1129,"date":"2022-03-23T17:54:43","date_gmt":"2022-03-23T17:54:43","guid":{"rendered":"https:\/\/escuelaespanaval.cl\/?p=1129"},"modified":"2022-04-11T13:31:28","modified_gmt":"2022-04-11T13:31:28","slug":"opd-valdivia-realizo-primera-charla-del-ano-escolar-sobre-buen-trato-a-docentes-de-la-escuela-espana","status":"publish","type":"post","link":"https:\/\/escuelaespanaval.cl\/?p=1129","title":{"rendered":"OPD Valdivia realiz\u00f3 primera charla del a\u00f1o escolar sobre Buen Trato a docentes de la Escuela Espa\u00f1a"},"content":{"rendered":"\n<p>La empat\u00eda, la interacci\u00f3n igualitaria, la comunicaci\u00f3n y el reconocimiento, fueron algunos de los t\u00f3picos abordados en la charla sobre Buen Trato realizada por la Oficina de Protecci\u00f3n de Derechos de Ni\u00f1as, Ni\u00f1os y Adolescentes (OPD) Valdivia al plantel docente de la Escuela Espa\u00f1a, donde participaron 33 profesores, y que fue la primera charla del a\u00f1o dirigida especialmente a docentes de los establecimientos educacionales de la comuna.<\/p>\n\n\n\n<p>Seg\u00fan explic\u00f3 la educadora social del \u00e1rea comunitaria de la Oficina de Protecci\u00f3n de Derechos de Ni\u00f1as, Ni\u00f1os y Adolescentes (OPD) de Valdivia, Nicole Vel\u00e1squez, en la instancia tambi\u00e9n se abordaron tem\u00e1ticas tales como el actuar frente a una situaci\u00f3n de vulneraci\u00f3n de derechos, a comportamientos negativos de alumnos y alumnas, adem\u00e1s de reflexionar acerca de sus propias experiencias personales.<\/p>\n\n\n\n<p>\u201cEl objetivo de la actividad fue abordar el buen trato desde sus componentes, entregando herramientas para reconocer conductas bien tratantes como factor preventivo respecto a cualquier situaci\u00f3n de vulneraci\u00f3n de derechos de las ni\u00f1as, ni\u00f1os y adolescentes, trabajando desde un enfoque de derechos que asegure la protecci\u00f3n y prevenci\u00f3n de ambientes de maltrato en el contexto escolar\u201d.<\/p>\n\n\n\n<p>Igualmente, los docentes ahondaron en tem\u00e1ticas como el maltrato psicol\u00f3gico en sus distintas formas y reconocer los problemas que presentan los ni\u00f1os que sufren maltrato. \u201cTambi\u00e9n se abord\u00f3 el c\u00f3mo actuar frente a una situaci\u00f3n de vulneraci\u00f3n, acciones de protecci\u00f3n al ni\u00f1o y asegurar la recuperaci\u00f3n emocional, y la regulaci\u00f3n del control social del establecimiento cuando existen situaciones de maltrato\u201d, detall\u00f3.<\/p>\n\n\n\n<p>Por \u00faltimo, la profesional hizo el llamado a las comunidades educativas de la comuna a que soliciten los talleres y charlas que dispone la OPD Valdivia, tanto para alumnos, alumnas, como tambi\u00e9n para docentes, enfocado en la promoci\u00f3n de los derechos de ni\u00f1os, ni\u00f1as y adolescentes, como tambi\u00e9n, la prevenci\u00f3n de la vulneraci\u00f3n de los mismos.<\/p>\n\n\n\n<p>En cuanto a la actividad, el director de la Escuela Espa\u00f1a, Carlos Jelves, expres\u00f3 que \u201cla charla result\u00f3&nbsp; en extremo positiva y complementaria, cumple por una parte un objetivo de difundir la tem\u00e1tica del buen trato, en una labor preventiva,&nbsp; mientras que,&nbsp; para el establecimiento y nuestros docentes, constituye un proceso de fortalecimiento profesional en la promoci\u00f3n de un clima&nbsp; basado en relaciones de confianza que impulsan interacciones positivas, que redundan en buenas pr\u00e1cticas educativas y aseguran la aceptaci\u00f3n de los otros\u201d<\/p>\n\n\n\n<p>A\u00f1adiendo que \u201cconsecuentemente a esto, fortalece una cultura inclusiva, de trato justo digno y de respeto, con el resguardo de los derechos y deberes de toda la comunidad escolar.&nbsp;&nbsp; Por tanto, valoramos estas alianzas y este trabajo conjunto, particularmente en contexto de emergencia sanitaria, y este especial reingreso a clases presenciales\u201d.<\/p>\n\n\n\n<p>Para los establecimientos educacionales que requieran de este tipo de charlas, pueden contactar a la OPD Valdivia a trav\u00e9s del mail\u00a0<a href=\"mailto:opdvaldiviacomunitario@gmail.com\">opdvaldiviacomunitario@gmail.com<\/a>\u00a0y\u00a0<a href=\"mailto:opdvaldivialosrios@gmail.com\">opdvaldivialosrios@gmail.com<\/a>. Igualmente, pueden dirigirse en forma presencial y hacer su solicitud en su oficina ubicada en la calle Carampangue 562.<\/p>\n\n\n\n<p><a href=\"https:\/\/www.munivaldivia.cl\/web\/index.php\/component\/content\/article\/9-noticias\/1145-opd-valdivia-realizo-primera-charla-del-ano-escolar-sobre-buen-trato-a-docentes-de-la-escuela-espana?Itemid=101\">https:\/\/www.munivaldivia.cl\/web\/index.php\/component\/content\/article\/9-noticias\/1145-opd-valdivia-realizo-primera-charla-del-ano-escolar-sobre-buen-trato-a-docentes-de-la-escuela-espana?Itemid=101<\/a><\/p>\n\n\n\n<p><\/p>\n","protected":false},"excerpt":{"rendered":"<p>La empat\u00eda, la interacci\u00f3n igualitaria, la comunicaci\u00f3n y el reconocimiento, fueron algunos de los t\u00f3picos abordados en la charla sobre Buen Trato realizada por la Oficina de Protecci\u00f3n de Derechos de Ni\u00f1as, Ni\u00f1os y Adolescentes (OPD) Valdivia al plantel docente de la Escuela Espa\u00f1a, donde participaron 33 profesores, y que fue la primera charla del [&hellip;]<\/p>\n","protected":false},"author":1,"featured_media":1130,"comment_status":"closed","ping_status":"open","sticky":false,"template":"","format":"standard","meta":{"_monsterinsights_skip_tracking":false,"_monsterinsights_sitenote_active":false,"_monsterinsights_sitenote_note":"","_monsterinsights_sitenote_category":0,"site-container-style":"default","site-container-layout":"default","site-sidebar-layout":"default","disable-article-header":"default","disable-site-header":"default","disable-site-footer":"default","disable-content-area-spacing":"default","footnotes":""},"categories":[4,1],"tags":[],"class_list":["post-1129","post","type-post","status-publish","format-standard","has-post-thumbnail","hentry","category-noticias","category-uncategorized"],"yoast_head":"<!-- This site is optimized with the Yoast SEO plugin v27.1.1 - https:\/\/yoast.com\/product\/yoast-seo-wordpress\/ -->\n<title>OPD Valdivia realiz\u00f3 primera charla del a\u00f1o escolar sobre Buen Trato a docentes de la Escuela Espa\u00f1a - Escuela Espa\u00f1a<\/title>\n<meta name=\"robots\" content=\"index, follow, max-snippet:-1, max-image-preview:large, max-video-preview:-1\" \/>\n<link rel=\"canonical\" href=\"https:\/\/escuelaespanaval.cl\/?p=1129\" \/>\n<meta property=\"og:locale\" content=\"es_ES\" \/>\n<meta property=\"og:type\" content=\"article\" \/>\n<meta property=\"og:title\" content=\"OPD Valdivia realiz\u00f3 primera charla del a\u00f1o escolar sobre Buen Trato a docentes de la Escuela Espa\u00f1a - Escuela Espa\u00f1a\" \/>\n<meta property=\"og:description\" content=\"La empat\u00eda, la interacci\u00f3n igualitaria, la comunicaci\u00f3n y el reconocimiento, fueron algunos de los t\u00f3picos abordados en la charla sobre Buen Trato realizada por la Oficina de Protecci\u00f3n de Derechos de Ni\u00f1as, Ni\u00f1os y Adolescentes (OPD) Valdivia al plantel docente de la Escuela Espa\u00f1a, donde participaron 33 profesores, y que fue la primera charla del [&hellip;]\" \/>\n<meta property=\"og:url\" content=\"https:\/\/escuelaespanaval.cl\/?p=1129\" \/>\n<meta property=\"og:site_name\" content=\"Escuela Espa\u00f1a\" \/>\n<meta property=\"article:publisher\" content=\"https:\/\/www.facebook.com\/escuelaespanavald\" \/>\n<meta property=\"article:published_time\" content=\"2022-03-23T17:54:43+00:00\" \/>\n<meta property=\"article:modified_time\" content=\"2022-04-11T13:31:28+00:00\" \/>\n<meta property=\"og:image\" content=\"https:\/\/escuelaespanaval.cl\/wp-content\/uploads\/2022\/03\/WhatsApp_Image_2022-03-22_at_123627_PM.jpeg\" \/>\n\t<meta property=\"og:image:width\" content=\"1280\" \/>\n\t<meta property=\"og:image:height\" content=\"719\" \/>\n\t<meta property=\"og:image:type\" content=\"image\/jpeg\" \/>\n<meta name=\"author\" content=\"Administrador\" \/>\n<meta name=\"twitter:card\" content=\"summary_large_image\" \/>\n<meta name=\"twitter:label1\" content=\"Escrito por\" \/>\n\t<meta name=\"twitter:data1\" content=\"Administrador\" \/>\n\t<meta name=\"twitter:label2\" content=\"Tiempo de lectura\" \/>\n\t<meta name=\"twitter:data2\" content=\"3 minutos\" \/>\n<script type=\"application\/ld+json\" class=\"yoast-schema-graph\">{\"@context\":\"https:\/\/schema.org\",\"@graph\":[{\"@type\":\"Article\",\"@id\":\"https:\/\/escuelaespanaval.cl\/?p=1129#article\",\"isPartOf\":{\"@id\":\"https:\/\/escuelaespanaval.cl\/?p=1129\"},\"author\":{\"name\":\"Administrador\",\"@id\":\"https:\/\/escuelaespanaval.cl\/#\/schema\/person\/b8dc96fec133a948c2114bb5cba3ca1a\"},\"headline\":\"OPD Valdivia realiz\u00f3 primera charla del a\u00f1o escolar sobre Buen Trato a docentes de la Escuela Espa\u00f1a\",\"datePublished\":\"2022-03-23T17:54:43+00:00\",\"dateModified\":\"2022-04-11T13:31:28+00:00\",\"mainEntityOfPage\":{\"@id\":\"https:\/\/escuelaespanaval.cl\/?p=1129\"},\"wordCount\":567,\"publisher\":{\"@id\":\"https:\/\/escuelaespanaval.cl\/#organization\"},\"image\":{\"@id\":\"https:\/\/escuelaespanaval.cl\/?p=1129#primaryimage\"},\"thumbnailUrl\":\"https:\/\/escuelaespanaval.cl\/wp-content\/uploads\/2022\/03\/WhatsApp_Image_2022-03-22_at_123627_PM.jpeg\",\"articleSection\":[\"Noticias\",\"Uncategorized\"],\"inLanguage\":\"es\"},{\"@type\":\"WebPage\",\"@id\":\"https:\/\/escuelaespanaval.cl\/?p=1129\",\"url\":\"https:\/\/escuelaespanaval.cl\/?p=1129\",\"name\":\"OPD Valdivia realiz\u00f3 primera charla del a\u00f1o escolar sobre Buen Trato a docentes de la Escuela Espa\u00f1a - Escuela Espa\u00f1a\",\"isPartOf\":{\"@id\":\"https:\/\/escuelaespanaval.cl\/#website\"},\"primaryImageOfPage\":{\"@id\":\"https:\/\/escuelaespanaval.cl\/?p=1129#primaryimage\"},\"image\":{\"@id\":\"https:\/\/escuelaespanaval.cl\/?p=1129#primaryimage\"},\"thumbnailUrl\":\"https:\/\/escuelaespanaval.cl\/wp-content\/uploads\/2022\/03\/WhatsApp_Image_2022-03-22_at_123627_PM.jpeg\",\"datePublished\":\"2022-03-23T17:54:43+00:00\",\"dateModified\":\"2022-04-11T13:31:28+00:00\",\"breadcrumb\":{\"@id\":\"https:\/\/escuelaespanaval.cl\/?p=1129#breadcrumb\"},\"inLanguage\":\"es\",\"potentialAction\":[{\"@type\":\"ReadAction\",\"target\":[\"https:\/\/escuelaespanaval.cl\/?p=1129\"]}]},{\"@type\":\"ImageObject\",\"inLanguage\":\"es\",\"@id\":\"https:\/\/escuelaespanaval.cl\/?p=1129#primaryimage\",\"url\":\"https:\/\/escuelaespanaval.cl\/wp-content\/uploads\/2022\/03\/WhatsApp_Image_2022-03-22_at_123627_PM.jpeg\",\"contentUrl\":\"https:\/\/escuelaespanaval.cl\/wp-content\/uploads\/2022\/03\/WhatsApp_Image_2022-03-22_at_123627_PM.jpeg\",\"width\":1280,\"height\":719,\"caption\":\"opd2022\"},{\"@type\":\"BreadcrumbList\",\"@id\":\"https:\/\/escuelaespanaval.cl\/?p=1129#breadcrumb\",\"itemListElement\":[{\"@type\":\"ListItem\",\"position\":1,\"name\":\"Portada\",\"item\":\"https:\/\/escuelaespanaval.cl\/\"},{\"@type\":\"ListItem\",\"position\":2,\"name\":\"OPD Valdivia realiz\u00f3 primera charla del a\u00f1o escolar sobre Buen Trato a docentes de la Escuela Espa\u00f1a\"}]},{\"@type\":\"WebSite\",\"@id\":\"https:\/\/escuelaespanaval.cl\/#website\",\"url\":\"https:\/\/escuelaespanaval.cl\/\",\"name\":\"Escuela Espa\u00f1a\",\"description\":\"Valdivia\",\"publisher\":{\"@id\":\"https:\/\/escuelaespanaval.cl\/#organization\"},\"potentialAction\":[{\"@type\":\"SearchAction\",\"target\":{\"@type\":\"EntryPoint\",\"urlTemplate\":\"https:\/\/escuelaespanaval.cl\/?s={search_term_string}\"},\"query-input\":{\"@type\":\"PropertyValueSpecification\",\"valueRequired\":true,\"valueName\":\"search_term_string\"}}],\"inLanguage\":\"es\"},{\"@type\":\"Organization\",\"@id\":\"https:\/\/escuelaespanaval.cl\/#organization\",\"name\":\"Escuela Espa\u00f1a\",\"url\":\"https:\/\/escuelaespanaval.cl\/\",\"logo\":{\"@type\":\"ImageObject\",\"inLanguage\":\"es\",\"@id\":\"https:\/\/escuelaespanaval.cl\/#\/schema\/logo\/image\/\",\"url\":\"https:\/\/escuelaespanaval.cl\/wp-content\/uploads\/2020\/12\/LOGO_ESCUELA.png\",\"contentUrl\":\"https:\/\/escuelaespanaval.cl\/wp-content\/uploads\/2020\/12\/LOGO_ESCUELA.png\",\"width\":1550,\"height\":2402,\"caption\":\"Escuela Espa\u00f1a\"},\"image\":{\"@id\":\"https:\/\/escuelaespanaval.cl\/#\/schema\/logo\/image\/\"},\"sameAs\":[\"https:\/\/www.facebook.com\/escuelaespanavald\",\"https:\/\/www.youtube.com\/@escuelaespanavaldivia97\"]},{\"@type\":\"Person\",\"@id\":\"https:\/\/escuelaespanaval.cl\/#\/schema\/person\/b8dc96fec133a948c2114bb5cba3ca1a\",\"name\":\"Administrador\",\"image\":{\"@type\":\"ImageObject\",\"inLanguage\":\"es\",\"@id\":\"https:\/\/escuelaespanaval.cl\/#\/schema\/person\/image\/\",\"url\":\"https:\/\/secure.gravatar.com\/avatar\/1a4537f0b323ae38f6776eb293038a2af5616bfe3d24bf6be540f254d895dd45?s=96&d=mm&r=g\",\"contentUrl\":\"https:\/\/secure.gravatar.com\/avatar\/1a4537f0b323ae38f6776eb293038a2af5616bfe3d24bf6be540f254d895dd45?s=96&d=mm&r=g\",\"caption\":\"Administrador\"},\"sameAs\":[\"https:\/\/escuelaespanaval.cl\/wp\"],\"url\":\"https:\/\/escuelaespanaval.cl\/?author=1\"}]}<\/script>\n<!-- \/ Yoast SEO plugin. -->","yoast_head_json":{"title":"OPD Valdivia realiz\u00f3 primera charla del a\u00f1o escolar sobre Buen Trato a docentes de la Escuela Espa\u00f1a - Escuela Espa\u00f1a","robots":{"index":"index","follow":"follow","max-snippet":"max-snippet:-1","max-image-preview":"max-image-preview:large","max-video-preview":"max-video-preview:-1"},"canonical":"https:\/\/escuelaespanaval.cl\/?p=1129","og_locale":"es_ES","og_type":"article","og_title":"OPD Valdivia realiz\u00f3 primera charla del a\u00f1o escolar sobre Buen Trato a docentes de la Escuela Espa\u00f1a - Escuela Espa\u00f1a","og_description":"La empat\u00eda, la interacci\u00f3n igualitaria, la comunicaci\u00f3n y el reconocimiento, fueron algunos de los t\u00f3picos abordados en la charla sobre Buen Trato realizada por la Oficina de Protecci\u00f3n de Derechos de Ni\u00f1as, Ni\u00f1os y Adolescentes (OPD) Valdivia al plantel docente de la Escuela Espa\u00f1a, donde participaron 33 profesores, y que fue la primera charla del [&hellip;]","og_url":"https:\/\/escuelaespanaval.cl\/?p=1129","og_site_name":"Escuela Espa\u00f1a","article_publisher":"https:\/\/www.facebook.com\/escuelaespanavald","article_published_time":"2022-03-23T17:54:43+00:00","article_modified_time":"2022-04-11T13:31:28+00:00","og_image":[{"width":1280,"height":719,"url":"https:\/\/escuelaespanaval.cl\/wp-content\/uploads\/2022\/03\/WhatsApp_Image_2022-03-22_at_123627_PM.jpeg","type":"image\/jpeg"}],"author":"Administrador","twitter_card":"summary_large_image","twitter_misc":{"Escrito por":"Administrador","Tiempo de lectura":"3 minutos"},"schema":{"@context":"https:\/\/schema.org","@graph":[{"@type":"Article","@id":"https:\/\/escuelaespanaval.cl\/?p=1129#article","isPartOf":{"@id":"https:\/\/escuelaespanaval.cl\/?p=1129"},"author":{"name":"Administrador","@id":"https:\/\/escuelaespanaval.cl\/#\/schema\/person\/b8dc96fec133a948c2114bb5cba3ca1a"},"headline":"OPD Valdivia realiz\u00f3 primera charla del a\u00f1o escolar sobre Buen Trato a docentes de la Escuela Espa\u00f1a","datePublished":"2022-03-23T17:54:43+00:00","dateModified":"2022-04-11T13:31:28+00:00","mainEntityOfPage":{"@id":"https:\/\/escuelaespanaval.cl\/?p=1129"},"wordCount":567,"publisher":{"@id":"https:\/\/escuelaespanaval.cl\/#organization"},"image":{"@id":"https:\/\/escuelaespanaval.cl\/?p=1129#primaryimage"},"thumbnailUrl":"https:\/\/escuelaespanaval.cl\/wp-content\/uploads\/2022\/03\/WhatsApp_Image_2022-03-22_at_123627_PM.jpeg","articleSection":["Noticias","Uncategorized"],"inLanguage":"es"},{"@type":"WebPage","@id":"https:\/\/escuelaespanaval.cl\/?p=1129","url":"https:\/\/escuelaespanaval.cl\/?p=1129","name":"OPD Valdivia realiz\u00f3 primera charla del a\u00f1o escolar sobre Buen Trato a docentes de la Escuela Espa\u00f1a - Escuela Espa\u00f1a","isPartOf":{"@id":"https:\/\/escuelaespanaval.cl\/#website"},"primaryImageOfPage":{"@id":"https:\/\/escuelaespanaval.cl\/?p=1129#primaryimage"},"image":{"@id":"https:\/\/escuelaespanaval.cl\/?p=1129#primaryimage"},"thumbnailUrl":"https:\/\/escuelaespanaval.cl\/wp-content\/uploads\/2022\/03\/WhatsApp_Image_2022-03-22_at_123627_PM.jpeg","datePublished":"2022-03-23T17:54:43+00:00","dateModified":"2022-04-11T13:31:28+00:00","breadcrumb":{"@id":"https:\/\/escuelaespanaval.cl\/?p=1129#breadcrumb"},"inLanguage":"es","potentialAction":[{"@type":"ReadAction","target":["https:\/\/escuelaespanaval.cl\/?p=1129"]}]},{"@type":"ImageObject","inLanguage":"es","@id":"https:\/\/escuelaespanaval.cl\/?p=1129#primaryimage","url":"https:\/\/escuelaespanaval.cl\/wp-content\/uploads\/2022\/03\/WhatsApp_Image_2022-03-22_at_123627_PM.jpeg","contentUrl":"https:\/\/escuelaespanaval.cl\/wp-content\/uploads\/2022\/03\/WhatsApp_Image_2022-03-22_at_123627_PM.jpeg","width":1280,"height":719,"caption":"opd2022"},{"@type":"BreadcrumbList","@id":"https:\/\/escuelaespanaval.cl\/?p=1129#breadcrumb","itemListElement":[{"@type":"ListItem","position":1,"name":"Portada","item":"https:\/\/escuelaespanaval.cl\/"},{"@type":"ListItem","position":2,"name":"OPD Valdivia realiz\u00f3 primera charla del a\u00f1o escolar sobre Buen Trato a docentes de la Escuela Espa\u00f1a"}]},{"@type":"WebSite","@id":"https:\/\/escuelaespanaval.cl\/#website","url":"https:\/\/escuelaespanaval.cl\/","name":"Escuela Espa\u00f1a","description":"Valdivia","publisher":{"@id":"https:\/\/escuelaespanaval.cl\/#organization"},"potentialAction":[{"@type":"SearchAction","target":{"@type":"EntryPoint","urlTemplate":"https:\/\/escuelaespanaval.cl\/?s={search_term_string}"},"query-input":{"@type":"PropertyValueSpecification","valueRequired":true,"valueName":"search_term_string"}}],"inLanguage":"es"},{"@type":"Organization","@id":"https:\/\/escuelaespanaval.cl\/#organization","name":"Escuela Espa\u00f1a","url":"https:\/\/escuelaespanaval.cl\/","logo":{"@type":"ImageObject","inLanguage":"es","@id":"https:\/\/escuelaespanaval.cl\/#\/schema\/logo\/image\/","url":"https:\/\/escuelaespanaval.cl\/wp-content\/uploads\/2020\/12\/LOGO_ESCUELA.png","contentUrl":"https:\/\/escuelaespanaval.cl\/wp-content\/uploads\/2020\/12\/LOGO_ESCUELA.png","width":1550,"height":2402,"caption":"Escuela Espa\u00f1a"},"image":{"@id":"https:\/\/escuelaespanaval.cl\/#\/schema\/logo\/image\/"},"sameAs":["https:\/\/www.facebook.com\/escuelaespanavald","https:\/\/www.youtube.com\/@escuelaespanavaldivia97"]},{"@type":"Person","@id":"https:\/\/escuelaespanaval.cl\/#\/schema\/person\/b8dc96fec133a948c2114bb5cba3ca1a","name":"Administrador","image":{"@type":"ImageObject","inLanguage":"es","@id":"https:\/\/escuelaespanaval.cl\/#\/schema\/person\/image\/","url":"https:\/\/secure.gravatar.com\/avatar\/1a4537f0b323ae38f6776eb293038a2af5616bfe3d24bf6be540f254d895dd45?s=96&d=mm&r=g","contentUrl":"https:\/\/secure.gravatar.com\/avatar\/1a4537f0b323ae38f6776eb293038a2af5616bfe3d24bf6be540f254d895dd45?s=96&d=mm&r=g","caption":"Administrador"},"sameAs":["https:\/\/escuelaespanaval.cl\/wp"],"url":"https:\/\/escuelaespanaval.cl\/?author=1"}]}},"_links":{"self":[{"href":"https:\/\/escuelaespanaval.cl\/index.php?rest_route=\/wp\/v2\/posts\/1129","targetHints":{"allow":["GET"]}}],"collection":[{"href":"https:\/\/escuelaespanaval.cl\/index.php?rest_route=\/wp\/v2\/posts"}],"about":[{"href":"https:\/\/escuelaespanaval.cl\/index.php?rest_route=\/wp\/v2\/types\/post"}],"author":[{"embeddable":true,"href":"https:\/\/escuelaespanaval.cl\/index.php?rest_route=\/wp\/v2\/users\/1"}],"replies":[{"embeddable":true,"href":"https:\/\/escuelaespanaval.cl\/index.php?rest_route=%2Fwp%2Fv2%2Fcomments&post=1129"}],"version-history":[{"count":2,"href":"https:\/\/escuelaespanaval.cl\/index.php?rest_route=\/wp\/v2\/posts\/1129\/revisions"}],"predecessor-version":[{"id":1133,"href":"https:\/\/escuelaespanaval.cl\/index.php?rest_route=\/wp\/v2\/posts\/1129\/revisions\/1133"}],"wp:featuredmedia":[{"embeddable":true,"href":"https:\/\/escuelaespanaval.cl\/index.php?rest_route=\/wp\/v2\/media\/1130"}],"wp:attachment":[{"href":"https:\/\/escuelaespanaval.cl\/index.php?rest_route=%2Fwp%2Fv2%2Fmedia&parent=1129"}],"wp:term":[{"taxonomy":"category","embeddable":true,"href":"https:\/\/escuelaespanaval.cl\/index.php?rest_route=%2Fwp%2Fv2%2Fcategories&post=1129"},{"taxonomy":"post_tag","embeddable":true,"href":"https:\/\/escuelaespanaval.cl\/index.php?rest_route=%2Fwp%2Fv2%2Ftags&post=1129"}],"curies":[{"name":"wp","href":"https:\/\/api.w.org\/{rel}","templated":true}]}}